{"id":60352,"date":"2024-04-21T15:00:57","date_gmt":"2024-04-21T19:00:57","guid":{"rendered":"https:\/\/sustainablereview.com\/?p=60352"},"modified":"2024-08-10T12:11:13","modified_gmt":"2024-08-10T16:11:13","slug":"wstepna-umowa-z-eus-w-celu-zwiekszenia-zrownowazonego-rozwoju-opakowan","status":"publish","type":"post","link":"https:\/\/sustainablereview.com\/pl\/wstepna-umowa-z-eus-w-celu-zwiekszenia-zrownowazonego-rozwoju-opakowan\/","title":{"rendered":"Tymczasowe porozumienie UE na rzecz zr\u00f3wnowa\u017conego rozwoju opakowa\u0144"},"content":{"rendered":"\n<p>W celu dalszego zwalczania odpad\u00f3w opakowaniowych i promowania zr\u00f3wnowa\u017conego rozwoju \u015brodowiska, przedstawiciele Parlamentu Europejskiego i Prezydencja Rady w sprawie rozporz\u0105dzenia w sprawie opakowa\u0144 i odpad\u00f3w opakowaniowych osi\u0105gn\u0119li wst\u0119pne porozumienie w sprawie nowych przepis\u00f3w dotycz\u0105cych bardziej<a href=\"https:\/\/sustainablereview.com\/pl\/opakowania-zrownowazony-rozwoj-koniec-ze-styropianem-czy-pianka-jest-odpowiedzia-na-zrownowazone-opakowania\/\" target=\"_blank\" rel=\"noreferrer noopener\"> zr\u00f3wnowa\u017conych opakowa\u0144<\/a>. <\/p>\n\n\n\n<p>Porozumienie Parlamentu Europejskiego i Rady w sprawie przegl\u0105du przepis\u00f3w dotycz\u0105cych opakowa\u0144 i odpad\u00f3w opakowaniowych ustanawia nowe i ambitne wytyczne dotycz\u0105ce<a href=\"https:\/\/sustainablereview.com\/pl\/10-najlepszych-programow-do-raportowania-esg-dla-ulepszonego-zarzadzania-zrownowazonym-rozwojem\/\" target=\"_blank\" rel=\"noreferrer noopener\"> zr\u00f3wnowa\u017conego gospodarowania<\/a> opakowaniami i odpadami opakowaniowymi w ca\u0142ej UE, zgodnie z celem stworzenia niskoemisyjnej gospodarki o obiegu zamkni\u0119tym. <\/p>\n\n\n\n<h2 class=\"wp-block-heading\">G\u0142\u00f3wne elementy porozumienia<\/h2>\n\n\n\n<p>Wst\u0119pne porozumienie jest po\u017c\u0105danym krokiem w kierunku redukcji odpad\u00f3w i recyklingu. Utrzymuje wi\u0119kszo\u015b\u0107 pierwotnie zaproponowanych przez Komisj\u0119 wymog\u00f3w zr\u00f3wnowa\u017conego rozwoju dla wszystkich opakowa\u0144 i g\u0142\u00f3wnych cel\u00f3w.<\/p>\n\n\n\n<p>Porozumienie obejmuje nast\u0119puj\u0105ce g\u0142\u00f3wne elementy, opr\u00f3cz zakazu stosowania PFAS, czyli &#8222;chemikali\u00f3w na zawsze&#8221;, w<a href=\"https:\/\/sustainablereview.com\/pl\/wplyw-zywnosci-na-wynos-na-srodowisko\/\" target=\"_blank\" rel=\"noreferrer noopener\"> opakowaniach<\/a> wra\u017cliwych na kontakt z \u017cywno\u015bci\u0105 do 2026 r:<\/p>\n\n\n\n<h3 class=\"wp-block-heading\">Obowi\u0105zkowe cele w zakresie ponownego u\u017cycia<\/h3>\n\n\n\n<p>Do 2030 r. UE nakazuje znaczne zwi\u0119kszenie ponownego wykorzystania materia\u0142\u00f3w opakowaniowych (o co najmniej 10%), d\u0105\u017c\u0105c do odej\u015bcia od opakowa\u0144 jednorazowych. Obejmuje to ambitne cele w zakresie ponownego u\u017cycia dla okre\u015blonych sektor\u00f3w, takich jak przemys\u0142 spo\u017cywczy i napoj\u00f3w. W okre\u015blonych okoliczno\u015bciach pa\u0144stwa cz\u0142onkowskie mog\u0105 przyzna\u0107 pi\u0119cioletnie zwolnienie z tych zasad.<\/p>\n\n\n\n<p><br>Do 2030 r. firmy oferuj\u0105ce jedzenie na wynos musz\u0105 oferowa\u0107 klientom mo\u017cliwo\u015b\u0107 korzystania z ich pojemnik\u00f3w na napoje i \u017cywno\u015b\u0107. Do tego czasu 10% produkt\u00f3w musi by\u0107 dost\u0119pnych w opakowaniach wielokrotnego u\u017cytku. Pa\u0144stwa cz\u0142onkowskie musz\u0105 nast\u0119pnie zapewni\u0107 zach\u0119ty dla plac\u00f3wek gastronomicznych i us\u0142ug cateringowych do dostarczania wody z kranu w formatach wielokrotnego u\u017cytku lub wielokrotnego nape\u0142niania, bezp\u0142atnie lub za niewielk\u0105 op\u0142at\u0105 za us\u0142ug\u0119.<\/p>\n\n\n\n<h3 class=\"wp-block-heading\">Innowacje w zakresie recyklingu<\/h3>\n\n\n\n<p>Umowa przewiduje zwi\u0119kszone cele w zakresie recyklingu r\u00f3\u017cnych materia\u0142\u00f3w, w tym tworzyw sztucznych, metali i papieru, do 2030 i 2040 roku. Przewidziano specjalne wyj\u0105tki dla lekkich materia\u0142\u00f3w, takich jak drewno, korek, tekstylia, guma, ceramika, porcelana lub wosk.<\/p>\n\n\n\n<p>Nowy przepis zach\u0119ca r\u00f3wnie\u017c do innowacji w technologiach <a href=\"https:\/\/sustainablereview.com\/pl\/odkrywanie-przyszlosci-zaawansowanego-recyklingu-najlepsze-techniki-recyklingu-tworzyw-sztucznych\/\" target=\"_blank\" rel=\"noreferrer noopener\">recyklingu<\/a> i zwi\u0119kszonego wykorzystania opakowa\u0144 wielokrotnego u\u017cytku. Pa\u0144stwa cz\u0142onkowskie musz\u0105 zagwarantowa\u0107 selektywn\u0105 zbi\u00f3rk\u0119 plastikowych butelek jednorazowego u\u017cytku i metalowych pojemnik\u00f3w na napoje do 2029 r., przy czym wymagana jest zbi\u00f3rka na poziomie co najmniej 90% rocznie. Aby osi\u0105gn\u0105\u0107 ten cel, musz\u0105 one stworzy\u0107 systemy zwrotu kaucji (DRS) dla tych format\u00f3w opakowa\u0144.  Zwolnienia maj\u0105 zastosowanie do system\u00f3w ju\u017c spe\u0142niaj\u0105cych ten cel do 2029 r. lub z oddzielnym wska\u017anikiem zbi\u00f3rki powy\u017cej 80% do 2026 r.<\/p>\n\n\n\n<h3 class=\"wp-block-heading\">Zmniejszenie wagi i obj\u0119to\u015bci opakowa\u0144<\/h3>\n\n\n\n<p>Producenci b\u0119d\u0105 zobowi\u0105zani do zminimalizowania wagi i obj\u0119to\u015bci opakowa\u0144 bez uszczerbku dla ich funkcjonalno\u015bci i jako\u015bci, promuj\u0105c stosowanie lekkich materia\u0142\u00f3w i wydajnego projektowania.<\/p>\n\n\n\n<h3 class=\"wp-block-heading\">Zakaz stosowania niekt\u00f3rych opakowa\u0144 jednorazowych<\/h3>\n\n\n\n<p>Okre\u015blone rodzaje jednorazowych opakowa\u0144 z tworzyw sztucznych zostan\u0105 zakazane do 2030 r., koncentruj\u0105c si\u0119 na zmniejszeniu wp\u0142ywu odpad\u00f3w opakowaniowych z tworzyw sztucznych na \u015brodowisko i zach\u0119caniu do stosowania opakowa\u0144 nadaj\u0105cych si\u0119 do recyklingu. Dotyczy to opakowa\u0144 u\u017cywanych do owoc\u00f3w, warzyw, \u017cywno\u015bci i napoj\u00f3w, a tak\u017ce przypraw i sos\u00f3w w sektorze HORECA. Ponadto ograniczenia maj\u0105 zastosowanie do ma\u0142ych produkt\u00f3w kosmetycznych i toaletowych wykorzystywanych w sektorze zakwaterowania, takich jak butelki szamponu lub balsamu do cia\u0142a, a tak\u017ce do wyj\u0105tkowo lekkich plastikowych toreb powszechnie spotykanych na hurtowych rynkach spo\u017cywczych. Podobnie, przepis wzywa do zakazania sprzeda\u017cy detalicznej jednorazowych tworzyw sztucznych w kawiarniach i restauracjach do 2030 r., aby zach\u0119ci\u0107 do stosowania alternatyw wielokrotnego u\u017cytku.<\/p>\n\n\n\n<p><a href=\"https:\/\/www.consilium.europa.eu\/en\/press\/press-releases\/2024\/03\/04\/packaging-council-and-parliament-strike-a-deal-to-make-packaging-more-sustainable-and-reduce-packaging-waste-in-the-eu\/\" target=\"_blank\" rel=\"noreferrer noopener\">Rada<\/a> UE zapewnia bardziej szczeg\u00f3\u0142owe informacje na temat g\u0142\u00f3wnych element\u00f3w porozumienia.<\/p>\n\n\n\n<p>Po osi\u0105gni\u0119ciu porozumienia przez Rad\u0119, sprawozdawczyni Fr\u00e9d\u00e9rique Ries (MR, Belgia, Renew Europe) podsumowa\u0142a nastroje stoj\u0105ce za porozumieniem, m\u00f3wi\u0105c:<\/p>\n\n\n\n<blockquote class=\"wp-block-quote is-layout-flow wp-block-quote-is-layout-flow\">\n<p><strong>&#8222;Po raz pierwszy w prawodawstwie \u015brodowiskowym Europa wyznacza jasne cele w zakresie zmniejszenia zu\u017cycia opakowa\u0144, niezale\u017cnie od u\u017cytego materia\u0142u (plastik, drewno, metale \u017celazne, aluminium, szk\u0142o, papier i tektura). Wzywamy do podj\u0119cia wysi\u0142k\u00f3w przez wszystkie sektory przemys\u0142owe, ale tak\u017ce przez pa\u0144stwa cz\u0142onkowskie, ale chcieli\u015bmy r\u00f3wnie\u017c, aby konsumenci odegrali rol\u0119 w tej walce z nadmiernym opakowaniem. Wys\u0142ali\u015bmy silny sygna\u0142 na rzecz bardziej sprawiedliwego europejskiego rynku opakowa\u0144, kt\u00f3ry szanuje bezpiecze\u0144stwo \u017cywno\u015bci. Dlatego te\u017c zakaz stosowania trwa\u0142ych substancji chemicznych PFAS jest wielkim zwyci\u0119stwem dla zdrowia europejskich konsument\u00f3w. Ale wa\u017cne by\u0142o r\u00f3wnie\u017c, aby ambicje \u015brodowiskowe spotka\u0142y si\u0119 z rzeczywisto\u015bci\u0105 przemys\u0142ow\u0105 dzi\u0119ki porozumieniu, kt\u00f3re promuje innowacje, odracza o 5 lat ograniczenie niekt\u00f3rych format\u00f3w opakowa\u0144 dla \u015bwie\u017cych owoc\u00f3w i warzyw, a przede wszystkim przewiduje pewn\u0105 liczb\u0119 wy\u0142\u0105cze\u0144 dla mikroprzedsi\u0119biorstw&#8221;.<\/strong><\/p>\n<\/blockquote>\n\n\n\n<h2 class=\"wp-block-heading\">Wyzwanie prawne przeciwko rozporz\u0105dzeniu w sprawie opakowa\u0144 i odpad\u00f3w opakowaniowych (PPWR)<\/h2>\n\n\n\n<p>Nie wszyscy jednak podzielaj\u0105 zdanie Riesa. Odk\u0105d projekt PPWR<a href=\"https:\/\/packagingeurope.com\/news\/packaging-organisations-release-joint-statement-questioning-true-sustainability-of-eus-legislative-revisions\/9077.article\" target=\"_blank\" rel=\"noreferrer noopener\"> wyciek\u0142 w listopadzie 2022 r.<\/a>, spotka\u0142 si\u0119 z kontrol\u0105 i wyzwaniami ze strony r\u00f3\u017cnych interesariuszy z bran\u017cy opakowaniowej.<\/p>\n\n\n\n<p>Krytycy, w tym podmioty z bran\u017cy produkcji opakowa\u0144 w UE, argumentowali, \u017ce rozporz\u0105dzenie mo\u017ce na\u0142o\u017cy\u0107 znaczne obci\u0105\u017cenia finansowe na ma\u0142e i \u015brednie przedsi\u0119biorstwa (M\u015aP) i mo\u017ce prowadzi\u0107 do wzrostu koszt\u00f3w dla konsument\u00f3w. Ponadto pojawi\u0142y si\u0119 obawy dotycz\u0105ce mo\u017cliwo\u015bci osi\u0105gni\u0119cia ambitnych cel\u00f3w okre\u015blonych w rozporz\u0105dzeniu, w szczeg\u00f3lno\u015bci w odniesieniu do recyklingu i ponownego u\u017cycia.<\/p>\n\n\n\n<p>Dodali r\u00f3wnie\u017c, \u017ce w najgorszym przypadku przep\u0142ywy handlowe w bran\u017cy i \u0142a\u0144cuchy dostaw w UE mog\u0105 zosta\u0107 zak\u0142\u00f3cone do punktu, w kt\u00f3rym za\u0142ami\u0105 si\u0119 ca\u0142e sektory. Recykling jest lekcewa\u017cony jako element obiegu zamkni\u0119tego opakowa\u0144, co utrudnia przekszta\u0142canie odpad\u00f3w w ekonomicznie op\u0142acalne opakowania wt\u00f3rne.<\/p>\n\n\n\n<p>W zwi\u0105zku z tym mo\u017ce to zagrozi\u0107 obecnym procedurom pakowania, zagrozi\u0107 zatrudnieniu i ryzykowa\u0107 zmarnowanie inwestycji wartych miliardy euro &#8222;w czasie, gdy Europa potrzebuje odpornego i zr\u00f3wnowa\u017conego wzrostu&#8221;.<\/p>\n\n\n\n<p>Parlament Europejski i Rada UE broni\u0142y jednak PPWR, stwierdzaj\u0105c, \u017ce zawiera on przepisy wspieraj\u0105ce przedsi\u0119biorstwa podczas przechodzenia na bardziej zr\u00f3wnowa\u017cone praktyki. Obejmuje to zwolnienia dla niekt\u00f3rych rodzaj\u00f3w opakowa\u0144 i zach\u0119ty finansowe dla firm, kt\u00f3re wprowadzaj\u0105 innowacje w dziedzinie zr\u00f3wnowa\u017conych opakowa\u0144.<\/p>\n\n\n\n<p>Najnowsze wysi\u0142ki zmierzaj\u0105ce do zmiany pierwotnego wniosku wywo\u0142a\u0142y r\u00f3wnie\u017c negatywn\u0105 reakcj\u0119 ze strony bran\u017cy \u015bwie\u017cych produkt\u00f3w, zw\u0142aszcza w odniesieniu do zakazu pakowania owoc\u00f3w i warzyw w plastikowe opakowania.<\/p>\n\n\n\n<p>Zgodnie z raportem<a href=\"https:\/\/www.fruitnet.com\/eurofruit\/eu-to-ban-plastic-packaging-for-fruit-and-veg\/258964.article\" target=\"_blank\" rel=\"noreferrer noopener\"> Fruitnet<\/a>, przedstawiciele bran\u017cy twierdz\u0105, \u017ce przepisy spowoduj\u0105 znaczne szkody i niesprawiedliwie wyr\u00f3\u017cni\u0105 sektor owoc\u00f3w i warzyw. Ponadto twierdz\u0105, \u017ce ograniczy to dost\u0119p konsument\u00f3w do pe\u0142nowarto\u015bciowej \u017cywno\u015bci, zwi\u0119kszy marnotrawstwo \u017cywno\u015bci i nie b\u0119dzie mia\u0142o znacz\u0105cego wp\u0142ywu na og\u00f3lne wska\u017aniki recyklingu, podkre\u015blaj\u0105c z\u0142o\u017cono\u015b\u0107 przegl\u0105du przepis\u00f3w w celu zmniejszenia ilo\u015bci odpad\u00f3w opakowaniowych.<\/p>\n\n\n\n<p>Fruitnet zosta\u0142 poinformowany przez Philippe&#8217;a Binarda, delegata generalnego Freshfel Europe, \u017ce zakaz jest dyskryminuj\u0105cy, nieprzemy\u015blany i najprawdopodobniej niezgodny z prawem, odzwierciedlaj\u0105c napi\u0119cia w procesie legislacyjnym dotycz\u0105cym zr\u00f3wnowa\u017conych opakowa\u0144. Binard zauwa\u017cy\u0142:<\/p>\n\n\n\n<blockquote class=\"wp-block-quote is-layout-flow wp-block-quote-is-layout-flow\">\n<p><strong>&#8222;Nie widzimy powodu, aby zakazywa\u0107 opakowa\u0144 na owoce i warzywa, a konkretnie nie plastikowych opakowa\u0144 na owoce i warzywa. Nie ma oceny wp\u0142ywu. Je\u015bli [Parlament i Rada] dojd\u0105 do porozumienia, z pewno\u015bci\u0105 pojawi\u0105 si\u0119 sprawy s\u0105dowe kwestionuj\u0105ce t\u0119 propozycj\u0119&#8221;. <\/strong><\/p>\n<\/blockquote>\n\n\n\n<p>Poniewa\u017c tymczasowe porozumienie Unii Europejskiej w sprawie przepis\u00f3w dotycz\u0105cych odpad\u00f3w opakowaniowych spotyka si\u0119 z krytyk\u0105, szczeg\u00f3lnie ze strony producent\u00f3w opakowa\u0144, dostawc\u00f3w i u\u017cytkownik\u00f3w ich produkt\u00f3w, konieczne jest, aby Parlament Europejski i Rada przyj\u0119\u0142y wieloaspektowe podej\u015bcie, aby skutecznie odpowiedzie\u0107 na te obawy i wol\u0119 polityczn\u0105 stoj\u0105c\u0105 za wdro\u017ceniem PPWR. Celem powinno by\u0107 zharmonizowanie aspiracji \u015brodowiskowych z realiami ekonomicznymi, zapewniaj\u0105c, \u017ce przej\u015bcie do zast\u0119powania lub rezygnacji z opakowa\u0144 z tworzyw sztucznych jest zar\u00f3wno integracyjne, jak i pragmatyczne. Oto kilka krok\u00f3w, kt\u00f3re mo\u017cna podj\u0105\u0107 w celu z\u0142agodzenia krytyki i wspierania \u015brodowiska wsp\u00f3\u0142pracy:<\/p>\n\n\n\n<h3 class=\"wp-block-heading\">Wzmocnij zaanga\u017cowanie interesariuszy<\/h3>\n\n\n\n<ul>\n<li><strong>Zorganizowany<\/strong> dialog<strong>:<\/strong> Nawi\u0105zuj regularne, ustrukturyzowane dialogi z interesariuszami z bran\u017cy, w tym M\u015aP, w celu zebrania informacji zwrotnych, zrozumienia wyzwa\u0144 stoj\u0105cych przed r\u00f3\u017cnymi sektorami i przyj\u0119cia przepis\u00f3w w razie potrzeby.<\/li>\n\n\n\n<li><strong>Warsztaty<\/strong> wsp\u00f3\u0142tworzenia: U\u0142atwianie warsztat\u00f3w wsp\u00f3\u0142tworzenia, podczas kt\u00f3rych producenci, podmioty zajmuj\u0105ce si\u0119 recyklingiem i decydenci polityczni mog\u0105 wsp\u00f3lnie opracowywa\u0107 innowacyjne rozwi\u0105zania w zakresie opakowa\u0144, kt\u00f3re spe\u0142niaj\u0105 wymogi prawne, a jednocze\u015bnie s\u0105 op\u0142acalne ekonomicznie.<\/li>\n<\/ul>\n\n\n\n<h3 class=\"wp-block-heading\">Zwi\u0119kszenie wsparcia i zach\u0119t<\/h3>\n\n\n\n<ul>\n<li><strong>Wsparcie finansowe<\/strong>: Aby inwestowa\u0107 w zr\u00f3wnowa\u017cone technologie i praktyki opakowaniowe oraz zach\u0119ca\u0107 do unikania niepotrzebnych opakowa\u0144, zapewnij ukierunkowane wsparcie finansowe dla przedsi\u0119biorstw, zw\u0142aszcza M\u015aP. Mo\u017ce to obejmowa\u0107 dotacje, niskooprocentowane po\u017cyczki i zach\u0119ty podatkowe na badania i rozw\u00f3j (R&amp;D) w zakresie ekologicznych materia\u0142\u00f3w opakowaniowych i projekt\u00f3w.<\/li>\n\n\n\n<li><strong>Pomoc techniczna:<\/strong> Zaoferuj programy pomocy technicznej, aby pom\u00f3c firmom w poruszaniu si\u0119 po transformacji, takie jak wskaz\u00f3wki dotycz\u0105ce alternatywnych materia\u0142\u00f3w, projektowania pod k\u0105tem mo\u017cliwo\u015bci recyklingu i wydajnych proces\u00f3w produkcyjnych.<\/li>\n<\/ul>\n\n\n\n<h3 class=\"wp-block-heading\">Wdra\u017canie stopniowych i elastycznych regulacji<\/h3>\n\n\n\n<ul>\n<li><strong>Stopniowe wdra\u017c<\/strong>anie: Wprowad\u017a stopniowe podej\u015bcie do wdra\u017cania nowych przepis\u00f3w dotycz\u0105cych opakowa\u0144, daj\u0105c bran\u017com czas na dostosowanie si\u0119. Mo\u017ce to obejmowa\u0107 ustalenie stopniowych cel\u00f3w w zakresie redukcji, ponownego u\u017cycia i recyklingu materia\u0142\u00f3w opakowaniowych.<\/li>\n\n\n\n<li><strong>Elastyczno\u015b\u0107 dla M\u015aP<\/strong>: Rozwa\u017c elastyczno\u015b\u0107 w stosowaniu niekt\u00f3rych przepis\u00f3w dla M\u015aP, uznaj\u0105c ich nieproporcjonalny wp\u0142yw na mniejsze przedsi\u0119biorstwa. Dostosowane progi lub wyd\u0142u\u017cone terminy zgodno\u015bci mog\u0105 by\u0107 cz\u0119\u015bci\u0105 tej elastyczno\u015bci.<\/li>\n<\/ul>\n\n\n\n<h3 class=\"wp-block-heading\">Wspieranie innowacji i bada\u0144<\/h3>\n\n\n\n<ul>\n<li><strong>Inwestycje<\/strong> w badania i rozw\u00f3j<strong>:<\/strong> Zwi\u0119kszenie inwestycji w badania i rozw\u00f3j w zakresie zr\u00f3wnowa\u017conych rozwi\u0105za\u0144 opakowaniowych. Obejmuje to wspieranie innowacji w zakresie materia\u0142oznawstwa, technologii recyklingu i projektowania produkt\u00f3w, kt\u00f3re zmniejszaj\u0105 wp\u0142yw na \u015brodowisko.<\/li>\n\n\n\n<li><strong>Centra<\/strong> innowacji: Stw\u00f3rz lub wspieraj centra innowacji, kt\u00f3re skupiaj\u0105 naukowc\u00f3w, przedsi\u0119biorc\u00f3w i ekspert\u00f3w bran\u017cowych w celu przyspieszenia rozwoju zr\u00f3wnowa\u017conych technologii opakowaniowych.<\/li>\n<\/ul>\n\n\n\n<h3 class=\"wp-block-heading\">Promowanie \u015bwiadomo\u015bci i zaanga\u017cowania konsument\u00f3w<\/h3>\n\n\n\n<ul>\n<li><strong>Kampanie edukacyjne:<\/strong> Rozpocznij kompleksowe kampanie edukacyjne, aby zwi\u0119kszy\u0107 \u015bwiadomo\u015b\u0107 konsument\u00f3w na temat znaczenia zr\u00f3wnowa\u017conych opakowa\u0144 i tego, w jaki spos\u00f3b konsumenci mog\u0105 przyczyni\u0107 si\u0119 do rozwoju gospodarki o obiegu zamkni\u0119tym.<\/li>\n\n\n\n<li><strong>Motywuj zachowania konsument\u00f3w<\/strong>: Opracowanie program\u00f3w motywacyjnych zach\u0119caj\u0105cych konsument\u00f3w do wyboru opakowa\u0144 wielokrotnego u\u017cytku i nadaj\u0105cych si\u0119 do recyklingu, takich jak systemy kaucji zwrotnych za pojemniki na napoje.<\/li>\n<\/ul>\n\n\n\n<h3 class=\"wp-block-heading\">Wzmocnij wsp\u00f3\u0142prac\u0119 mi\u0119dzynarodow\u0105<\/h3>\n\n\n\n<ul>\n<li>Globalne standardy: Pracuj nad rozwojem mi\u0119dzynarodowych standard\u00f3w dla zr\u00f3wnowa\u017conych opakowa\u0144, aby u\u0142atwi\u0107 handel i zapewni\u0107, \u017ce europejskie firmy pozostan\u0105 konkurencyjne na \u015bwiatowych rynkach.<\/li>\n\n\n\n<li>Dzielenie si\u0119 najlepszymi praktykami: Zaanga\u017cuj si\u0119 w mi\u0119dzynarodowe fora, aby dzieli\u0107 si\u0119 najlepszymi praktykami, uczy\u0107 si\u0119 z do\u015bwiadcze\u0144 innych region\u00f3w i wsp\u00f3\u0142pracowa\u0107 w zakresie globalnych wyzwa\u0144 zwi\u0105zanych z odpadami opakowaniowymi i recyklingiem.<\/li>\n<\/ul>\n\n\n\n<h2 class=\"wp-block-heading\">Kr\u00f3tki przegl\u0105d rozporz\u0105dzenia w sprawie opakowa\u0144 i odpad\u00f3w opakowaniowych (PPWR)<\/h2>\n\n\n\n<p>Rozporz\u0105dzenie w sprawie opakowa\u0144 i odpad\u00f3w opakowaniowych (PPWR) ustanawia polityk\u0119 zach\u0119caj\u0105c\u0105 do ponownego u\u017cycia opakowa\u0144 i innych form odzyskiwania opakowa\u0144 wykorzystywanych do r\u00f3\u017cnych cel\u00f3w, jednocze\u015bnie zapobiegaj\u0105c wytwarzaniu odpad\u00f3w opakowaniowych.<\/p>\n\n\n\n<p>Opr\u00f3cz zmniejszenia ilo\u015bci odpad\u00f3w opakowaniowych, PPWR wymaga, aby w opakowaniach z tworzyw sztucznych w UE stosowano coraz mniej tworzyw sztucznych wytwarzanych z paliw kopalnych. Cz\u0119\u015b\u0107 z nich zostanie zast\u0105piona plastikiem pochodz\u0105cym z recyklingu i elastycznymi opakowaniami. W zale\u017cno\u015bci od zastosowania, opakowania z tworzyw sztucznych w UE musz\u0105 zawiera\u0107 10-35% materia\u0142\u00f3w pochodz\u0105cych z recyklingu do 2030 roku. Odsetek ten wzro\u015bnie do 50-65% do 2040 roku. Innymi s\u0142owy, do 2040 r. w opakowaniach UE powinno by\u0107 stosowane wi\u0119cej plastiku pochodz\u0105cego z recyklingu ni\u017c pierwotnego plastiku.<\/p>\n\n\n\n<p>Wed\u0142ug<a href=\"https:\/\/environment.ec.europa.eu\/topics\/waste-and-recycling\/packaging-waste_en\">Komisji<\/a><a href=\"https:\/\/environment.ec.europa.eu\/topics\/waste-and-recycling\/packaging-waste_en\" target=\"_blank\" rel=\"noreferrer noopener\">Europejskiej<\/a>, pomimo faktu, \u017ce wprowadzenie tych przepis\u00f3w zosta\u0142o uznane za udane, ilo\u015b\u0107 odpad\u00f3w opakowaniowych w UE wci\u0105\u017c ro\u015bnie, a wiele zasob\u00f3w regionu jest marnowanych bez ponownego wprowadzenia do gospodarki. W zwi\u0105zku z tym stale wprowadzane s\u0105 zmiany i poprawki dotycz\u0105ce przepis\u00f3w dotycz\u0105cych opakowa\u0144. <\/p>\n\n\n\n<h2 class=\"wp-block-heading\">Kwestia opakowa\u0144 z tworzyw sztucznych w UE<\/h2>\n\n\n\n<p>Opakowania z tworzyw sztucznych w UE stanowi\u0105 powa\u017cne wyzwanie w ramach gospodarki odpadami. Pomimo wysi\u0142k\u00f3w na rzecz recyklingu i w pe\u0142ni funkcjonuj\u0105cych system\u00f3w recyklingu w ca\u0142ym regionie, znaczna cz\u0119\u015b\u0107 opakowa\u0144 z tworzyw sztucznych trafia na wysypiska lub do spalarni, przyczyniaj\u0105c si\u0119 do zanieczyszczenia i emisji gaz\u00f3w cieplarnianych.<\/p>\n\n\n\n<figure class=\"wp-block-image size-large\"><img fetchpriority=\"high\" decoding=\"async\" width=\"1024\" height=\"576\" src=\"https:\/\/sustainablereview.com\/\/wp-content\/uploads\/2024\/04\/image-46-1024x576.png\" alt=\"\" class=\"wp-image-35510\" srcset=\"https:\/\/sustainablereview.com\/wp-content\/uploads\/2024\/04\/image-46-1024x576.png 1024w, https:\/\/sustainablereview.com\/wp-content\/uploads\/2024\/04\/image-46-300x169.png 300w, https:\/\/sustainablereview.com\/wp-content\/uploads\/2024\/04\/image-46-768x432.png 768w, https:\/\/sustainablereview.com\/wp-content\/uploads\/2024\/04\/image-46-1536x864.png 1536w, https:\/\/sustainablereview.com\/wp-content\/uploads\/2024\/04\/image-46-1100x620.png 1100w, https:\/\/sustainablereview.com\/wp-content\/uploads\/2024\/04\/image-46-45x25.png 45w, https:\/\/sustainablereview.com\/wp-content\/uploads\/2024\/04\/image-46.png 1600w\" sizes=\"(min-width: 960px) 75vw, 100vw\" \/><\/figure>\n\n\n\n<p class=\"has-small-font-size\">\u0179r\u00f3d\u0142o obrazu: https:\/\/ec.europa.eu\/eurostat\/web\/products-eurostat-news\/w\/ddn-20231019-1\/<\/p>\n\n\n\n<p>Wed\u0142ug danych Eurostatu, w 2021 r. UE wyprodukowa\u0142a 188,7 kg odpad\u00f3w opakowaniowych na mieszka\u0144ca &#8211; o 10,8 kg wi\u0119cej ni\u017c w 2020 r., co stanowi najwi\u0119kszy wzrost od dziesi\u0119ciu lat i o oko\u0142o 32 kg wi\u0119cej ni\u017c w 2011 r.<\/p>\n\n\n\n<p>Papier i tektura stanowi\u0142y 40,3% z 84 milion\u00f3w ton odpad\u00f3w opakowaniowych wyprodukowanych w UE. 19,0% pochodzi\u0142o z plastiku, 18,5% ze szk\u0142a, 17,1% z drewna, a 4,9% z metalu, co podkre\u015bla piln\u0105 potrzeb\u0119 zr\u00f3wnowa\u017conych opakowa\u0144 w UE.<\/p>\n\n\n\n<p>W 2021 r. ka\u017cdy mieszkaniec UE wyprodukowa\u0142 \u015brednio 35,9 kg \u015bmieci z opakowa\u0144 plastikowych. Tylko 14,2 kg z nich zosta\u0142o poddane recyklingowi.<\/p>\n\n\n\n<p>Dane Eurostatu ujawni\u0142y r\u00f3wnie\u017c, \u017ce wska\u017anik recyklingu spad\u0142 z 41,1% w 2019 r. do 37,6% w 2020 r. w wyniku zaostrzenia przepis\u00f3w w tym roku, kt\u00f3re nakaza\u0142y pa\u0144stwom cz\u0142onkowskim ujawnienie ich recyklingu. Na poziomie 39,7% w 2021 r. wska\u017anik recyklingu wznowi\u0142 swoj\u0105 trajektori\u0119 wzrostow\u0105.<\/p>\n\n\n\n<p>Po\u0142owa lub prawie po\u0142owa odpad\u00f3w opakowaniowych z tworzyw sztucznych wytworzonych w 2021 r. zosta\u0142a poddana recyklingowi w S\u0142owenii (50,0%), Belgii (49,2%) i Holandii (48,9%). Dla por\u00f3wnania, Szwecja (23,8%), Francja (23,1%) i Malta (20,5%) podda\u0142y recyklingowi mniej ni\u017c 25% swoich odpad\u00f3w opakowaniowych z tworzyw sztucznych.<\/p>\n\n\n\n<h2 class=\"wp-block-heading\">Wnioski<\/h2>\n\n\n\n<p>Wst\u0119pne porozumienie w sprawie nowych przepis\u00f3w dotycz\u0105cych bardziej zr\u00f3wnowa\u017conych opakowa\u0144 w UE stanowi krytyczny krok naprz\u00f3d w walce z odpadami opakowaniowymi i przej\u015bciu na<a href=\"https:\/\/sustainablereview.com\/pl\/gospodarka-o-obiegu-zamknietym-i-zrownowazony-rozwoj-biznesu\/\" target=\"_blank\" rel=\"noreferrer noopener\"> gospodark\u0119 o obiegu zamkni\u0119tym<\/a>. Wyznaczaj\u0105c ambitne cele w zakresie ponownego u\u017cycia i recyklingu, zakazuj\u0105c niekt\u00f3rych rodzaj\u00f3w jednorazowych opakowa\u0144 z tworzyw sztucznych i promuj\u0105c innowacje w sektorze opakowa\u0144, UE pozycjonuje si\u0119 jako \u015bwiatowy lider w zakresie zr\u00f3wnowa\u017conego rozwoju \u015brodowiska, zapewniaj\u0105c plan zarz\u0105dzania zr\u00f3wnowa\u017conym rozwojem dla innych kraj\u00f3w.<\/p>\n\n\n\n<p>Jednak w miar\u0119 jak UE zmierza w kierunku wdro\u017cenia tych nowych zasad, jasne jest, \u017ce sukces PPWR b\u0119dzie zale\u017ca\u0142 od wsp\u00f3lnego wysi\u0142ku pa\u0144stw cz\u0142onkowskich, przedsi\u0119biorstw i konsument\u00f3w. Przej\u015bcie na bardziej zr\u00f3wnowa\u017cone praktyki opakowaniowe stanowi wyzwanie, ale oferuje wyj\u0105tkow\u0105 okazj\u0119 do innowacji, zmniejszenia wp\u0142ywu na \u015brodowisko i utorowania drogi do bardziej ekologicznej przysz\u0142o\u015bci.<\/p>\n\n\n\n<h2 class=\"wp-block-heading\">Kilka pyta\u0144 zwi\u0105zanych z tymczasowym porozumieniem UE<\/h2>\n\n\n\n<div class=\"schema-faq wp-block-yoast-faq-block\"><div class=\"schema-faq-section\" id=\"faq-question-1713725987279\"><strong class=\"schema-faq-question\">Jakie s\u0105 najnowsze osi\u0105gni\u0119cia w zakresie zr\u00f3wnowa\u017conego rozwoju opakowa\u0144<\/strong> w UE? <p class=\"schema-faq-answer\">UE osi\u0105gn\u0119\u0142a tymczasowe porozumienie w celu zwi\u0119kszenia zr\u00f3wnowa\u017conego rozwoju opakowa\u0144. <\/p> <\/div> <div class=\"schema-faq-section\" id=\"faq-question-1713725992469\">Jakie s\u0105 <strong class=\"schema-faq-question\">kluczowe cele tymczasowego porozumienia UE w sprawie<\/strong> zr\u00f3wnowa\u017conego rozwoju opakowa\u0144? <p class=\"schema-faq-answer\">Porozumienie ma na celu zmniejszenie ilo\u015bci odpad\u00f3w opakowaniowych w UE o 15 miliard\u00f3w w ca\u0142ym regionie i zwi\u0119kszenie mo\u017cliwo\u015bci recyklingu opakowa\u0144 do 2030 roku.<\/p> <\/div> <div class=\"schema-faq-section\" id=\"faq-question-1713725996488\"><strong class=\"schema-faq-question\">Kiedy porozumienie ma zosta\u0107 w pe\u0142ni<\/strong> wdro\u017cone? <p class=\"schema-faq-answer\">Oczekuje si\u0119, \u017ce porozumienie zostanie w pe\u0142ni wdro\u017cone do 2024 roku. Poniewa\u017c jednak umowa jest postanowieniem, musi zosta\u0107 formalnie przyj\u0119ta przez obie instytucje, aby wesz\u0142a w \u017cycie. <\/p> <\/div> <div class=\"schema-faq-section\" id=\"faq-question-1713726001658\"><strong class=\"schema-faq-question\">Jak nowa umowa wp\u0142ynie na klient\u00f3w z bran\u017cy opakowa\u0144?<\/strong> <p class=\"schema-faq-answer\">Klienci z bran\u017cy opakowa\u0144 mog\u0105 spodziewa\u0107 si\u0119 wi\u0119kszej liczby lekkich plastikowych toreb na zakupy i lepszych mo\u017cliwo\u015bci recyklingu materia\u0142\u00f3w opakowaniowych.<\/p> <\/div> <div class=\"schema-faq-section\" id=\"faq-question-1713726009108\"><strong class=\"schema-faq-question\">Jakie konkretne elementy<\/strong> obejmuje umowa? <p class=\"schema-faq-answer\">Umowa obejmuje napoje alkoholowe i bezalkoholowe, produkty toaletowe oraz wszelkie dodatkowe materia\u0142y stosowane w opakowaniach.<\/p> <\/div> <div class=\"schema-faq-section\" id=\"faq-question-1713726015913\"><strong class=\"schema-faq-question\">Jaka jest rola pos\u0142\u00f3w do PE w sfinalizowaniu tego porozumienia?<\/strong> <p class=\"schema-faq-answer\">Aby umowa wesz\u0142a w \u017cycie, pos\u0142owie musz\u0105 uzgodni\u0107 dyrektyw\u0119 w sprawie opakowa\u0144 i odpad\u00f3w opakowaniowych (PPWD).<\/p> <\/div> <div class=\"schema-faq-section\" id=\"faq-question-1713726023982\"><strong class=\"schema-faq-question\">W jaki spos\u00f3b porozumienie jest zgodne z poprzednimi inicjatywami UE w zakresie redukcji odpad\u00f3w?<\/strong> <p class=\"schema-faq-answer\">Umowa jest zgodna z celem UE, jakim jest zmniejszenie ilo\u015bci odpad\u00f3w opakowaniowych i zwi\u0119kszenie mo\u017cliwo\u015bci recyklingu w ramach szerszych dzia\u0142a\u0144 na rzecz zr\u00f3wnowa\u017conego rozwoju.<\/p> <\/div> <div class=\"schema-faq-section\" id=\"faq-question-1713726031555\"><strong class=\"schema-faq-question\">Jakie wyzwania mog\u0105 zadecydowa\u0107 o sukcesie tego<\/strong> porozumienia? <p class=\"schema-faq-answer\">Sukces lub pora\u017cka umowy mo\u017ce zale\u017ce\u0107 od takich czynnik\u00f3w, jak wsp\u00f3\u0142praca pa\u0144stw cz\u0142onkowskich, skuteczno\u015b\u0107 infrastruktury recyklingu i kampanie u\u015bwiadamiaj\u0105ce spo\u0142ecze\u0144stwo.<\/p> <\/div> <\/div>\n","protected":false},"excerpt":{"rendered":"<p><!-- wp:paragraph --> <\/p>\n<p>UE osi\u0105ga porozumienie w sprawie nowych przepis\u00f3w dotycz\u0105cych zr\u00f3wnowa\u017conych opakowa\u0144, ukierunkowanych na redukcj\u0119 odpad\u00f3w, recykling i zakaz stosowania tworzyw sztucznych jednorazowego u\u017cytku do 2030 r. i p\u00f3\u017aniej.<\/p>\n<p><!-- \/wp:paragraph --><\/p>\n","protected":false},"author":1507,"featured_media":35509,"comment_status":"closed","ping_status":"closed","sticky":false,"template":"","format":"standard","meta":{"_acf_changed":false,"_monsterinsights_skip_tracking":false,"_monsterinsights_sitenote_active":false,"_monsterinsights_sitenote_note":"","_monsterinsights_sitenote_category":0,"footnotes":""},"categories":[3181],"tags":[],"acf":[],"yoast_head":"<!-- This site is optimized with the Yoast SEO plugin v23.2 - https:\/\/yoast.com\/wordpress\/plugins\/seo\/ -->\n<title>Tymczasowe porozumienie UE na rzecz zr\u00f3wnowa\u017conego rozwoju opakowa\u0144 &#8212; Sustainable Review<\/title>\n<meta name=\"robots\" content=\"index, follow, max-snippet:-1, max-image-preview:large, max-video-preview:-1\" \/>\n<link rel=\"canonical\" href=\"https:\/\/sustainablereview.com\/pl\/wstepna-umowa-z-eus-w-celu-zwiekszenia-zrownowazonego-rozwoju-opakowan\/\" \/>\n<meta property=\"og:locale\" content=\"pl_PL\" \/>\n<meta property=\"og:type\" content=\"article\" \/>\n<meta property=\"og:title\" content=\"Tymczasowe porozumienie UE na rzecz zr\u00f3wnowa\u017conego rozwoju opakowa\u0144 &#8212; Sustainable Review\" \/>\n<meta property=\"og:description\" content=\"UE osi\u0105ga porozumienie w sprawie nowych przepis\u00f3w dotycz\u0105cych zr\u00f3wnowa\u017conych opakowa\u0144, ukierunkowanych na redukcj\u0119 odpad\u00f3w, recykling i zakaz stosowania tworzyw sztucznych jednorazowego u\u017cytku do 2030 r. i p\u00f3\u017aniej.\" \/>\n<meta property=\"og:url\" content=\"https:\/\/sustainablereview.com\/pl\/wstepna-umowa-z-eus-w-celu-zwiekszenia-zrownowazonego-rozwoju-opakowan\/\" \/>\n<meta property=\"og:site_name\" content=\"Sustainable Review\" \/>\n<meta property=\"article:published_time\" content=\"2024-04-21T19:00:57+00:00\" \/>\n<meta property=\"article:modified_time\" content=\"2024-08-10T16:11:13+00:00\" \/>\n<meta property=\"og:image\" content=\"https:\/\/sustainablereview.com\/wp-content\/uploads\/2024\/04\/image-45.png\" \/>\n\t<meta property=\"og:image:width\" content=\"1125\" \/>\n\t<meta property=\"og:image:height\" content=\"750\" \/>\n\t<meta property=\"og:image:type\" content=\"image\/png\" \/>\n<meta name=\"author\" content=\"Ericka Porta\" \/>\n<meta name=\"twitter:card\" content=\"summary_large_image\" \/>\n<meta name=\"twitter:creator\" content=\"@sustainreview\" \/>\n<meta name=\"twitter:site\" content=\"@sustainreview\" \/>\n<meta name=\"twitter:label1\" content=\"Napisane przez\" \/>\n\t<meta name=\"twitter:data1\" content=\"Ericka Porta\" \/>\n\t<meta name=\"twitter:label2\" content=\"Szacowany czas czytania\" \/>\n\t<meta name=\"twitter:data2\" content=\"14 minut\" \/>\n<script type=\"application\/ld+json\" class=\"yoast-schema-graph\">{\"@context\":\"https:\/\/schema.org\",\"@graph\":[{\"@type\":\"Article\",\"@id\":\"https:\/\/sustainablereview.com\/pl\/wstepna-umowa-z-eus-w-celu-zwiekszenia-zrownowazonego-rozwoju-opakowan\/#article\",\"isPartOf\":{\"@id\":\"https:\/\/sustainablereview.com\/pl\/wstepna-umowa-z-eus-w-celu-zwiekszenia-zrownowazonego-rozwoju-opakowan\/\"},\"author\":{\"name\":\"Ericka Porta\",\"@id\":\"https:\/\/sustainablereview.com\/pl\/#\/schema\/person\/fed78524720812677eca72f5344ac879\"},\"headline\":\"Tymczasowe porozumienie UE na rzecz zr\u00f3wnowa\u017conego rozwoju opakowa\u0144\",\"datePublished\":\"2024-04-21T19:00:57+00:00\",\"dateModified\":\"2024-08-10T16:11:13+00:00\",\"mainEntityOfPage\":{\"@id\":\"https:\/\/sustainablereview.com\/pl\/wstepna-umowa-z-eus-w-celu-zwiekszenia-zrownowazonego-rozwoju-opakowan\/\"},\"wordCount\":2826,\"publisher\":{\"@id\":\"https:\/\/sustainablereview.com\/pl\/#organization\"},\"image\":{\"@id\":\"https:\/\/sustainablereview.com\/pl\/wstepna-umowa-z-eus-w-celu-zwiekszenia-zrownowazonego-rozwoju-opakowan\/#primaryimage\"},\"thumbnailUrl\":\"https:\/\/sustainablereview.com\/wp-content\/uploads\/2024\/04\/image-45.png\",\"articleSection\":[\"Aktualno\u015bci\"],\"inLanguage\":\"pl-PL\"},{\"@type\":[\"WebPage\",\"FAQPage\"],\"@id\":\"https:\/\/sustainablereview.com\/pl\/wstepna-umowa-z-eus-w-celu-zwiekszenia-zrownowazonego-rozwoju-opakowan\/\",\"url\":\"https:\/\/sustainablereview.com\/pl\/wstepna-umowa-z-eus-w-celu-zwiekszenia-zrownowazonego-rozwoju-opakowan\/\",\"name\":\"Tymczasowe porozumienie UE na rzecz zr\u00f3wnowa\u017conego rozwoju opakowa\u0144 &#8212; Sustainable Review\",\"isPartOf\":{\"@id\":\"https:\/\/sustainablereview.com\/pl\/#website\"},\"primaryImageOfPage\":{\"@id\":\"https:\/\/sustainablereview.com\/pl\/wstepna-umowa-z-eus-w-celu-zwiekszenia-zrownowazonego-rozwoju-opakowan\/#primaryimage\"},\"image\":{\"@id\":\"https:\/\/sustainablereview.com\/pl\/wstepna-umowa-z-eus-w-celu-zwiekszenia-zrownowazonego-rozwoju-opakowan\/#primaryimage\"},\"thumbnailUrl\":\"https:\/\/sustainablereview.com\/wp-content\/uploads\/2024\/04\/image-45.png\",\"datePublished\":\"2024-04-21T19:00:57+00:00\",\"dateModified\":\"2024-08-10T16:11:13+00:00\",\"breadcrumb\":{\"@id\":\"https:\/\/sustainablereview.com\/pl\/wstepna-umowa-z-eus-w-celu-zwiekszenia-zrownowazonego-rozwoju-opakowan\/#breadcrumb\"},\"mainEntity\":[{\"@id\":\"https:\/\/sustainablereview.com\/pl\/wstepna-umowa-z-eus-w-celu-zwiekszenia-zrownowazonego-rozwoju-opakowan\/#faq-question-1713725987279\"},{\"@id\":\"https:\/\/sustainablereview.com\/pl\/wstepna-umowa-z-eus-w-celu-zwiekszenia-zrownowazonego-rozwoju-opakowan\/#faq-question-1713725992469\"},{\"@id\":\"https:\/\/sustainablereview.com\/pl\/wstepna-umowa-z-eus-w-celu-zwiekszenia-zrownowazonego-rozwoju-opakowan\/#faq-question-1713725996488\"},{\"@id\":\"https:\/\/sustainablereview.com\/pl\/wstepna-umowa-z-eus-w-celu-zwiekszenia-zrownowazonego-rozwoju-opakowan\/#faq-question-1713726001658\"},{\"@id\":\"https:\/\/sustainablereview.com\/pl\/wstepna-umowa-z-eus-w-celu-zwiekszenia-zrownowazonego-rozwoju-opakowan\/#faq-question-1713726009108\"},{\"@id\":\"https:\/\/sustainablereview.com\/pl\/wstepna-umowa-z-eus-w-celu-zwiekszenia-zrownowazonego-rozwoju-opakowan\/#faq-question-1713726015913\"},{\"@id\":\"https:\/\/sustainablereview.com\/pl\/wstepna-umowa-z-eus-w-celu-zwiekszenia-zrownowazonego-rozwoju-opakowan\/#faq-question-1713726023982\"},{\"@id\":\"https:\/\/sustainablereview.com\/pl\/wstepna-umowa-z-eus-w-celu-zwiekszenia-zrownowazonego-rozwoju-opakowan\/#faq-question-1713726031555\"}],\"inLanguage\":\"pl-PL\",\"potentialAction\":[{\"@type\":\"ReadAction\",\"target\":[\"https:\/\/sustainablereview.com\/pl\/wstepna-umowa-z-eus-w-celu-zwiekszenia-zrownowazonego-rozwoju-opakowan\/\"]}]},{\"@type\":\"ImageObject\",\"inLanguage\":\"pl-PL\",\"@id\":\"https:\/\/sustainablereview.com\/pl\/wstepna-umowa-z-eus-w-celu-zwiekszenia-zrownowazonego-rozwoju-opakowan\/#primaryimage\",\"url\":\"https:\/\/sustainablereview.com\/wp-content\/uploads\/2024\/04\/image-45.png\",\"contentUrl\":\"https:\/\/sustainablereview.com\/wp-content\/uploads\/2024\/04\/image-45.png\",\"width\":1125,\"height\":750,\"caption\":\"EU's Provisional Deal to Boost Packaging Sustainability\"},{\"@type\":\"BreadcrumbList\",\"@id\":\"https:\/\/sustainablereview.com\/pl\/wstepna-umowa-z-eus-w-celu-zwiekszenia-zrownowazonego-rozwoju-opakowan\/#breadcrumb\",\"itemListElement\":[{\"@type\":\"ListItem\",\"position\":1,\"name\":\"Strona g\u0142\u00f3wna\",\"item\":\"https:\/\/sustainablereview.com\/pl\/strona-glowna\/\"},{\"@type\":\"ListItem\",\"position\":2,\"name\":\"Tymczasowe porozumienie UE na rzecz zr\u00f3wnowa\u017conego rozwoju opakowa\u0144\"}]},{\"@type\":\"WebSite\",\"@id\":\"https:\/\/sustainablereview.com\/pl\/#website\",\"url\":\"https:\/\/sustainablereview.com\/pl\/\",\"name\":\"Sustainable Review\",\"description\":\"Let us do the &#039;Green-splaining&#039;\",\"publisher\":{\"@id\":\"https:\/\/sustainablereview.com\/pl\/#organization\"},\"potentialAction\":[{\"@type\":\"SearchAction\",\"target\":{\"@type\":\"EntryPoint\",\"urlTemplate\":\"https:\/\/sustainablereview.com\/pl\/?s={search_term_string}\"},\"query-input\":\"required name=search_term_string\"}],\"inLanguage\":\"pl-PL\"},{\"@type\":\"Organization\",\"@id\":\"https:\/\/sustainablereview.com\/pl\/#organization\",\"name\":\"Sustainable Review\",\"url\":\"https:\/\/sustainablereview.com\/pl\/\",\"logo\":{\"@type\":\"ImageObject\",\"inLanguage\":\"pl-PL\",\"@id\":\"https:\/\/sustainablereview.com\/pl\/#\/schema\/logo\/image\/\",\"url\":\"https:\/\/sustainablereview.com\/wp-content\/uploads\/2020\/06\/static1.squarespace.png\",\"contentUrl\":\"https:\/\/sustainablereview.com\/wp-content\/uploads\/2020\/06\/static1.squarespace.png\",\"width\":800,\"height\":800,\"caption\":\"Sustainable Review\"},\"image\":{\"@id\":\"https:\/\/sustainablereview.com\/pl\/#\/schema\/logo\/image\/\"},\"sameAs\":[\"https:\/\/x.com\/sustainreview\"]},{\"@type\":\"Person\",\"@id\":\"https:\/\/sustainablereview.com\/pl\/#\/schema\/person\/fed78524720812677eca72f5344ac879\",\"name\":\"Ericka Porta\",\"image\":{\"@type\":\"ImageObject\",\"inLanguage\":\"pl-PL\",\"@id\":\"https:\/\/sustainablereview.com\/pl\/#\/schema\/person\/image\/\",\"url\":\"https:\/\/sustainablereview.com\/wp-content\/litespeed\/avatar\/0fcf3ec3abc78f40b8b1ee11df987c0c.jpg?ver=1777485583\",\"contentUrl\":\"https:\/\/sustainablereview.com\/wp-content\/litespeed\/avatar\/0fcf3ec3abc78f40b8b1ee11df987c0c.jpg?ver=1777485583\",\"caption\":\"Ericka Porta\"},\"description\":\"Ericka is a writer with 15 years of experience turning ideas into compelling narratives. She has a keen eye on good books and loves grabbing grubs and sumptuous coffee, tea, and beer. She's also into meaningful conversations done on long walks and finds joy in registering revolutions on a bike. Additionally, she's passionate about sustainability and enjoys exploring ways to integrate eco-friendly practices into her daily life. A mom of three boys (1 human baby and 2 fur babies), she cherishes the chaos and love that comes with parenthood.\",\"url\":\"https:\/\/sustainablereview.com\/pl\/author\/ericka\/\"},{\"@type\":\"Question\",\"@id\":\"https:\/\/sustainablereview.com\/pl\/wstepna-umowa-z-eus-w-celu-zwiekszenia-zrownowazonego-rozwoju-opakowan\/#faq-question-1713725987279\",\"position\":1,\"url\":\"https:\/\/sustainablereview.com\/pl\/wstepna-umowa-z-eus-w-celu-zwiekszenia-zrownowazonego-rozwoju-opakowan\/#faq-question-1713725987279\",\"name\":\"What is the latest development regarding EU's packaging sustainability?\",\"answerCount\":1,\"acceptedAnswer\":{\"@type\":\"Answer\",\"text\":\"The EU has reached a provisional deal to boost packaging sustainability. \",\"inLanguage\":\"pl-PL\"},\"inLanguage\":\"pl-PL\"},{\"@type\":\"Question\",\"@id\":\"https:\/\/sustainablereview.com\/pl\/wstepna-umowa-z-eus-w-celu-zwiekszenia-zrownowazonego-rozwoju-opakowan\/#faq-question-1713725992469\",\"position\":2,\"url\":\"https:\/\/sustainablereview.com\/pl\/wstepna-umowa-z-eus-w-celu-zwiekszenia-zrownowazonego-rozwoju-opakowan\/#faq-question-1713725992469\",\"name\":\"What are the key goals of the EU's provisional deal on packaging sustainability?\",\"answerCount\":1,\"acceptedAnswer\":{\"@type\":\"Answer\",\"text\":\"The deal aims to reduce EU packaging waste by 15 billion across the region and increase the recyclability of packaging by 2030.\",\"inLanguage\":\"pl-PL\"},\"inLanguage\":\"pl-PL\"},{\"@type\":\"Question\",\"@id\":\"https:\/\/sustainablereview.com\/pl\/wstepna-umowa-z-eus-w-celu-zwiekszenia-zrownowazonego-rozwoju-opakowan\/#faq-question-1713725996488\",\"position\":3,\"url\":\"https:\/\/sustainablereview.com\/pl\/wstepna-umowa-z-eus-w-celu-zwiekszenia-zrownowazonego-rozwoju-opakowan\/#faq-question-1713725996488\",\"name\":\"When is the agreement expected to be fully implemented?\",\"answerCount\":1,\"acceptedAnswer\":{\"@type\":\"Answer\",\"text\":\"The agreement is expected to be fully implemented by 2024. However, as the deal is provision, it must be formally adopted by both institutions to take effect. \",\"inLanguage\":\"pl-PL\"},\"inLanguage\":\"pl-PL\"},{\"@type\":\"Question\",\"@id\":\"https:\/\/sustainablereview.com\/pl\/wstepna-umowa-z-eus-w-celu-zwiekszenia-zrownowazonego-rozwoju-opakowan\/#faq-question-1713726001658\",\"position\":4,\"url\":\"https:\/\/sustainablereview.com\/pl\/wstepna-umowa-z-eus-w-celu-zwiekszenia-zrownowazonego-rozwoju-opakowan\/#faq-question-1713726001658\",\"name\":\"How will the new deal impact packaging customers?\",\"answerCount\":1,\"acceptedAnswer\":{\"@type\":\"Answer\",\"text\":\"Packaging customers can expect more lightweight plastic carrier bags and improved recyclability of packaging materials.\",\"inLanguage\":\"pl-PL\"},\"inLanguage\":\"pl-PL\"},{\"@type\":\"Question\",\"@id\":\"https:\/\/sustainablereview.com\/pl\/wstepna-umowa-z-eus-w-celu-zwiekszenia-zrownowazonego-rozwoju-opakowan\/#faq-question-1713726009108\",\"position\":5,\"url\":\"https:\/\/sustainablereview.com\/pl\/wstepna-umowa-z-eus-w-celu-zwiekszenia-zrownowazonego-rozwoju-opakowan\/#faq-question-1713726009108\",\"name\":\"What are some of the specific items included in the deal?\",\"answerCount\":1,\"acceptedAnswer\":{\"@type\":\"Answer\",\"text\":\"The deal covers alcoholic and non-alcoholic beverages, toiletry products, and any additional materials used in packaging.\",\"inLanguage\":\"pl-PL\"},\"inLanguage\":\"pl-PL\"},{\"@type\":\"Question\",\"@id\":\"https:\/\/sustainablereview.com\/pl\/wstepna-umowa-z-eus-w-celu-zwiekszenia-zrownowazonego-rozwoju-opakowan\/#faq-question-1713726015913\",\"position\":6,\"url\":\"https:\/\/sustainablereview.com\/pl\/wstepna-umowa-z-eus-w-celu-zwiekszenia-zrownowazonego-rozwoju-opakowan\/#faq-question-1713726015913\",\"name\":\"What is the role of MEPs in finalizing this agreement?\",\"answerCount\":1,\"acceptedAnswer\":{\"@type\":\"Answer\",\"text\":\"MEPs must agree on the Packaging and Packaging Waste Directive (PPWD) for the deal to come into effect.\",\"inLanguage\":\"pl-PL\"},\"inLanguage\":\"pl-PL\"},{\"@type\":\"Question\",\"@id\":\"https:\/\/sustainablereview.com\/pl\/wstepna-umowa-z-eus-w-celu-zwiekszenia-zrownowazonego-rozwoju-opakowan\/#faq-question-1713726023982\",\"position\":7,\"url\":\"https:\/\/sustainablereview.com\/pl\/wstepna-umowa-z-eus-w-celu-zwiekszenia-zrownowazonego-rozwoju-opakowan\/#faq-question-1713726023982\",\"name\":\"How does this deal align with previous EU initiatives on waste reduction?\",\"answerCount\":1,\"acceptedAnswer\":{\"@type\":\"Answer\",\"text\":\"The deal is in line with the EU's goal to reduce packaging waste and increase recyclability as part of its broader sustainability efforts.\",\"inLanguage\":\"pl-PL\"},\"inLanguage\":\"pl-PL\"},{\"@type\":\"Question\",\"@id\":\"https:\/\/sustainablereview.com\/pl\/wstepna-umowa-z-eus-w-celu-zwiekszenia-zrownowazonego-rozwoju-opakowan\/#faq-question-1713726031555\",\"position\":8,\"url\":\"https:\/\/sustainablereview.com\/pl\/wstepna-umowa-z-eus-w-celu-zwiekszenia-zrownowazonego-rozwoju-opakowan\/#faq-question-1713726031555\",\"name\":\"What are some challenges that could determine the success of this agreement?\",\"answerCount\":1,\"acceptedAnswer\":{\"@type\":\"Answer\",\"text\":\"The success or failure of the deal could hinge on factors such as the cooperation of member states, the effectiveness of recycling infrastructure, and public awareness campaigns.\",\"inLanguage\":\"pl-PL\"},\"inLanguage\":\"pl-PL\"}]}<\/script>\n<!-- \/ Yoast SEO plugin. -->","yoast_head_json":{"title":"Tymczasowe porozumienie UE na rzecz zr\u00f3wnowa\u017conego rozwoju opakowa\u0144 &#8212; Sustainable Review","robots":{"index":"index","follow":"follow","max-snippet":"max-snippet:-1","max-image-preview":"max-image-preview:large","max-video-preview":"max-video-preview:-1"},"canonical":"https:\/\/sustainablereview.com\/pl\/wstepna-umowa-z-eus-w-celu-zwiekszenia-zrownowazonego-rozwoju-opakowan\/","og_locale":"pl_PL","og_type":"article","og_title":"Tymczasowe porozumienie UE na rzecz zr\u00f3wnowa\u017conego rozwoju opakowa\u0144 &#8212; Sustainable Review","og_description":"UE osi\u0105ga porozumienie w sprawie nowych przepis\u00f3w dotycz\u0105cych zr\u00f3wnowa\u017conych opakowa\u0144, ukierunkowanych na redukcj\u0119 odpad\u00f3w, recykling i zakaz stosowania tworzyw sztucznych jednorazowego u\u017cytku do 2030 r. i p\u00f3\u017aniej.","og_url":"https:\/\/sustainablereview.com\/pl\/wstepna-umowa-z-eus-w-celu-zwiekszenia-zrownowazonego-rozwoju-opakowan\/","og_site_name":"Sustainable Review","article_published_time":"2024-04-21T19:00:57+00:00","article_modified_time":"2024-08-10T16:11:13+00:00","og_image":[{"width":1125,"height":750,"url":"https:\/\/sustainablereview.com\/wp-content\/uploads\/2024\/04\/image-45.png","type":"image\/png"}],"author":"Ericka Porta","twitter_card":"summary_large_image","twitter_creator":"@sustainreview","twitter_site":"@sustainreview","twitter_misc":{"Napisane przez":"Ericka Porta","Szacowany czas czytania":"14 minut"},"schema":{"@context":"https:\/\/schema.org","@graph":[{"@type":"Article","@id":"https:\/\/sustainablereview.com\/pl\/wstepna-umowa-z-eus-w-celu-zwiekszenia-zrownowazonego-rozwoju-opakowan\/#article","isPartOf":{"@id":"https:\/\/sustainablereview.com\/pl\/wstepna-umowa-z-eus-w-celu-zwiekszenia-zrownowazonego-rozwoju-opakowan\/"},"author":{"name":"Ericka Porta","@id":"https:\/\/sustainablereview.com\/pl\/#\/schema\/person\/fed78524720812677eca72f5344ac879"},"headline":"Tymczasowe porozumienie UE na rzecz zr\u00f3wnowa\u017conego rozwoju opakowa\u0144","datePublished":"2024-04-21T19:00:57+00:00","dateModified":"2024-08-10T16:11:13+00:00","mainEntityOfPage":{"@id":"https:\/\/sustainablereview.com\/pl\/wstepna-umowa-z-eus-w-celu-zwiekszenia-zrownowazonego-rozwoju-opakowan\/"},"wordCount":2826,"publisher":{"@id":"https:\/\/sustainablereview.com\/pl\/#organization"},"image":{"@id":"https:\/\/sustainablereview.com\/pl\/wstepna-umowa-z-eus-w-celu-zwiekszenia-zrownowazonego-rozwoju-opakowan\/#primaryimage"},"thumbnailUrl":"https:\/\/sustainablereview.com\/wp-content\/uploads\/2024\/04\/image-45.png","articleSection":["Aktualno\u015bci"],"inLanguage":"pl-PL"},{"@type":["WebPage","FAQPage"],"@id":"https:\/\/sustainablereview.com\/pl\/wstepna-umowa-z-eus-w-celu-zwiekszenia-zrownowazonego-rozwoju-opakowan\/","url":"https:\/\/sustainablereview.com\/pl\/wstepna-umowa-z-eus-w-celu-zwiekszenia-zrownowazonego-rozwoju-opakowan\/","name":"Tymczasowe porozumienie UE na rzecz zr\u00f3wnowa\u017conego rozwoju opakowa\u0144 &#8212; Sustainable Review","isPartOf":{"@id":"https:\/\/sustainablereview.com\/pl\/#website"},"primaryImageOfPage":{"@id":"https:\/\/sustainablereview.com\/pl\/wstepna-umowa-z-eus-w-celu-zwiekszenia-zrownowazonego-rozwoju-opakowan\/#primaryimage"},"image":{"@id":"https:\/\/sustainablereview.com\/pl\/wstepna-umowa-z-eus-w-celu-zwiekszenia-zrownowazonego-rozwoju-opakowan\/#primaryimage"},"thumbnailUrl":"https:\/\/sustainablereview.com\/wp-content\/uploads\/2024\/04\/image-45.png","datePublished":"2024-04-21T19:00:57+00:00","dateModified":"2024-08-10T16:11:13+00:00","breadcrumb":{"@id":"https:\/\/sustainablereview.com\/pl\/wstepna-umowa-z-eus-w-celu-zwiekszenia-zrownowazonego-rozwoju-opakowan\/#breadcrumb"},"mainEntity":[{"@id":"https:\/\/sustainablereview.com\/pl\/wstepna-umowa-z-eus-w-celu-zwiekszenia-zrownowazonego-rozwoju-opakowan\/#faq-question-1713725987279"},{"@id":"https:\/\/sustainablereview.com\/pl\/wstepna-umowa-z-eus-w-celu-zwiekszenia-zrownowazonego-rozwoju-opakowan\/#faq-question-1713725992469"},{"@id":"https:\/\/sustainablereview.com\/pl\/wstepna-umowa-z-eus-w-celu-zwiekszenia-zrownowazonego-rozwoju-opakowan\/#faq-question-1713725996488"},{"@id":"https:\/\/sustainablereview.com\/pl\/wstepna-umowa-z-eus-w-celu-zwiekszenia-zrownowazonego-rozwoju-opakowan\/#faq-question-1713726001658"},{"@id":"https:\/\/sustainablereview.com\/pl\/wstepna-umowa-z-eus-w-celu-zwiekszenia-zrownowazonego-rozwoju-opakowan\/#faq-question-1713726009108"},{"@id":"https:\/\/sustainablereview.com\/pl\/wstepna-umowa-z-eus-w-celu-zwiekszenia-zrownowazonego-rozwoju-opakowan\/#faq-question-1713726015913"},{"@id":"https:\/\/sustainablereview.com\/pl\/wstepna-umowa-z-eus-w-celu-zwiekszenia-zrownowazonego-rozwoju-opakowan\/#faq-question-1713726023982"},{"@id":"https:\/\/sustainablereview.com\/pl\/wstepna-umowa-z-eus-w-celu-zwiekszenia-zrownowazonego-rozwoju-opakowan\/#faq-question-1713726031555"}],"inLanguage":"pl-PL","potentialAction":[{"@type":"ReadAction","target":["https:\/\/sustainablereview.com\/pl\/wstepna-umowa-z-eus-w-celu-zwiekszenia-zrownowazonego-rozwoju-opakowan\/"]}]},{"@type":"ImageObject","inLanguage":"pl-PL","@id":"https:\/\/sustainablereview.com\/pl\/wstepna-umowa-z-eus-w-celu-zwiekszenia-zrownowazonego-rozwoju-opakowan\/#primaryimage","url":"https:\/\/sustainablereview.com\/wp-content\/uploads\/2024\/04\/image-45.png","contentUrl":"https:\/\/sustainablereview.com\/wp-content\/uploads\/2024\/04\/image-45.png","width":1125,"height":750,"caption":"EU's Provisional Deal to Boost Packaging Sustainability"},{"@type":"BreadcrumbList","@id":"https:\/\/sustainablereview.com\/pl\/wstepna-umowa-z-eus-w-celu-zwiekszenia-zrownowazonego-rozwoju-opakowan\/#breadcrumb","itemListElement":[{"@type":"ListItem","position":1,"name":"Strona g\u0142\u00f3wna","item":"https:\/\/sustainablereview.com\/pl\/strona-glowna\/"},{"@type":"ListItem","position":2,"name":"Tymczasowe porozumienie UE na rzecz zr\u00f3wnowa\u017conego rozwoju opakowa\u0144"}]},{"@type":"WebSite","@id":"https:\/\/sustainablereview.com\/pl\/#website","url":"https:\/\/sustainablereview.com\/pl\/","name":"Sustainable Review","description":"Let us do the &#039;Green-splaining&#039;","publisher":{"@id":"https:\/\/sustainablereview.com\/pl\/#organization"},"potentialAction":[{"@type":"SearchAction","target":{"@type":"EntryPoint","urlTemplate":"https:\/\/sustainablereview.com\/pl\/?s={search_term_string}"},"query-input":"required name=search_term_string"}],"inLanguage":"pl-PL"},{"@type":"Organization","@id":"https:\/\/sustainablereview.com\/pl\/#organization","name":"Sustainable Review","url":"https:\/\/sustainablereview.com\/pl\/","logo":{"@type":"ImageObject","inLanguage":"pl-PL","@id":"https:\/\/sustainablereview.com\/pl\/#\/schema\/logo\/image\/","url":"https:\/\/sustainablereview.com\/wp-content\/uploads\/2020\/06\/static1.squarespace.png","contentUrl":"https:\/\/sustainablereview.com\/wp-content\/uploads\/2020\/06\/static1.squarespace.png","width":800,"height":800,"caption":"Sustainable Review"},"image":{"@id":"https:\/\/sustainablereview.com\/pl\/#\/schema\/logo\/image\/"},"sameAs":["https:\/\/x.com\/sustainreview"]},{"@type":"Person","@id":"https:\/\/sustainablereview.com\/pl\/#\/schema\/person\/fed78524720812677eca72f5344ac879","name":"Ericka Porta","image":{"@type":"ImageObject","inLanguage":"pl-PL","@id":"https:\/\/sustainablereview.com\/pl\/#\/schema\/person\/image\/","url":"https:\/\/sustainablereview.com\/wp-content\/litespeed\/avatar\/0fcf3ec3abc78f40b8b1ee11df987c0c.jpg?ver=1777485583","contentUrl":"https:\/\/sustainablereview.com\/wp-content\/litespeed\/avatar\/0fcf3ec3abc78f40b8b1ee11df987c0c.jpg?ver=1777485583","caption":"Ericka Porta"},"description":"Ericka is a writer with 15 years of experience turning ideas into compelling narratives. She has a keen eye on good books and loves grabbing grubs and sumptuous coffee, tea, and beer. She's also into meaningful conversations done on long walks and finds joy in registering revolutions on a bike. Additionally, she's passionate about sustainability and enjoys exploring ways to integrate eco-friendly practices into her daily life. A mom of three boys (1 human baby and 2 fur babies), she cherishes the chaos and love that comes with parenthood.","url":"https:\/\/sustainablereview.com\/pl\/author\/ericka\/"},{"@type":"Question","@id":"https:\/\/sustainablereview.com\/pl\/wstepna-umowa-z-eus-w-celu-zwiekszenia-zrownowazonego-rozwoju-opakowan\/#faq-question-1713725987279","position":1,"url":"https:\/\/sustainablereview.com\/pl\/wstepna-umowa-z-eus-w-celu-zwiekszenia-zrownowazonego-rozwoju-opakowan\/#faq-question-1713725987279","name":"What is the latest development regarding EU's packaging sustainability?","answerCount":1,"acceptedAnswer":{"@type":"Answer","text":"The EU has reached a provisional deal to boost packaging sustainability. ","inLanguage":"pl-PL"},"inLanguage":"pl-PL"},{"@type":"Question","@id":"https:\/\/sustainablereview.com\/pl\/wstepna-umowa-z-eus-w-celu-zwiekszenia-zrownowazonego-rozwoju-opakowan\/#faq-question-1713725992469","position":2,"url":"https:\/\/sustainablereview.com\/pl\/wstepna-umowa-z-eus-w-celu-zwiekszenia-zrownowazonego-rozwoju-opakowan\/#faq-question-1713725992469","name":"What are the key goals of the EU's provisional deal on packaging sustainability?","answerCount":1,"acceptedAnswer":{"@type":"Answer","text":"The deal aims to reduce EU packaging waste by 15 billion across the region and increase the recyclability of packaging by 2030.","inLanguage":"pl-PL"},"inLanguage":"pl-PL"},{"@type":"Question","@id":"https:\/\/sustainablereview.com\/pl\/wstepna-umowa-z-eus-w-celu-zwiekszenia-zrownowazonego-rozwoju-opakowan\/#faq-question-1713725996488","position":3,"url":"https:\/\/sustainablereview.com\/pl\/wstepna-umowa-z-eus-w-celu-zwiekszenia-zrownowazonego-rozwoju-opakowan\/#faq-question-1713725996488","name":"When is the agreement expected to be fully implemented?","answerCount":1,"acceptedAnswer":{"@type":"Answer","text":"The agreement is expected to be fully implemented by 2024. However, as the deal is provision, it must be formally adopted by both institutions to take effect. ","inLanguage":"pl-PL"},"inLanguage":"pl-PL"},{"@type":"Question","@id":"https:\/\/sustainablereview.com\/pl\/wstepna-umowa-z-eus-w-celu-zwiekszenia-zrownowazonego-rozwoju-opakowan\/#faq-question-1713726001658","position":4,"url":"https:\/\/sustainablereview.com\/pl\/wstepna-umowa-z-eus-w-celu-zwiekszenia-zrownowazonego-rozwoju-opakowan\/#faq-question-1713726001658","name":"How will the new deal impact packaging customers?","answerCount":1,"acceptedAnswer":{"@type":"Answer","text":"Packaging customers can expect more lightweight plastic carrier bags and improved recyclability of packaging materials.","inLanguage":"pl-PL"},"inLanguage":"pl-PL"},{"@type":"Question","@id":"https:\/\/sustainablereview.com\/pl\/wstepna-umowa-z-eus-w-celu-zwiekszenia-zrownowazonego-rozwoju-opakowan\/#faq-question-1713726009108","position":5,"url":"https:\/\/sustainablereview.com\/pl\/wstepna-umowa-z-eus-w-celu-zwiekszenia-zrownowazonego-rozwoju-opakowan\/#faq-question-1713726009108","name":"What are some of the specific items included in the deal?","answerCount":1,"acceptedAnswer":{"@type":"Answer","text":"The deal covers alcoholic and non-alcoholic beverages, toiletry products, and any additional materials used in packaging.","inLanguage":"pl-PL"},"inLanguage":"pl-PL"},{"@type":"Question","@id":"https:\/\/sustainablereview.com\/pl\/wstepna-umowa-z-eus-w-celu-zwiekszenia-zrownowazonego-rozwoju-opakowan\/#faq-question-1713726015913","position":6,"url":"https:\/\/sustainablereview.com\/pl\/wstepna-umowa-z-eus-w-celu-zwiekszenia-zrownowazonego-rozwoju-opakowan\/#faq-question-1713726015913","name":"What is the role of MEPs in finalizing this agreement?","answerCount":1,"acceptedAnswer":{"@type":"Answer","text":"MEPs must agree on the Packaging and Packaging Waste Directive (PPWD) for the deal to come into effect.","inLanguage":"pl-PL"},"inLanguage":"pl-PL"},{"@type":"Question","@id":"https:\/\/sustainablereview.com\/pl\/wstepna-umowa-z-eus-w-celu-zwiekszenia-zrownowazonego-rozwoju-opakowan\/#faq-question-1713726023982","position":7,"url":"https:\/\/sustainablereview.com\/pl\/wstepna-umowa-z-eus-w-celu-zwiekszenia-zrownowazonego-rozwoju-opakowan\/#faq-question-1713726023982","name":"How does this deal align with previous EU initiatives on waste reduction?","answerCount":1,"acceptedAnswer":{"@type":"Answer","text":"The deal is in line with the EU's goal to reduce packaging waste and increase recyclability as part of its broader sustainability efforts.","inLanguage":"pl-PL"},"inLanguage":"pl-PL"},{"@type":"Question","@id":"https:\/\/sustainablereview.com\/pl\/wstepna-umowa-z-eus-w-celu-zwiekszenia-zrownowazonego-rozwoju-opakowan\/#faq-question-1713726031555","position":8,"url":"https:\/\/sustainablereview.com\/pl\/wstepna-umowa-z-eus-w-celu-zwiekszenia-zrownowazonego-rozwoju-opakowan\/#faq-question-1713726031555","name":"What are some challenges that could determine the success of this agreement?","answerCount":1,"acceptedAnswer":{"@type":"Answer","text":"The success or failure of the deal could hinge on factors such as the cooperation of member states, the effectiveness of recycling infrastructure, and public awareness campaigns.","inLanguage":"pl-PL"},"inLanguage":"pl-PL"}]}},"wpml_translations":{"en":"35508","pl":"60352","pt-br":"39047"},"_links":{"self":[{"href":"https:\/\/sustainablereview.com\/pl\/wp-json\/wp\/v2\/posts\/60352"}],"collection":[{"href":"https:\/\/sustainablereview.com\/pl\/wp-json\/wp\/v2\/posts"}],"about":[{"href":"https:\/\/sustainablereview.com\/pl\/wp-json\/wp\/v2\/types\/post"}],"author":[{"embeddable":true,"href":"https:\/\/sustainablereview.com\/pl\/wp-json\/wp\/v2\/users\/1507"}],"replies":[{"embeddable":true,"href":"https:\/\/sustainablereview.com\/pl\/wp-json\/wp\/v2\/comments?post=60352"}],"version-history":[{"count":3,"href":"https:\/\/sustainablereview.com\/pl\/wp-json\/wp\/v2\/posts\/60352\/revisions"}],"predecessor-version":[{"id":61746,"href":"https:\/\/sustainablereview.com\/pl\/wp-json\/wp\/v2\/posts\/60352\/revisions\/61746"}],"wp:featuredmedia":[{"embeddable":true,"href":"https:\/\/sustainablereview.com\/pl\/wp-json\/wp\/v2\/media\/35509"}],"wp:attachment":[{"href":"https:\/\/sustainablereview.com\/pl\/wp-json\/wp\/v2\/media?parent=60352"}],"wp:term":[{"taxonomy":"category","embeddable":true,"href":"https:\/\/sustainablereview.com\/pl\/wp-json\/wp\/v2\/categories?post=60352"},{"taxonomy":"post_tag","embeddable":true,"href":"https:\/\/sustainablereview.com\/pl\/wp-json\/wp\/v2\/tags?post=60352"}],"curies":[{"name":"wp","href":"https:\/\/api.w.org\/{rel}","templated":true}]}}