{"id":60387,"date":"2024-01-13T17:13:33","date_gmt":"2024-01-13T22:13:33","guid":{"rendered":"https:\/\/sustainablereview.com\/?p=60387"},"modified":"2024-08-10T12:13:00","modified_gmt":"2024-08-10T16:13:00","slug":"wytyczanie-sciezki-odbudowy-transformacyjna-podroz-w-celu-przeciwdzialania-zmianom-klimatu-utracie-roznorodnosci-biologicznej-i-niesprawiedliwosci-spolecznej","status":"publish","type":"post","link":"https:\/\/sustainablereview.com\/pl\/wytyczanie-sciezki-odbudowy-transformacyjna-podroz-w-celu-przeciwdzialania-zmianom-klimatu-utracie-roznorodnosci-biologicznej-i-niesprawiedliwosci-spolecznej\/","title":{"rendered":"Wytyczanie \u015bcie\u017cki odbudowy: Transformacyjna podr\u00f3\u017c w celu przeciwdzia\u0142ania zmianom klimatu, utracie r\u00f3\u017cnorodno\u015bci biologicznej i niesprawiedliwo\u015bci spo\u0142ecznej"},"content":{"rendered":"\n<p>Naukowcy z Oregon State University, stoj\u0105cy na czele mi\u0119dzynarodowego zespo\u0142u, proponuj\u0105 prze\u0142omow\u0105 &#8222;naprawcz\u0105&#8221; \u015bcie\u017ck\u0119 walki ze zmianami klimatu, utrat\u0105 r\u00f3\u017cnorodno\u015bci biologicznej i niesprawiedliwo\u015bci\u0105 spo\u0142eczn\u0105. Korzystaj\u0105c z 500-letniego zbioru danych, opowiadaj\u0105 si\u0119 za w\u0142\u0105czeniem swojego scenariusza do modeli klimatycznych wraz ze <a href=\"https:\/\/sedac.ciesin.columbia.edu\/data\/collection\/ssp\" target=\"_blank\" rel=\"noreferrer noopener\">wsp\u00f3lnymi \u015bcie\u017ckami spo\u0142eczno-ekonomicznymi<\/a> (SSP) ONZ.<\/p>\n\n\n\n<h2 class=\"wp-block-heading\"><strong>Pilna potrzeba dzia\u0142a\u0144 na rzecz klimatu<\/strong><\/h2>\n\n\n\n<iframe width=\"560\" height=\"315\" src=\"https:\/\/www.youtube.com\/embed\/G4H1N_yXBiA?si=sE5bjYKcQHF_dMcW\" title=\"YouTube video player\" frameborder=\"0\" allow=\"accelerometer; autoplay; clipboard-write; encrypted-media; gyroscope; picture-in-picture; web-share\" allowfullscreen><\/iframe>\n\n\n\n<p>W ci\u0105gu ostatnich dziesi\u0119cioleci rosn\u0105ce temperatury nasili\u0142y <a href=\"https:\/\/www.edf.org\/climate\/why-fighting-climate-change-so-urgent\" target=\"_blank\" rel=\"noreferrer noopener\">ekstremalne zjawiska pogodowe<\/a>, prowadz\u0105c do fragmentacji kawa\u0142k\u00f3w lodu na Antarktydzie. <\/p>\n\n\n\n<p>Sezony po\u017car\u00f3w znacznie si\u0119 wyd\u0142u\u017cy\u0142y, stwarzaj\u0105c zwi\u0119kszone zagro\u017cenie dla ekosystem\u00f3w, podczas gdy rafy koralowe do\u015bwiadczy\u0142y powszechnego bielenia, trac\u0105c swoje \u017cywe kolory. Jednocze\u015bnie zaobserwowano ekspansj\u0119 terytorialn\u0105 komar\u00f3w, zwi\u0119kszaj\u0105c ryzyko przenoszenia chor\u00f3b.<\/p>\n\n\n\n<p>Zmiany klimatu stanowi\u0105 ogromne wyzwanie wynikaj\u0105ce z d\u0142ugotrwa\u0142ego wyczerpywania si\u0119 zasob\u00f3w. Niezb\u0119dna jest zmiana paradygmatu stylu \u017cycia, nadaj\u0105ca priorytet dobrostanowi planety. Podczas gdy <a href=\"https:\/\/www.nature.com\/articles\/s41586-021-03436-z\" target=\"_blank\" rel=\"noreferrer noopener\">ostatnie badania<\/a> koncentruj\u0105 si\u0119 na ostatnich kilku dekadach, szeroko zakrojona analiza obejmuj\u0105ca pi\u0119\u0107 wiek\u00f3w ujawnia przyspieszone wyczerpywanie si\u0119 zasob\u00f3w.<\/p>\n\n\n\n<figure class=\"wp-block-image size-large\"><img fetchpriority=\"high\" decoding=\"async\" width=\"768\" height=\"1024\" src=\"https:\/\/sustainablereview.com\/\/wp-content\/uploads\/2024\/01\/image-57-768x1024.png\" alt=\"\" class=\"wp-image-31955\" srcset=\"https:\/\/sustainablereview.com\/wp-content\/uploads\/2024\/01\/image-57-768x1024.png 768w, https:\/\/sustainablereview.com\/wp-content\/uploads\/2024\/01\/image-57-225x300.png 225w, https:\/\/sustainablereview.com\/wp-content\/uploads\/2024\/01\/image-57-45x60.png 45w, https:\/\/sustainablereview.com\/wp-content\/uploads\/2024\/01\/image-57.png 1125w\" sizes=\"(min-width: 960px) 75vw, 100vw\" \/><\/figure>\n\n\n\n<h3 class=\"wp-block-heading\"><strong>Por\u00f3wnanie podej\u015b\u0107<\/strong><\/h3>\n\n\n\n<p>Por\u00f3wnuj\u0105c konwencjonalne i nowatorskie podej\u015bcia do zmian klimatu, naukowcy d\u0105\u017c\u0105 do osi\u0105gni\u0119cia zr\u00f3wnowa\u017conej planety i sprawiedliwego traktowania wszystkich. Pomimo potrzeby znacz\u0105cych zmian, proponuj\u0105 oni rozpocz\u0119cie od &#8222;radykalnego inkrementalizmu&#8221;, kt\u00f3ry mo\u017ce potencjalnie zaj\u0105\u0107 si\u0119 <a href=\"https:\/\/royalsociety.org\/topics-policy\/projects\/biodiversity\/\" target=\"_blank\" rel=\"noreferrer noopener\">ochron\u0105 r\u00f3\u017cnorodno\u015bci biologicznej<\/a> i promowa\u0107 sprawiedliwe traktowanie.<\/p>\n\n\n\n<h3 class=\"wp-block-heading\"><strong>Globalne wezwanie do odbudowy<\/strong><\/h3>\n\n\n\n<p>Odbudowa ekologiczna, kluczowa dla dzia\u0142a\u0144 na rzecz klimatu, stoi w obliczu podatno\u015bci na skutki zmian klimatycznych. Badanie przeprowadzone w <a href=\"https:\/\/www.sciencedirect.com\/science\/article\/pii\/S253006442100050X\" target=\"_blank\" rel=\"noreferrer noopener\">Perspectives in Ecology and Conservation<\/a> podkre\u015bla zagro\u017cenia klimatyczne w ca\u0142ym procesie odbudowy. <\/p>\n\n\n\n<p>Ramy identyfikuj\u0105 siedem kluczowych obszar\u00f3w dla \u015bwiadomej klimatycznie odbudowy: definiowanie cel\u00f3w, wyb\u00f3r lokalizacji, gatunk\u00f3w i ekosystem\u00f3w, zarz\u0105dzanie interakcjami ekosystem\u00f3w, uwzgl\u0119dnianie zagro\u017ce\u0144 klimatycznych na poziomie lokalizacji, dostosowywanie do polityk i tworzenie adaptacyjnego monitorowania.<\/p>\n\n\n\n<p>Analiza projekt\u00f3w w Brazylii i krajach ASEAN wskazuje na ograniczone uwzgl\u0119dnienie tych czynnik\u00f3w (mniej ni\u017c 5%). Podkre\u015blaj\u0105c udane przypadki w Brazylii i Australii, ramy wspieraj\u0105 globalne cele odbudowy i <a href=\"https:\/\/www.unesco.org\/en\/ecosystems-restoration-decade\" target=\"_blank\" rel=\"noreferrer noopener\">Dekad\u0119 ONZ w sprawie odbudowy ekosystem\u00f3w 2021-2030<\/a> w zakresie praktyk odpornych na zmiany klimatu.<\/p>\n\n\n\n<p>Opublikowany w <a href=\"https:\/\/iopscience.iop.org\/article\/10.1088\/1748-9326\/ad059e\" target=\"_blank\" rel=\"noreferrer noopener\">Environmental Research Letters<\/a>, mi\u0119dzynarodowy zesp\u00f3\u0142 podkre\u015bla potrzeb\u0119 szybkich zmian w stylu \u017cycia ludzi, dystrybucji bogactwa i odbudowie ekosystem\u00f3w. Podkre\u015bla si\u0119 piln\u0105 potrzeb\u0119 ze wzgl\u0119du na przyspieszaj\u0105cy wp\u0142yw klimatu, przewy\u017cszaj\u0105cy istniej\u0105ce wysi\u0142ki na rzecz \u0142agodzenia skutk\u00f3w.<\/p>\n\n\n\n<h3 class=\"wp-block-heading\"><strong>Wyzwania dla obecnych strategii<\/strong><\/h3>\n\n\n\n<p>Strategie b\u0119d\u0105ce integraln\u0105 cz\u0119\u015bci\u0105 porozumie\u0144 klimatycznych sponsorowanych przez ONZ, takie jak handel uprawnieniami do emisji dwutlenku w\u0119gla i kompensacje, s\u0105 wyprzedzane przez ekstremalne zjawiska klimatyczne. \u015acie\u017cka naprawcza r\u00f3\u017cni si\u0119 tym, \u017ce nie opiera si\u0119 na wychwytywaniu dwutlenku w\u0119gla ani nie zak\u0142ada ci\u0105g\u0142ego wzrostu gospodarczego.<\/p>\n\n\n\n<p>Raport o <a href=\"https:\/\/www.unep.org\/topics\/climate-action\/climate-finance\/carbon-markets\" target=\"_blank\" rel=\"noreferrer noopener\">luce emisyjnej z 2021<\/a> r. podkre\u015bla potencja\u0142 rynk\u00f3w emisji dwutlenku w\u0119gla, przewiduj\u0105c 40-60% redukcj\u0119 koszt\u00f3w do 2030 r. przy pe\u0142nym wykorzystaniu rynku. UNEP wsp\u00f3\u0142pracuje z krajami i podmiotami niepa\u0144stwowymi, zapewniaj\u0105c wsparcie w budowaniu potencja\u0142u i opracowywaniu polityki wdra\u017cania rynku uprawnie\u0144 do emisji dwutlenku w\u0119gla. <\/p>\n\n\n\n<p>Poprzez partnerstwa i inicjatywy UNEP u\u0142atwia globaln\u0105 wymian\u0119 wiedzy, stosuj\u0105c podej\u015bcie po\u0142udnie-po\u0142udnie, oparte na nauce.<\/p>\n\n\n\n<p><a href=\"https:\/\/www.foei.org\/wp-content\/uploads\/2021\/11\/Carbon-Markets-COP26.pdf\" target=\"_blank\" rel=\"noreferrer noopener\">Artyku\u0142 6 Porozumienia paryskiego<\/a> ustanawia mi\u0119dzynarodowe rynki emisji dwutlenku w\u0119gla, promuj\u0105c ambitne dzia\u0142ania na rzecz klimatu, zr\u00f3wnowa\u017conego rozwoju i integralno\u015bci \u015brodowiskowej. Strony, kt\u00f3re odnios\u0142y sukces, mog\u0105 sprzedawa\u0107 nadwy\u017cki kredyt\u00f3w redukcyjnych, kieruj\u0105c inwestycje do efektywnych obszar\u00f3w redukcji emisji. <\/p>\n\n\n\n<p>Artyku\u0142 ten ustanawia rynek zarz\u0105dzany przez UNFCCC o globalnych standardach, z wysokimi oczekiwaniami, poniewa\u017c 143 ze 154 stron planuje wykorzysta\u0107 kredyty w\u0119glowe do finansowania dzia\u0142a\u0144 na rzecz klimatu i osi\u0105gni\u0119cia cel\u00f3w krajowych do 2023 r.<\/p>\n\n\n\n<h3 class=\"wp-block-heading\"><strong>Kompleksowa analiza<\/strong><\/h3>\n\n\n\n<p>Kompleksowa analiza zmiennych, w tym wzrostu populacji, PKB, <a href=\"https:\/\/energsustainsoc.biomedcentral.com\/articles\/10.1186\/s13705-021-00304-6\" target=\"_blank\" rel=\"noreferrer noopener\">zu\u017cycia energii<\/a> i spadku r\u00f3\u017cnorodno\u015bci biologicznej, przedstawia \u017cywy obraz przemian na Ziemi. \u015acie\u017cka naprawcza przewiduje sprawiedliwy i odporny \u015bwiat, k\u0142ad\u0105c nacisk na ochron\u0119 przyrody, dobrobyt spo\u0142eczny, edukacj\u0119 kobiet i szybkie przej\u015bcie na energi\u0119 odnawialn\u0105.<\/p>\n\n\n\n<h3 class=\"wp-block-heading\"><strong>Priorytetyzacja zmian spo\u0142ecznych<\/strong><\/h3>\n\n\n\n<p>Proponowana \u015bcie\u017cka, w odr\u00f3\u017cnieniu od dominuj\u0105cych scenariuszy, k\u0142adzie g\u0142\u00f3wny nacisk na zmiany spo\u0142eczne na du\u017c\u0105 skal\u0119. To innowacyjne podej\u015bcie ma na celu skuteczne ograniczenie ocieplenia, oferuj\u0105c jednocze\u015bnie kompleksow\u0105 wizj\u0119 jednoczesnego radzenia sobie ze zmianami klimatu, utrat\u0105 r\u00f3\u017cnorodno\u015bci biologicznej i niesprawiedliwo\u015bci\u0105 spo\u0142eczno-gospodarcz\u0105.<\/p>\n\n\n\n<p>Uznaj\u0105c wzajemne powi\u0105zania tych wyzwa\u0144, ma na celu transformacyjn\u0105 podr\u00f3\u017c w celu ochrony planety, stanowi\u0105c przekonuj\u0105cy argument za w\u0142\u0105czeniem do dyskusji na temat klimatu.<\/p>\n\n\n\n<p>Zgodnie z t\u0105 perspektyw\u0105, <a href=\"https:\/\/climate.nasa.gov\/evidence\/?n\" target=\"_blank\" rel=\"noreferrer noopener\">Globalne Zmiany Klimatu<\/a> podkre\u015blaj\u0105 krytyczny charakter oznak \u017cycia na Ziemi, kt\u00f3re pogarszaj\u0105 si\u0119 w alarmuj\u0105cym tempie, stwarzaj\u0105c powa\u017cne zagro\u017cenie dla \u017cycia na naszej planecie. <\/p>\n\n\n\n<p>Ten pilny kontekst podkre\u015bla potrzeb\u0119 odwa\u017cnych i kompleksowych strategii.<\/p>\n\n\n\n<p>Ponadto naukowcy badaj\u0105 zmiany klimatu z perspektywy kosmicznej, rozszerzaj\u0105c dyskurs o szersze si\u0142y kosmiczne wp\u0142ywaj\u0105ce na nasze \u015brodowisko. To wielowymiarowe zrozumienie zwi\u0119ksza g\u0142\u0119bi\u0119 naszego podej\u015bcia do rozwi\u0105zywania pilnych kwestii<\/p>\n\n\n\n<h3 class=\"wp-block-heading\"><strong>Transformacyjna podr\u00f3\u017c<\/strong><\/h3>\n\n\n\n<p>Przewidywana \u015bcie\u017cka odbudowy stanowi transformacyjn\u0105 podr\u00f3\u017c z potencja\u0142em uratowania naszej planety, co stanowi przekonuj\u0105cy argument za jej w\u0142\u0105czeniem do dyskusji na temat klimatu. To unikalne podej\u015bcie ma na celu zaj\u0119cie si\u0119 pilnymi obawami dotycz\u0105cymi pogarszaj\u0105cych si\u0119 parametr\u00f3w \u017cyciowych Ziemi, kt\u00f3re stanowi\u0105 powa\u017cne zagro\u017cenie dla \u017cycia.<\/p>\n\n\n\n<p>W szerszym kontek\u015bcie badacze zag\u0142\u0119biaj\u0105 si\u0119 w eksploracj\u0119 zmian klimatu z perspektywy kosmicznej, uznaj\u0105c wzajemne powi\u0105zania si\u0142 niebieskich z dynamik\u0105 \u015brodowiska. Ta szersza perspektywa zwi\u0119ksza nasze zrozumienie, podkre\u015blaj\u0105c krytyczn\u0105 potrzeb\u0119 innowacyjnych i kompleksowych strategii w obliczu nadchodz\u0105cych wyzwa\u0144.<\/p>\n\n\n\n<h3 class=\"wp-block-heading\"><strong>\u0179r\u00f3d\u0142a<\/strong><\/h3>\n\n\n\n<ol>\n<li>Centrum Danych i Zastosowa\u0144 Spo\u0142eczno-Ekonomicznych. (Rok). Wsp\u00f3lne \u015bcie\u017cki spo\u0142eczno-ekonomiczne (SSP). Retrieved from<a href=\"https:\/\/sedac.ciesin.columbia.edu\/data\/collection\/ssp\" target=\"_blank\" rel=\"noreferrer noopener\"> https:\/\/sedac.ciesin.columbia.edu\/data\/collection\/ssp.<\/a><\/li>\n<\/ol>\n\n\n\n<ol start=\"2\">\n<li>National Geographic.Causes and Effects of Climate Change. YouTube. Retrieved from <a href=\"https:\/\/www.youtube.com\/watch?v=G4H1N_yXBiA\" target=\"_blank\" rel=\"noreferrer noopener\">https:\/\/www.youtube.com\/watch?v=G4H1N_yXBiA<\/a>.<\/li>\n<\/ol>\n\n\n\n<ol start=\"3\">\n<li>Environmental Defense Fund. This is Why Climate Change is So Urgent. Pobrano z <a href=\"https:\/\/www.edf.org\/climate\/why-fighting-climate-change-so-urgent\" target=\"_blank\" rel=\"noreferrer noopener\">https:\/\/www.edf.org\/climate\/why-fighting-climate-change-so-urgent<\/a>.<\/li>\n<\/ol>\n\n\n\n<ol start=\"4\">\n<li>Hugonnet, R., McNabb, R, et al. (2021, 28 kwietnia). Przyspieszona globalna utrata masy lodowc\u00f3w na pocz\u0105tku XXI wieku. Nature. Retrieved from <a href=\"https:\/\/www.nature.com\/articles\/s41586-021-03436-z\" target=\"_blank\" rel=\"noreferrer noopener\">https:\/\/www.nature.com\/articles\/s41586-021-03436-z<\/a>.<\/li>\n<\/ol>\n\n\n\n<ol start=\"5\">\n<li>The Royal Society. Odwr\u00f3cenie utraty r\u00f3\u017cnorodno\u015bci biologicznej. Retrieved from <a href=\"https:\/\/royalsociety.org\/topics-policy\/projects\/biodiversity\/\" target=\"_blank\" rel=\"noreferrer noopener\">https:\/\/royalsociety.org\/topics-policy\/projects\/biodiversity\/<\/a>.<\/li>\n<\/ol>\n\n\n\n<ol start=\"6\">\n<li>Simonson, W. D., Miller, E. i in. (2021). Zwi\u0119kszanie odporno\u015bci odbudowy ekologicznej na zmiany klimatu &#8211; ramy dzia\u0142ania. Perspectives in Ecology and Conservation, 19(3). Retrieved from <a href=\"https:\/\/www.sciencedirect.com\/science\/article\/pii\/S253006442100050X\" target=\"_blank\" rel=\"noreferrer noopener\">https:\/\/www.sciencedirect.com\/science\/article\/pii\/S253006442100050X<\/a><\/li>\n<\/ol>\n\n\n\n<ol start=\"7\">\n<li>Organizacja Narod\u00f3w Zjednoczonych do spraw O\u015bwiaty, Nauki i Kultury (UNESCO). (b.d.). Dekada Narod\u00f3w Zjednoczonych na rzecz odbudowy ekosystem\u00f3w. Retrieved from <a href=\"https:\/\/www.unesco.org\/en\/ecosystems-restoration-decade\" target=\"_blank\" rel=\"noreferrer noopener\">https:\/\/www.unesco.org\/en\/ecosystems-restoration-decade<\/a>.<\/li>\n<\/ol>\n\n\n\n<ol start=\"8\">\n<li>Ripple, W. J., et al. (2024, stycze\u0144 9). \u015arodowiskowa i spo\u0142ecznie sprawiedliwa \u015bcie\u017cka \u0142agodzenia klimatu dla planety w niebezpiecze\u0144stwie. Environmental Research Letter.<a href=\"https:\/\/iopscience.iop.org\/article\/10.1088\/1748-9326\/ad059e\"> <\/a>Pozyskano z <a href=\"https:\/\/iopscience.iop.org\/article\/10.1088\/1748-9326\/ad059e\" target=\"_blank\" rel=\"noreferrer noopener\">https:\/\/iopscience.iop.org\/article\/10.1088\/1748-9326\/ad059e<\/a>.<\/li>\n<\/ol>\n\n\n\n<ol start=\"9\">\n<li>Program \u015arodowiskowy Organizacji Narod\u00f3w Zjednoczonych (UNEP). (b.d.). Carbon Markets<a href=\"https:\/\/www.unep.org\/topics\/climate-action\/climate-finance\/carbon-markets\" target=\"_blank\" rel=\"noreferrer noopener\">.<\/a> https:\/\/www.unep.org\/topics\/climate-action\/climate-finance\/carbon-markets. <\/li>\n<\/ol>\n\n\n\n<ol start=\"10\">\n<li>Friends of the Earth International. (2021, pa\u017adziernik). Rynki uprawnie\u0144 do emisji dwutlenku w\u0119gla w ramach UNFCCC Cop26 i art. 6. Doreen Stabinsky.<a href=\"https:\/\/www.foei.org\/wp-content\/uploads\/2021\/11\/Carbon-Markets-COP26.pdf\"> <\/a>Retrieved from <a href=\"https:\/\/www.foei.org\/wp-content\/uploads\/2021\/11\/Carbon-Markets-COP26.pdf\" target=\"_blank\" rel=\"noreferrer noopener\">https:\/\/www.foei.org\/wp-content\/uploads\/2021\/11\/Carbon-Markets-COP26.pdf<\/a>. <\/li>\n<\/ol>\n\n\n\n<ol start=\"11\">\n<li>Vo, D. H., et al. (2021). Energia odnawialna i wzrost populacji na rzecz zr\u00f3wnowa\u017conego rozwoju w krajach Azji Po\u0142udniowo-Wschodniej. Energies, Sustainability and Society.<a href=\"https:\/\/energsustainsoc.biomedcentral.com\/articles\/10.1186\/s13705-021-00304-6\"> <\/a>Retrieved from <a href=\"https:\/\/energsustainsoc.biomedcentral.com\/articles\/10.1186\/s13705-021-00304-6\" target=\"_blank\" rel=\"noreferrer noopener\">https:\/\/energsustainsoc.biomedcentral.com\/articles\/10.1186\/s13705-021-00304-6<\/a><\/li>\n<\/ol>\n\n\n\n<ol start=\"12\">\n<li>Globalna zmiana klimatu NASA: Vital Signs of the Planet. (b.d.). Sk\u0105d wiemy, \u017ce zmiany klimatu s\u0105 prawdziwe? Retrieved from <a href=\"https:\/\/climate.nasa.gov\/evidence\/?n\" target=\"_blank\" rel=\"noreferrer noopener\"> https:\/\/climate.nasa.gov\/evidence\/?n<\/a><\/li>\n<\/ol>\n","protected":false},"excerpt":{"rendered":"<p> <!-- wp:paragraph --> <\/p>\n<p>Wyrusz w transformacyjn\u0105 podr\u00f3\u017c dzi\u0119ki naszemu najnowszemu artyku\u0142owi &#8222;Charting a Restorative Pathway&#8221;. Dowiedz si\u0119, jak ten wnikliwy artyku\u0142 porusza si\u0119 na przeci\u0119ciu zmian klimatu, utraty r\u00f3\u017cnorodno\u015bci biologicznej i niesprawiedliwo\u015bci spo\u0142ecznej, oferuj\u0105c g\u0142\u0119bok\u0105 perspektyw\u0119 na piln\u0105 potrzeb\u0119 podj\u0119cia dzia\u0142a\u0144 naprawczych. Do\u0142\u0105cz do nas, zag\u0142\u0119biaj\u0105c si\u0119 w rozwi\u0105zania i dyskusje, kt\u00f3re utoruj\u0105 drog\u0119 do zr\u00f3wnowa\u017conej przysz\u0142o\u015bci. B\u0105d\u017a na bie\u017c\u0105co, inspiruj si\u0119 i anga\u017cuj w krytyczny dialog dotycz\u0105cy tych pilnych globalnych wyzwa\u0144.<\/p>\n<p><!-- \/wp:paragraph --><\/p>\n","protected":false},"author":1502,"featured_media":31956,"comment_status":"closed","ping_status":"open","sticky":false,"template":"","format":"standard","meta":{"_acf_changed":false,"_monsterinsights_skip_tracking":false,"_monsterinsights_sitenote_active":false,"_monsterinsights_sitenote_note":"","_monsterinsights_sitenote_category":0,"footnotes":""},"categories":[3181],"tags":[],"acf":[],"yoast_head":"<!-- This site is optimized with the Yoast SEO plugin v23.2 - https:\/\/yoast.com\/wordpress\/plugins\/seo\/ -->\n<title>Wytyczanie \u015bcie\u017cki odbudowy: Transformacyjna podr\u00f3\u017c w celu przeciwdzia\u0142ania zmianom klimatu, utracie r\u00f3\u017cnorodno\u015bci biologicznej i niesprawiedliwo\u015bci spo\u0142ecznej &#8212; Sustainable Review<\/title>\n<meta name=\"robots\" content=\"index, follow, max-snippet:-1, max-image-preview:large, max-video-preview:-1\" \/>\n<link rel=\"canonical\" href=\"https:\/\/sustainablereview.com\/pl\/wytyczanie-sciezki-odbudowy-transformacyjna-podroz-w-celu-przeciwdzialania-zmianom-klimatu-utracie-roznorodnosci-biologicznej-i-niesprawiedliwosci-spolecznej\/\" \/>\n<meta property=\"og:locale\" content=\"pl_PL\" \/>\n<meta property=\"og:type\" content=\"article\" \/>\n<meta property=\"og:title\" content=\"Wytyczanie \u015bcie\u017cki odbudowy: Transformacyjna podr\u00f3\u017c w celu przeciwdzia\u0142ania zmianom klimatu, utracie r\u00f3\u017cnorodno\u015bci biologicznej i niesprawiedliwo\u015bci spo\u0142ecznej &#8212; Sustainable Review\" \/>\n<meta property=\"og:description\" content=\"Wyrusz w transformacyjn\u0105 podr\u00f3\u017c dzi\u0119ki naszemu najnowszemu artyku\u0142owi &quot;Charting a Restorative Pathway&quot;. Dowiedz si\u0119, jak ten wnikliwy artyku\u0142 porusza si\u0119 na przeci\u0119ciu zmian klimatu, utraty r\u00f3\u017cnorodno\u015bci biologicznej i niesprawiedliwo\u015bci spo\u0142ecznej, oferuj\u0105c g\u0142\u0119bok\u0105 perspektyw\u0119 na piln\u0105 potrzeb\u0119 podj\u0119cia dzia\u0142a\u0144 naprawczych. Do\u0142\u0105cz do nas, zag\u0142\u0119biaj\u0105c si\u0119 w rozwi\u0105zania i dyskusje, kt\u00f3re utoruj\u0105 drog\u0119 do zr\u00f3wnowa\u017conej przysz\u0142o\u015bci. B\u0105d\u017a na bie\u017c\u0105co, inspiruj si\u0119 i anga\u017cuj w krytyczny dialog dotycz\u0105cy tych pilnych globalnych wyzwa\u0144.\" \/>\n<meta property=\"og:url\" content=\"https:\/\/sustainablereview.com\/pl\/wytyczanie-sciezki-odbudowy-transformacyjna-podroz-w-celu-przeciwdzialania-zmianom-klimatu-utracie-roznorodnosci-biologicznej-i-niesprawiedliwosci-spolecznej\/\" \/>\n<meta property=\"og:site_name\" content=\"Sustainable Review\" \/>\n<meta property=\"article:published_time\" content=\"2024-01-13T22:13:33+00:00\" \/>\n<meta property=\"article:modified_time\" content=\"2024-08-10T16:13:00+00:00\" \/>\n<meta property=\"og:image\" content=\"https:\/\/sustainablereview.com\/wp-content\/uploads\/2024\/01\/markus-spiske-TknRspuNTJs-unsplash.jpg\" \/>\n\t<meta property=\"og:image:width\" content=\"1920\" \/>\n\t<meta property=\"og:image:height\" content=\"1280\" \/>\n\t<meta property=\"og:image:type\" content=\"image\/jpeg\" \/>\n<meta name=\"author\" content=\"Raf Chomsky\" \/>\n<meta name=\"twitter:card\" content=\"summary_large_image\" \/>\n<meta name=\"twitter:creator\" content=\"@sustainreview\" \/>\n<meta name=\"twitter:site\" content=\"@sustainreview\" \/>\n<meta name=\"twitter:label1\" content=\"Napisane przez\" \/>\n\t<meta name=\"twitter:data1\" content=\"Raf Chomsky\" \/>\n\t<meta name=\"twitter:label2\" content=\"Szacowany czas czytania\" \/>\n\t<meta name=\"twitter:data2\" content=\"6 minut\" \/>\n<script type=\"application\/ld+json\" class=\"yoast-schema-graph\">{\"@context\":\"https:\/\/schema.org\",\"@graph\":[{\"@type\":\"Article\",\"@id\":\"https:\/\/sustainablereview.com\/pl\/wytyczanie-sciezki-odbudowy-transformacyjna-podroz-w-celu-przeciwdzialania-zmianom-klimatu-utracie-roznorodnosci-biologicznej-i-niesprawiedliwosci-spolecznej\/#article\",\"isPartOf\":{\"@id\":\"https:\/\/sustainablereview.com\/pl\/wytyczanie-sciezki-odbudowy-transformacyjna-podroz-w-celu-przeciwdzialania-zmianom-klimatu-utracie-roznorodnosci-biologicznej-i-niesprawiedliwosci-spolecznej\/\"},\"author\":{\"name\":\"Raf Chomsky\",\"@id\":\"https:\/\/sustainablereview.com\/pl\/#\/schema\/person\/85320f9ca6ed105ac24fd5721a2ce339\"},\"headline\":\"Wytyczanie \u015bcie\u017cki odbudowy: Transformacyjna podr\u00f3\u017c w celu przeciwdzia\u0142ania zmianom klimatu, utracie r\u00f3\u017cnorodno\u015bci biologicznej i niesprawiedliwo\u015bci spo\u0142ecznej\",\"datePublished\":\"2024-01-13T22:13:33+00:00\",\"dateModified\":\"2024-08-10T16:13:00+00:00\",\"mainEntityOfPage\":{\"@id\":\"https:\/\/sustainablereview.com\/pl\/wytyczanie-sciezki-odbudowy-transformacyjna-podroz-w-celu-przeciwdzialania-zmianom-klimatu-utracie-roznorodnosci-biologicznej-i-niesprawiedliwosci-spolecznej\/\"},\"wordCount\":1320,\"publisher\":{\"@id\":\"https:\/\/sustainablereview.com\/pl\/#organization\"},\"image\":{\"@id\":\"https:\/\/sustainablereview.com\/pl\/wytyczanie-sciezki-odbudowy-transformacyjna-podroz-w-celu-przeciwdzialania-zmianom-klimatu-utracie-roznorodnosci-biologicznej-i-niesprawiedliwosci-spolecznej\/#primaryimage\"},\"thumbnailUrl\":\"https:\/\/sustainablereview.com\/wp-content\/uploads\/2024\/01\/markus-spiske-TknRspuNTJs-unsplash.jpg\",\"articleSection\":[\"Aktualno\u015bci\"],\"inLanguage\":\"pl-PL\"},{\"@type\":\"WebPage\",\"@id\":\"https:\/\/sustainablereview.com\/pl\/wytyczanie-sciezki-odbudowy-transformacyjna-podroz-w-celu-przeciwdzialania-zmianom-klimatu-utracie-roznorodnosci-biologicznej-i-niesprawiedliwosci-spolecznej\/\",\"url\":\"https:\/\/sustainablereview.com\/pl\/wytyczanie-sciezki-odbudowy-transformacyjna-podroz-w-celu-przeciwdzialania-zmianom-klimatu-utracie-roznorodnosci-biologicznej-i-niesprawiedliwosci-spolecznej\/\",\"name\":\"Wytyczanie \u015bcie\u017cki odbudowy: Transformacyjna podr\u00f3\u017c w celu przeciwdzia\u0142ania zmianom klimatu, utracie r\u00f3\u017cnorodno\u015bci biologicznej i niesprawiedliwo\u015bci spo\u0142ecznej &#8212; Sustainable Review\",\"isPartOf\":{\"@id\":\"https:\/\/sustainablereview.com\/pl\/#website\"},\"primaryImageOfPage\":{\"@id\":\"https:\/\/sustainablereview.com\/pl\/wytyczanie-sciezki-odbudowy-transformacyjna-podroz-w-celu-przeciwdzialania-zmianom-klimatu-utracie-roznorodnosci-biologicznej-i-niesprawiedliwosci-spolecznej\/#primaryimage\"},\"image\":{\"@id\":\"https:\/\/sustainablereview.com\/pl\/wytyczanie-sciezki-odbudowy-transformacyjna-podroz-w-celu-przeciwdzialania-zmianom-klimatu-utracie-roznorodnosci-biologicznej-i-niesprawiedliwosci-spolecznej\/#primaryimage\"},\"thumbnailUrl\":\"https:\/\/sustainablereview.com\/wp-content\/uploads\/2024\/01\/markus-spiske-TknRspuNTJs-unsplash.jpg\",\"datePublished\":\"2024-01-13T22:13:33+00:00\",\"dateModified\":\"2024-08-10T16:13:00+00:00\",\"breadcrumb\":{\"@id\":\"https:\/\/sustainablereview.com\/pl\/wytyczanie-sciezki-odbudowy-transformacyjna-podroz-w-celu-przeciwdzialania-zmianom-klimatu-utracie-roznorodnosci-biologicznej-i-niesprawiedliwosci-spolecznej\/#breadcrumb\"},\"inLanguage\":\"pl-PL\",\"potentialAction\":[{\"@type\":\"ReadAction\",\"target\":[\"https:\/\/sustainablereview.com\/pl\/wytyczanie-sciezki-odbudowy-transformacyjna-podroz-w-celu-przeciwdzialania-zmianom-klimatu-utracie-roznorodnosci-biologicznej-i-niesprawiedliwosci-spolecznej\/\"]}]},{\"@type\":\"ImageObject\",\"inLanguage\":\"pl-PL\",\"@id\":\"https:\/\/sustainablereview.com\/pl\/wytyczanie-sciezki-odbudowy-transformacyjna-podroz-w-celu-przeciwdzialania-zmianom-klimatu-utracie-roznorodnosci-biologicznej-i-niesprawiedliwosci-spolecznej\/#primaryimage\",\"url\":\"https:\/\/sustainablereview.com\/wp-content\/uploads\/2024\/01\/markus-spiske-TknRspuNTJs-unsplash.jpg\",\"contentUrl\":\"https:\/\/sustainablereview.com\/wp-content\/uploads\/2024\/01\/markus-spiske-TknRspuNTJs-unsplash.jpg\",\"width\":1920,\"height\":1280,\"caption\":\"THERE IS NO PLANET B. Global climate change protest demonstration strike\"},{\"@type\":\"BreadcrumbList\",\"@id\":\"https:\/\/sustainablereview.com\/pl\/wytyczanie-sciezki-odbudowy-transformacyjna-podroz-w-celu-przeciwdzialania-zmianom-klimatu-utracie-roznorodnosci-biologicznej-i-niesprawiedliwosci-spolecznej\/#breadcrumb\",\"itemListElement\":[{\"@type\":\"ListItem\",\"position\":1,\"name\":\"Strona g\u0142\u00f3wna\",\"item\":\"https:\/\/sustainablereview.com\/pl\/strona-glowna\/\"},{\"@type\":\"ListItem\",\"position\":2,\"name\":\"Wytyczanie \u015bcie\u017cki odbudowy: Transformacyjna podr\u00f3\u017c w celu przeciwdzia\u0142ania zmianom klimatu, utracie r\u00f3\u017cnorodno\u015bci biologicznej i niesprawiedliwo\u015bci spo\u0142ecznej\"}]},{\"@type\":\"WebSite\",\"@id\":\"https:\/\/sustainablereview.com\/pl\/#website\",\"url\":\"https:\/\/sustainablereview.com\/pl\/\",\"name\":\"Sustainable Review\",\"description\":\"Let us do the &#039;Green-splaining&#039;\",\"publisher\":{\"@id\":\"https:\/\/sustainablereview.com\/pl\/#organization\"},\"potentialAction\":[{\"@type\":\"SearchAction\",\"target\":{\"@type\":\"EntryPoint\",\"urlTemplate\":\"https:\/\/sustainablereview.com\/pl\/?s={search_term_string}\"},\"query-input\":\"required name=search_term_string\"}],\"inLanguage\":\"pl-PL\"},{\"@type\":\"Organization\",\"@id\":\"https:\/\/sustainablereview.com\/pl\/#organization\",\"name\":\"Sustainable Review\",\"url\":\"https:\/\/sustainablereview.com\/pl\/\",\"logo\":{\"@type\":\"ImageObject\",\"inLanguage\":\"pl-PL\",\"@id\":\"https:\/\/sustainablereview.com\/pl\/#\/schema\/logo\/image\/\",\"url\":\"https:\/\/sustainablereview.com\/wp-content\/uploads\/2020\/06\/static1.squarespace.png\",\"contentUrl\":\"https:\/\/sustainablereview.com\/wp-content\/uploads\/2020\/06\/static1.squarespace.png\",\"width\":800,\"height\":800,\"caption\":\"Sustainable Review\"},\"image\":{\"@id\":\"https:\/\/sustainablereview.com\/pl\/#\/schema\/logo\/image\/\"},\"sameAs\":[\"https:\/\/x.com\/sustainreview\"]},{\"@type\":\"Person\",\"@id\":\"https:\/\/sustainablereview.com\/pl\/#\/schema\/person\/85320f9ca6ed105ac24fd5721a2ce339\",\"name\":\"Raf Chomsky\",\"image\":{\"@type\":\"ImageObject\",\"inLanguage\":\"pl-PL\",\"@id\":\"https:\/\/sustainablereview.com\/pl\/#\/schema\/person\/image\/\",\"url\":\"https:\/\/sustainablereview.com\/wp-content\/litespeed\/avatar\/ad8c67d6aa8afe7c0a7adebd55367f9e.jpg?ver=1777430820\",\"contentUrl\":\"https:\/\/sustainablereview.com\/wp-content\/litespeed\/avatar\/ad8c67d6aa8afe7c0a7adebd55367f9e.jpg?ver=1777430820\",\"caption\":\"Raf Chomsky\"},\"description\":\"Dedicated author deeply engaged in sustainability issues. My writing focuses on practical, impactful solutions and communicates the urgency of environmental responsibility. With a commitment to raising awareness, I aim to inform and inspire readers to embrace sustainable practices in their daily lives.\",\"sameAs\":[\"https:\/\/sustainablereview.com\/\"],\"url\":\"https:\/\/sustainablereview.com\/pl\/author\/nonagency\/\"}]}<\/script>\n<!-- \/ Yoast SEO plugin. -->","yoast_head_json":{"title":"Wytyczanie \u015bcie\u017cki odbudowy: Transformacyjna podr\u00f3\u017c w celu przeciwdzia\u0142ania zmianom klimatu, utracie r\u00f3\u017cnorodno\u015bci biologicznej i niesprawiedliwo\u015bci spo\u0142ecznej &#8212; Sustainable Review","robots":{"index":"index","follow":"follow","max-snippet":"max-snippet:-1","max-image-preview":"max-image-preview:large","max-video-preview":"max-video-preview:-1"},"canonical":"https:\/\/sustainablereview.com\/pl\/wytyczanie-sciezki-odbudowy-transformacyjna-podroz-w-celu-przeciwdzialania-zmianom-klimatu-utracie-roznorodnosci-biologicznej-i-niesprawiedliwosci-spolecznej\/","og_locale":"pl_PL","og_type":"article","og_title":"Wytyczanie \u015bcie\u017cki odbudowy: Transformacyjna podr\u00f3\u017c w celu przeciwdzia\u0142ania zmianom klimatu, utracie r\u00f3\u017cnorodno\u015bci biologicznej i niesprawiedliwo\u015bci spo\u0142ecznej &#8212; Sustainable Review","og_description":"Wyrusz w transformacyjn\u0105 podr\u00f3\u017c dzi\u0119ki naszemu najnowszemu artyku\u0142owi \"Charting a Restorative Pathway\". Dowiedz si\u0119, jak ten wnikliwy artyku\u0142 porusza si\u0119 na przeci\u0119ciu zmian klimatu, utraty r\u00f3\u017cnorodno\u015bci biologicznej i niesprawiedliwo\u015bci spo\u0142ecznej, oferuj\u0105c g\u0142\u0119bok\u0105 perspektyw\u0119 na piln\u0105 potrzeb\u0119 podj\u0119cia dzia\u0142a\u0144 naprawczych. Do\u0142\u0105cz do nas, zag\u0142\u0119biaj\u0105c si\u0119 w rozwi\u0105zania i dyskusje, kt\u00f3re utoruj\u0105 drog\u0119 do zr\u00f3wnowa\u017conej przysz\u0142o\u015bci. B\u0105d\u017a na bie\u017c\u0105co, inspiruj si\u0119 i anga\u017cuj w krytyczny dialog dotycz\u0105cy tych pilnych globalnych wyzwa\u0144.","og_url":"https:\/\/sustainablereview.com\/pl\/wytyczanie-sciezki-odbudowy-transformacyjna-podroz-w-celu-przeciwdzialania-zmianom-klimatu-utracie-roznorodnosci-biologicznej-i-niesprawiedliwosci-spolecznej\/","og_site_name":"Sustainable Review","article_published_time":"2024-01-13T22:13:33+00:00","article_modified_time":"2024-08-10T16:13:00+00:00","og_image":[{"width":1920,"height":1280,"url":"https:\/\/sustainablereview.com\/wp-content\/uploads\/2024\/01\/markus-spiske-TknRspuNTJs-unsplash.jpg","type":"image\/jpeg"}],"author":"Raf Chomsky","twitter_card":"summary_large_image","twitter_creator":"@sustainreview","twitter_site":"@sustainreview","twitter_misc":{"Napisane przez":"Raf Chomsky","Szacowany czas czytania":"6 minut"},"schema":{"@context":"https:\/\/schema.org","@graph":[{"@type":"Article","@id":"https:\/\/sustainablereview.com\/pl\/wytyczanie-sciezki-odbudowy-transformacyjna-podroz-w-celu-przeciwdzialania-zmianom-klimatu-utracie-roznorodnosci-biologicznej-i-niesprawiedliwosci-spolecznej\/#article","isPartOf":{"@id":"https:\/\/sustainablereview.com\/pl\/wytyczanie-sciezki-odbudowy-transformacyjna-podroz-w-celu-przeciwdzialania-zmianom-klimatu-utracie-roznorodnosci-biologicznej-i-niesprawiedliwosci-spolecznej\/"},"author":{"name":"Raf Chomsky","@id":"https:\/\/sustainablereview.com\/pl\/#\/schema\/person\/85320f9ca6ed105ac24fd5721a2ce339"},"headline":"Wytyczanie \u015bcie\u017cki odbudowy: Transformacyjna podr\u00f3\u017c w celu przeciwdzia\u0142ania zmianom klimatu, utracie r\u00f3\u017cnorodno\u015bci biologicznej i niesprawiedliwo\u015bci spo\u0142ecznej","datePublished":"2024-01-13T22:13:33+00:00","dateModified":"2024-08-10T16:13:00+00:00","mainEntityOfPage":{"@id":"https:\/\/sustainablereview.com\/pl\/wytyczanie-sciezki-odbudowy-transformacyjna-podroz-w-celu-przeciwdzialania-zmianom-klimatu-utracie-roznorodnosci-biologicznej-i-niesprawiedliwosci-spolecznej\/"},"wordCount":1320,"publisher":{"@id":"https:\/\/sustainablereview.com\/pl\/#organization"},"image":{"@id":"https:\/\/sustainablereview.com\/pl\/wytyczanie-sciezki-odbudowy-transformacyjna-podroz-w-celu-przeciwdzialania-zmianom-klimatu-utracie-roznorodnosci-biologicznej-i-niesprawiedliwosci-spolecznej\/#primaryimage"},"thumbnailUrl":"https:\/\/sustainablereview.com\/wp-content\/uploads\/2024\/01\/markus-spiske-TknRspuNTJs-unsplash.jpg","articleSection":["Aktualno\u015bci"],"inLanguage":"pl-PL"},{"@type":"WebPage","@id":"https:\/\/sustainablereview.com\/pl\/wytyczanie-sciezki-odbudowy-transformacyjna-podroz-w-celu-przeciwdzialania-zmianom-klimatu-utracie-roznorodnosci-biologicznej-i-niesprawiedliwosci-spolecznej\/","url":"https:\/\/sustainablereview.com\/pl\/wytyczanie-sciezki-odbudowy-transformacyjna-podroz-w-celu-przeciwdzialania-zmianom-klimatu-utracie-roznorodnosci-biologicznej-i-niesprawiedliwosci-spolecznej\/","name":"Wytyczanie \u015bcie\u017cki odbudowy: Transformacyjna podr\u00f3\u017c w celu przeciwdzia\u0142ania zmianom klimatu, utracie r\u00f3\u017cnorodno\u015bci biologicznej i niesprawiedliwo\u015bci spo\u0142ecznej &#8212; Sustainable Review","isPartOf":{"@id":"https:\/\/sustainablereview.com\/pl\/#website"},"primaryImageOfPage":{"@id":"https:\/\/sustainablereview.com\/pl\/wytyczanie-sciezki-odbudowy-transformacyjna-podroz-w-celu-przeciwdzialania-zmianom-klimatu-utracie-roznorodnosci-biologicznej-i-niesprawiedliwosci-spolecznej\/#primaryimage"},"image":{"@id":"https:\/\/sustainablereview.com\/pl\/wytyczanie-sciezki-odbudowy-transformacyjna-podroz-w-celu-przeciwdzialania-zmianom-klimatu-utracie-roznorodnosci-biologicznej-i-niesprawiedliwosci-spolecznej\/#primaryimage"},"thumbnailUrl":"https:\/\/sustainablereview.com\/wp-content\/uploads\/2024\/01\/markus-spiske-TknRspuNTJs-unsplash.jpg","datePublished":"2024-01-13T22:13:33+00:00","dateModified":"2024-08-10T16:13:00+00:00","breadcrumb":{"@id":"https:\/\/sustainablereview.com\/pl\/wytyczanie-sciezki-odbudowy-transformacyjna-podroz-w-celu-przeciwdzialania-zmianom-klimatu-utracie-roznorodnosci-biologicznej-i-niesprawiedliwosci-spolecznej\/#breadcrumb"},"inLanguage":"pl-PL","potentialAction":[{"@type":"ReadAction","target":["https:\/\/sustainablereview.com\/pl\/wytyczanie-sciezki-odbudowy-transformacyjna-podroz-w-celu-przeciwdzialania-zmianom-klimatu-utracie-roznorodnosci-biologicznej-i-niesprawiedliwosci-spolecznej\/"]}]},{"@type":"ImageObject","inLanguage":"pl-PL","@id":"https:\/\/sustainablereview.com\/pl\/wytyczanie-sciezki-odbudowy-transformacyjna-podroz-w-celu-przeciwdzialania-zmianom-klimatu-utracie-roznorodnosci-biologicznej-i-niesprawiedliwosci-spolecznej\/#primaryimage","url":"https:\/\/sustainablereview.com\/wp-content\/uploads\/2024\/01\/markus-spiske-TknRspuNTJs-unsplash.jpg","contentUrl":"https:\/\/sustainablereview.com\/wp-content\/uploads\/2024\/01\/markus-spiske-TknRspuNTJs-unsplash.jpg","width":1920,"height":1280,"caption":"THERE IS NO PLANET B. Global climate change protest demonstration strike"},{"@type":"BreadcrumbList","@id":"https:\/\/sustainablereview.com\/pl\/wytyczanie-sciezki-odbudowy-transformacyjna-podroz-w-celu-przeciwdzialania-zmianom-klimatu-utracie-roznorodnosci-biologicznej-i-niesprawiedliwosci-spolecznej\/#breadcrumb","itemListElement":[{"@type":"ListItem","position":1,"name":"Strona g\u0142\u00f3wna","item":"https:\/\/sustainablereview.com\/pl\/strona-glowna\/"},{"@type":"ListItem","position":2,"name":"Wytyczanie \u015bcie\u017cki odbudowy: Transformacyjna podr\u00f3\u017c w celu przeciwdzia\u0142ania zmianom klimatu, utracie r\u00f3\u017cnorodno\u015bci biologicznej i niesprawiedliwo\u015bci spo\u0142ecznej"}]},{"@type":"WebSite","@id":"https:\/\/sustainablereview.com\/pl\/#website","url":"https:\/\/sustainablereview.com\/pl\/","name":"Sustainable Review","description":"Let us do the &#039;Green-splaining&#039;","publisher":{"@id":"https:\/\/sustainablereview.com\/pl\/#organization"},"potentialAction":[{"@type":"SearchAction","target":{"@type":"EntryPoint","urlTemplate":"https:\/\/sustainablereview.com\/pl\/?s={search_term_string}"},"query-input":"required name=search_term_string"}],"inLanguage":"pl-PL"},{"@type":"Organization","@id":"https:\/\/sustainablereview.com\/pl\/#organization","name":"Sustainable Review","url":"https:\/\/sustainablereview.com\/pl\/","logo":{"@type":"ImageObject","inLanguage":"pl-PL","@id":"https:\/\/sustainablereview.com\/pl\/#\/schema\/logo\/image\/","url":"https:\/\/sustainablereview.com\/wp-content\/uploads\/2020\/06\/static1.squarespace.png","contentUrl":"https:\/\/sustainablereview.com\/wp-content\/uploads\/2020\/06\/static1.squarespace.png","width":800,"height":800,"caption":"Sustainable Review"},"image":{"@id":"https:\/\/sustainablereview.com\/pl\/#\/schema\/logo\/image\/"},"sameAs":["https:\/\/x.com\/sustainreview"]},{"@type":"Person","@id":"https:\/\/sustainablereview.com\/pl\/#\/schema\/person\/85320f9ca6ed105ac24fd5721a2ce339","name":"Raf Chomsky","image":{"@type":"ImageObject","inLanguage":"pl-PL","@id":"https:\/\/sustainablereview.com\/pl\/#\/schema\/person\/image\/","url":"https:\/\/sustainablereview.com\/wp-content\/litespeed\/avatar\/ad8c67d6aa8afe7c0a7adebd55367f9e.jpg?ver=1777430820","contentUrl":"https:\/\/sustainablereview.com\/wp-content\/litespeed\/avatar\/ad8c67d6aa8afe7c0a7adebd55367f9e.jpg?ver=1777430820","caption":"Raf Chomsky"},"description":"Dedicated author deeply engaged in sustainability issues. My writing focuses on practical, impactful solutions and communicates the urgency of environmental responsibility. With a commitment to raising awareness, I aim to inform and inspire readers to embrace sustainable practices in their daily lives.","sameAs":["https:\/\/sustainablereview.com\/"],"url":"https:\/\/sustainablereview.com\/pl\/author\/nonagency\/"}]}},"wpml_translations":{"en":"31954","pl":"60387","pt-br":"39082"},"_links":{"self":[{"href":"https:\/\/sustainablereview.com\/pl\/wp-json\/wp\/v2\/posts\/60387"}],"collection":[{"href":"https:\/\/sustainablereview.com\/pl\/wp-json\/wp\/v2\/posts"}],"about":[{"href":"https:\/\/sustainablereview.com\/pl\/wp-json\/wp\/v2\/types\/post"}],"author":[{"embeddable":true,"href":"https:\/\/sustainablereview.com\/pl\/wp-json\/wp\/v2\/users\/1502"}],"replies":[{"embeddable":true,"href":"https:\/\/sustainablereview.com\/pl\/wp-json\/wp\/v2\/comments?post=60387"}],"version-history":[{"count":1,"href":"https:\/\/sustainablereview.com\/pl\/wp-json\/wp\/v2\/posts\/60387\/revisions"}],"predecessor-version":[{"id":60899,"href":"https:\/\/sustainablereview.com\/pl\/wp-json\/wp\/v2\/posts\/60387\/revisions\/60899"}],"wp:featuredmedia":[{"embeddable":true,"href":"https:\/\/sustainablereview.com\/pl\/wp-json\/wp\/v2\/media\/31956"}],"wp:attachment":[{"href":"https:\/\/sustainablereview.com\/pl\/wp-json\/wp\/v2\/media?parent=60387"}],"wp:term":[{"taxonomy":"category","embeddable":true,"href":"https:\/\/sustainablereview.com\/pl\/wp-json\/wp\/v2\/categories?post=60387"},{"taxonomy":"post_tag","embeddable":true,"href":"https:\/\/sustainablereview.com\/pl\/wp-json\/wp\/v2\/tags?post=60387"}],"curies":[{"name":"wp","href":"https:\/\/api.w.org\/{rel}","templated":true}]}}