{"id":60464,"date":"2023-09-12T22:40:33","date_gmt":"2023-09-13T02:40:33","guid":{"rendered":"https:\/\/sustainablereview.com\/?p=60464"},"modified":"2024-08-10T12:16:49","modified_gmt":"2024-08-10T16:16:49","slug":"zielony-apel-zrownowazony-rozwoj-stojacy-za-naszym-stalym-przywiazaniem-do-produktow-apple","status":"publish","type":"post","link":"https:\/\/sustainablereview.com\/pl\/zielony-apel-zrownowazony-rozwoj-stojacy-za-naszym-stalym-przywiazaniem-do-produktow-apple\/","title":{"rendered":"Zielony apel: Zr\u00f3wnowa\u017cony rozw\u00f3j stoj\u0105cy za naszym sta\u0142ym przywi\u0105zaniem do produkt\u00f3w Apple"},"content":{"rendered":"\n<p><em><strong>[To nie jest post sponsorowany]<\/strong><\/em><\/p>\n\n\n\n<p>W \u015bwiecie coraz bardziej \u015bwiadomym swojego wp\u0142ywu na \u015brodowisko, zr\u00f3wnowa\u017cony rozw\u00f3j sta\u0142 si\u0119 has\u0142em przewodnim zar\u00f3wno dla konsument\u00f3w, jak i korporacji. W\u015br\u00f3d gigant\u00f3w technologicznych, kt\u00f3rzy przewodz\u0105 w d\u0105\u017ceniu do bardziej ekologicznej przysz\u0142o\u015bci, Apple jest pionierem w dzia\u0142aniach na rzecz zr\u00f3wnowa\u017conego rozwoju.<\/p>\n\n\n\n<p>W tym po\u015bcie zbadamy zielone referencje Apple, zag\u0142\u0119biaj\u0105c si\u0119 w strategie zr\u00f3wnowa\u017conego rozwoju, od zaanga\u017cowania w neutralno\u015b\u0107 w\u0119glow\u0105 po innowacyjne projekty produkt\u00f3w. Nie chodzi tylko o to, co robi samo Apple; zobaczymy r\u00f3wnie\u017c, jak inne firmy technologiczne inspiruj\u0105 si\u0119 do stosowania ekologicznych praktyk.<\/p>\n\n\n\n<p>Co wi\u0119cej, odkryjemy, w jaki spos\u00f3b wysi\u0142ki Apple motywuj\u0105 konsument\u00f3w do bycia cz\u0119\u015bci\u0105 zmian w kierunku bardziej zr\u00f3wnowa\u017conego \u015bwiata. A poniewa\u017c ka\u017cdy odgrywa rol\u0119 w ochronie naszej planety, podzielimy si\u0119 kilkoma praktycznymi wskaz\u00f3wkami, jak mo\u017cesz zminimalizowa\u0107 sw\u00f3j wp\u0142yw na \u015brodowisko.<\/p>\n\n\n\n<p>Do\u0142\u0105cz do nas, aby dowiedzie\u0107 si\u0119, jak technologia i \u015bwiadomo\u015b\u0107 ekologiczna mog\u0105 i\u015b\u0107 w parze, a Apple jest liderem w tej dziedzinie.<\/p>\n\n\n\n<h2 class=\"wp-block-heading\">Kluczowe wnioski<\/h2>\n\n\n\n<ul>\n<li>Dzia\u0142ania Apple na rzecz zr\u00f3wnowa\u017conego rozwoju, w tym wprowadzenie zegarka Apple Watch Series 9, przyczyni\u0142y si\u0119 do jego sta\u0142ej atrakcyjno\u015bci.<\/li>\n\n\n\n<li>Inicjatywy firmy obejmuj\u0105 zar\u00f3wno zobowi\u0105zania do neutralno\u015bci w\u0119glowej, jak i praktyki ekologicznego \u0142a\u0144cucha dostaw.<\/li>\n\n\n\n<li>Apple inspiruje konsument\u00f3w do przy\u0142\u0105czenia si\u0119 do ruchu na rzecz zr\u00f3wnowa\u017conego rozwoju poprzez edukacj\u0119 i praktyczne wskaz\u00f3wki.<\/li>\n\n\n\n<li>Ka\u017cdy mo\u017ce mie\u0107 wp\u0142yw na \u015brodowisko, wybieraj\u0105c ekologiczne produkty i przyjmuj\u0105c zr\u00f3wnowa\u017cone nawyki.<\/li>\n<\/ul>\n\n\n\n<h2 class=\"wp-block-heading\">Odpady elektroniczne i \u015brodowisko<\/h2>\n\n\n\n<p>Na styku technologii i \u015brodowiska pojawiaj\u0105 si\u0119 kluczowe pytania dotycz\u0105ce wp\u0142ywu elektroniki u\u017cytkowej na nasz\u0105 planet\u0119. Wraz z szybkim tempem innowacji technologicznych pojawiaj\u0105 si\u0119 obawy dotycz\u0105ce odpad\u00f3w elektronicznych, zu\u017cycia energii i emisji dwutlenku w\u0119gla.<\/p>\n\n\n\n<p><a href=\"https:\/\/www.theworldcounts.com\/stories\/electronic-waste-facts\" target=\"_blank\" rel=\"noreferrer noopener\">Ka\u017cdego roku \u015bwiat wyrzuca oko\u0142o 40 milion\u00f3w ton gad\u017cet\u00f3w elektronicznych<\/a>, co odpowiada 800 laptopom na sekund\u0119. Te wyrzucane urz\u0105dzenia elektroniczne, znane jako e-odpady, obejmuj\u0105 zar\u00f3wno stare telefony kom\u00f3rkowe i notebooki, jak i konsole do gier i ich cz\u0119\u015bci.<\/p>\n\n\n\n<p><a href=\"https:\/\/www.who.int\/news-room\/fact-sheets\/detail\/electronic-waste-(e-waste)\" target=\"_blank\" rel=\"noreferrer noopener\">\u015awiatowa Organizacja Zdrowia<\/a> wskazuje, \u017ce e-odpady s\u0105 najszybciej rosn\u0105cym rodzajem odpad\u00f3w, rosn\u0105cym trzykrotnie szybciej ni\u017c tempo wzrostu \u015bwiatowej populacji. Co szokuj\u0105ce, w 2019 r. mniej ni\u017c jedna czwarta wszystkich e-odpad\u00f3w zosta\u0142a prawid\u0142owo poddana recyklingowi. <\/p>\n\n\n\n<iframe src=\"https:\/\/ourworldindata.org\/grapher\/electronic-waste-recycling-rate\" loading=\"lazy\" style=\"width: 100%; height: 600px; border: 0px none;\"><\/iframe>\n\n\n\n<p>Sam proces recyklingu mo\u017ce by\u0107 problematyczny. Wi\u0119kszo\u015b\u0107 metod recyklingu e-odpad\u00f3w uwalnia do \u015brodowiska oko\u0142o 1000 r\u00f3\u017cnych substancji chemicznych. Niekt\u00f3re z nich to substancje neurotoksyczne, takie jak o\u0142\u00f3w, kt\u00f3re mog\u0105 mie\u0107 alarmuj\u0105ce konsekwencje zdrowotne, w tym r\u00f3\u017cne nowotwory, poronienia u kobiet w ci\u0105\u017cy, uszkodzenia uk\u0142adu nerwowego i obni\u017cenie poziomu ilorazu inteligencji (IQ).<\/p>\n\n\n\n<p>Co wi\u0119cej, <a href=\"https:\/\/www.genevaenvironmentnetwork.org\/resources\/updates\/the-growing-environmental-risks-of-e-waste\/\" target=\"_blank\" rel=\"noreferrer noopener\">Geneva Environment Network<\/a> zauwa\u017ca, \u017ce gdy e-odpady nie s\u0105 prawid\u0142owo przetwarzane, \u015bwiat traci rzadkie i cenne materia\u0142y. Nale\u017c\u0105 do nich neodym, niezb\u0119dny do produkcji magnes\u00f3w silnikowych; ind, u\u017cywany w p\u0142askich telewizorach; oraz kobalt, kluczowy do produkcji baterii.<\/p>\n\n\n\n<p>Organizacja doda\u0142a r\u00f3wnie\u017c, \u017ce urz\u0105dzenia elektroniczne odgrywaj\u0105 znacz\u0105c\u0105 rol\u0119 w zmianach klimatycznych. Stworzenie jednej tony laptop\u00f3w mo\u017ce wyprodukowa\u0107 dziesi\u0119\u0107 ton CO2. Wi\u0119kszo\u015b\u0107 dwutlenku w\u0119gla zwi\u0105zanego z gad\u017cetem jest uwalniana na etapie jego produkcji, co oznacza, \u017ce najwi\u0119kszy wp\u0142yw ma miejsce, zanim dotrze on do konsumenta.<\/p>\n\n\n\n<p>Poni\u017cszy film CBS Sunday Morning rzuca wi\u0119cej \u015bwiat\u0142a na to, w jaki spos\u00f3b nasze wzorce konsumpcji przyczyniaj\u0105 si\u0119 do niepokoj\u0105cego wzrostu produkcji odpad\u00f3w. Podkre\u015bla r\u00f3wnie\u017c tragiczne konsekwencje, gdy produkty konsumenckie osi\u0105gaj\u0105 etap wycofania z eksploatacji.<\/p>\n\n\n\n<figure class=\"wp-block-embed is-type-video is-provider-youtube wp-block-embed-youtube wp-embed-aspect-16-9 wp-has-aspect-ratio\"><div class=\"wp-block-embed__wrapper\">\nhttps:\/\/www.youtube.com\/watch?v=4GtWGHvX-rk<\/div><\/figure>\n\n\n\n<h2 class=\"wp-block-heading\">Przodujemy w zr\u00f3wnowa\u017conym rozwoju<\/h2>\n\n\n\n<p>W obliczu narastaj\u0105cego problemu e-odpad\u00f3w, wiele firm podejmuje znacz\u0105ce kroki w celu rozwi\u0105zania tego problemu poprzez uwzgl\u0119dnienie zr\u00f3wnowa\u017conego rozwoju w ca\u0142ym cyklu \u017cycia swoich produkt\u00f3w. Apple jest doskona\u0142ym przyk\u0142adem takiej inicjatywy.<\/p>\n\n\n\n<p>Apple od lat jest liderem zr\u00f3wnowa\u017conego rozwoju w sektorze technologicznym. Od 2015 roku firma podj\u0119\u0142a znacz\u0105ce kroki w celu zmniejszenia \u015bladu w\u0119glowego i przej\u015bcia na odnawialne \u017ar\u00f3d\u0142a energii.<\/p>\n\n\n\n<p>Jednym z kluczowych posuni\u0119\u0107 Apple jest plan osi\u0105gni\u0119cia neutralno\u015bci w\u0119glowej do 2030 roku. Poni\u017cej przedstawiamy kilka strategii, kt\u00f3re Apple stosuje, aby urzeczywistni\u0107 ten cel:<\/p>\n\n\n\n<h3 class=\"wp-block-heading\">Inicjatywy w zakresie energii odnawialnej<\/h3>\n\n\n\n<p>Wykorzystanie zielonej energii nie jest niczym nowym dla Apple, poniewa\u017c firma koncentruje si\u0119 na przej\u015bciu na <a href=\"https:\/\/sustainablereview.com\/pl\/wplyw-na-srodowisko-wiatr-vs-energia-sloneczna\/\" target=\"_blank\" rel=\"noreferrer noopener\">odnawialne<\/a> \u017ar\u00f3d\u0142a energii do zasilania biur, witryn sklepowych i centr\u00f3w danych od 2015 roku. Zainwestowa\u0142a r\u00f3wnie\u017c znaczne \u015brodki w projekty takie jak farmy s\u0142oneczne i wiatrowe, aby zmniejszy\u0107 zale\u017cno\u015b\u0107 od paliw kopalnych.<\/p>\n\n\n\n<p>Co wi\u0119cej, Apple rozszerza swoje wysi\u0142ki na rzecz ochrony \u015brodowiska, inwestuj\u0105c w globalne projekty maj\u0105ce na celu ochron\u0119 gleby, ro\u015blin i drzew. Inicjatywy firmy w zakresie usuwania dwutlenku w\u0119gla koncentruj\u0105 si\u0119 na przywracaniu las\u00f3w i namorzyn\u00f3w w r\u00f3\u017cnych cz\u0119\u015bciach \u015bwiata, w tym w Paragwaju, Brazylii, Kolumbii i Kenii. Projekty te maj\u0105 kluczowe znaczenie dla poch\u0142aniania CO2 z atmosfery i s\u0105 \u015bwiadectwem zaanga\u017cowania Apple w walk\u0119 ze zmianami klimatycznymi poprzez innowacje technologiczne i popraw\u0119 stanu \u015brodowiska naturalnego.<\/p>\n\n\n\n<h3 class=\"wp-block-heading\">Tworzenie ekologicznego \u0142a\u0144cucha dostaw<\/h3>\n\n\n\n<p>Firma Apple zdaje sobie spraw\u0119, \u017ce jej wp\u0142yw na \u015brodowisko wykracza poza jej bezpo\u015bredni\u0105 dzia\u0142alno\u015b\u0107 i obejmuje tak\u017ce jej dostawc\u00f3w. Aby rozwi\u0105za\u0107 ten problem, firma wprowadzi\u0142a surowe normy \u015brodowiskowe i wymagane certyfikaty dla wszystkich swoich dostawc\u00f3w. Poprzez Program Czystej Energii dla Dostawc\u00f3w, Apple motywuje swoich partner\u00f3w w \u0142a\u0144cuchu dostaw do przej\u015bcia na odnawialne i czystsze \u017ar\u00f3d\u0142a energii.<\/p>\n\n\n\n<p>Ponad 250 dostawc\u00f3w Apple zobowi\u0105za\u0142o si\u0119, \u017ce do 2030 r. b\u0119d\u0105 wykorzystywa\u0107 100% zielonej energii do produkcji materia\u0142\u00f3w i surowc\u00f3w oraz monta\u017cu wszystkich produkt\u00f3w Apple. Cz\u0119sto zdarza si\u0119, \u017ce firmy, kt\u00f3re stawiaj\u0105 sobie za cel zerow\u0105 emisj\u0119 dwutlenku w\u0119gla, zapominaj\u0105 o swoim \u0142a\u0144cuchu dostaw. Apple post\u0105pi\u0142o w\u0142a\u015bciwie i przyjrza\u0142o si\u0119 kompletnemu \u0142a\u0144cuchowi dostaw i partnerstwom, co powinno by\u0107 podstawowym podej\u015bciem dla wszystkich firm, kt\u00f3re stawiaj\u0105 sobie cele w zakresie zr\u00f3wnowa\u017conego rozwoju.<\/p>\n\n\n\n<h3 class=\"wp-block-heading\">Innowacyjno\u015b\u0107 produkt\u00f3w<\/h3>\n\n\n\n<p>Apple projektuje swoje produkty z my\u015bl\u0105 o zr\u00f3wnowa\u017conym rozwoju, d\u0105\u017c\u0105c do zminimalizowania emisji dwutlenku w\u0119gla podczas produkcji.<\/p>\n\n\n\n<p>Wprowadzenie zegarka Apple Watch Series 9, wraz z zegarkiem 2022 Watch SE i Ultra 2, stanowi znacz\u0105cy kamie\u0144 milowy w ekologicznej podr\u00f3\u017cy Apple. Produkty te zapowiadaj\u0105 pierwszy zestaw gad\u017cet\u00f3w Apple, kt\u00f3re s\u0105 neutralne pod wzgl\u0119dem emisji dwutlenku w\u0119gla, pokazuj\u0105c niezachwiane zaanga\u017cowanie firmy w zr\u00f3wnowa\u017cony rozw\u00f3j. Oto jak Apple demonstruje to zaanga\u017cowanie poprzez projektowanie i produkcj\u0119 tych urz\u0105dze\u0144:<\/p>\n\n\n\n<h4 class=\"wp-block-heading\">Materia\u0142y<\/h4>\n\n\n<div class=\"wp-block-image\">\n<figure class=\"aligncenter size-full\"><img fetchpriority=\"high\" decoding=\"async\" width=\"308\" height=\"482\" src=\"https:\/\/sustainablereview.com\/\/wp-content\/uploads\/2024\/03\/image-40.png\" alt=\"smartwatch\" class=\"wp-image-34651\" srcset=\"https:\/\/sustainablereview.com\/wp-content\/uploads\/2024\/03\/image-40.png 308w, https:\/\/sustainablereview.com\/wp-content\/uploads\/2024\/03\/image-40-192x300.png 192w, https:\/\/sustainablereview.com\/wp-content\/uploads\/2024\/03\/image-40-45x70.png 45w\" sizes=\"(min-width: 960px) 75vw, 100vw\" \/><\/figure><\/div>\n\n\n<p class=\"has-small-font-size\">\u0179r\u00f3d\u0142o obrazu: https:\/\/www.apple.com\/ph\/environment\/<\/p>\n\n\n\n<p>Wykorzystanie produkt\u00f3w pochodz\u0105cych z recyklingu ma znacznie mniejszy \u015blad w\u0119glowy i wp\u0142yw na \u015brodowisko ni\u017c materia\u0142\u00f3w pierwotnych. Dlatego te\u017c Apple Watch Series 9 jest wykonany w 100% z aluminium pochodz\u0105cego z recyklingu i w 100% z kobaltu pochodz\u0105cego z recyklingu w baterii. Z\u0142oto, cyna, mied\u017a i wolfram r\u00f3wnie\u017c pochodz\u0105 z recyklingu.<\/p>\n\n\n\n<p>Apple nie b\u0119dzie ju\u017c u\u017cywa\u0107 sk\u00f3ry w swoich produktach. Produkcja sk\u00f3ry mo\u017ce dewastowa\u0107 \u015brodowisko na wiele sposob\u00f3w, w tym wylesianie p\u00f3l uprawnych, emisje CO2 i zu\u017cycie wody przez zwierz\u0119ta hodowlane, stosowanie chemikali\u00f3w do garbowania sk\u00f3ry oraz tony odpad\u00f3w sk\u00f3rzanych ze \u015bcink\u00f3w rocznie.<\/p>\n\n\n\n<h4 class=\"wp-block-heading\">Opakowania<\/h4>\n\n\n\n<p>Je\u015bli chodzi o strategi\u0119 dotycz\u0105c\u0105 opakowa\u0144, Apple podejmuje ambitne kroki, aby dostosowa\u0107 si\u0119 do swoich cel\u00f3w w zakresie zr\u00f3wnowa\u017conego rozwoju, d\u0105\u017c\u0105c do osi\u0105gni\u0119cia zerowej zawarto\u015bci plastiku w opakowaniach produkt\u00f3w do 2025 roku. Firma b\u0119dzie u\u017cywa\u0107 opakowa\u0144 na bazie w\u0142\u00f3kien zamiast tworzyw sztucznych, poniewa\u017c mog\u0105 one by\u0107 wytwarzane z odpad\u00f3w pochodz\u0105cych z recyklingu. S\u0105 one r\u00f3wnie\u017c biodegradowalne i kompostowalne, co czyni je znacznie bardziej przyjazn\u0105 dla \u015brodowiska alternatyw\u0105 materia\u0142ow\u0105. Zmniejszono r\u00f3wnie\u017c rozmiar opakowa\u0144, co przek\u0142ada si\u0119 na 25% wi\u0119cej zegark\u00f3w na podr\u00f3\u017c.<\/p>\n\n\n\n<p>Inicjatywa ta jest znacz\u0105cym krokiem naprz\u00f3d w zmniejszaniu wp\u0142ywu na \u015brodowisko, poniewa\u017c ma na celu ograniczenie ilo\u015bci tworzyw sztucznych, kt\u00f3re cz\u0119sto trafiaj\u0105 na wysypiska \u015bmieci lub do ocean\u00f3w, powoduj\u0105c zanieczyszczenie i szkody dla dzikiej przyrody.<\/p>\n\n\n\n<p>Decyzja ta stanowi przej\u015bcie w kierunku bardziej zr\u00f3wnowa\u017conych materia\u0142\u00f3w i przyczynia si\u0119 do znacznej redukcji emisji dwutlenku w\u0119gla &#8211; ponad 3700 ton metrycznych.<\/p>\n\n\n\n<h3 class=\"wp-block-heading\">Transport<\/h3>\n\n\n\n<p>Zwalczaj\u0105c wp\u0142yw transportu swoich produkt\u00f3w na \u015brodowisko, Apple traktuje niskoemisyjne \u015brodki transportu jako kluczow\u0105 strategi\u0119. Uznaj\u0105c znacz\u0105c\u0105 r\u00f3\u017cnic\u0119 w emisji dwutlenku w\u0119gla mi\u0119dzy r\u00f3\u017cnymi formami transportu, firma sk\u0142ania si\u0119 ku frachtowi oceanicznemu zamiast transportu lotniczego. Ta zmiana mo\u017ce drastycznie zmniejszy\u0107 emisje &#8211; nawet o 1\/20 emisji zwi\u0105zanych z transportem lotniczym.<\/p>\n\n\n\n<figure class=\"wp-block-embed is-type-rich is-provider-embed-handler wp-block-embed-embed-handler wp-embed-aspect-16-9 wp-has-aspect-ratio\"><div class=\"wp-block-embed__wrapper\">\nhttps:\/\/www.youtube.com\/embed\/QNv9PRDIhes<\/div><\/figure>\n\n\n\n<h2 class=\"wp-block-heading\">Jak inne firmy mog\u0105 p\u00f3j\u015b\u0107 w ich \u015blady<\/h2>\n\n\n\n<p>Dzia\u0142ania Apple na rzecz zr\u00f3wnowa\u017conego rozwoju stanowi\u0105 cenn\u0105 lekcj\u0119 dla innych firm d\u0105\u017c\u0105cych do zmniejszenia swojego wp\u0142ywu na \u015brodowisko. Przyjmuj\u0105c niekt\u00f3re z metod stosowanych przez Apple, firmy z r\u00f3\u017cnych sektor\u00f3w mog\u0105 przyczyni\u0107 si\u0119 do bardziej zr\u00f3wnowa\u017conej przysz\u0142o\u015bci. Oto sposoby, w jakie firmy mog\u0105 pod\u0105\u017ca\u0107 \u015bladami Apple:<\/p>\n\n\n\n<ul>\n<li>Postaw na<strong>energi\u0119 odnaw<\/strong>ialn\u0105<strong>:<\/strong> Przej\u015bcie na odnawialne \u017ar\u00f3d\u0142a energii, takie jak energia s\u0142oneczna, wiatrowa lub wodna, ma kluczowe znaczenie. Firmy mog\u0105 inwestowa\u0107 w projekty zwi\u0105zane z energi\u0105 odnawialn\u0105, kupowa\u0107 kredyty na zielon\u0105 energi\u0119 lub instalowa\u0107 systemy energii odnawialnej w swoich obiektach, aby zmniejszy\u0107 zale\u017cno\u015b\u0107 od paliw kopalnych.<\/li>\n\n\n\n<li><strong>K\u0142ad\u017a nacisk na przejrzysto\u015b\u0107 \u0142a\u0144cucha dostaw<\/strong><strong>:<\/strong> Zrozumienie i kontrolowanie wp\u0142ywu \u0142a\u0144cuch\u00f3w dostaw na \u015brodowisko ma kluczowe znaczenie. Firmy powinny egzekwowa\u0107 surowe normy \u015brodowiskowe dla dostawc\u00f3w, zach\u0119caj\u0105c ich do przyj\u0119cia bardziej ekologicznych praktyk. Obejmuje to redukcj\u0119 emisji gaz\u00f3w cieplarnianych, minimalizacj\u0119 odpad\u00f3w i stosowanie zr\u00f3wnowa\u017conych materia\u0142\u00f3w.<\/li>\n\n\n\n<li>Wprowadzaj<strong>innowacje z my\u015bl\u0105 o zr\u00f3wnowa\u017conym rozwoju<\/strong><strong>: <\/strong>Projektowanie i rozw\u00f3j produkt\u00f3w powinny uwzgl\u0119dnia\u0107 kwestie \u015brodowiskowe od samego pocz\u0105tku. Obejmuje to wykorzystanie materia\u0142\u00f3w pochodz\u0105cych z recyklingu, projektowanie pod k\u0105tem d\u0142ugowieczno\u015bci i mo\u017cliwo\u015bci recyklingu oraz uwzgl\u0119dnienie ca\u0142ego cyklu \u017cycia produktu w celu zminimalizowania jego \u015bladu w\u0119glowego.<\/li>\n\n\n\n<li>Stosuj<strong>zr\u00f3wnowa\u017cone opakowania<\/strong><strong>: <\/strong>Odej\u015bcie od plastiku i innych nieulegaj\u0105cych biodegradacji materia\u0142\u00f3w w opakowaniach na rzecz opcji nadaj\u0105cych si\u0119 do recyklingu, kompostowania lub wykonanych z materia\u0142\u00f3w pochodz\u0105cych z recyklingu mo\u017ce znacznie zmniejszy\u0107 ilo\u015b\u0107 odpad\u00f3w i szkodliwo\u015b\u0107 dla \u015brodowiska.<\/li>\n\n\n\n<li>Wybieraj<strong>opcje<\/strong> transportu o niskiej emisji dwutlenku w\u0119gla<strong>:<\/strong> Wyb\u00f3r metod transportu o ni\u017cszej emisji dwutlenku w\u0119gla, takich jak fracht morski zamiast transportu lotniczego, mo\u017ce drastycznie zmniejszy\u0107 \u015blad w\u0119glowy firmy zwi\u0105zany z wysy\u0142k\u0105 i logistyk\u0105.<\/li>\n<\/ul>\n\n\n\n<h2 class=\"wp-block-heading\">Inspirowanie konsument\u00f3w do dzia\u0142ania<\/h2>\n\n\n\n<p>Poza odpowiedzialno\u015bci\u0105 korporacyjn\u0105, Apple aktywnie anga\u017cuje i edukuje konsument\u00f3w w kwestiach zr\u00f3wnowa\u017conego rozwoju. Poprzez dzia\u0142ania takie jak Raport o Post\u0119pach w Ochronie \u015arodowiska i wsp\u00f3\u0142prac\u0119 z organizacjami dbaj\u0105cymi o \u015brodowisko, Apple s\u0142u\u017cy jako przewodnik dla os\u00f3b, kt\u00f3re chc\u0105 zmniejszy\u0107 sw\u00f3j wp\u0142yw na \u015brodowisko. Oto sposoby, w jakie Apple zach\u0119ca konsument\u00f3w do udzia\u0142u w dzia\u0142aniach na rzecz zr\u00f3wnowa\u017conego rozwoju:<\/p>\n\n\n\n<ul>\n<li><strong>Environmental Pro<\/strong>gress Report<strong>:<\/strong> Udost\u0119pniaj\u0105c szczeg\u00f3\u0142owe raporty na temat swoich inicjatyw \u015brodowiskowych i osi\u0105gni\u0119\u0107, Apple zapewnia przejrzysty przegl\u0105d swoich wysi\u0142k\u00f3w na rzecz \u0142agodzenia zmian klimatycznych. Raporty te edukuj\u0105 konsument\u00f3w na temat znaczenia zr\u00f3wnowa\u017conego rozwoju i inspiruj\u0105 ich do wspierania ekologicznych praktyk.<\/li>\n\n\n\n<li><strong>Partnerstwo z organiz<\/strong>acjami ekologicznymi<strong>:<\/strong> Wsp\u00f3\u0142praca z grupami zajmuj\u0105cymi si\u0119 zwalczaniem zmian klimatycznych i ochron\u0105 zasob\u00f3w naturalnych pozwala Apple rozszerzy\u0107 sw\u00f3j zasi\u0119g. Takie partnerstwa cz\u0119sto obejmuj\u0105 kampanie lub projekty, kt\u00f3re podnosz\u0105 \u015bwiadomo\u015b\u0107 i zach\u0119caj\u0105 konsument\u00f3w do dzia\u0142ania na rzecz zr\u00f3wnowa\u017conego rozwoju.<\/li>\n\n\n\n<li><strong>Programy recyklingu produkt\u00f3w<\/strong>: Apple zach\u0119ca konsument\u00f3w do recyklingu starych urz\u0105dze\u0144 poprzez programy wymiany i recyklingu. Pomaga to w odpowiednim zarz\u0105dzaniu e-odpadami i edukuje u\u017cytkownik\u00f3w o znaczeniu odzyskiwania zasob\u00f3w i recyklingu.<\/li>\n\n\n\n<li><strong>Zr\u00f3wnowa\u017cony wyb\u00f3r produkt\u00f3w<\/strong><strong>:<\/strong> Oferuj\u0105c produkty wykonane z materia\u0142\u00f3w pochodz\u0105cych z recyklingu i zaprojektowane z my\u015bl\u0105 o d\u0142ugiej \u017cywotno\u015bci, Apple umo\u017cliwia konsumentom podejmowanie odpowiedzialnych ekologicznie decyzji zakupowych.<\/li>\n\n\n\n<li><strong>Zach\u0119canie<\/strong> do oszcz\u0119dzania energii<strong>:<\/strong> Dzi\u0119ki energooszcz\u0119dnym funkcjom w swoich produktach i wskaz\u00f3wkom dotycz\u0105cym optymalizacji korzystania z urz\u0105dze\u0144 w celu wyd\u0142u\u017cenia czasu pracy baterii i zmniejszenia zu\u017cycia energii, Apple pomaga konsumentom zminimalizowa\u0107 ich \u015blad w\u0119glowy.<\/li>\n<\/ul>\n\n\n\n<h2 class=\"wp-block-heading\">Zmniejsz sw\u00f3j \u015blad \u015brodowiskowy podczas korzystania z urz\u0105dze\u0144 elektronicznych<\/h2>\n\n\n\n<p>Oczywi\u015bcie odpowiedzialno\u015b\u0107 za zr\u00f3wnowa\u017cony rozw\u00f3j nie spoczywa wy\u0142\u0105cznie na firmach. Osoby korzystaj\u0105ce z urz\u0105dze\u0144 elektronicznych s\u0105 w r\u00f3wnym stopniu odpowiedzialne za zarz\u0105dzanie i minimalizowanie swojego \u015bladu \u015brodowiskowego. Tak wi\u0119c, jako u\u017cytkownik urz\u0105dze\u0144 elektronicznych, r\u00f3wnie\u017c odgrywasz kluczow\u0105 rol\u0119 w drodze do zr\u00f3wnowa\u017conego rozwoju. Oto sposoby, w jakie mo\u017cesz si\u0119 do tego przyczyni\u0107:<\/p>\n\n\n\n<ul>\n<li><strong>\u015awiadomie kupuj elektronik\u0119<\/strong>: Przed zakupem nowych gad\u017cet\u00f3w we\u017a pod uwag\u0119 potrzeb\u0119 i \u017cywotno\u015b\u0107 urz\u0105dzenia. Wybieraj marki i produkty znane z trwa\u0142o\u015bci i zr\u00f3wnowa\u017conych praktyk.<\/li>\n\n\n\n<li><strong>Przed\u0142u\u017caj \u017cywotno\u015b\u0107 urz\u0105dze\u0144<\/strong>: Dbaj o elektronik\u0119, aby przed\u0142u\u017cy\u0107 jej u\u017cyteczno\u015b\u0107. Proste czynno\u015bci, takie jak utrzymywanie urz\u0105dze\u0144 w czysto\u015bci, unikanie prze\u0142adowania i u\u017cywanie etui ochronnych, mog\u0105 mie\u0107 du\u017ce znaczenie.<\/li>\n\n\n\n<li>Poddawaj urz\u0105dzenia<strong>recyklingowi<\/strong>: Kiedy urz\u0105dzenia osi\u0105gn\u0105 koniec swojego \u017cycia, poddaj je odpowiedzialnemu recyklingowi. Wielu sprzedawc\u00f3w i producent\u00f3w elektroniki oferuje programy zwrotu lub recyklingu, aby zapewni\u0107, \u017ce szkodliwe materia\u0142y nie zostan\u0105 uwolnione do \u015brodowiska.<\/li>\n\n\n\n<li><strong>Zmniejsz zu\u017cycie energii<\/strong>: Korzystaj z energooszcz\u0119dnych ustawie\u0144 urz\u0105dze\u0144 i wy\u0142\u0105czaj je, gdy nie s\u0105 u\u017cywane, aby zmniejszy\u0107 zu\u017cycie energii elektrycznej.<\/li>\n\n\n\n<li><strong>Wy\u0142\u0105czaj urz\u0105dzenia, gdy<\/strong> nie s\u0105 u\u017cywane: Wyr\u00f3b sobie nawyk wy\u0142\u0105czania urz\u0105dze\u0144 elektronicznych, gdy nie s\u0105 u\u017cywane, zamiast pozostawiania ich w trybie czuwania. Nawet w trybie czuwania urz\u0105dzenia pobieraj\u0105 energi\u0119, przyczyniaj\u0105c si\u0119 do niepotrzebnego zu\u017cycia energii. Ca\u0142kowite wy\u0142\u0105czanie urz\u0105dze\u0144 lub od\u0142\u0105czanie ich, gdy nie s\u0105 u\u017cywane, mo\u017ce zaoszcz\u0119dzi\u0107 energi\u0119 i zmniejszy\u0107 Tw\u00f3j wp\u0142yw na \u015brodowisko.<\/li>\n\n\n\n<li>B\u0105d\u017a na<strong>bie\u017c\u0105co<\/strong>: Zdobywaj wiedz\u0119 na temat wp\u0142ywu technologii na \u015brodowisko i wspieraj polityki oraz inicjatywy maj\u0105ce na celu zmniejszenie ilo\u015bci e-odpad\u00f3w i promowanie zr\u00f3wnowa\u017conego rozwoju.<\/li>\n<\/ul>\n\n\n\n<h2 class=\"wp-block-heading\">Podsumowanie<\/h2>\n\n\n\n<p>Apple wykona\u0142o \u015bwietn\u0105 robot\u0119, rozk\u0142adaj\u0105c lini\u0119 produkcyjn\u0105 od ko\u0144ca do ko\u0144ca, aby znale\u017a\u0107 najlepsze obszary mo\u017cliwo\u015bci, kt\u00f3re b\u0119d\u0105 mia\u0142y najbardziej pozytywny wp\u0142yw. Mo\u017ce to by\u0107 wystarczaj\u0105co trudne w ma\u0142ej organizacji, nie m\u00f3wi\u0105c ju\u017c o najwi\u0119kszej firmie w historii.<\/p>\n\n\n\n<p>Apple ju\u017c znacznie zmniejszy\u0142o emisje w zakresie materia\u0142\u00f3w, energii elektrycznej i transportu w swoim \u0142a\u0144cuchu dostaw dzi\u0119ki inicjatywom na rzecz zr\u00f3wnowa\u017conego rozwoju. Wci\u0105\u017c pozostaje wiele do zrobienia, ale dobrze jest wiedzie\u0107, \u017ce jego dzia\u0142ania robi\u0105 r\u00f3\u017cnic\u0119.<\/p>\n\n\n\n<p>Przez wi\u0119kszo\u015b\u0107 lat w historii Apple, firma przej\u0119\u0142a inicjatyw\u0119 w zakresie zr\u00f3wnowa\u017conego rozwoju poprzez jasny kierunek, innowacje, eksperymenty i stawianie sobie \u015bmia\u0142ych cel\u00f3w. To nie jest zielone pranie, kt\u00f3re ma na celu zmian\u0119 marki na &#8222;dobr\u0105 korporacj\u0119&#8221;. Jest oczywiste, \u017ce firma inwestuje i b\u0119dzie nadal inwestowa\u0107 w swoje zr\u00f3wnowa\u017cone cele, a wspania\u0142\u0105 rzecz\u0105 jest to, \u017ce osi\u0105ga wyniki. Cz\u0119sto widzieli\u015bmy, jak firmy sk\u0142adaj\u0105 obietnice, ale nie mog\u0105 ich spe\u0142ni\u0107. Obiecuj\u0105ce jest to, \u017ce Apple zbli\u017ca si\u0119 do osi\u0105gni\u0119cia 100% <a href=\"https:\/\/sustainablereview.com\/pl\/osiaganie-zielonych-celow-15-najbardziej-ekologicznych-miast-na-swiecie\/\" target=\"_blank\" rel=\"noreferrer noopener\">neutralno\u015bci w\u0119glowej<\/a> we wszystkich swoich produktach.<\/p>\n\n\n\n<h2 class=\"wp-block-heading\">Cz\u0119sto zadawane pytania<\/h2>\n\n\n\n<div class=\"schema-faq wp-block-yoast-faq-block\"><div class=\"schema-faq-section\" id=\"faq-question-1710307621166\">Czym jest Apple Watch Series 9<strong class=\"schema-faq-question\">?<\/strong> <p class=\"schema-faq-answer\">Apple Watch Series 9 to pierwszy neutralny pod wzgl\u0119dem emisji dwutlenku w\u0119gla smartwatch wyprodukowany przez Apple.<\/p> <\/div> <div class=\"schema-faq-section\" id=\"faq-question-1710307626624\"><strong class=\"schema-faq-question\">Kiedy firma Apple og\u0142osi\u0142a, \u017ce jej produkty b\u0119d\u0105<\/strong> neutralne pod wzgl\u0119dem emisji dwutlenku w\u0119gla? <p class=\"schema-faq-answer\">Apple og\u0142osi\u0142o swoje zobowi\u0105zanie do osi\u0105gni\u0119cia neutralno\u015bci w\u0119glowej w lipcu 2020 roku.<\/p> <\/div> <div class=\"schema-faq-section\" id=\"faq-question-1710307631583\">Jakie znaczenie ma <strong class=\"schema-faq-question\">osi\u0105gni\u0119cie<\/strong> przez Apple neutralno\u015bci w\u0119glowej? <p class=\"schema-faq-answer\">Wysi\u0142ki Apple na rzecz neutralno\u015bci w\u0119glowej s\u0105 wa\u017cne dla zmniejszenia wp\u0142ywu firmy na \u015brodowisko i \u0142agodzenia zmian klimatycznych i s\u0105 uwa\u017cane za znacz\u0105cy krok w bran\u017cy technologicznej, kt\u00f3ra wytwarza znaczne emisje CO2.<\/p> <\/div> <div class=\"schema-faq-section\" id=\"faq-question-1710307637996\">W jaki spos\u00f3b <strong class=\"schema-faq-question\">Apple<\/strong> d\u0105\u017cy do neutralno\u015bci w\u0119glowej? <p class=\"schema-faq-answer\">Apple wykorzystuje odnawialn\u0105 energi\u0119 elektryczn\u0105 w procesie produkcyjnym i ustanowi\u0142o standardy \u015brodowiskowe i certyfikaty dla swoich produkt\u00f3w. Wsp\u00f3\u0142pracuje r\u00f3wnie\u017c z dostawcami, takimi jak Foxconn, w celu zmniejszenia emisji w ca\u0142ym \u0142a\u0144cuchu dostaw.<\/p> <\/div> <\/div>\n\n\n\n<p><\/p>\n","protected":false},"excerpt":{"rendered":"<p><!-- wp:paragraph --><\/p>\n<p> Firma Apple og\u0142osi\u0142a dzi\u015b wydanie swojego pierwszego w historii produktu neutralnego pod wzgl\u0119dem emisji dwutlenku w\u0119gla, zegarka Apple Watch Series 9. By\u0142a to \u015bwietna okazja, aby uzyska\u0107 wgl\u0105d w post\u0119py poczynione przez Apple w kierunku realizacji cel\u00f3w na rok 2030 <\/p>\n<p><!-- \/wp:paragraph --><\/p>\n","protected":false},"author":16,"featured_media":29348,"comment_status":"closed","ping_status":"open","sticky":false,"template":"","format":"standard","meta":{"_acf_changed":false,"_monsterinsights_skip_tracking":false,"_monsterinsights_sitenote_active":false,"_monsterinsights_sitenote_note":"","_monsterinsights_sitenote_category":0,"footnotes":""},"categories":[3181,3170,3189],"tags":[],"acf":[],"yoast_head":"<!-- This site is optimized with the Yoast SEO plugin v23.2 - https:\/\/yoast.com\/wordpress\/plugins\/seo\/ -->\n<title>Zielony apel: Zr\u00f3wnowa\u017cony rozw\u00f3j stoj\u0105cy za naszym sta\u0142ym przywi\u0105zaniem do produkt\u00f3w Apple &#8212; Sustainable Review<\/title>\n<meta name=\"robots\" content=\"index, follow, max-snippet:-1, max-image-preview:large, max-video-preview:-1\" \/>\n<link rel=\"canonical\" href=\"https:\/\/sustainablereview.com\/pl\/zielony-apel-zrownowazony-rozwoj-stojacy-za-naszym-stalym-przywiazaniem-do-produktow-apple\/\" \/>\n<meta property=\"og:locale\" content=\"pl_PL\" \/>\n<meta property=\"og:type\" content=\"article\" \/>\n<meta property=\"og:title\" content=\"Zielony apel: Zr\u00f3wnowa\u017cony rozw\u00f3j stoj\u0105cy za naszym sta\u0142ym przywi\u0105zaniem do produkt\u00f3w Apple &#8212; Sustainable Review\" \/>\n<meta property=\"og:description\" content=\"Firma Apple og\u0142osi\u0142a dzi\u015b wydanie swojego pierwszego w historii produktu neutralnego pod wzgl\u0119dem emisji dwutlenku w\u0119gla, zegarka Apple Watch Series 9. By\u0142a to \u015bwietna okazja, aby uzyska\u0107 wgl\u0105d w post\u0119py poczynione przez Apple w kierunku realizacji cel\u00f3w na rok 2030\" \/>\n<meta property=\"og:url\" content=\"https:\/\/sustainablereview.com\/pl\/zielony-apel-zrownowazony-rozwoj-stojacy-za-naszym-stalym-przywiazaniem-do-produktow-apple\/\" \/>\n<meta property=\"og:site_name\" content=\"Sustainable Review\" \/>\n<meta property=\"article:published_time\" content=\"2023-09-13T02:40:33+00:00\" \/>\n<meta property=\"article:modified_time\" content=\"2024-08-10T16:16:49+00:00\" \/>\n<meta property=\"og:image\" content=\"https:\/\/sustainablereview.com\/wp-content\/uploads\/2023\/09\/Apple-2030-Apple-Watch-packaging-230912-scaled.jpg\" \/>\n\t<meta property=\"og:image:width\" content=\"2560\" \/>\n\t<meta property=\"og:image:height\" content=\"1829\" \/>\n\t<meta property=\"og:image:type\" content=\"image\/jpeg\" \/>\n<meta name=\"author\" content=\"Sustainable Review\" \/>\n<meta name=\"twitter:card\" content=\"summary_large_image\" \/>\n<meta name=\"twitter:creator\" content=\"@sustainreview\" \/>\n<meta name=\"twitter:site\" content=\"@sustainreview\" \/>\n<meta name=\"twitter:label1\" content=\"Napisane przez\" \/>\n\t<meta name=\"twitter:data1\" content=\"Sustainable Review\" \/>\n\t<meta name=\"twitter:label2\" content=\"Szacowany czas czytania\" \/>\n\t<meta name=\"twitter:data2\" content=\"14 minut\" \/>\n<script type=\"application\/ld+json\" class=\"yoast-schema-graph\">{\"@context\":\"https:\/\/schema.org\",\"@graph\":[{\"@type\":\"Article\",\"@id\":\"https:\/\/sustainablereview.com\/pl\/zielony-apel-zrownowazony-rozwoj-stojacy-za-naszym-stalym-przywiazaniem-do-produktow-apple\/#article\",\"isPartOf\":{\"@id\":\"https:\/\/sustainablereview.com\/pl\/zielony-apel-zrownowazony-rozwoj-stojacy-za-naszym-stalym-przywiazaniem-do-produktow-apple\/\"},\"author\":{\"name\":\"Sustainable Review\",\"@id\":\"https:\/\/sustainablereview.com\/pl\/#\/schema\/person\/58210785b3c09d761684e6f623f13b0d\"},\"headline\":\"Zielony apel: Zr\u00f3wnowa\u017cony rozw\u00f3j stoj\u0105cy za naszym sta\u0142ym przywi\u0105zaniem do produkt\u00f3w Apple\",\"datePublished\":\"2023-09-13T02:40:33+00:00\",\"dateModified\":\"2024-08-10T16:16:49+00:00\",\"mainEntityOfPage\":{\"@id\":\"https:\/\/sustainablereview.com\/pl\/zielony-apel-zrownowazony-rozwoj-stojacy-za-naszym-stalym-przywiazaniem-do-produktow-apple\/\"},\"wordCount\":2852,\"publisher\":{\"@id\":\"https:\/\/sustainablereview.com\/pl\/#organization\"},\"image\":{\"@id\":\"https:\/\/sustainablereview.com\/pl\/zielony-apel-zrownowazony-rozwoj-stojacy-za-naszym-stalym-przywiazaniem-do-produktow-apple\/#primaryimage\"},\"thumbnailUrl\":\"https:\/\/sustainablereview.com\/wp-content\/uploads\/2023\/09\/Apple-2030-Apple-Watch-packaging-230912-scaled.jpg\",\"articleSection\":[\"Aktualno\u015bci\",\"Biznes\",\"Technologia\"],\"inLanguage\":\"pl-PL\"},{\"@type\":[\"WebPage\",\"FAQPage\"],\"@id\":\"https:\/\/sustainablereview.com\/pl\/zielony-apel-zrownowazony-rozwoj-stojacy-za-naszym-stalym-przywiazaniem-do-produktow-apple\/\",\"url\":\"https:\/\/sustainablereview.com\/pl\/zielony-apel-zrownowazony-rozwoj-stojacy-za-naszym-stalym-przywiazaniem-do-produktow-apple\/\",\"name\":\"Zielony apel: Zr\u00f3wnowa\u017cony rozw\u00f3j stoj\u0105cy za naszym sta\u0142ym przywi\u0105zaniem do produkt\u00f3w Apple &#8212; Sustainable Review\",\"isPartOf\":{\"@id\":\"https:\/\/sustainablereview.com\/pl\/#website\"},\"primaryImageOfPage\":{\"@id\":\"https:\/\/sustainablereview.com\/pl\/zielony-apel-zrownowazony-rozwoj-stojacy-za-naszym-stalym-przywiazaniem-do-produktow-apple\/#primaryimage\"},\"image\":{\"@id\":\"https:\/\/sustainablereview.com\/pl\/zielony-apel-zrownowazony-rozwoj-stojacy-za-naszym-stalym-przywiazaniem-do-produktow-apple\/#primaryimage\"},\"thumbnailUrl\":\"https:\/\/sustainablereview.com\/wp-content\/uploads\/2023\/09\/Apple-2030-Apple-Watch-packaging-230912-scaled.jpg\",\"datePublished\":\"2023-09-13T02:40:33+00:00\",\"dateModified\":\"2024-08-10T16:16:49+00:00\",\"breadcrumb\":{\"@id\":\"https:\/\/sustainablereview.com\/pl\/zielony-apel-zrownowazony-rozwoj-stojacy-za-naszym-stalym-przywiazaniem-do-produktow-apple\/#breadcrumb\"},\"mainEntity\":[{\"@id\":\"https:\/\/sustainablereview.com\/pl\/zielony-apel-zrownowazony-rozwoj-stojacy-za-naszym-stalym-przywiazaniem-do-produktow-apple\/#faq-question-1710307621166\"},{\"@id\":\"https:\/\/sustainablereview.com\/pl\/zielony-apel-zrownowazony-rozwoj-stojacy-za-naszym-stalym-przywiazaniem-do-produktow-apple\/#faq-question-1710307626624\"},{\"@id\":\"https:\/\/sustainablereview.com\/pl\/zielony-apel-zrownowazony-rozwoj-stojacy-za-naszym-stalym-przywiazaniem-do-produktow-apple\/#faq-question-1710307631583\"},{\"@id\":\"https:\/\/sustainablereview.com\/pl\/zielony-apel-zrownowazony-rozwoj-stojacy-za-naszym-stalym-przywiazaniem-do-produktow-apple\/#faq-question-1710307637996\"}],\"inLanguage\":\"pl-PL\",\"potentialAction\":[{\"@type\":\"ReadAction\",\"target\":[\"https:\/\/sustainablereview.com\/pl\/zielony-apel-zrownowazony-rozwoj-stojacy-za-naszym-stalym-przywiazaniem-do-produktow-apple\/\"]}]},{\"@type\":\"ImageObject\",\"inLanguage\":\"pl-PL\",\"@id\":\"https:\/\/sustainablereview.com\/pl\/zielony-apel-zrownowazony-rozwoj-stojacy-za-naszym-stalym-przywiazaniem-do-produktow-apple\/#primaryimage\",\"url\":\"https:\/\/sustainablereview.com\/wp-content\/uploads\/2023\/09\/Apple-2030-Apple-Watch-packaging-230912-scaled.jpg\",\"contentUrl\":\"https:\/\/sustainablereview.com\/wp-content\/uploads\/2023\/09\/Apple-2030-Apple-Watch-packaging-230912-scaled.jpg\",\"width\":2560,\"height\":1829},{\"@type\":\"BreadcrumbList\",\"@id\":\"https:\/\/sustainablereview.com\/pl\/zielony-apel-zrownowazony-rozwoj-stojacy-za-naszym-stalym-przywiazaniem-do-produktow-apple\/#breadcrumb\",\"itemListElement\":[{\"@type\":\"ListItem\",\"position\":1,\"name\":\"Strona g\u0142\u00f3wna\",\"item\":\"https:\/\/sustainablereview.com\/pl\/strona-glowna\/\"},{\"@type\":\"ListItem\",\"position\":2,\"name\":\"Zielony apel: Zr\u00f3wnowa\u017cony rozw\u00f3j stoj\u0105cy za naszym sta\u0142ym przywi\u0105zaniem do produkt\u00f3w Apple\"}]},{\"@type\":\"WebSite\",\"@id\":\"https:\/\/sustainablereview.com\/pl\/#website\",\"url\":\"https:\/\/sustainablereview.com\/pl\/\",\"name\":\"Sustainable Review\",\"description\":\"Let us do the &#039;Green-splaining&#039;\",\"publisher\":{\"@id\":\"https:\/\/sustainablereview.com\/pl\/#organization\"},\"potentialAction\":[{\"@type\":\"SearchAction\",\"target\":{\"@type\":\"EntryPoint\",\"urlTemplate\":\"https:\/\/sustainablereview.com\/pl\/?s={search_term_string}\"},\"query-input\":\"required name=search_term_string\"}],\"inLanguage\":\"pl-PL\"},{\"@type\":\"Organization\",\"@id\":\"https:\/\/sustainablereview.com\/pl\/#organization\",\"name\":\"Sustainable Review\",\"url\":\"https:\/\/sustainablereview.com\/pl\/\",\"logo\":{\"@type\":\"ImageObject\",\"inLanguage\":\"pl-PL\",\"@id\":\"https:\/\/sustainablereview.com\/pl\/#\/schema\/logo\/image\/\",\"url\":\"https:\/\/sustainablereview.com\/wp-content\/uploads\/2020\/06\/static1.squarespace.png\",\"contentUrl\":\"https:\/\/sustainablereview.com\/wp-content\/uploads\/2020\/06\/static1.squarespace.png\",\"width\":800,\"height\":800,\"caption\":\"Sustainable Review\"},\"image\":{\"@id\":\"https:\/\/sustainablereview.com\/pl\/#\/schema\/logo\/image\/\"},\"sameAs\":[\"https:\/\/x.com\/sustainreview\"]},{\"@type\":\"Person\",\"@id\":\"https:\/\/sustainablereview.com\/pl\/#\/schema\/person\/58210785b3c09d761684e6f623f13b0d\",\"name\":\"Sustainable Review\",\"image\":{\"@type\":\"ImageObject\",\"inLanguage\":\"pl-PL\",\"@id\":\"https:\/\/sustainablereview.com\/pl\/#\/schema\/person\/image\/\",\"url\":\"https:\/\/sustainablereview.com\/wp-content\/litespeed\/avatar\/8940e100e6ac5bd27eb3a1ea981a7502.jpg?ver=1777107724\",\"contentUrl\":\"https:\/\/sustainablereview.com\/wp-content\/litespeed\/avatar\/8940e100e6ac5bd27eb3a1ea981a7502.jpg?ver=1777107724\",\"caption\":\"Sustainable Review\"},\"url\":\"https:\/\/sustainablereview.com\/pl\/author\/sustainablereview\/\"},{\"@type\":\"Question\",\"@id\":\"https:\/\/sustainablereview.com\/pl\/zielony-apel-zrownowazony-rozwoj-stojacy-za-naszym-stalym-przywiazaniem-do-produktow-apple\/#faq-question-1710307621166\",\"position\":1,\"url\":\"https:\/\/sustainablereview.com\/pl\/zielony-apel-zrownowazony-rozwoj-stojacy-za-naszym-stalym-przywiazaniem-do-produktow-apple\/#faq-question-1710307621166\",\"name\":\"What is the Apple Watch Series 9?\",\"answerCount\":1,\"acceptedAnswer\":{\"@type\":\"Answer\",\"text\":\"The Apple Watch Series 9 is the first carbon-neutral smartwatches manufactured by Apple.\",\"inLanguage\":\"pl-PL\"},\"inLanguage\":\"pl-PL\"},{\"@type\":\"Question\",\"@id\":\"https:\/\/sustainablereview.com\/pl\/zielony-apel-zrownowazony-rozwoj-stojacy-za-naszym-stalym-przywiazaniem-do-produktow-apple\/#faq-question-1710307626624\",\"position\":2,\"url\":\"https:\/\/sustainablereview.com\/pl\/zielony-apel-zrownowazony-rozwoj-stojacy-za-naszym-stalym-przywiazaniem-do-produktow-apple\/#faq-question-1710307626624\",\"name\":\"When did Apple announce that its products will be carbon neutral?\",\"answerCount\":1,\"acceptedAnswer\":{\"@type\":\"Answer\",\"text\":\"Apple announced its commitment to becoming a carbon-neutral company in July 2020.\",\"inLanguage\":\"pl-PL\"},\"inLanguage\":\"pl-PL\"},{\"@type\":\"Question\",\"@id\":\"https:\/\/sustainablereview.com\/pl\/zielony-apel-zrownowazony-rozwoj-stojacy-za-naszym-stalym-przywiazaniem-do-produktow-apple\/#faq-question-1710307631583\",\"position\":3,\"url\":\"https:\/\/sustainablereview.com\/pl\/zielony-apel-zrownowazony-rozwoj-stojacy-za-naszym-stalym-przywiazaniem-do-produktow-apple\/#faq-question-1710307631583\",\"name\":\"What is the significance of Apple becoming carbon neutral?\",\"answerCount\":1,\"acceptedAnswer\":{\"@type\":\"Answer\",\"text\":\"Apple's carbon neutrality efforts are important for reducing the company's impact on the environment and mitigating climate change and are considered a significant step in the tech industry, which produces significant CO2 emissions.\",\"inLanguage\":\"pl-PL\"},\"inLanguage\":\"pl-PL\"},{\"@type\":\"Question\",\"@id\":\"https:\/\/sustainablereview.com\/pl\/zielony-apel-zrownowazony-rozwoj-stojacy-za-naszym-stalym-przywiazaniem-do-produktow-apple\/#faq-question-1710307637996\",\"position\":4,\"url\":\"https:\/\/sustainablereview.com\/pl\/zielony-apel-zrownowazony-rozwoj-stojacy-za-naszym-stalym-przywiazaniem-do-produktow-apple\/#faq-question-1710307637996\",\"name\":\"How is Apple working towards carbon neutrality?\",\"answerCount\":1,\"acceptedAnswer\":{\"@type\":\"Answer\",\"text\":\"Apple is using renewable electricity in its manufacturing process and has set environmental standards and certifications for its products. They are also collaborating with suppliers like Foxconn to reduce emissions throughout the supply chain.\",\"inLanguage\":\"pl-PL\"},\"inLanguage\":\"pl-PL\"}]}<\/script>\n<!-- \/ Yoast SEO plugin. -->","yoast_head_json":{"title":"Zielony apel: Zr\u00f3wnowa\u017cony rozw\u00f3j stoj\u0105cy za naszym sta\u0142ym przywi\u0105zaniem do produkt\u00f3w Apple &#8212; Sustainable Review","robots":{"index":"index","follow":"follow","max-snippet":"max-snippet:-1","max-image-preview":"max-image-preview:large","max-video-preview":"max-video-preview:-1"},"canonical":"https:\/\/sustainablereview.com\/pl\/zielony-apel-zrownowazony-rozwoj-stojacy-za-naszym-stalym-przywiazaniem-do-produktow-apple\/","og_locale":"pl_PL","og_type":"article","og_title":"Zielony apel: Zr\u00f3wnowa\u017cony rozw\u00f3j stoj\u0105cy za naszym sta\u0142ym przywi\u0105zaniem do produkt\u00f3w Apple &#8212; Sustainable Review","og_description":"Firma Apple og\u0142osi\u0142a dzi\u015b wydanie swojego pierwszego w historii produktu neutralnego pod wzgl\u0119dem emisji dwutlenku w\u0119gla, zegarka Apple Watch Series 9. By\u0142a to \u015bwietna okazja, aby uzyska\u0107 wgl\u0105d w post\u0119py poczynione przez Apple w kierunku realizacji cel\u00f3w na rok 2030","og_url":"https:\/\/sustainablereview.com\/pl\/zielony-apel-zrownowazony-rozwoj-stojacy-za-naszym-stalym-przywiazaniem-do-produktow-apple\/","og_site_name":"Sustainable Review","article_published_time":"2023-09-13T02:40:33+00:00","article_modified_time":"2024-08-10T16:16:49+00:00","og_image":[{"width":2560,"height":1829,"url":"https:\/\/sustainablereview.com\/wp-content\/uploads\/2023\/09\/Apple-2030-Apple-Watch-packaging-230912-scaled.jpg","type":"image\/jpeg"}],"author":"Sustainable Review","twitter_card":"summary_large_image","twitter_creator":"@sustainreview","twitter_site":"@sustainreview","twitter_misc":{"Napisane przez":"Sustainable Review","Szacowany czas czytania":"14 minut"},"schema":{"@context":"https:\/\/schema.org","@graph":[{"@type":"Article","@id":"https:\/\/sustainablereview.com\/pl\/zielony-apel-zrownowazony-rozwoj-stojacy-za-naszym-stalym-przywiazaniem-do-produktow-apple\/#article","isPartOf":{"@id":"https:\/\/sustainablereview.com\/pl\/zielony-apel-zrownowazony-rozwoj-stojacy-za-naszym-stalym-przywiazaniem-do-produktow-apple\/"},"author":{"name":"Sustainable Review","@id":"https:\/\/sustainablereview.com\/pl\/#\/schema\/person\/58210785b3c09d761684e6f623f13b0d"},"headline":"Zielony apel: Zr\u00f3wnowa\u017cony rozw\u00f3j stoj\u0105cy za naszym sta\u0142ym przywi\u0105zaniem do produkt\u00f3w Apple","datePublished":"2023-09-13T02:40:33+00:00","dateModified":"2024-08-10T16:16:49+00:00","mainEntityOfPage":{"@id":"https:\/\/sustainablereview.com\/pl\/zielony-apel-zrownowazony-rozwoj-stojacy-za-naszym-stalym-przywiazaniem-do-produktow-apple\/"},"wordCount":2852,"publisher":{"@id":"https:\/\/sustainablereview.com\/pl\/#organization"},"image":{"@id":"https:\/\/sustainablereview.com\/pl\/zielony-apel-zrownowazony-rozwoj-stojacy-za-naszym-stalym-przywiazaniem-do-produktow-apple\/#primaryimage"},"thumbnailUrl":"https:\/\/sustainablereview.com\/wp-content\/uploads\/2023\/09\/Apple-2030-Apple-Watch-packaging-230912-scaled.jpg","articleSection":["Aktualno\u015bci","Biznes","Technologia"],"inLanguage":"pl-PL"},{"@type":["WebPage","FAQPage"],"@id":"https:\/\/sustainablereview.com\/pl\/zielony-apel-zrownowazony-rozwoj-stojacy-za-naszym-stalym-przywiazaniem-do-produktow-apple\/","url":"https:\/\/sustainablereview.com\/pl\/zielony-apel-zrownowazony-rozwoj-stojacy-za-naszym-stalym-przywiazaniem-do-produktow-apple\/","name":"Zielony apel: Zr\u00f3wnowa\u017cony rozw\u00f3j stoj\u0105cy za naszym sta\u0142ym przywi\u0105zaniem do produkt\u00f3w Apple &#8212; Sustainable Review","isPartOf":{"@id":"https:\/\/sustainablereview.com\/pl\/#website"},"primaryImageOfPage":{"@id":"https:\/\/sustainablereview.com\/pl\/zielony-apel-zrownowazony-rozwoj-stojacy-za-naszym-stalym-przywiazaniem-do-produktow-apple\/#primaryimage"},"image":{"@id":"https:\/\/sustainablereview.com\/pl\/zielony-apel-zrownowazony-rozwoj-stojacy-za-naszym-stalym-przywiazaniem-do-produktow-apple\/#primaryimage"},"thumbnailUrl":"https:\/\/sustainablereview.com\/wp-content\/uploads\/2023\/09\/Apple-2030-Apple-Watch-packaging-230912-scaled.jpg","datePublished":"2023-09-13T02:40:33+00:00","dateModified":"2024-08-10T16:16:49+00:00","breadcrumb":{"@id":"https:\/\/sustainablereview.com\/pl\/zielony-apel-zrownowazony-rozwoj-stojacy-za-naszym-stalym-przywiazaniem-do-produktow-apple\/#breadcrumb"},"mainEntity":[{"@id":"https:\/\/sustainablereview.com\/pl\/zielony-apel-zrownowazony-rozwoj-stojacy-za-naszym-stalym-przywiazaniem-do-produktow-apple\/#faq-question-1710307621166"},{"@id":"https:\/\/sustainablereview.com\/pl\/zielony-apel-zrownowazony-rozwoj-stojacy-za-naszym-stalym-przywiazaniem-do-produktow-apple\/#faq-question-1710307626624"},{"@id":"https:\/\/sustainablereview.com\/pl\/zielony-apel-zrownowazony-rozwoj-stojacy-za-naszym-stalym-przywiazaniem-do-produktow-apple\/#faq-question-1710307631583"},{"@id":"https:\/\/sustainablereview.com\/pl\/zielony-apel-zrownowazony-rozwoj-stojacy-za-naszym-stalym-przywiazaniem-do-produktow-apple\/#faq-question-1710307637996"}],"inLanguage":"pl-PL","potentialAction":[{"@type":"ReadAction","target":["https:\/\/sustainablereview.com\/pl\/zielony-apel-zrownowazony-rozwoj-stojacy-za-naszym-stalym-przywiazaniem-do-produktow-apple\/"]}]},{"@type":"ImageObject","inLanguage":"pl-PL","@id":"https:\/\/sustainablereview.com\/pl\/zielony-apel-zrownowazony-rozwoj-stojacy-za-naszym-stalym-przywiazaniem-do-produktow-apple\/#primaryimage","url":"https:\/\/sustainablereview.com\/wp-content\/uploads\/2023\/09\/Apple-2030-Apple-Watch-packaging-230912-scaled.jpg","contentUrl":"https:\/\/sustainablereview.com\/wp-content\/uploads\/2023\/09\/Apple-2030-Apple-Watch-packaging-230912-scaled.jpg","width":2560,"height":1829},{"@type":"BreadcrumbList","@id":"https:\/\/sustainablereview.com\/pl\/zielony-apel-zrownowazony-rozwoj-stojacy-za-naszym-stalym-przywiazaniem-do-produktow-apple\/#breadcrumb","itemListElement":[{"@type":"ListItem","position":1,"name":"Strona g\u0142\u00f3wna","item":"https:\/\/sustainablereview.com\/pl\/strona-glowna\/"},{"@type":"ListItem","position":2,"name":"Zielony apel: Zr\u00f3wnowa\u017cony rozw\u00f3j stoj\u0105cy za naszym sta\u0142ym przywi\u0105zaniem do produkt\u00f3w Apple"}]},{"@type":"WebSite","@id":"https:\/\/sustainablereview.com\/pl\/#website","url":"https:\/\/sustainablereview.com\/pl\/","name":"Sustainable Review","description":"Let us do the &#039;Green-splaining&#039;","publisher":{"@id":"https:\/\/sustainablereview.com\/pl\/#organization"},"potentialAction":[{"@type":"SearchAction","target":{"@type":"EntryPoint","urlTemplate":"https:\/\/sustainablereview.com\/pl\/?s={search_term_string}"},"query-input":"required name=search_term_string"}],"inLanguage":"pl-PL"},{"@type":"Organization","@id":"https:\/\/sustainablereview.com\/pl\/#organization","name":"Sustainable Review","url":"https:\/\/sustainablereview.com\/pl\/","logo":{"@type":"ImageObject","inLanguage":"pl-PL","@id":"https:\/\/sustainablereview.com\/pl\/#\/schema\/logo\/image\/","url":"https:\/\/sustainablereview.com\/wp-content\/uploads\/2020\/06\/static1.squarespace.png","contentUrl":"https:\/\/sustainablereview.com\/wp-content\/uploads\/2020\/06\/static1.squarespace.png","width":800,"height":800,"caption":"Sustainable Review"},"image":{"@id":"https:\/\/sustainablereview.com\/pl\/#\/schema\/logo\/image\/"},"sameAs":["https:\/\/x.com\/sustainreview"]},{"@type":"Person","@id":"https:\/\/sustainablereview.com\/pl\/#\/schema\/person\/58210785b3c09d761684e6f623f13b0d","name":"Sustainable Review","image":{"@type":"ImageObject","inLanguage":"pl-PL","@id":"https:\/\/sustainablereview.com\/pl\/#\/schema\/person\/image\/","url":"https:\/\/sustainablereview.com\/wp-content\/litespeed\/avatar\/8940e100e6ac5bd27eb3a1ea981a7502.jpg?ver=1777107724","contentUrl":"https:\/\/sustainablereview.com\/wp-content\/litespeed\/avatar\/8940e100e6ac5bd27eb3a1ea981a7502.jpg?ver=1777107724","caption":"Sustainable Review"},"url":"https:\/\/sustainablereview.com\/pl\/author\/sustainablereview\/"},{"@type":"Question","@id":"https:\/\/sustainablereview.com\/pl\/zielony-apel-zrownowazony-rozwoj-stojacy-za-naszym-stalym-przywiazaniem-do-produktow-apple\/#faq-question-1710307621166","position":1,"url":"https:\/\/sustainablereview.com\/pl\/zielony-apel-zrownowazony-rozwoj-stojacy-za-naszym-stalym-przywiazaniem-do-produktow-apple\/#faq-question-1710307621166","name":"What is the Apple Watch Series 9?","answerCount":1,"acceptedAnswer":{"@type":"Answer","text":"The Apple Watch Series 9 is the first carbon-neutral smartwatches manufactured by Apple.","inLanguage":"pl-PL"},"inLanguage":"pl-PL"},{"@type":"Question","@id":"https:\/\/sustainablereview.com\/pl\/zielony-apel-zrownowazony-rozwoj-stojacy-za-naszym-stalym-przywiazaniem-do-produktow-apple\/#faq-question-1710307626624","position":2,"url":"https:\/\/sustainablereview.com\/pl\/zielony-apel-zrownowazony-rozwoj-stojacy-za-naszym-stalym-przywiazaniem-do-produktow-apple\/#faq-question-1710307626624","name":"When did Apple announce that its products will be carbon neutral?","answerCount":1,"acceptedAnswer":{"@type":"Answer","text":"Apple announced its commitment to becoming a carbon-neutral company in July 2020.","inLanguage":"pl-PL"},"inLanguage":"pl-PL"},{"@type":"Question","@id":"https:\/\/sustainablereview.com\/pl\/zielony-apel-zrownowazony-rozwoj-stojacy-za-naszym-stalym-przywiazaniem-do-produktow-apple\/#faq-question-1710307631583","position":3,"url":"https:\/\/sustainablereview.com\/pl\/zielony-apel-zrownowazony-rozwoj-stojacy-za-naszym-stalym-przywiazaniem-do-produktow-apple\/#faq-question-1710307631583","name":"What is the significance of Apple becoming carbon neutral?","answerCount":1,"acceptedAnswer":{"@type":"Answer","text":"Apple's carbon neutrality efforts are important for reducing the company's impact on the environment and mitigating climate change and are considered a significant step in the tech industry, which produces significant CO2 emissions.","inLanguage":"pl-PL"},"inLanguage":"pl-PL"},{"@type":"Question","@id":"https:\/\/sustainablereview.com\/pl\/zielony-apel-zrownowazony-rozwoj-stojacy-za-naszym-stalym-przywiazaniem-do-produktow-apple\/#faq-question-1710307637996","position":4,"url":"https:\/\/sustainablereview.com\/pl\/zielony-apel-zrownowazony-rozwoj-stojacy-za-naszym-stalym-przywiazaniem-do-produktow-apple\/#faq-question-1710307637996","name":"How is Apple working towards carbon neutrality?","answerCount":1,"acceptedAnswer":{"@type":"Answer","text":"Apple is using renewable electricity in its manufacturing process and has set environmental standards and certifications for its products. They are also collaborating with suppliers like Foxconn to reduce emissions throughout the supply chain.","inLanguage":"pl-PL"},"inLanguage":"pl-PL"}]}},"wpml_translations":{"en":"29339","pl":"60464","pt-br":"39159"},"_links":{"self":[{"href":"https:\/\/sustainablereview.com\/pl\/wp-json\/wp\/v2\/posts\/60464"}],"collection":[{"href":"https:\/\/sustainablereview.com\/pl\/wp-json\/wp\/v2\/posts"}],"about":[{"href":"https:\/\/sustainablereview.com\/pl\/wp-json\/wp\/v2\/types\/post"}],"author":[{"embeddable":true,"href":"https:\/\/sustainablereview.com\/pl\/wp-json\/wp\/v2\/users\/16"}],"replies":[{"embeddable":true,"href":"https:\/\/sustainablereview.com\/pl\/wp-json\/wp\/v2\/comments?post=60464"}],"version-history":[{"count":3,"href":"https:\/\/sustainablereview.com\/pl\/wp-json\/wp\/v2\/posts\/60464\/revisions"}],"predecessor-version":[{"id":61802,"href":"https:\/\/sustainablereview.com\/pl\/wp-json\/wp\/v2\/posts\/60464\/revisions\/61802"}],"wp:featuredmedia":[{"embeddable":true,"href":"https:\/\/sustainablereview.com\/pl\/wp-json\/wp\/v2\/media\/29348"}],"wp:attachment":[{"href":"https:\/\/sustainablereview.com\/pl\/wp-json\/wp\/v2\/media?parent=60464"}],"wp:term":[{"taxonomy":"category","embeddable":true,"href":"https:\/\/sustainablereview.com\/pl\/wp-json\/wp\/v2\/categories?post=60464"},{"taxonomy":"post_tag","embeddable":true,"href":"https:\/\/sustainablereview.com\/pl\/wp-json\/wp\/v2\/tags?post=60464"}],"curies":[{"name":"wp","href":"https:\/\/api.w.org\/{rel}","templated":true}]}}