{"id":60494,"date":"2023-08-28T21:45:23","date_gmt":"2023-08-29T01:45:23","guid":{"rendered":"https:\/\/sustainablereview.com\/?p=60494"},"modified":"2024-08-10T12:18:15","modified_gmt":"2024-08-10T16:18:15","slug":"co-kurczaca-sie-rzeka-kolorado-mowi-nam-o-planecie","status":"publish","type":"post","link":"https:\/\/sustainablereview.com\/pl\/co-kurczaca-sie-rzeka-kolorado-mowi-nam-o-planecie\/","title":{"rendered":"Co kurcz\u0105ca si\u0119 rzeka Kolorado m\u00f3wi nam o planecie?"},"content":{"rendered":"\n<p>Dwie dekady suszy spowodowanej zmianami klimatu zmniejszy\u0142y przep\u0142yw rzeki Kolorado, pozostawiaj\u0105c jej najwi\u0119ksze zbiorniki w wi\u0119kszo\u015bci puste. Dowiedz si\u0119, co ta kwestia m\u00f3wi o naszej planecie, a tak\u017ce co zwykli ludzie mog\u0105 zrobi\u0107, aby pom\u00f3c.<\/p>\n\n\n\n<h2 class=\"wp-block-heading\"><strong>Jedzenie mniejszej ilo\u015bci mi\u0119sa mo\u017ce mie\u0107 pozytywny wp\u0142yw<\/strong><\/h2>\n\n\n\n<p>Infografika opublikowana w New York Times przeanalizowa\u0142a, kt\u00f3re dzia\u0142ania zu\u017cywaj\u0105 <a href=\"https:\/\/www.nytimes.com\/interactive\/2023\/05\/22\/climate\/colorado-river-water.html\">\u015brednio 1,9 biliona galon\u00f3w<\/a> wody z dorzecza rzeki Kolorado rocznie. Okaza\u0142o si\u0119, \u017ce zwierz\u0119ta hodowlane odpowiadaj\u0105 za 56% lub 1064 galony. Dalszy podzia\u0142 wykaza\u0142, \u017ce wi\u0119kszo\u015b\u0107 tego segmentu zu\u017cycia pochodzi z uprawy ro\u015blin wykorzystywanych do karmienia zwierz\u0105t gospodarskich.<\/p>\n\n\n\n<p>Komentuj\u0105c dane, eksperci zalecili, aby ludzie zacz\u0119li postrzega\u0107 produkty mi\u0119sne jako produkty specjalne, a nie produkty do codziennego spo\u017cycia. Problematyczne jest r\u00f3wnie\u017c to, \u017ce cz\u0119\u015b\u0107 lucerny uprawianej na ziemi wzd\u0142u\u017c rzeki Kolorado <a href=\"https:\/\/newrepublic.com\/article\/171444\/arizona-using-precious-water-grow-alfalfa-saudi-arabia\">jest eksportowana dla kr\u00f3w<\/a> tak daleko, jak Arabia Saudyjska.<\/p>\n\n\n\n<figure class=\"wp-block-image size-full\"><img fetchpriority=\"high\" decoding=\"async\" width=\"958\" height=\"639\" src=\"https:\/\/sustainablereview.com\/\/wp-content\/uploads\/2023\/08\/Alfalfa-for-Saudi-Arabia_Colorado-River-Courtesy-newrepublic.com_.jpeg\" alt=\"\" class=\"wp-image-26775\" srcset=\"https:\/\/sustainablereview.com\/wp-content\/uploads\/2023\/08\/Alfalfa-for-Saudi-Arabia_Colorado-River-Courtesy-newrepublic.com_.jpeg 958w, https:\/\/sustainablereview.com\/wp-content\/uploads\/2023\/08\/Alfalfa-for-Saudi-Arabia_Colorado-River-Courtesy-newrepublic.com_-300x200.jpeg 300w, https:\/\/sustainablereview.com\/wp-content\/uploads\/2023\/08\/Alfalfa-for-Saudi-Arabia_Colorado-River-Courtesy-newrepublic.com_-768x512.jpeg 768w, https:\/\/sustainablereview.com\/wp-content\/uploads\/2023\/08\/Alfalfa-for-Saudi-Arabia_Colorado-River-Courtesy-newrepublic.com_-45x30.jpeg 45w\" sizes=\"(min-width: 960px) 75vw, 100vw\" \/><figcaption class=\"wp-element-caption\">Dzi\u0119ki uprzejmo\u015bci: newrepublic.com<\/figcaption><\/figure>\n\n\n\n<p>Nie ma jednego lub szybkiego rozwi\u0105zania, kt\u00f3re poprawi\u0142oby sytuacj\u0119 rzeki Kolorado. Ludzie mog\u0105 jednak podejmowa\u0107 indywidualne dzia\u0142ania, zwracaj\u0105c wi\u0119ksz\u0105 uwag\u0119 na zu\u017cycie zasob\u00f3w zwi\u0105zane z konsumpcj\u0105 mi\u0119sa i utrzymaniem zwierz\u0105t gospodarskich.<\/p>\n\n\n\n<p>Przemys\u0142 rolniczy zagra\u017ca r\u00f3wnie\u017c niekt\u00f3rym innym g\u0142\u00f3wnym rzekom w kraju. Zanieczyszczenie <a href=\"https:\/\/environment.co\/the-most-polluted-rivers-in-the-us\/\">pogarsza si\u0119, gdy odpady zwierz\u0119ce<\/a> dostaj\u0105 si\u0119 do dr\u00f3g wodnych. Podejmowane s\u0105 jednak wysi\u0142ki, aby pom\u00f3c hodowcom byd\u0142a i innym w przej\u015bciu na praktyki, kt\u00f3re s\u0105 bardziej przyjazne dla \u015brodowiska.<\/p>\n\n\n\n<h2 class=\"wp-block-heading\"><strong>Dzia\u0142alno\u015b\u0107 cz\u0142owieka przyczynia si\u0119 do zmian klimatu<\/strong><\/h2>\n\n\n\n<p>Naukowcy zgadzaj\u0105 si\u0119 obecnie, \u017ce dzia\u0142alno\u015b\u0107 cz\u0142owieka jest istotnym czynnikiem wp\u0142ywaj\u0105cym na zmiany klimatu. Jednak wa\u017cne jest r\u00f3wnie\u017c, aby spojrze\u0107 wstecz, aby podkre\u015bli\u0107, jak to si\u0119 dzieje od jakiego\u015b czasu.<\/p>\n\n\n\n<p>Zesp\u00f3\u0142 badawczy Uniwersytetu Kalifornijskiego zag\u0142\u0119bi\u0142 si\u0119 w dane historyczne, aby dowiedzie\u0107 si\u0119, jak opady i sp\u0142yw w dorzeczu rzeki Kolorado zmieni\u0142y si\u0119 od 1880 roku. Jednym z odkry\u0107 by\u0142o <a href=\"https:\/\/phys.org\/news\/2023-07-colorado-river-basin-megadrought-massive.html\">zmniejszenie<\/a> odp\u0142ywu w dorzeczu o <a href=\"https:\/\/phys.org\/news\/2023-07-colorado-river-basin-megadrought-massive.html\">10,3%<\/a>. Zesp\u00f3\u0142 bezpo\u015brednio powi\u0105za\u0142 to ze zmianami klimatu pod wp\u0142ywem dzia\u0142alno\u015bci cz\u0142owieka i zmianami ro\u015blinno\u015bci krajobrazu. \u0141\u0105cznie aspekty te spowodowa\u0142y spadek ilo\u015bci wody dost\u0119pnej dla okolicznej ludno\u015bci o 2,1 <sup>km3<\/sup>.<\/p>\n\n\n\n<p>Naukowcy potwierdzili r\u00f3wnie\u017c, \u017ce w latach 2000-2021 wyst\u0105pi\u0142a megasusza, kt\u00f3ra prawdopodobnie nie mia\u0142aby miejsca bez wp\u0142ywu cz\u0142owieka na klimat. W latach 2020 i 2021 rzeka odnotowa\u0142a najbardziej suchy okres od 1895 roku i najni\u017cszy przep\u0142yw od 1906 roku.<\/p>\n\n\n\n<p>Statystyki te s\u0105 niew\u0105tpliwie niepokoj\u0105ce. Ale tak jak ludzie mog\u0105 zaostrza\u0107 zmiany klimatu, mog\u0105 je r\u00f3wnie\u017c ogranicza\u0107. Osoby na wp\u0142ywowych stanowiskach mog\u0105 podejmowa\u0107 decyzje, kt\u00f3re powinny mie\u0107 pozytywne skutki.<\/p>\n\n\n\n<p>Na przyk\u0142ad w kwietniu 2023 r. administracja Biden-Harris przeznaczy\u0142a <a href=\"https:\/\/www.whitehouse.gov\/briefing-room\/statements-releases\/2023\/04\/06\/fact-sheet-biden-harris-administration-announces-new-investments-to-protect-the-colorado-river-system\/\">dodatkowe 50 milion\u00f3w dolar\u00f3w<\/a> na program oszcz\u0119dzania wody w dolnym dorzeczu rzeki Kolorado. Doprowadzi to do zaoszcz\u0119dzenia 125 000 akr\u00f3w wody w latach 2024 i 2025.<\/p>\n\n\n\n<p>Jednak nawet strony o mniejszych uprawnieniach mog\u0105 mie\u0107 znacz\u0105cy wp\u0142yw. Rozwa\u017cmy przypadek z 2021 r., w kt\u00f3rym Bonneville Environmental Foundation <a href=\"https:\/\/www.abc15.com\/weather\/impact-earth\/groups-come-together-to-fund-arizona-water-conservation-program-impacting-colorado-river\">zaanga\u017cowa\u0142a si\u0119 w rozmowy z dyrektorami firm, aby wyja\u015bni\u0107 <\/a>znaczenie rzeki Kolorado dla okolicznych obszar\u00f3w. Rozmowy te zach\u0119ci\u0142y lider\u00f3w firm takich jak Google i Microsoft do wniesienia wk\u0142adu w ochron\u0119 przyrody.<\/p>\n\n\n\n<figure class=\"wp-block-image size-large\"><img decoding=\"async\" width=\"1024\" height=\"683\" src=\"https:\/\/sustainablereview.com\/\/wp-content\/uploads\/2023\/08\/Colorado-River-1-1024x683.jpg\" alt=\"\" class=\"wp-image-26776\" srcset=\"https:\/\/sustainablereview.com\/wp-content\/uploads\/2023\/08\/Colorado-River-1-1024x683.jpg 1024w, https:\/\/sustainablereview.com\/wp-content\/uploads\/2023\/08\/Colorado-River-1-300x200.jpg 300w, https:\/\/sustainablereview.com\/wp-content\/uploads\/2023\/08\/Colorado-River-1-768x512.jpg 768w, https:\/\/sustainablereview.com\/wp-content\/uploads\/2023\/08\/Colorado-River-1-1536x1024.jpg 1536w, https:\/\/sustainablereview.com\/wp-content\/uploads\/2023\/08\/Colorado-River-1-2048x1365.jpg 2048w, https:\/\/sustainablereview.com\/wp-content\/uploads\/2023\/08\/Colorado-River-1-45x30.jpg 45w, https:\/\/sustainablereview.com\/wp-content\/uploads\/2023\/08\/Colorado-River-1-scaled.jpg 2560w\" sizes=\"(min-width: 960px) 75vw, 100vw\" \/><\/figure>\n\n\n\n<h2 class=\"wp-block-heading\"><strong>Wsp\u00f3\u0142praca mo\u017ce zwi\u0119kszy\u0107 odporno\u015b\u0107 rzeki Kolorado<\/strong><\/h2>\n\n\n\n<p>Ludzie mieszkaj\u0105cy w pobli\u017cu rzeki Kolorado i zale\u017cni od jej wody nie s\u0105 jedynymi osobami borykaj\u0105cymi si\u0119 z kurcz\u0105cymi si\u0119 zasobami. Trudno\u015bci w znalezieniu bezpiecznych \u017ar\u00f3de\u0142 wody <a href=\"https:\/\/www.natureshelperinc.com\/blog\/how-to-be-water-efficient\/\">dotykaj\u0105 1,2 miliarda ludzi<\/a> na ca\u0142ym \u015bwiecie. Sugeruje to, \u017ce wiele wniosk\u00f3w wyci\u0105gni\u0119tych z wysi\u0142k\u00f3w na rzecz ochrony rzeki Kolorado mo\u017ce mie\u0107 zastosowanie do innych zagro\u017conych dr\u00f3g wodnych.<\/p>\n\n\n\n<p>W maju 2023 r. siedem stan\u00f3w <a href=\"https:\/\/www.reuters.com\/world\/us\/us-states-reach-colorado-river-water-conservation-deal-interior-dept-2023-05-22\/\">zale\u017cnych od rzeki Kolorado zgodzi\u0142o<\/a> si\u0119 ograniczy\u0107 zu\u017cycie. Do ko\u0144ca 2026 r. Kalifornia, Nevada i Arizona zrobi\u0105 to o 3 miliony akre-feet. Nast\u0119pnie uczestnicy wyrusz\u0105 w trudniejsz\u0105, ale niezb\u0119dn\u0105 podr\u00f3\u017c, aby stworzy\u0107 d\u0142ugoterminowy plan, kt\u00f3ry mo\u017ce trwa\u0107 do 20 lat.<\/p>\n\n\n\n<p>Nag\u0142\u00f3wki gazet cz\u0119sto przedstawiaj\u0105 zmiany klimatu jako przeszkod\u0119 nie do pokonania. To, co przed nami, jest z pewno\u015bci\u0105 wyzwaniem, ale post\u0119p staje si\u0119 bardziej osi\u0105galny, gdy ludzie pracuj\u0105 razem. Dotyczy to zar\u00f3wno ochrony rzeki Kolorado, jak i szerszych kwestii.<\/p>\n\n\n\n<p>Badanie z 2023 r. wykaza\u0142o, \u017ce <a href=\"https:\/\/www.eurekalert.org\/news-releases\/991142\">mi\u0119dzynarodowa wsp\u00f3\u0142praca w zakresie \u0142agodzenia zmian<\/a> klimatu mo\u017ce zaradzi\u0107 r\u00f3\u017cnicom regionalnym. Na przyk\u0142ad naukowcy wskazali, \u017ce globalne Po\u0142udnie ma mniejsze mo\u017cliwo\u015bci rozwoju naukowego ni\u017c jego p\u00f3\u0142nocny odpowiednik. Opowiedzieli si\u0119 za globaln\u0105 wsp\u00f3\u0142prac\u0105 w celu stworzenia rozwi\u0105za\u0144 maj\u0105cych zastosowanie do obszar\u00f3w dotkni\u0119tych lokalnie.<\/p>\n\n\n\n<p>Wsp\u00f3lne dane b\u0119d\u0105 r\u00f3wnie\u017c wa\u017cne, poniewa\u017c wiele stan\u00f3w zale\u017cy od rzeki Kolorado. W\u0142adze regionalne mog\u0105 wsp\u00f3\u0142pracowa\u0107, oferuj\u0105c swoje dane, pokazuj\u0105c, w jaki spos\u00f3b zmiany klimatu wp\u0142yn\u0119\u0142y na okre\u015blone obszary bardziej ni\u017c na inne. Te spostrze\u017cenia mog\u0105 r\u00f3wnie\u017c pom\u00f3c ludziom wsp\u00f3\u0142pracowa\u0107 w celu znalezienia najlepszych, wzajemnie korzystnych rozwi\u0105za\u0144.<\/p>\n\n\n\n<h2 class=\"wp-block-heading\"><strong>Dalsze nadawanie priorytetu rzece Kolorado<\/strong><\/h2>\n\n\n\n<p>Ten przegl\u0105d pokazuje, dlaczego ludzie musz\u0105 zwraca\u0107 uwag\u0119 na to, co rzeka Kolorado mo\u017ce im powiedzie\u0107 o planecie. Pomimo niepokoj\u0105cych trend\u00f3w, ludzie musz\u0105 pozosta\u0107 skupieni na proaktywnych i praktycznych sposobach wprowadzania pozytywnych zmian, w tym tych wymienionych tutaj.<\/p>\n","protected":false},"excerpt":{"rendered":"<p><!-- wp:paragraph --><\/p>\n<p> Dwie dekady suszy spowodowanej zmianami klimatu zmniejszy\u0142y przep\u0142yw rzeki Kolorado, pozostawiaj\u0105c jej najwi\u0119ksze zbiorniki w wi\u0119kszo\u015bci puste. Dowiedz si\u0119, co ten problem m\u00f3wi o naszej planecie i co zwykli ludzie mog\u0105 zrobi\u0107, aby pom\u00f3c. <\/p>\n<p><!-- \/wp:paragraph --><\/p>\n","protected":false},"author":1495,"featured_media":26777,"comment_status":"closed","ping_status":"open","sticky":false,"template":"","format":"standard","meta":{"_acf_changed":false,"_monsterinsights_skip_tracking":false,"_monsterinsights_sitenote_active":false,"_monsterinsights_sitenote_note":"","_monsterinsights_sitenote_category":0,"footnotes":""},"categories":[3181,3179,3194,3172],"tags":[],"acf":[],"yoast_head":"<!-- This site is optimized with the Yoast SEO plugin v23.2 - https:\/\/yoast.com\/wordpress\/plugins\/seo\/ -->\n<title>Co kurcz\u0105ca si\u0119 rzeka Kolorado m\u00f3wi nam o planecie? &#8212; Sustainable Review<\/title>\n<meta name=\"robots\" content=\"index, follow, max-snippet:-1, max-image-preview:large, max-video-preview:-1\" \/>\n<link rel=\"canonical\" href=\"https:\/\/sustainablereview.com\/pl\/co-kurczaca-sie-rzeka-kolorado-mowi-nam-o-planecie\/\" \/>\n<meta property=\"og:locale\" content=\"pl_PL\" \/>\n<meta property=\"og:type\" content=\"article\" \/>\n<meta property=\"og:title\" content=\"Co kurcz\u0105ca si\u0119 rzeka Kolorado m\u00f3wi nam o planecie? &#8212; Sustainable Review\" \/>\n<meta property=\"og:description\" content=\"Dwie dekady suszy spowodowanej zmianami klimatu zmniejszy\u0142y przep\u0142yw rzeki Kolorado, pozostawiaj\u0105c jej najwi\u0119ksze zbiorniki w wi\u0119kszo\u015bci puste. Dowiedz si\u0119, co ten problem m\u00f3wi o naszej planecie i co zwykli ludzie mog\u0105 zrobi\u0107, aby pom\u00f3c.\" \/>\n<meta property=\"og:url\" content=\"https:\/\/sustainablereview.com\/pl\/co-kurczaca-sie-rzeka-kolorado-mowi-nam-o-planecie\/\" \/>\n<meta property=\"og:site_name\" content=\"Sustainable Review\" \/>\n<meta property=\"article:published_time\" content=\"2023-08-29T01:45:23+00:00\" \/>\n<meta property=\"article:modified_time\" content=\"2024-08-10T16:18:15+00:00\" \/>\n<meta property=\"og:image\" content=\"https:\/\/sustainablereview.com\/wp-content\/uploads\/2023\/08\/Colorado-River-2-scaled.jpg\" \/>\n\t<meta property=\"og:image:width\" content=\"2560\" \/>\n\t<meta property=\"og:image:height\" content=\"1920\" \/>\n\t<meta property=\"og:image:type\" content=\"image\/jpeg\" \/>\n<meta name=\"author\" content=\"Jane Marsh\" \/>\n<meta name=\"twitter:card\" content=\"summary_large_image\" \/>\n<meta name=\"twitter:creator\" content=\"@sustainreview\" \/>\n<meta name=\"twitter:site\" content=\"@sustainreview\" \/>\n<meta name=\"twitter:label1\" content=\"Napisane przez\" \/>\n\t<meta name=\"twitter:data1\" content=\"Jane Marsh\" \/>\n\t<meta name=\"twitter:label2\" content=\"Szacowany czas czytania\" \/>\n\t<meta name=\"twitter:data2\" content=\"5 minut\" \/>\n<script type=\"application\/ld+json\" class=\"yoast-schema-graph\">{\"@context\":\"https:\/\/schema.org\",\"@graph\":[{\"@type\":\"Article\",\"@id\":\"https:\/\/sustainablereview.com\/pl\/co-kurczaca-sie-rzeka-kolorado-mowi-nam-o-planecie\/#article\",\"isPartOf\":{\"@id\":\"https:\/\/sustainablereview.com\/pl\/co-kurczaca-sie-rzeka-kolorado-mowi-nam-o-planecie\/\"},\"author\":{\"name\":\"Jane Marsh\",\"@id\":\"https:\/\/sustainablereview.com\/pl\/#\/schema\/person\/f91f19a97a5f04706b56b720b7887f89\"},\"headline\":\"Co kurcz\u0105ca si\u0119 rzeka Kolorado m\u00f3wi nam o planecie?\",\"datePublished\":\"2023-08-29T01:45:23+00:00\",\"dateModified\":\"2024-08-10T16:18:15+00:00\",\"mainEntityOfPage\":{\"@id\":\"https:\/\/sustainablereview.com\/pl\/co-kurczaca-sie-rzeka-kolorado-mowi-nam-o-planecie\/\"},\"wordCount\":922,\"publisher\":{\"@id\":\"https:\/\/sustainablereview.com\/pl\/#organization\"},\"image\":{\"@id\":\"https:\/\/sustainablereview.com\/pl\/co-kurczaca-sie-rzeka-kolorado-mowi-nam-o-planecie\/#primaryimage\"},\"thumbnailUrl\":\"https:\/\/sustainablereview.com\/wp-content\/uploads\/2023\/08\/Colorado-River-2-scaled.jpg\",\"articleSection\":[\"Aktualno\u015bci\",\"Kraj\",\"Woda\",\"Zmiana klimatu\"],\"inLanguage\":\"pl-PL\"},{\"@type\":\"WebPage\",\"@id\":\"https:\/\/sustainablereview.com\/pl\/co-kurczaca-sie-rzeka-kolorado-mowi-nam-o-planecie\/\",\"url\":\"https:\/\/sustainablereview.com\/pl\/co-kurczaca-sie-rzeka-kolorado-mowi-nam-o-planecie\/\",\"name\":\"Co kurcz\u0105ca si\u0119 rzeka Kolorado m\u00f3wi nam o planecie? &#8212; Sustainable Review\",\"isPartOf\":{\"@id\":\"https:\/\/sustainablereview.com\/pl\/#website\"},\"primaryImageOfPage\":{\"@id\":\"https:\/\/sustainablereview.com\/pl\/co-kurczaca-sie-rzeka-kolorado-mowi-nam-o-planecie\/#primaryimage\"},\"image\":{\"@id\":\"https:\/\/sustainablereview.com\/pl\/co-kurczaca-sie-rzeka-kolorado-mowi-nam-o-planecie\/#primaryimage\"},\"thumbnailUrl\":\"https:\/\/sustainablereview.com\/wp-content\/uploads\/2023\/08\/Colorado-River-2-scaled.jpg\",\"datePublished\":\"2023-08-29T01:45:23+00:00\",\"dateModified\":\"2024-08-10T16:18:15+00:00\",\"breadcrumb\":{\"@id\":\"https:\/\/sustainablereview.com\/pl\/co-kurczaca-sie-rzeka-kolorado-mowi-nam-o-planecie\/#breadcrumb\"},\"inLanguage\":\"pl-PL\",\"potentialAction\":[{\"@type\":\"ReadAction\",\"target\":[\"https:\/\/sustainablereview.com\/pl\/co-kurczaca-sie-rzeka-kolorado-mowi-nam-o-planecie\/\"]}]},{\"@type\":\"ImageObject\",\"inLanguage\":\"pl-PL\",\"@id\":\"https:\/\/sustainablereview.com\/pl\/co-kurczaca-sie-rzeka-kolorado-mowi-nam-o-planecie\/#primaryimage\",\"url\":\"https:\/\/sustainablereview.com\/wp-content\/uploads\/2023\/08\/Colorado-River-2-scaled.jpg\",\"contentUrl\":\"https:\/\/sustainablereview.com\/wp-content\/uploads\/2023\/08\/Colorado-River-2-scaled.jpg\",\"width\":2560,\"height\":1920,\"caption\":\"Climate change impact on Colorado River\"},{\"@type\":\"BreadcrumbList\",\"@id\":\"https:\/\/sustainablereview.com\/pl\/co-kurczaca-sie-rzeka-kolorado-mowi-nam-o-planecie\/#breadcrumb\",\"itemListElement\":[{\"@type\":\"ListItem\",\"position\":1,\"name\":\"Strona g\u0142\u00f3wna\",\"item\":\"https:\/\/sustainablereview.com\/pl\/strona-glowna\/\"},{\"@type\":\"ListItem\",\"position\":2,\"name\":\"Co kurcz\u0105ca si\u0119 rzeka Kolorado m\u00f3wi nam o planecie?\"}]},{\"@type\":\"WebSite\",\"@id\":\"https:\/\/sustainablereview.com\/pl\/#website\",\"url\":\"https:\/\/sustainablereview.com\/pl\/\",\"name\":\"Sustainable Review\",\"description\":\"Let us do the &#039;Green-splaining&#039;\",\"publisher\":{\"@id\":\"https:\/\/sustainablereview.com\/pl\/#organization\"},\"potentialAction\":[{\"@type\":\"SearchAction\",\"target\":{\"@type\":\"EntryPoint\",\"urlTemplate\":\"https:\/\/sustainablereview.com\/pl\/?s={search_term_string}\"},\"query-input\":\"required name=search_term_string\"}],\"inLanguage\":\"pl-PL\"},{\"@type\":\"Organization\",\"@id\":\"https:\/\/sustainablereview.com\/pl\/#organization\",\"name\":\"Sustainable Review\",\"url\":\"https:\/\/sustainablereview.com\/pl\/\",\"logo\":{\"@type\":\"ImageObject\",\"inLanguage\":\"pl-PL\",\"@id\":\"https:\/\/sustainablereview.com\/pl\/#\/schema\/logo\/image\/\",\"url\":\"https:\/\/sustainablereview.com\/wp-content\/uploads\/2020\/06\/static1.squarespace.png\",\"contentUrl\":\"https:\/\/sustainablereview.com\/wp-content\/uploads\/2020\/06\/static1.squarespace.png\",\"width\":800,\"height\":800,\"caption\":\"Sustainable Review\"},\"image\":{\"@id\":\"https:\/\/sustainablereview.com\/pl\/#\/schema\/logo\/image\/\"},\"sameAs\":[\"https:\/\/x.com\/sustainreview\"]},{\"@type\":\"Person\",\"@id\":\"https:\/\/sustainablereview.com\/pl\/#\/schema\/person\/f91f19a97a5f04706b56b720b7887f89\",\"name\":\"Jane Marsh\",\"image\":{\"@type\":\"ImageObject\",\"inLanguage\":\"pl-PL\",\"@id\":\"https:\/\/sustainablereview.com\/pl\/#\/schema\/person\/image\/\",\"url\":\"https:\/\/sustainablereview.com\/wp-content\/litespeed\/avatar\/f6ea44dbfcd6ff5eb60a6dce8bb40dfb.jpg?ver=1777125112\",\"contentUrl\":\"https:\/\/sustainablereview.com\/wp-content\/litespeed\/avatar\/f6ea44dbfcd6ff5eb60a6dce8bb40dfb.jpg?ver=1777125112\",\"caption\":\"Jane Marsh\"},\"url\":\"https:\/\/sustainablereview.com\/pl\/author\/jmarsh\/\"}]}<\/script>\n<!-- \/ Yoast SEO plugin. -->","yoast_head_json":{"title":"Co kurcz\u0105ca si\u0119 rzeka Kolorado m\u00f3wi nam o planecie? &#8212; Sustainable Review","robots":{"index":"index","follow":"follow","max-snippet":"max-snippet:-1","max-image-preview":"max-image-preview:large","max-video-preview":"max-video-preview:-1"},"canonical":"https:\/\/sustainablereview.com\/pl\/co-kurczaca-sie-rzeka-kolorado-mowi-nam-o-planecie\/","og_locale":"pl_PL","og_type":"article","og_title":"Co kurcz\u0105ca si\u0119 rzeka Kolorado m\u00f3wi nam o planecie? &#8212; Sustainable Review","og_description":"Dwie dekady suszy spowodowanej zmianami klimatu zmniejszy\u0142y przep\u0142yw rzeki Kolorado, pozostawiaj\u0105c jej najwi\u0119ksze zbiorniki w wi\u0119kszo\u015bci puste. Dowiedz si\u0119, co ten problem m\u00f3wi o naszej planecie i co zwykli ludzie mog\u0105 zrobi\u0107, aby pom\u00f3c.","og_url":"https:\/\/sustainablereview.com\/pl\/co-kurczaca-sie-rzeka-kolorado-mowi-nam-o-planecie\/","og_site_name":"Sustainable Review","article_published_time":"2023-08-29T01:45:23+00:00","article_modified_time":"2024-08-10T16:18:15+00:00","og_image":[{"width":2560,"height":1920,"url":"https:\/\/sustainablereview.com\/wp-content\/uploads\/2023\/08\/Colorado-River-2-scaled.jpg","type":"image\/jpeg"}],"author":"Jane Marsh","twitter_card":"summary_large_image","twitter_creator":"@sustainreview","twitter_site":"@sustainreview","twitter_misc":{"Napisane przez":"Jane Marsh","Szacowany czas czytania":"5 minut"},"schema":{"@context":"https:\/\/schema.org","@graph":[{"@type":"Article","@id":"https:\/\/sustainablereview.com\/pl\/co-kurczaca-sie-rzeka-kolorado-mowi-nam-o-planecie\/#article","isPartOf":{"@id":"https:\/\/sustainablereview.com\/pl\/co-kurczaca-sie-rzeka-kolorado-mowi-nam-o-planecie\/"},"author":{"name":"Jane Marsh","@id":"https:\/\/sustainablereview.com\/pl\/#\/schema\/person\/f91f19a97a5f04706b56b720b7887f89"},"headline":"Co kurcz\u0105ca si\u0119 rzeka Kolorado m\u00f3wi nam o planecie?","datePublished":"2023-08-29T01:45:23+00:00","dateModified":"2024-08-10T16:18:15+00:00","mainEntityOfPage":{"@id":"https:\/\/sustainablereview.com\/pl\/co-kurczaca-sie-rzeka-kolorado-mowi-nam-o-planecie\/"},"wordCount":922,"publisher":{"@id":"https:\/\/sustainablereview.com\/pl\/#organization"},"image":{"@id":"https:\/\/sustainablereview.com\/pl\/co-kurczaca-sie-rzeka-kolorado-mowi-nam-o-planecie\/#primaryimage"},"thumbnailUrl":"https:\/\/sustainablereview.com\/wp-content\/uploads\/2023\/08\/Colorado-River-2-scaled.jpg","articleSection":["Aktualno\u015bci","Kraj","Woda","Zmiana klimatu"],"inLanguage":"pl-PL"},{"@type":"WebPage","@id":"https:\/\/sustainablereview.com\/pl\/co-kurczaca-sie-rzeka-kolorado-mowi-nam-o-planecie\/","url":"https:\/\/sustainablereview.com\/pl\/co-kurczaca-sie-rzeka-kolorado-mowi-nam-o-planecie\/","name":"Co kurcz\u0105ca si\u0119 rzeka Kolorado m\u00f3wi nam o planecie? &#8212; Sustainable Review","isPartOf":{"@id":"https:\/\/sustainablereview.com\/pl\/#website"},"primaryImageOfPage":{"@id":"https:\/\/sustainablereview.com\/pl\/co-kurczaca-sie-rzeka-kolorado-mowi-nam-o-planecie\/#primaryimage"},"image":{"@id":"https:\/\/sustainablereview.com\/pl\/co-kurczaca-sie-rzeka-kolorado-mowi-nam-o-planecie\/#primaryimage"},"thumbnailUrl":"https:\/\/sustainablereview.com\/wp-content\/uploads\/2023\/08\/Colorado-River-2-scaled.jpg","datePublished":"2023-08-29T01:45:23+00:00","dateModified":"2024-08-10T16:18:15+00:00","breadcrumb":{"@id":"https:\/\/sustainablereview.com\/pl\/co-kurczaca-sie-rzeka-kolorado-mowi-nam-o-planecie\/#breadcrumb"},"inLanguage":"pl-PL","potentialAction":[{"@type":"ReadAction","target":["https:\/\/sustainablereview.com\/pl\/co-kurczaca-sie-rzeka-kolorado-mowi-nam-o-planecie\/"]}]},{"@type":"ImageObject","inLanguage":"pl-PL","@id":"https:\/\/sustainablereview.com\/pl\/co-kurczaca-sie-rzeka-kolorado-mowi-nam-o-planecie\/#primaryimage","url":"https:\/\/sustainablereview.com\/wp-content\/uploads\/2023\/08\/Colorado-River-2-scaled.jpg","contentUrl":"https:\/\/sustainablereview.com\/wp-content\/uploads\/2023\/08\/Colorado-River-2-scaled.jpg","width":2560,"height":1920,"caption":"Climate change impact on Colorado River"},{"@type":"BreadcrumbList","@id":"https:\/\/sustainablereview.com\/pl\/co-kurczaca-sie-rzeka-kolorado-mowi-nam-o-planecie\/#breadcrumb","itemListElement":[{"@type":"ListItem","position":1,"name":"Strona g\u0142\u00f3wna","item":"https:\/\/sustainablereview.com\/pl\/strona-glowna\/"},{"@type":"ListItem","position":2,"name":"Co kurcz\u0105ca si\u0119 rzeka Kolorado m\u00f3wi nam o planecie?"}]},{"@type":"WebSite","@id":"https:\/\/sustainablereview.com\/pl\/#website","url":"https:\/\/sustainablereview.com\/pl\/","name":"Sustainable Review","description":"Let us do the &#039;Green-splaining&#039;","publisher":{"@id":"https:\/\/sustainablereview.com\/pl\/#organization"},"potentialAction":[{"@type":"SearchAction","target":{"@type":"EntryPoint","urlTemplate":"https:\/\/sustainablereview.com\/pl\/?s={search_term_string}"},"query-input":"required name=search_term_string"}],"inLanguage":"pl-PL"},{"@type":"Organization","@id":"https:\/\/sustainablereview.com\/pl\/#organization","name":"Sustainable Review","url":"https:\/\/sustainablereview.com\/pl\/","logo":{"@type":"ImageObject","inLanguage":"pl-PL","@id":"https:\/\/sustainablereview.com\/pl\/#\/schema\/logo\/image\/","url":"https:\/\/sustainablereview.com\/wp-content\/uploads\/2020\/06\/static1.squarespace.png","contentUrl":"https:\/\/sustainablereview.com\/wp-content\/uploads\/2020\/06\/static1.squarespace.png","width":800,"height":800,"caption":"Sustainable Review"},"image":{"@id":"https:\/\/sustainablereview.com\/pl\/#\/schema\/logo\/image\/"},"sameAs":["https:\/\/x.com\/sustainreview"]},{"@type":"Person","@id":"https:\/\/sustainablereview.com\/pl\/#\/schema\/person\/f91f19a97a5f04706b56b720b7887f89","name":"Jane Marsh","image":{"@type":"ImageObject","inLanguage":"pl-PL","@id":"https:\/\/sustainablereview.com\/pl\/#\/schema\/person\/image\/","url":"https:\/\/sustainablereview.com\/wp-content\/litespeed\/avatar\/f6ea44dbfcd6ff5eb60a6dce8bb40dfb.jpg?ver=1777125112","contentUrl":"https:\/\/sustainablereview.com\/wp-content\/litespeed\/avatar\/f6ea44dbfcd6ff5eb60a6dce8bb40dfb.jpg?ver=1777125112","caption":"Jane Marsh"},"url":"https:\/\/sustainablereview.com\/pl\/author\/jmarsh\/"}]}},"wpml_translations":{"en":"26771","pl":"60494","pt-br":"39189"},"_links":{"self":[{"href":"https:\/\/sustainablereview.com\/pl\/wp-json\/wp\/v2\/posts\/60494"}],"collection":[{"href":"https:\/\/sustainablereview.com\/pl\/wp-json\/wp\/v2\/posts"}],"about":[{"href":"https:\/\/sustainablereview.com\/pl\/wp-json\/wp\/v2\/types\/post"}],"author":[{"embeddable":true,"href":"https:\/\/sustainablereview.com\/pl\/wp-json\/wp\/v2\/users\/1495"}],"replies":[{"embeddable":true,"href":"https:\/\/sustainablereview.com\/pl\/wp-json\/wp\/v2\/comments?post=60494"}],"version-history":[{"count":1,"href":"https:\/\/sustainablereview.com\/pl\/wp-json\/wp\/v2\/posts\/60494\/revisions"}],"predecessor-version":[{"id":61006,"href":"https:\/\/sustainablereview.com\/pl\/wp-json\/wp\/v2\/posts\/60494\/revisions\/61006"}],"wp:featuredmedia":[{"embeddable":true,"href":"https:\/\/sustainablereview.com\/pl\/wp-json\/wp\/v2\/media\/26777"}],"wp:attachment":[{"href":"https:\/\/sustainablereview.com\/pl\/wp-json\/wp\/v2\/media?parent=60494"}],"wp:term":[{"taxonomy":"category","embeddable":true,"href":"https:\/\/sustainablereview.com\/pl\/wp-json\/wp\/v2\/categories?post=60494"},{"taxonomy":"post_tag","embeddable":true,"href":"https:\/\/sustainablereview.com\/pl\/wp-json\/wp\/v2\/tags?post=60494"}],"curies":[{"name":"wp","href":"https:\/\/api.w.org\/{rel}","templated":true}]}}