{"id":60537,"date":"2023-07-27T12:58:54","date_gmt":"2023-07-27T16:58:54","guid":{"rendered":"https:\/\/sustainablereview.com\/?p=60537"},"modified":"2024-08-04T18:53:55","modified_gmt":"2024-08-04T22:53:55","slug":"globalna-fala-upalow-zbiera-swoje-zniwo-od-ekstremalnych-temperatur-w-dolinach-smierci-po-zmagania-w-europie-i-nadchodzaca-burze-w-azji","status":"publish","type":"post","link":"https:\/\/sustainablereview.com\/pl\/globalna-fala-upalow-zbiera-swoje-zniwo-od-ekstremalnych-temperatur-w-dolinach-smierci-po-zmagania-w-europie-i-nadchodzaca-burze-w-azji\/","title":{"rendered":"Globalna fala upa\u0142\u00f3w zbiera swoje \u017cniwo: Od ekstremalnych temperatur w Dolinie \u015amierci po zmagania w Europie i nadchodz\u0105c\u0105 burz\u0119 w Azji"},"content":{"rendered":"\n<p>Temperatury na ca\u0142ym \u015bwiecie bij\u0105 kolejne rekordy, co dobitnie przypomina, \u017ce zmiany klimatyczne s\u0105 piln\u0105 globaln\u0105 kwesti\u0105 wymagaj\u0105c\u0105 podj\u0119cia dzia\u0142a\u0144.<\/p>\n\n\n\n<p>\u015awiat do\u015bwiadcza obecnie bezprecedensowej fali upa\u0142\u00f3w, a regiony takie jak Dolina \u015amierci w Kalifornii i Phoenix w Arizonie do\u015bwiadczaj\u0105 rekordowych temperatur, podczas gdy kraje europejskie zaczynaj\u0105 odczuwa\u0107 ulg\u0119.<\/p>\n\n\n\n<p>Te ekstremalne warunki pogodowe, nasilone przez zmiany klimatu, coraz cz\u0119\u015bciej prowadz\u0105 do utraty \u017cycia i negatywnego wp\u0142ywu na \u015brodowisko.<\/p>\n\n\n\n<p>Dolina \u015amierci, notorycznie znana jako najgor\u0119tsze miejsce na \u015bwiecie, przez kilka kolejnych dni odnotowywa\u0142a temperatury przekraczaj\u0105ce 50 C (122 F), co doprowadzi\u0142o do \u015bmierci co najmniej jednego turysty. Piek\u0142o trwa\u0142o nadal w Furnace Creek, gdzie temperatury osi\u0105gn\u0119\u0142y upa\u0142 128 F (53,3 C).<\/p>\n\n\n\n<p>Furnace Creek by\u0142 miejscem, w kt\u00f3rym w lipcu 1913 roku odnotowano <a href=\"https:\/\/public.wmo.int\/en\/media\/news\/wmo-monitoring-potential-new-temperature-records\">najwy\u017csz\u0105 temperatur\u0119<\/a> na Ziemi &#8211; 134 F (56,7 C). W obliczu kryzysu zwi\u0105zanego z globalnym ociepleniem, takie ekstremalne temperatury staj\u0105 si\u0119 coraz bardziej prawdopodobne, ostrzeg\u0142 Randy Ceverny ze \u015awiatowej Organizacji Meteorologicznej.<\/p>\n\n\n\n<p>Phoenix w Arizonie r\u00f3wnie\u017c boryka si\u0119 z ekstremalnymi upa\u0142ami, bij\u0105c sw\u00f3j w\u0142asny rekord kolejnych dni powy\u017cej 43,3C. Przewiduje si\u0119, \u017ce w nadchodz\u0105cych dniach w mie\u015bcie nadal b\u0119dzie bardzo gor\u0105co, a temperatury osi\u0105gn\u0105 oko\u0142o 5C powy\u017cej \u015bredniej sezonowej.<\/p>\n\n\n\n<h2 class=\"wp-block-heading\">Fale upa\u0142\u00f3w ust\u0119puj\u0105, nasilaj\u0105 si\u0119 tajfuny i ro\u015bnie zagro\u017cenie zmianami klimatu<\/h2>\n\n\n\n<p>Jednak po drugiej stronie Atlantyku intensywna fala upa\u0142\u00f3w ogarniaj\u0105ca po\u0142udniow\u0105 Europ\u0119 zaczyna si\u0119 rozlu\u017ania\u0107. Przewiduje si\u0119, \u017ce regiony Grecji i W\u0142och, kt\u00f3re znosi\u0142y temperatury znacznie powy\u017cej 40 \u00b0 C w ci\u0105gu ostatniego tygodnia, odczuj\u0105 pewn\u0105 ulg\u0119, gdy zimny front zacznie przepycha\u0107 si\u0119 przez region, a temperatury spadn\u0105 o 10-15 \u00b0 C w Austrii i Czechach.<\/p>\n\n\n\n<p>Tymczasem na zachodnim Pacyfiku tajfun Doksuri nie jest ju\u017c burz\u0105 tropikaln\u0105 i oczekuje si\u0119, \u017ce nasili si\u0119, przynosz\u0105c znaczne opady deszczu na p\u00f3\u0142nocnych Filipinach. Potencjalna \u015bcie\u017cka burzy mo\u017ce si\u0119ga\u0107 tak daleko na zach\u00f3d, jak Hongkong, ale jej najbardziej prawdopodobny przebieg to Tajwan.<\/p>\n\n\n\n<p>Globalna fala upa\u0142\u00f3w zbiega si\u0119 w czasie z innymi ekstremalnymi zjawiskami pogodowymi. W samych Stanach Zjednoczonych ulewne deszcze w Pensylwanii doprowadzi\u0142y do \u015bmiertelnych powodzi b\u0142yskawicznych, podczas gdy obawy o osuni\u0119cia ziemi wzros\u0142y w Vermont z powodu ci\u0105g\u0142ych opad\u00f3w deszczu.<\/p>\n\n\n\n<p>Fale upa\u0142\u00f3w, cho\u0107 mniej uderzaj\u0105ce wizualnie ni\u017c inne kl\u0119ski \u017cywio\u0142owe, okaza\u0142y si\u0119 \u015bmiertelne. W zesz\u0142ym miesi\u0105cu fale upa\u0142\u00f3w w niekt\u00f3rych cz\u0119\u015bciach po\u0142udniowego i \u015brodkowego zachodu spowodowa\u0142y <a href=\"https:\/\/abcnews.go.com\/Health\/wireStory\/heat-waves-killed-14-southern-us-becoming-frequent-100531967\">kilkana\u015bcie ofiar \u015bmiertelnych<\/a>. Ta ekstremalna pogoda pos\u0142u\u017cy\u0142a jako brutalne przypomnienie o skutkach zmian klimatu spowodowanych przez cz\u0142owieka.<\/p>\n","protected":false},"excerpt":{"rendered":"<p><!-- wp:paragraph --><\/p>\n<p>Globalna fala upa\u0142\u00f3w bije rekordy, podkre\u015blaj\u0105c piln\u0105 potrzeb\u0119 dzia\u0142a\u0144 na rzecz klimatu. Dolina \u015amierci, Phoenix i po\u0142udniowa Europa do\u015bwiadczaj\u0105 ekstremalnych temperatur, podczas gdy tajfuny nasilaj\u0105 si\u0119 na zachodnim Pacyfiku. Zmiany klimatu prowadz\u0105 do utraty \u017cycia i skutk\u00f3w \u015brodowiskowych na ca\u0142ym \u015bwiecie.<\/p>\n<p><!-- \/wp:paragraph --><\/p>\n","protected":false},"author":1502,"featured_media":46650,"comment_status":"closed","ping_status":"open","sticky":false,"template":"","format":"standard","meta":{"_acf_changed":false,"_monsterinsights_skip_tracking":false,"_monsterinsights_sitenote_active":false,"_monsterinsights_sitenote_note":"","_monsterinsights_sitenote_category":0,"footnotes":""},"categories":[3181],"tags":[],"acf":[],"yoast_head":"<!-- This site is optimized with the Yoast SEO plugin v23.2 - https:\/\/yoast.com\/wordpress\/plugins\/seo\/ -->\n<title>Globalna fala upa\u0142\u00f3w zbiera swoje \u017cniwo: Od ekstremalnych temperatur w Dolinie \u015amierci po zmagania w Europie i nadchodz\u0105c\u0105 burz\u0119 w Azji &#8212; Sustainable Review<\/title>\n<meta name=\"robots\" content=\"index, follow, max-snippet:-1, max-image-preview:large, max-video-preview:-1\" \/>\n<link rel=\"canonical\" href=\"https:\/\/sustainablereview.com\/pl\/globalna-fala-upalow-zbiera-swoje-zniwo-od-ekstremalnych-temperatur-w-dolinach-smierci-po-zmagania-w-europie-i-nadchodzaca-burze-w-azji\/\" \/>\n<meta property=\"og:locale\" content=\"pl_PL\" \/>\n<meta property=\"og:type\" content=\"article\" \/>\n<meta property=\"og:title\" content=\"Globalna fala upa\u0142\u00f3w zbiera swoje \u017cniwo: Od ekstremalnych temperatur w Dolinie \u015amierci po zmagania w Europie i nadchodz\u0105c\u0105 burz\u0119 w Azji &#8212; Sustainable Review\" \/>\n<meta property=\"og:description\" content=\"Globalna fala upa\u0142\u00f3w bije rekordy, podkre\u015blaj\u0105c piln\u0105 potrzeb\u0119 dzia\u0142a\u0144 na rzecz klimatu. Dolina \u015amierci, Phoenix i po\u0142udniowa Europa do\u015bwiadczaj\u0105 ekstremalnych temperatur, podczas gdy tajfuny nasilaj\u0105 si\u0119 na zachodnim Pacyfiku. Zmiany klimatu prowadz\u0105 do utraty \u017cycia i skutk\u00f3w \u015brodowiskowych na ca\u0142ym \u015bwiecie.\" \/>\n<meta property=\"og:url\" content=\"https:\/\/sustainablereview.com\/pl\/globalna-fala-upalow-zbiera-swoje-zniwo-od-ekstremalnych-temperatur-w-dolinach-smierci-po-zmagania-w-europie-i-nadchodzaca-burze-w-azji\/\" \/>\n<meta property=\"og:site_name\" content=\"Sustainable Review\" \/>\n<meta property=\"article:published_time\" content=\"2023-07-27T16:58:54+00:00\" \/>\n<meta property=\"article:modified_time\" content=\"2024-08-04T22:53:55+00:00\" \/>\n<meta property=\"og:image\" content=\"https:\/\/sustainablereview.com\/wp-content\/uploads\/2023\/07\/Untitled-design-53.jpg\" \/>\n\t<meta property=\"og:image:width\" content=\"1024\" \/>\n\t<meta property=\"og:image:height\" content=\"683\" \/>\n\t<meta property=\"og:image:type\" content=\"image\/jpeg\" \/>\n<meta name=\"author\" content=\"Raf Chomsky\" \/>\n<meta name=\"twitter:card\" content=\"summary_large_image\" \/>\n<meta name=\"twitter:creator\" content=\"@sustainreview\" \/>\n<meta name=\"twitter:site\" content=\"@sustainreview\" \/>\n<meta name=\"twitter:label1\" content=\"Napisane przez\" \/>\n\t<meta name=\"twitter:data1\" content=\"Raf Chomsky\" \/>\n\t<meta name=\"twitter:label2\" content=\"Szacowany czas czytania\" \/>\n\t<meta name=\"twitter:data2\" content=\"2 minuty\" \/>\n<script type=\"application\/ld+json\" class=\"yoast-schema-graph\">{\"@context\":\"https:\/\/schema.org\",\"@graph\":[{\"@type\":\"Article\",\"@id\":\"https:\/\/sustainablereview.com\/pl\/globalna-fala-upalow-zbiera-swoje-zniwo-od-ekstremalnych-temperatur-w-dolinach-smierci-po-zmagania-w-europie-i-nadchodzaca-burze-w-azji\/#article\",\"isPartOf\":{\"@id\":\"https:\/\/sustainablereview.com\/pl\/globalna-fala-upalow-zbiera-swoje-zniwo-od-ekstremalnych-temperatur-w-dolinach-smierci-po-zmagania-w-europie-i-nadchodzaca-burze-w-azji\/\"},\"author\":{\"name\":\"Raf Chomsky\",\"@id\":\"https:\/\/sustainablereview.com\/pl\/#\/schema\/person\/85320f9ca6ed105ac24fd5721a2ce339\"},\"headline\":\"Globalna fala upa\u0142\u00f3w zbiera swoje \u017cniwo: Od ekstremalnych temperatur w Dolinie \u015amierci po zmagania w Europie i nadchodz\u0105c\u0105 burz\u0119 w Azji\",\"datePublished\":\"2023-07-27T16:58:54+00:00\",\"dateModified\":\"2024-08-04T22:53:55+00:00\",\"mainEntityOfPage\":{\"@id\":\"https:\/\/sustainablereview.com\/pl\/globalna-fala-upalow-zbiera-swoje-zniwo-od-ekstremalnych-temperatur-w-dolinach-smierci-po-zmagania-w-europie-i-nadchodzaca-burze-w-azji\/\"},\"wordCount\":468,\"publisher\":{\"@id\":\"https:\/\/sustainablereview.com\/pl\/#organization\"},\"image\":{\"@id\":\"https:\/\/sustainablereview.com\/pl\/globalna-fala-upalow-zbiera-swoje-zniwo-od-ekstremalnych-temperatur-w-dolinach-smierci-po-zmagania-w-europie-i-nadchodzaca-burze-w-azji\/#primaryimage\"},\"thumbnailUrl\":\"https:\/\/sustainablereview.com\/wp-content\/uploads\/2023\/07\/Untitled-design-53.jpg\",\"articleSection\":[\"Aktualno\u015bci\"],\"inLanguage\":\"pl-PL\"},{\"@type\":\"WebPage\",\"@id\":\"https:\/\/sustainablereview.com\/pl\/globalna-fala-upalow-zbiera-swoje-zniwo-od-ekstremalnych-temperatur-w-dolinach-smierci-po-zmagania-w-europie-i-nadchodzaca-burze-w-azji\/\",\"url\":\"https:\/\/sustainablereview.com\/pl\/globalna-fala-upalow-zbiera-swoje-zniwo-od-ekstremalnych-temperatur-w-dolinach-smierci-po-zmagania-w-europie-i-nadchodzaca-burze-w-azji\/\",\"name\":\"Globalna fala upa\u0142\u00f3w zbiera swoje \u017cniwo: Od ekstremalnych temperatur w Dolinie \u015amierci po zmagania w Europie i nadchodz\u0105c\u0105 burz\u0119 w Azji &#8212; Sustainable Review\",\"isPartOf\":{\"@id\":\"https:\/\/sustainablereview.com\/pl\/#website\"},\"primaryImageOfPage\":{\"@id\":\"https:\/\/sustainablereview.com\/pl\/globalna-fala-upalow-zbiera-swoje-zniwo-od-ekstremalnych-temperatur-w-dolinach-smierci-po-zmagania-w-europie-i-nadchodzaca-burze-w-azji\/#primaryimage\"},\"image\":{\"@id\":\"https:\/\/sustainablereview.com\/pl\/globalna-fala-upalow-zbiera-swoje-zniwo-od-ekstremalnych-temperatur-w-dolinach-smierci-po-zmagania-w-europie-i-nadchodzaca-burze-w-azji\/#primaryimage\"},\"thumbnailUrl\":\"https:\/\/sustainablereview.com\/wp-content\/uploads\/2023\/07\/Untitled-design-53.jpg\",\"datePublished\":\"2023-07-27T16:58:54+00:00\",\"dateModified\":\"2024-08-04T22:53:55+00:00\",\"breadcrumb\":{\"@id\":\"https:\/\/sustainablereview.com\/pl\/globalna-fala-upalow-zbiera-swoje-zniwo-od-ekstremalnych-temperatur-w-dolinach-smierci-po-zmagania-w-europie-i-nadchodzaca-burze-w-azji\/#breadcrumb\"},\"inLanguage\":\"pl-PL\",\"potentialAction\":[{\"@type\":\"ReadAction\",\"target\":[\"https:\/\/sustainablereview.com\/pl\/globalna-fala-upalow-zbiera-swoje-zniwo-od-ekstremalnych-temperatur-w-dolinach-smierci-po-zmagania-w-europie-i-nadchodzaca-burze-w-azji\/\"]}]},{\"@type\":\"ImageObject\",\"inLanguage\":\"pl-PL\",\"@id\":\"https:\/\/sustainablereview.com\/pl\/globalna-fala-upalow-zbiera-swoje-zniwo-od-ekstremalnych-temperatur-w-dolinach-smierci-po-zmagania-w-europie-i-nadchodzaca-burze-w-azji\/#primaryimage\",\"url\":\"https:\/\/sustainablereview.com\/wp-content\/uploads\/2023\/07\/Untitled-design-53.jpg\",\"contentUrl\":\"https:\/\/sustainablereview.com\/wp-content\/uploads\/2023\/07\/Untitled-design-53.jpg\",\"width\":1024,\"height\":683},{\"@type\":\"BreadcrumbList\",\"@id\":\"https:\/\/sustainablereview.com\/pl\/globalna-fala-upalow-zbiera-swoje-zniwo-od-ekstremalnych-temperatur-w-dolinach-smierci-po-zmagania-w-europie-i-nadchodzaca-burze-w-azji\/#breadcrumb\",\"itemListElement\":[{\"@type\":\"ListItem\",\"position\":1,\"name\":\"Strona g\u0142\u00f3wna\",\"item\":\"https:\/\/sustainablereview.com\/pl\/strona-glowna\/\"},{\"@type\":\"ListItem\",\"position\":2,\"name\":\"Globalna fala upa\u0142\u00f3w zbiera swoje \u017cniwo: Od ekstremalnych temperatur w Dolinie \u015amierci po zmagania w Europie i nadchodz\u0105c\u0105 burz\u0119 w Azji\"}]},{\"@type\":\"WebSite\",\"@id\":\"https:\/\/sustainablereview.com\/pl\/#website\",\"url\":\"https:\/\/sustainablereview.com\/pl\/\",\"name\":\"Sustainable Review\",\"description\":\"Let us do the &#039;Green-splaining&#039;\",\"publisher\":{\"@id\":\"https:\/\/sustainablereview.com\/pl\/#organization\"},\"potentialAction\":[{\"@type\":\"SearchAction\",\"target\":{\"@type\":\"EntryPoint\",\"urlTemplate\":\"https:\/\/sustainablereview.com\/pl\/?s={search_term_string}\"},\"query-input\":\"required name=search_term_string\"}],\"inLanguage\":\"pl-PL\"},{\"@type\":\"Organization\",\"@id\":\"https:\/\/sustainablereview.com\/pl\/#organization\",\"name\":\"Sustainable Review\",\"url\":\"https:\/\/sustainablereview.com\/pl\/\",\"logo\":{\"@type\":\"ImageObject\",\"inLanguage\":\"pl-PL\",\"@id\":\"https:\/\/sustainablereview.com\/pl\/#\/schema\/logo\/image\/\",\"url\":\"https:\/\/sustainablereview.com\/wp-content\/uploads\/2020\/06\/static1.squarespace.png\",\"contentUrl\":\"https:\/\/sustainablereview.com\/wp-content\/uploads\/2020\/06\/static1.squarespace.png\",\"width\":800,\"height\":800,\"caption\":\"Sustainable Review\"},\"image\":{\"@id\":\"https:\/\/sustainablereview.com\/pl\/#\/schema\/logo\/image\/\"},\"sameAs\":[\"https:\/\/x.com\/sustainreview\"]},{\"@type\":\"Person\",\"@id\":\"https:\/\/sustainablereview.com\/pl\/#\/schema\/person\/85320f9ca6ed105ac24fd5721a2ce339\",\"name\":\"Raf Chomsky\",\"image\":{\"@type\":\"ImageObject\",\"inLanguage\":\"pl-PL\",\"@id\":\"https:\/\/sustainablereview.com\/pl\/#\/schema\/person\/image\/\",\"url\":\"https:\/\/sustainablereview.com\/wp-content\/litespeed\/avatar\/ad8c67d6aa8afe7c0a7adebd55367f9e.jpg?ver=1777430820\",\"contentUrl\":\"https:\/\/sustainablereview.com\/wp-content\/litespeed\/avatar\/ad8c67d6aa8afe7c0a7adebd55367f9e.jpg?ver=1777430820\",\"caption\":\"Raf Chomsky\"},\"description\":\"Dedicated author deeply engaged in sustainability issues. My writing focuses on practical, impactful solutions and communicates the urgency of environmental responsibility. With a commitment to raising awareness, I aim to inform and inspire readers to embrace sustainable practices in their daily lives.\",\"sameAs\":[\"https:\/\/sustainablereview.com\/\"],\"url\":\"https:\/\/sustainablereview.com\/pl\/author\/nonagency\/\"}]}<\/script>\n<!-- \/ Yoast SEO plugin. -->","yoast_head_json":{"title":"Globalna fala upa\u0142\u00f3w zbiera swoje \u017cniwo: Od ekstremalnych temperatur w Dolinie \u015amierci po zmagania w Europie i nadchodz\u0105c\u0105 burz\u0119 w Azji &#8212; Sustainable Review","robots":{"index":"index","follow":"follow","max-snippet":"max-snippet:-1","max-image-preview":"max-image-preview:large","max-video-preview":"max-video-preview:-1"},"canonical":"https:\/\/sustainablereview.com\/pl\/globalna-fala-upalow-zbiera-swoje-zniwo-od-ekstremalnych-temperatur-w-dolinach-smierci-po-zmagania-w-europie-i-nadchodzaca-burze-w-azji\/","og_locale":"pl_PL","og_type":"article","og_title":"Globalna fala upa\u0142\u00f3w zbiera swoje \u017cniwo: Od ekstremalnych temperatur w Dolinie \u015amierci po zmagania w Europie i nadchodz\u0105c\u0105 burz\u0119 w Azji &#8212; Sustainable Review","og_description":"Globalna fala upa\u0142\u00f3w bije rekordy, podkre\u015blaj\u0105c piln\u0105 potrzeb\u0119 dzia\u0142a\u0144 na rzecz klimatu. Dolina \u015amierci, Phoenix i po\u0142udniowa Europa do\u015bwiadczaj\u0105 ekstremalnych temperatur, podczas gdy tajfuny nasilaj\u0105 si\u0119 na zachodnim Pacyfiku. Zmiany klimatu prowadz\u0105 do utraty \u017cycia i skutk\u00f3w \u015brodowiskowych na ca\u0142ym \u015bwiecie.","og_url":"https:\/\/sustainablereview.com\/pl\/globalna-fala-upalow-zbiera-swoje-zniwo-od-ekstremalnych-temperatur-w-dolinach-smierci-po-zmagania-w-europie-i-nadchodzaca-burze-w-azji\/","og_site_name":"Sustainable Review","article_published_time":"2023-07-27T16:58:54+00:00","article_modified_time":"2024-08-04T22:53:55+00:00","og_image":[{"width":1024,"height":683,"url":"https:\/\/sustainablereview.com\/wp-content\/uploads\/2023\/07\/Untitled-design-53.jpg","type":"image\/jpeg"}],"author":"Raf Chomsky","twitter_card":"summary_large_image","twitter_creator":"@sustainreview","twitter_site":"@sustainreview","twitter_misc":{"Napisane przez":"Raf Chomsky","Szacowany czas czytania":"2 minuty"},"schema":{"@context":"https:\/\/schema.org","@graph":[{"@type":"Article","@id":"https:\/\/sustainablereview.com\/pl\/globalna-fala-upalow-zbiera-swoje-zniwo-od-ekstremalnych-temperatur-w-dolinach-smierci-po-zmagania-w-europie-i-nadchodzaca-burze-w-azji\/#article","isPartOf":{"@id":"https:\/\/sustainablereview.com\/pl\/globalna-fala-upalow-zbiera-swoje-zniwo-od-ekstremalnych-temperatur-w-dolinach-smierci-po-zmagania-w-europie-i-nadchodzaca-burze-w-azji\/"},"author":{"name":"Raf Chomsky","@id":"https:\/\/sustainablereview.com\/pl\/#\/schema\/person\/85320f9ca6ed105ac24fd5721a2ce339"},"headline":"Globalna fala upa\u0142\u00f3w zbiera swoje \u017cniwo: Od ekstremalnych temperatur w Dolinie \u015amierci po zmagania w Europie i nadchodz\u0105c\u0105 burz\u0119 w Azji","datePublished":"2023-07-27T16:58:54+00:00","dateModified":"2024-08-04T22:53:55+00:00","mainEntityOfPage":{"@id":"https:\/\/sustainablereview.com\/pl\/globalna-fala-upalow-zbiera-swoje-zniwo-od-ekstremalnych-temperatur-w-dolinach-smierci-po-zmagania-w-europie-i-nadchodzaca-burze-w-azji\/"},"wordCount":468,"publisher":{"@id":"https:\/\/sustainablereview.com\/pl\/#organization"},"image":{"@id":"https:\/\/sustainablereview.com\/pl\/globalna-fala-upalow-zbiera-swoje-zniwo-od-ekstremalnych-temperatur-w-dolinach-smierci-po-zmagania-w-europie-i-nadchodzaca-burze-w-azji\/#primaryimage"},"thumbnailUrl":"https:\/\/sustainablereview.com\/wp-content\/uploads\/2023\/07\/Untitled-design-53.jpg","articleSection":["Aktualno\u015bci"],"inLanguage":"pl-PL"},{"@type":"WebPage","@id":"https:\/\/sustainablereview.com\/pl\/globalna-fala-upalow-zbiera-swoje-zniwo-od-ekstremalnych-temperatur-w-dolinach-smierci-po-zmagania-w-europie-i-nadchodzaca-burze-w-azji\/","url":"https:\/\/sustainablereview.com\/pl\/globalna-fala-upalow-zbiera-swoje-zniwo-od-ekstremalnych-temperatur-w-dolinach-smierci-po-zmagania-w-europie-i-nadchodzaca-burze-w-azji\/","name":"Globalna fala upa\u0142\u00f3w zbiera swoje \u017cniwo: Od ekstremalnych temperatur w Dolinie \u015amierci po zmagania w Europie i nadchodz\u0105c\u0105 burz\u0119 w Azji &#8212; Sustainable Review","isPartOf":{"@id":"https:\/\/sustainablereview.com\/pl\/#website"},"primaryImageOfPage":{"@id":"https:\/\/sustainablereview.com\/pl\/globalna-fala-upalow-zbiera-swoje-zniwo-od-ekstremalnych-temperatur-w-dolinach-smierci-po-zmagania-w-europie-i-nadchodzaca-burze-w-azji\/#primaryimage"},"image":{"@id":"https:\/\/sustainablereview.com\/pl\/globalna-fala-upalow-zbiera-swoje-zniwo-od-ekstremalnych-temperatur-w-dolinach-smierci-po-zmagania-w-europie-i-nadchodzaca-burze-w-azji\/#primaryimage"},"thumbnailUrl":"https:\/\/sustainablereview.com\/wp-content\/uploads\/2023\/07\/Untitled-design-53.jpg","datePublished":"2023-07-27T16:58:54+00:00","dateModified":"2024-08-04T22:53:55+00:00","breadcrumb":{"@id":"https:\/\/sustainablereview.com\/pl\/globalna-fala-upalow-zbiera-swoje-zniwo-od-ekstremalnych-temperatur-w-dolinach-smierci-po-zmagania-w-europie-i-nadchodzaca-burze-w-azji\/#breadcrumb"},"inLanguage":"pl-PL","potentialAction":[{"@type":"ReadAction","target":["https:\/\/sustainablereview.com\/pl\/globalna-fala-upalow-zbiera-swoje-zniwo-od-ekstremalnych-temperatur-w-dolinach-smierci-po-zmagania-w-europie-i-nadchodzaca-burze-w-azji\/"]}]},{"@type":"ImageObject","inLanguage":"pl-PL","@id":"https:\/\/sustainablereview.com\/pl\/globalna-fala-upalow-zbiera-swoje-zniwo-od-ekstremalnych-temperatur-w-dolinach-smierci-po-zmagania-w-europie-i-nadchodzaca-burze-w-azji\/#primaryimage","url":"https:\/\/sustainablereview.com\/wp-content\/uploads\/2023\/07\/Untitled-design-53.jpg","contentUrl":"https:\/\/sustainablereview.com\/wp-content\/uploads\/2023\/07\/Untitled-design-53.jpg","width":1024,"height":683},{"@type":"BreadcrumbList","@id":"https:\/\/sustainablereview.com\/pl\/globalna-fala-upalow-zbiera-swoje-zniwo-od-ekstremalnych-temperatur-w-dolinach-smierci-po-zmagania-w-europie-i-nadchodzaca-burze-w-azji\/#breadcrumb","itemListElement":[{"@type":"ListItem","position":1,"name":"Strona g\u0142\u00f3wna","item":"https:\/\/sustainablereview.com\/pl\/strona-glowna\/"},{"@type":"ListItem","position":2,"name":"Globalna fala upa\u0142\u00f3w zbiera swoje \u017cniwo: Od ekstremalnych temperatur w Dolinie \u015amierci po zmagania w Europie i nadchodz\u0105c\u0105 burz\u0119 w Azji"}]},{"@type":"WebSite","@id":"https:\/\/sustainablereview.com\/pl\/#website","url":"https:\/\/sustainablereview.com\/pl\/","name":"Sustainable Review","description":"Let us do the &#039;Green-splaining&#039;","publisher":{"@id":"https:\/\/sustainablereview.com\/pl\/#organization"},"potentialAction":[{"@type":"SearchAction","target":{"@type":"EntryPoint","urlTemplate":"https:\/\/sustainablereview.com\/pl\/?s={search_term_string}"},"query-input":"required name=search_term_string"}],"inLanguage":"pl-PL"},{"@type":"Organization","@id":"https:\/\/sustainablereview.com\/pl\/#organization","name":"Sustainable Review","url":"https:\/\/sustainablereview.com\/pl\/","logo":{"@type":"ImageObject","inLanguage":"pl-PL","@id":"https:\/\/sustainablereview.com\/pl\/#\/schema\/logo\/image\/","url":"https:\/\/sustainablereview.com\/wp-content\/uploads\/2020\/06\/static1.squarespace.png","contentUrl":"https:\/\/sustainablereview.com\/wp-content\/uploads\/2020\/06\/static1.squarespace.png","width":800,"height":800,"caption":"Sustainable Review"},"image":{"@id":"https:\/\/sustainablereview.com\/pl\/#\/schema\/logo\/image\/"},"sameAs":["https:\/\/x.com\/sustainreview"]},{"@type":"Person","@id":"https:\/\/sustainablereview.com\/pl\/#\/schema\/person\/85320f9ca6ed105ac24fd5721a2ce339","name":"Raf Chomsky","image":{"@type":"ImageObject","inLanguage":"pl-PL","@id":"https:\/\/sustainablereview.com\/pl\/#\/schema\/person\/image\/","url":"https:\/\/sustainablereview.com\/wp-content\/litespeed\/avatar\/ad8c67d6aa8afe7c0a7adebd55367f9e.jpg?ver=1777430820","contentUrl":"https:\/\/sustainablereview.com\/wp-content\/litespeed\/avatar\/ad8c67d6aa8afe7c0a7adebd55367f9e.jpg?ver=1777430820","caption":"Raf Chomsky"},"description":"Dedicated author deeply engaged in sustainability issues. My writing focuses on practical, impactful solutions and communicates the urgency of environmental responsibility. With a commitment to raising awareness, I aim to inform and inspire readers to embrace sustainable practices in their daily lives.","sameAs":["https:\/\/sustainablereview.com\/"],"url":"https:\/\/sustainablereview.com\/pl\/author\/nonagency\/"}]}},"wpml_translations":{"en":"25880","pl":"60537","pt-br":"39232"},"_links":{"self":[{"href":"https:\/\/sustainablereview.com\/pl\/wp-json\/wp\/v2\/posts\/60537"}],"collection":[{"href":"https:\/\/sustainablereview.com\/pl\/wp-json\/wp\/v2\/posts"}],"about":[{"href":"https:\/\/sustainablereview.com\/pl\/wp-json\/wp\/v2\/types\/post"}],"author":[{"embeddable":true,"href":"https:\/\/sustainablereview.com\/pl\/wp-json\/wp\/v2\/users\/1502"}],"replies":[{"embeddable":true,"href":"https:\/\/sustainablereview.com\/pl\/wp-json\/wp\/v2\/comments?post=60537"}],"version-history":[{"count":1,"href":"https:\/\/sustainablereview.com\/pl\/wp-json\/wp\/v2\/posts\/60537\/revisions"}],"predecessor-version":[{"id":61049,"href":"https:\/\/sustainablereview.com\/pl\/wp-json\/wp\/v2\/posts\/60537\/revisions\/61049"}],"wp:featuredmedia":[{"embeddable":true,"href":"https:\/\/sustainablereview.com\/pl\/wp-json\/wp\/v2\/media\/46650"}],"wp:attachment":[{"href":"https:\/\/sustainablereview.com\/pl\/wp-json\/wp\/v2\/media?parent=60537"}],"wp:term":[{"taxonomy":"category","embeddable":true,"href":"https:\/\/sustainablereview.com\/pl\/wp-json\/wp\/v2\/categories?post=60537"},{"taxonomy":"post_tag","embeddable":true,"href":"https:\/\/sustainablereview.com\/pl\/wp-json\/wp\/v2\/tags?post=60537"}],"curies":[{"name":"wp","href":"https:\/\/api.w.org\/{rel}","templated":true}]}}