{"id":60538,"date":"2023-07-27T12:49:13","date_gmt":"2023-07-27T16:49:13","guid":{"rendered":"https:\/\/sustainablereview.com\/?p=60538"},"modified":"2024-08-04T18:53:55","modified_gmt":"2024-08-04T22:53:55","slug":"kryzys-wywolany-pozarami-to-sygnal-alarmowy-z-grecji","status":"publish","type":"post","link":"https:\/\/sustainablereview.com\/pl\/kryzys-wywolany-pozarami-to-sygnal-alarmowy-z-grecji\/","title":{"rendered":"Kryzys zwi\u0105zany z po\u017carami: Pobudka z Grecji"},"content":{"rendered":"\n<p>Bezprecedensowe wysi\u0142ki ewakuacyjne w obliczu historycznej fali upa\u0142\u00f3w i szalej\u0105cych po\u017car\u00f3w w Grecji.<\/p>\n\n\n\n<p>Wybuch po\u017caru na greckiej wyspie Rodos, najgorszy w historii kraju, wymusi\u0142 ewakuacj\u0119 tysi\u0119cy turyst\u00f3w i mieszka\u0144c\u00f3w, pozostawiaj\u0105c ich z przera\u017caj\u0105cymi wspomnieniami i obawami o przysz\u0142o\u015b\u0107.<\/p>\n\n\n\n<p>Zaciek\u0142y po\u017car, wzniecony przez rekordow\u0105 fal\u0119 upa\u0142\u00f3w w Grecji, przetoczy\u0142 si\u0119 przez centraln\u0105 i po\u0142udniow\u0105 cz\u0119\u015b\u0107 Rodos, g\u0142\u00f3wnego o\u015brodka turystycznego. Ci, kt\u00f3rzy zostali z\u0142apani w p\u0142omieniach, podzielili si\u0119 opowie\u015bciami o chaosie i strachu, a niekt\u00f3rzy ewakuowali si\u0119 pieszo lub zorganizowali w\u0142asny transport po otrzymaniu polecenia opuszczenia miasta.<\/p>\n\n\n\n<p>Pozostawieni sami sobie, wielu z nich zabra\u0142o ze sob\u0105 tylko dow\u00f3d osobisty i najpotrzebniejsze rzeczy, porzucaj\u0105c wszystko inne. W ramach procesu ewakuacji oko\u0142o 16 000 os\u00f3b zosta\u0142o przetransportowanych drog\u0105 l\u0105dow\u0105, a 3 000 drog\u0105 morsk\u0105.<\/p>\n\n\n\n<p>Po\u017car zagra\u017ca obecnie regionom Kiotari i Lardos, w pobli\u017cu stanowiska archeologicznego Lindos. Aby pomie\u015bci\u0107 ewakuowanych, w bezpieczniejszych cz\u0119\u015bciach wyspy przygotowano obiekty, w tym hotele, szko\u0142y, o\u015brodki sportowe i centra konferencyjne. Grecki rz\u0105d og\u0142osi\u0142, \u017ce ministerstwo spraw zagranicznych utworzy punkt pomocy turystom powracaj\u0105cym do swoich kraj\u00f3w.<\/p>\n\n\n\n<h2 class=\"wp-block-heading\">Turystyka powa\u017cnie dotkni\u0119ta, globalna pomoc uruchomiona<\/h2>\n\n\n\n<p>Nasilaj\u0105cy si\u0119 kryzys sk\u0142oni\u0142 brytyjskie linie lotnicze Jet2 i grup\u0119 wakacyjn\u0105 TUI do odwo\u0142ania wszystkich lot\u00f3w i ofert wakacyjnych na Rodos do czasu ustabilizowania si\u0119 sytuacji. W mi\u0119dzyczasie greckie Ministerstwo Ochrony Ludno\u015bci og\u0142osi\u0142o czerwony alarm w zwi\u0105zku z po\u017carami w 13 departamentach, w tym w Atenach, gdzie Akropol i inne stanowiska archeologiczne zmieni\u0142y godziny zwiedzania ze wzgl\u0119du na rosn\u0105ce temperatury.<\/p>\n\n\n\n<p>Kostas Lagouvardos, dyrektor ds. bada\u0144 w Narodowym Obserwatorium w Atenach, podkre\u015bli\u0142 bezprecedensowy charakter tego kryzysu, stwierdzaj\u0105c, \u017ce fala upa\u0142\u00f3w mo\u017ce trwa\u0107 od 15 do 16 dni, przekraczaj\u0105c poprzedni rekord 12 dni z 1987 roku. Intensywna fala upa\u0142\u00f3w przetaczaj\u0105ca si\u0119 przez Europ\u0119 jest cz\u0119\u015bci\u0105 niepokoj\u0105cego trendu ekstremalnych zjawisk pogodowych, kt\u00f3ry wed\u0142ug naukowc\u00f3w prawdopodobnie nasili si\u0119 wraz z ociepleniem planety.<\/p>\n\n\n\n<p>Kryzys zwi\u0105zany z po\u017carami nie tylko zak\u0142\u00f3ci\u0142 turystyk\u0119, ale tak\u017ce stanowi\u0142 powa\u017cne zagro\u017cenie dla \u015brodowiska naturalnego Rodos, mog\u0105c zniszczy\u0107 kwitn\u0105c\u0105 dzik\u0105 przyrod\u0119 wyspy. Skutki wykraczaj\u0105 poza bezpo\u015brednie zagro\u017cenie dla \u017cycia i mienia, ujawniaj\u0105c surow\u0105 rzeczywisto\u015b\u0107 globalnego ocieplenia i stanowi\u0105c ostry sygna\u0142 ostrzegawczy dla skutecznych dzia\u0142a\u0144 na rzecz klimatu.<\/p>\n\n\n\n<p>Podczas gdy walka z po\u017carem trwa, wyspa pozostaje pokryta bliznami, a jej przysz\u0142o\u015b\u0107 jest niepewna.<\/p>\n","protected":false},"excerpt":{"rendered":"<p><!-- wp:paragraph --><\/p>\n<p>Grecja stoi w obliczu historycznych po\u017car\u00f3w w obliczu rekordowej fali upa\u0142\u00f3w, wymuszaj\u0105c masowe ewakuacje i zak\u0142\u00f3caj\u0105c turystyk\u0119. Globalna pomoc zosta\u0142a zmobilizowana, poniewa\u017c kryzys podkre\u015bla piln\u0105 potrzeb\u0119 dzia\u0142a\u0144 na rzecz klimatu.<\/p>\n<p><!-- \/wp:paragraph --><\/p>\n","protected":false},"author":1502,"featured_media":46646,"comment_status":"closed","ping_status":"open","sticky":false,"template":"","format":"standard","meta":{"_acf_changed":false,"_monsterinsights_skip_tracking":false,"_monsterinsights_sitenote_active":false,"_monsterinsights_sitenote_note":"","_monsterinsights_sitenote_category":0,"footnotes":""},"categories":[3181],"tags":[],"acf":[],"yoast_head":"<!-- This site is optimized with the Yoast SEO plugin v23.2 - https:\/\/yoast.com\/wordpress\/plugins\/seo\/ -->\n<title>Kryzys zwi\u0105zany z po\u017carami: Pobudka z Grecji &#8212; Sustainable Review<\/title>\n<meta name=\"robots\" content=\"index, follow, max-snippet:-1, max-image-preview:large, max-video-preview:-1\" \/>\n<link rel=\"canonical\" href=\"https:\/\/sustainablereview.com\/pl\/kryzys-wywolany-pozarami-to-sygnal-alarmowy-z-grecji\/\" \/>\n<meta property=\"og:locale\" content=\"pl_PL\" \/>\n<meta property=\"og:type\" content=\"article\" \/>\n<meta property=\"og:title\" content=\"Kryzys zwi\u0105zany z po\u017carami: Pobudka z Grecji &#8212; Sustainable Review\" \/>\n<meta property=\"og:description\" content=\"Grecja stoi w obliczu historycznych po\u017car\u00f3w w obliczu rekordowej fali upa\u0142\u00f3w, wymuszaj\u0105c masowe ewakuacje i zak\u0142\u00f3caj\u0105c turystyk\u0119. Globalna pomoc zosta\u0142a zmobilizowana, poniewa\u017c kryzys podkre\u015bla piln\u0105 potrzeb\u0119 dzia\u0142a\u0144 na rzecz klimatu.\" \/>\n<meta property=\"og:url\" content=\"https:\/\/sustainablereview.com\/pl\/kryzys-wywolany-pozarami-to-sygnal-alarmowy-z-grecji\/\" \/>\n<meta property=\"og:site_name\" content=\"Sustainable Review\" \/>\n<meta property=\"article:published_time\" content=\"2023-07-27T16:49:13+00:00\" \/>\n<meta property=\"article:modified_time\" content=\"2024-08-04T22:53:55+00:00\" \/>\n<meta property=\"og:image\" content=\"https:\/\/sustainablereview.com\/wp-content\/uploads\/2023\/07\/4000.jpg\" \/>\n\t<meta property=\"og:image:width\" content=\"1240\" \/>\n\t<meta property=\"og:image:height\" content=\"744\" \/>\n\t<meta property=\"og:image:type\" content=\"image\/jpeg\" \/>\n<meta name=\"author\" content=\"Raf Chomsky\" \/>\n<meta name=\"twitter:card\" content=\"summary_large_image\" \/>\n<meta name=\"twitter:creator\" content=\"@sustainreview\" \/>\n<meta name=\"twitter:site\" content=\"@sustainreview\" \/>\n<meta name=\"twitter:label1\" content=\"Napisane przez\" \/>\n\t<meta name=\"twitter:data1\" content=\"Raf Chomsky\" \/>\n\t<meta name=\"twitter:label2\" content=\"Szacowany czas czytania\" \/>\n\t<meta name=\"twitter:data2\" content=\"2 minuty\" \/>\n<script type=\"application\/ld+json\" class=\"yoast-schema-graph\">{\"@context\":\"https:\/\/schema.org\",\"@graph\":[{\"@type\":\"Article\",\"@id\":\"https:\/\/sustainablereview.com\/pl\/kryzys-wywolany-pozarami-to-sygnal-alarmowy-z-grecji\/#article\",\"isPartOf\":{\"@id\":\"https:\/\/sustainablereview.com\/pl\/kryzys-wywolany-pozarami-to-sygnal-alarmowy-z-grecji\/\"},\"author\":{\"name\":\"Raf Chomsky\",\"@id\":\"https:\/\/sustainablereview.com\/pl\/#\/schema\/person\/85320f9ca6ed105ac24fd5721a2ce339\"},\"headline\":\"Kryzys zwi\u0105zany z po\u017carami: Pobudka z Grecji\",\"datePublished\":\"2023-07-27T16:49:13+00:00\",\"dateModified\":\"2024-08-04T22:53:55+00:00\",\"mainEntityOfPage\":{\"@id\":\"https:\/\/sustainablereview.com\/pl\/kryzys-wywolany-pozarami-to-sygnal-alarmowy-z-grecji\/\"},\"wordCount\":438,\"publisher\":{\"@id\":\"https:\/\/sustainablereview.com\/pl\/#organization\"},\"image\":{\"@id\":\"https:\/\/sustainablereview.com\/pl\/kryzys-wywolany-pozarami-to-sygnal-alarmowy-z-grecji\/#primaryimage\"},\"thumbnailUrl\":\"https:\/\/sustainablereview.com\/wp-content\/uploads\/2023\/07\/4000.jpg\",\"articleSection\":[\"Aktualno\u015bci\"],\"inLanguage\":\"pl-PL\"},{\"@type\":\"WebPage\",\"@id\":\"https:\/\/sustainablereview.com\/pl\/kryzys-wywolany-pozarami-to-sygnal-alarmowy-z-grecji\/\",\"url\":\"https:\/\/sustainablereview.com\/pl\/kryzys-wywolany-pozarami-to-sygnal-alarmowy-z-grecji\/\",\"name\":\"Kryzys zwi\u0105zany z po\u017carami: Pobudka z Grecji &#8212; Sustainable Review\",\"isPartOf\":{\"@id\":\"https:\/\/sustainablereview.com\/pl\/#website\"},\"primaryImageOfPage\":{\"@id\":\"https:\/\/sustainablereview.com\/pl\/kryzys-wywolany-pozarami-to-sygnal-alarmowy-z-grecji\/#primaryimage\"},\"image\":{\"@id\":\"https:\/\/sustainablereview.com\/pl\/kryzys-wywolany-pozarami-to-sygnal-alarmowy-z-grecji\/#primaryimage\"},\"thumbnailUrl\":\"https:\/\/sustainablereview.com\/wp-content\/uploads\/2023\/07\/4000.jpg\",\"datePublished\":\"2023-07-27T16:49:13+00:00\",\"dateModified\":\"2024-08-04T22:53:55+00:00\",\"breadcrumb\":{\"@id\":\"https:\/\/sustainablereview.com\/pl\/kryzys-wywolany-pozarami-to-sygnal-alarmowy-z-grecji\/#breadcrumb\"},\"inLanguage\":\"pl-PL\",\"potentialAction\":[{\"@type\":\"ReadAction\",\"target\":[\"https:\/\/sustainablereview.com\/pl\/kryzys-wywolany-pozarami-to-sygnal-alarmowy-z-grecji\/\"]}]},{\"@type\":\"ImageObject\",\"inLanguage\":\"pl-PL\",\"@id\":\"https:\/\/sustainablereview.com\/pl\/kryzys-wywolany-pozarami-to-sygnal-alarmowy-z-grecji\/#primaryimage\",\"url\":\"https:\/\/sustainablereview.com\/wp-content\/uploads\/2023\/07\/4000.jpg\",\"contentUrl\":\"https:\/\/sustainablereview.com\/wp-content\/uploads\/2023\/07\/4000.jpg\",\"width\":1240,\"height\":744},{\"@type\":\"BreadcrumbList\",\"@id\":\"https:\/\/sustainablereview.com\/pl\/kryzys-wywolany-pozarami-to-sygnal-alarmowy-z-grecji\/#breadcrumb\",\"itemListElement\":[{\"@type\":\"ListItem\",\"position\":1,\"name\":\"Strona g\u0142\u00f3wna\",\"item\":\"https:\/\/sustainablereview.com\/pl\/strona-glowna\/\"},{\"@type\":\"ListItem\",\"position\":2,\"name\":\"Kryzys zwi\u0105zany z po\u017carami: Pobudka z Grecji\"}]},{\"@type\":\"WebSite\",\"@id\":\"https:\/\/sustainablereview.com\/pl\/#website\",\"url\":\"https:\/\/sustainablereview.com\/pl\/\",\"name\":\"Sustainable Review\",\"description\":\"Let us do the &#039;Green-splaining&#039;\",\"publisher\":{\"@id\":\"https:\/\/sustainablereview.com\/pl\/#organization\"},\"potentialAction\":[{\"@type\":\"SearchAction\",\"target\":{\"@type\":\"EntryPoint\",\"urlTemplate\":\"https:\/\/sustainablereview.com\/pl\/?s={search_term_string}\"},\"query-input\":\"required name=search_term_string\"}],\"inLanguage\":\"pl-PL\"},{\"@type\":\"Organization\",\"@id\":\"https:\/\/sustainablereview.com\/pl\/#organization\",\"name\":\"Sustainable Review\",\"url\":\"https:\/\/sustainablereview.com\/pl\/\",\"logo\":{\"@type\":\"ImageObject\",\"inLanguage\":\"pl-PL\",\"@id\":\"https:\/\/sustainablereview.com\/pl\/#\/schema\/logo\/image\/\",\"url\":\"https:\/\/sustainablereview.com\/wp-content\/uploads\/2020\/06\/static1.squarespace.png\",\"contentUrl\":\"https:\/\/sustainablereview.com\/wp-content\/uploads\/2020\/06\/static1.squarespace.png\",\"width\":800,\"height\":800,\"caption\":\"Sustainable Review\"},\"image\":{\"@id\":\"https:\/\/sustainablereview.com\/pl\/#\/schema\/logo\/image\/\"},\"sameAs\":[\"https:\/\/x.com\/sustainreview\"]},{\"@type\":\"Person\",\"@id\":\"https:\/\/sustainablereview.com\/pl\/#\/schema\/person\/85320f9ca6ed105ac24fd5721a2ce339\",\"name\":\"Raf Chomsky\",\"image\":{\"@type\":\"ImageObject\",\"inLanguage\":\"pl-PL\",\"@id\":\"https:\/\/sustainablereview.com\/pl\/#\/schema\/person\/image\/\",\"url\":\"https:\/\/sustainablereview.com\/wp-content\/litespeed\/avatar\/ad8c67d6aa8afe7c0a7adebd55367f9e.jpg?ver=1777430820\",\"contentUrl\":\"https:\/\/sustainablereview.com\/wp-content\/litespeed\/avatar\/ad8c67d6aa8afe7c0a7adebd55367f9e.jpg?ver=1777430820\",\"caption\":\"Raf Chomsky\"},\"description\":\"Dedicated author deeply engaged in sustainability issues. My writing focuses on practical, impactful solutions and communicates the urgency of environmental responsibility. With a commitment to raising awareness, I aim to inform and inspire readers to embrace sustainable practices in their daily lives.\",\"sameAs\":[\"https:\/\/sustainablereview.com\/\"],\"url\":\"https:\/\/sustainablereview.com\/pl\/author\/nonagency\/\"}]}<\/script>\n<!-- \/ Yoast SEO plugin. -->","yoast_head_json":{"title":"Kryzys zwi\u0105zany z po\u017carami: Pobudka z Grecji &#8212; Sustainable Review","robots":{"index":"index","follow":"follow","max-snippet":"max-snippet:-1","max-image-preview":"max-image-preview:large","max-video-preview":"max-video-preview:-1"},"canonical":"https:\/\/sustainablereview.com\/pl\/kryzys-wywolany-pozarami-to-sygnal-alarmowy-z-grecji\/","og_locale":"pl_PL","og_type":"article","og_title":"Kryzys zwi\u0105zany z po\u017carami: Pobudka z Grecji &#8212; Sustainable Review","og_description":"Grecja stoi w obliczu historycznych po\u017car\u00f3w w obliczu rekordowej fali upa\u0142\u00f3w, wymuszaj\u0105c masowe ewakuacje i zak\u0142\u00f3caj\u0105c turystyk\u0119. Globalna pomoc zosta\u0142a zmobilizowana, poniewa\u017c kryzys podkre\u015bla piln\u0105 potrzeb\u0119 dzia\u0142a\u0144 na rzecz klimatu.","og_url":"https:\/\/sustainablereview.com\/pl\/kryzys-wywolany-pozarami-to-sygnal-alarmowy-z-grecji\/","og_site_name":"Sustainable Review","article_published_time":"2023-07-27T16:49:13+00:00","article_modified_time":"2024-08-04T22:53:55+00:00","og_image":[{"width":1240,"height":744,"url":"https:\/\/sustainablereview.com\/wp-content\/uploads\/2023\/07\/4000.jpg","type":"image\/jpeg"}],"author":"Raf Chomsky","twitter_card":"summary_large_image","twitter_creator":"@sustainreview","twitter_site":"@sustainreview","twitter_misc":{"Napisane przez":"Raf Chomsky","Szacowany czas czytania":"2 minuty"},"schema":{"@context":"https:\/\/schema.org","@graph":[{"@type":"Article","@id":"https:\/\/sustainablereview.com\/pl\/kryzys-wywolany-pozarami-to-sygnal-alarmowy-z-grecji\/#article","isPartOf":{"@id":"https:\/\/sustainablereview.com\/pl\/kryzys-wywolany-pozarami-to-sygnal-alarmowy-z-grecji\/"},"author":{"name":"Raf Chomsky","@id":"https:\/\/sustainablereview.com\/pl\/#\/schema\/person\/85320f9ca6ed105ac24fd5721a2ce339"},"headline":"Kryzys zwi\u0105zany z po\u017carami: Pobudka z Grecji","datePublished":"2023-07-27T16:49:13+00:00","dateModified":"2024-08-04T22:53:55+00:00","mainEntityOfPage":{"@id":"https:\/\/sustainablereview.com\/pl\/kryzys-wywolany-pozarami-to-sygnal-alarmowy-z-grecji\/"},"wordCount":438,"publisher":{"@id":"https:\/\/sustainablereview.com\/pl\/#organization"},"image":{"@id":"https:\/\/sustainablereview.com\/pl\/kryzys-wywolany-pozarami-to-sygnal-alarmowy-z-grecji\/#primaryimage"},"thumbnailUrl":"https:\/\/sustainablereview.com\/wp-content\/uploads\/2023\/07\/4000.jpg","articleSection":["Aktualno\u015bci"],"inLanguage":"pl-PL"},{"@type":"WebPage","@id":"https:\/\/sustainablereview.com\/pl\/kryzys-wywolany-pozarami-to-sygnal-alarmowy-z-grecji\/","url":"https:\/\/sustainablereview.com\/pl\/kryzys-wywolany-pozarami-to-sygnal-alarmowy-z-grecji\/","name":"Kryzys zwi\u0105zany z po\u017carami: Pobudka z Grecji &#8212; Sustainable Review","isPartOf":{"@id":"https:\/\/sustainablereview.com\/pl\/#website"},"primaryImageOfPage":{"@id":"https:\/\/sustainablereview.com\/pl\/kryzys-wywolany-pozarami-to-sygnal-alarmowy-z-grecji\/#primaryimage"},"image":{"@id":"https:\/\/sustainablereview.com\/pl\/kryzys-wywolany-pozarami-to-sygnal-alarmowy-z-grecji\/#primaryimage"},"thumbnailUrl":"https:\/\/sustainablereview.com\/wp-content\/uploads\/2023\/07\/4000.jpg","datePublished":"2023-07-27T16:49:13+00:00","dateModified":"2024-08-04T22:53:55+00:00","breadcrumb":{"@id":"https:\/\/sustainablereview.com\/pl\/kryzys-wywolany-pozarami-to-sygnal-alarmowy-z-grecji\/#breadcrumb"},"inLanguage":"pl-PL","potentialAction":[{"@type":"ReadAction","target":["https:\/\/sustainablereview.com\/pl\/kryzys-wywolany-pozarami-to-sygnal-alarmowy-z-grecji\/"]}]},{"@type":"ImageObject","inLanguage":"pl-PL","@id":"https:\/\/sustainablereview.com\/pl\/kryzys-wywolany-pozarami-to-sygnal-alarmowy-z-grecji\/#primaryimage","url":"https:\/\/sustainablereview.com\/wp-content\/uploads\/2023\/07\/4000.jpg","contentUrl":"https:\/\/sustainablereview.com\/wp-content\/uploads\/2023\/07\/4000.jpg","width":1240,"height":744},{"@type":"BreadcrumbList","@id":"https:\/\/sustainablereview.com\/pl\/kryzys-wywolany-pozarami-to-sygnal-alarmowy-z-grecji\/#breadcrumb","itemListElement":[{"@type":"ListItem","position":1,"name":"Strona g\u0142\u00f3wna","item":"https:\/\/sustainablereview.com\/pl\/strona-glowna\/"},{"@type":"ListItem","position":2,"name":"Kryzys zwi\u0105zany z po\u017carami: Pobudka z Grecji"}]},{"@type":"WebSite","@id":"https:\/\/sustainablereview.com\/pl\/#website","url":"https:\/\/sustainablereview.com\/pl\/","name":"Sustainable Review","description":"Let us do the &#039;Green-splaining&#039;","publisher":{"@id":"https:\/\/sustainablereview.com\/pl\/#organization"},"potentialAction":[{"@type":"SearchAction","target":{"@type":"EntryPoint","urlTemplate":"https:\/\/sustainablereview.com\/pl\/?s={search_term_string}"},"query-input":"required name=search_term_string"}],"inLanguage":"pl-PL"},{"@type":"Organization","@id":"https:\/\/sustainablereview.com\/pl\/#organization","name":"Sustainable Review","url":"https:\/\/sustainablereview.com\/pl\/","logo":{"@type":"ImageObject","inLanguage":"pl-PL","@id":"https:\/\/sustainablereview.com\/pl\/#\/schema\/logo\/image\/","url":"https:\/\/sustainablereview.com\/wp-content\/uploads\/2020\/06\/static1.squarespace.png","contentUrl":"https:\/\/sustainablereview.com\/wp-content\/uploads\/2020\/06\/static1.squarespace.png","width":800,"height":800,"caption":"Sustainable Review"},"image":{"@id":"https:\/\/sustainablereview.com\/pl\/#\/schema\/logo\/image\/"},"sameAs":["https:\/\/x.com\/sustainreview"]},{"@type":"Person","@id":"https:\/\/sustainablereview.com\/pl\/#\/schema\/person\/85320f9ca6ed105ac24fd5721a2ce339","name":"Raf Chomsky","image":{"@type":"ImageObject","inLanguage":"pl-PL","@id":"https:\/\/sustainablereview.com\/pl\/#\/schema\/person\/image\/","url":"https:\/\/sustainablereview.com\/wp-content\/litespeed\/avatar\/ad8c67d6aa8afe7c0a7adebd55367f9e.jpg?ver=1777430820","contentUrl":"https:\/\/sustainablereview.com\/wp-content\/litespeed\/avatar\/ad8c67d6aa8afe7c0a7adebd55367f9e.jpg?ver=1777430820","caption":"Raf Chomsky"},"description":"Dedicated author deeply engaged in sustainability issues. My writing focuses on practical, impactful solutions and communicates the urgency of environmental responsibility. With a commitment to raising awareness, I aim to inform and inspire readers to embrace sustainable practices in their daily lives.","sameAs":["https:\/\/sustainablereview.com\/"],"url":"https:\/\/sustainablereview.com\/pl\/author\/nonagency\/"}]}},"wpml_translations":{"en":"25877","pl":"60538","pt-br":"39233"},"_links":{"self":[{"href":"https:\/\/sustainablereview.com\/pl\/wp-json\/wp\/v2\/posts\/60538"}],"collection":[{"href":"https:\/\/sustainablereview.com\/pl\/wp-json\/wp\/v2\/posts"}],"about":[{"href":"https:\/\/sustainablereview.com\/pl\/wp-json\/wp\/v2\/types\/post"}],"author":[{"embeddable":true,"href":"https:\/\/sustainablereview.com\/pl\/wp-json\/wp\/v2\/users\/1502"}],"replies":[{"embeddable":true,"href":"https:\/\/sustainablereview.com\/pl\/wp-json\/wp\/v2\/comments?post=60538"}],"version-history":[{"count":1,"href":"https:\/\/sustainablereview.com\/pl\/wp-json\/wp\/v2\/posts\/60538\/revisions"}],"predecessor-version":[{"id":61050,"href":"https:\/\/sustainablereview.com\/pl\/wp-json\/wp\/v2\/posts\/60538\/revisions\/61050"}],"wp:featuredmedia":[{"embeddable":true,"href":"https:\/\/sustainablereview.com\/pl\/wp-json\/wp\/v2\/media\/46646"}],"wp:attachment":[{"href":"https:\/\/sustainablereview.com\/pl\/wp-json\/wp\/v2\/media?parent=60538"}],"wp:term":[{"taxonomy":"category","embeddable":true,"href":"https:\/\/sustainablereview.com\/pl\/wp-json\/wp\/v2\/categories?post=60538"},{"taxonomy":"post_tag","embeddable":true,"href":"https:\/\/sustainablereview.com\/pl\/wp-json\/wp\/v2\/tags?post=60538"}],"curies":[{"name":"wp","href":"https:\/\/api.w.org\/{rel}","templated":true}]}}