{"id":60599,"date":"2023-05-31T16:07:07","date_gmt":"2023-05-31T20:07:07","guid":{"rendered":"https:\/\/sustainablereview.com\/?p=60599"},"modified":"2024-08-05T03:33:40","modified_gmt":"2024-08-05T07:33:40","slug":"przyszlosc-najwiekszego-lasu-deszczowego-na-swiecie","status":"publish","type":"post","link":"https:\/\/sustainablereview.com\/pl\/przyszlosc-najwiekszego-lasu-deszczowego-na-swiecie\/","title":{"rendered":"Wylesianie Amazonii: Spojrzenie w przysz\u0142o\u015b\u0107 najwi\u0119kszego lasu deszczowego na \u015bwiecie"},"content":{"rendered":"\n<p>Amazo\u0144ski Las Deszczowy, cz\u0119sto nazywany &#8222;p\u0142ucami Ziemi&#8221;, stoi w obliczu powa\u017cnego zagro\u017cenia: wylesiania. Ta bujna ziele\u0144, pe\u0142na bior\u00f3\u017cnorodno\u015bci i kluczowa dla globalnej stabilno\u015bci klimatu, szybko zanika. Konsekwencje tego zniszczenia wykraczaj\u0105 daleko poza granice Brazylii, gdzie znajduje si\u0119 znaczna cz\u0119\u015b\u0107 las\u00f3w deszczowych. Od <a href=\"https:\/\/sustainablereview.com\/pl\/ryzyko-zmiany-klimatu-dzika-przyroda\/\">zmian<\/a> klimatycznych po brak r\u00f3wnowagi ekologicznej, konsekwencje s\u0105 g\u0142\u0119bokie i potencjalnie nieodwracalne.<\/p>\n\n\n\n<p>W tym po\u015bcie zag\u0142\u0119biamy si\u0119 w z\u0142o\u017cone kwestie zwi\u0105zane z wylesianiem Amazonii, analizuj\u0105c jego przyczyny, konsekwencje i potencjalne scenariusze na przysz\u0142o\u015b\u0107.<\/p>\n\n\n\n<h2 class=\"wp-block-heading\">Kluczowe wnioski<\/h2>\n\n\n\n<ul>\n<li>Wylesianie Amazonii przyspiesza, nap\u0119dzane przez ekspansj\u0119 rolnictwa, pozyskiwanie drewna i g\u00f3rnictwo.<\/li>\n\n\n\n<li>Polityka prezydenta Jaira Bolsonaro zaostrzy\u0142a wska\u017aniki wylesiania w Brazylii.<\/li>\n\n\n\n<li>Podejmowane s\u0105 mi\u0119dzynarodowe wysi\u0142ki w celu zwalczania wylesiania i promowania zr\u00f3wnowa\u017conych praktyk.<\/li>\n\n\n\n<li>Niekt\u00f3re regiony brazylijskiej Amazonii odnotowa\u0142y spadek wska\u017anik\u00f3w wylesiania dzi\u0119ki bardziej rygorystycznym \u015brodkom egzekwowania prawa i presji publicznej.<\/li>\n\n\n\n<li>Pomimo podejmowanych wysi\u0142k\u00f3w, amazo\u0144ski las deszczowy zbli\u017ca si\u0119 do punktu krytycznego, co mo\u017ce mie\u0107 katastrofalne skutki dla globalnej stabilno\u015bci klimatu.<\/li>\n<\/ul>\n\n\n\n<h2 class=\"wp-block-heading\">Amazo\u0144ski las deszczowy i jego eksploatacja<\/h2>\n\n\n\n<p>Amazo\u0144ski Las Deszczowy, bujny i rozleg\u0142y ekosystem rozci\u0105gaj\u0105cy si\u0119 na ponad 5,5 miliona kilometr\u00f3w kwadratowych, ma fascynuj\u0105c\u0105 histori\u0119, kt\u00f3ra si\u0119ga milion\u00f3w lat wstecz. Ten niesamowity obszar jest domem dla osza\u0142amiaj\u0105cej liczby 390 miliard\u00f3w drzew i szeregu unikalnych dzikich zwierz\u0105t. Cz\u0119sto nazywany jest &#8222;p\u0142ucami Ziemi&#8221;, poniewa\u017c ma kluczowe znaczenie dla poch\u0142aniania dwutlenku w\u0119gla i produkcji tlenu.<\/p>\n\n\n\n<p><a href=\"https:\/\/time.com\/amazon-rainforest-disappearing\/\">Artyku\u0142 napisany przez Matta Sandy&#8217;ego dla Time<\/a> zbada\u0142 histori\u0119 amazo\u0144skiego lasu deszczowego i post\u0119p jego wylesiania na przestrzeni lat.<\/p>\n\n\n\n<p>Ludzie s\u0105 cz\u0119\u015bci\u0105 historii Amazonii od oko\u0142o 13 000 lat. Pierwsi ludzie przybyli z Ameryki \u015arodkowej, zak\u0142adaj\u0105c spo\u0142eczno\u015bci zajmuj\u0105ce si\u0119 rolnictwem, buduj\u0105c ufortyfikowane osady i tworz\u0105c ceremonialne wa\u0142y ziemne. W pewnym momencie w Amazonii \u017cy\u0142o do 10 milion\u00f3w rdzennych mieszka\u0144c\u00f3w, w tym plemi\u0119 Karipuna w pobli\u017cu dzisiejszego brazylijskiego stanu Rond\u00f4nia.<\/p>\n\n\n\n<p>Jednak wraz z przybyciem europejskich kolonizator\u00f3w w 1492 r. dynamika regionu zacz\u0119\u0142a si\u0119 drastycznie zmienia\u0107. Poszukiwanie ziemi doprowadzi\u0142o do wylesiania, gdy osadnicy wycinali rozleg\u0142e obszary pod farmy, drewno opa\u0142owe i materia\u0142y budowlane. Pomimo tych zmian, znaczna cz\u0119\u015b\u0107 las\u00f3w deszczowych pozosta\u0142a nienaruszona a\u017c do pocz\u0105tku XX wieku. Niestety, tego samego nie mo\u017cna powiedzie\u0107 o rdzennych mieszka\u0144cach, kt\u00f3rych populacja zmniejszy\u0142a si\u0119 z powodu kontaktu z obcymi i chor\u00f3b, takich jak odra i grypa.<\/p>\n\n\n\n<p>Wed\u0142ug <a href=\"https:\/\/www.cfr.org\/in-brief\/deforestation-brazils-amazon-has-reached-record-high-whats-being-done\">Council on Foreign<\/a> Relations, od lat 60-tych XX wieku rozleg\u0142e obszary le\u015bne w Amazonii zacz\u0119\u0142y by\u0107 wycinane na du\u017c\u0105 skal\u0119. Problem ten nasili\u0142 si\u0119 pod przyw\u00f3dztwem Jaira Bolsonaro. Do 2021 r. wylesianie w Amazonii osi\u0105gn\u0119\u0142o pi\u0119tnastoletni szczyt.<\/p>\n\n\n\n<figure class=\"wp-block-image size-full\"><img fetchpriority=\"high\" decoding=\"async\" width=\"680\" height=\"535\" src=\"https:\/\/sustainablereview.com\/\/wp-content\/uploads\/2024\/05\/image-55.png\" alt=\"Forest loss in the Amazon Rainforest\" class=\"wp-image-36770\" srcset=\"https:\/\/sustainablereview.com\/wp-content\/uploads\/2024\/05\/image-55.png 680w, https:\/\/sustainablereview.com\/wp-content\/uploads\/2024\/05\/image-55-300x236.png 300w, https:\/\/sustainablereview.com\/wp-content\/uploads\/2024\/05\/image-55-45x35.png 45w\" sizes=\"(min-width: 960px) 75vw, 100vw\" \/><\/figure>\n\n\n\n<p class=\"has-small-font-size\">\u0179r\u00f3d\u0142o obrazu: <a href=\"https:\/\/www.cfr.org\/in-brief\/deforestation-brazils-amazon-has-reached-record-high-whats-being-done\">https:\/\/www.cfr.org\/in-brief\/deforestation-brazils-amazon-has-reached-record-high-whats-being-done<\/a><\/p>\n\n\n\n<p>Po obj\u0119ciu urz\u0119du prezydenta w 2019 r. administracja Bolsonaro podj\u0119\u0142a kroki, kt\u00f3re wzbudzi\u0142y obawy na arenie mi\u0119dzynarodowej. Brazylia by\u0142a \u015bwiadkiem wycofania si\u0119 z wcze\u015bniej wprowadzonych \u015brodk\u00f3w ochrony \u015brodowiska w celu ochrony las\u00f3w deszczowych Amazonii. Jednym ze znacz\u0105cych posuni\u0119\u0107 by\u0142o zatwierdzenie 24-procentowej redukcji bud\u017cetu na ochron\u0119 \u015brodowiska w 2021 roku.<\/p>\n\n\n\n<p>Ponadto Kongres Brazylii wprowadzi\u0142 kilka zmian legislacyjnych w celu restrukturyzacji nadzoru nad polityk\u0105 \u015brodowiskow\u0105. Zmiany te doprowadzi\u0142y do zmniejszenia zaanga\u017cowania obywateli w radach ds. polityki \u015brodowiskowej, kt\u00f3re tradycyjnie odgrywa\u0142y kluczow\u0105 rol\u0119 w wyra\u017caniu obaw spo\u0142ecznych i zapewnianiu udzia\u0142u spo\u0142eczno\u015bci w procesach decyzyjnych dotycz\u0105cych przepis\u00f3w \u015brodowiskowych. Ponadto nast\u0105pi\u0142a zauwa\u017calna zmiana w przyw\u00f3dztwie w organach polityki \u015brodowiskowej, a urz\u0119dnicy wojskowi zast\u0105pili wielu do\u015bwiadczonych decydent\u00f3w \u015brodowiskowych.<\/p>\n\n\n\n<p>Amazo\u0144ski Las Deszczowy odnotowa\u0142 znaczne straty w ci\u0105gu pierwszych trzech lat prezydentury Jaira Bolsonaro. Od 1 sierpnia 2019 r. do 31 lipca 2021 r. <a href=\"https:\/\/www.vox.com\/down-to-earth\/2022\/9\/29\/23373427\/amazon-rainforest-brazil-jair-bolsonaro-lula-deforestation\">wylesiono<\/a> alarmuj\u0105cy obszar ponad <a href=\"https:\/\/www.vox.com\/down-to-earth\/2022\/9\/29\/23373427\/amazon-rainforest-brazil-jair-bolsonaro-lula-deforestation\">34 000 kilometr\u00f3w kwadratowych, czyli 8,4 miliona akr\u00f3w<\/a>. Liczba ta nie uwzgl\u0119dnia dodatkowych szk\u00f3d spowodowanych przez naturalne po\u017cary las\u00f3w w tym samym okresie. Aby spojrze\u0107 na to z perspektywy, ilo\u015b\u0107 utraconych las\u00f3w deszczowych jest wi\u0119ksza ni\u017c w Belgii.<\/p>\n\n\n\n<figure class=\"wp-block-image size-full\"><img decoding=\"async\" width=\"920\" height=\"662\" src=\"https:\/\/sustainablereview.com\/\/wp-content\/uploads\/2024\/05\/image-56.png\" alt=\"deforestation under Bolsonaro and Total area of Belgium Comparison\" class=\"wp-image-36771\" srcset=\"https:\/\/sustainablereview.com\/wp-content\/uploads\/2024\/05\/image-56.png 920w, https:\/\/sustainablereview.com\/wp-content\/uploads\/2024\/05\/image-56-300x216.png 300w, https:\/\/sustainablereview.com\/wp-content\/uploads\/2024\/05\/image-56-768x553.png 768w, https:\/\/sustainablereview.com\/wp-content\/uploads\/2024\/05\/image-56-45x32.png 45w\" sizes=\"(min-width: 960px) 75vw, 100vw\" \/><\/figure>\n\n\n\n<p class=\"has-small-font-size\">\u0179r\u00f3d\u0142o obrazu: <a href=\"https:\/\/www.vox.com\/down-to-earth\/2022\/9\/29\/23373427\/amazon-rainforest-brazil-jair-bolsonaro-lula-deforestation\">https:\/\/www.vox.com\/down-to-earth\/2022\/9\/29\/23373427\/amazon-rainforest-brazil-jair-bolsonaro-lula-deforestation<\/a><\/p>\n\n\n\n<p>Chocia\u017c administracja Bolsonaro dobieg\u0142a ko\u0144ca, tragiczna spu\u015bcizna \u015brodowiskowa jego dzia\u0142a\u0144 pozostaje.<\/p>\n\n\n\n<p>Mimo \u017ce okres sprawowania urz\u0119du prezydenta przez Jaira Bolsonaro dobieg\u0142 ko\u0144ca, wp\u0142yw jego polityki na \u015brodowisko nadal odbija si\u0119 echem w brazylijskich lasach deszczowych Amazonii. Jego dzia\u0142ania pozostawi\u0142y trwa\u0142y \u015blad na jednym z najwa\u017cniejszych ekologicznych skarb\u00f3w Ziemi, stawiaj\u0105c przysz\u0142e wyzwania dla wysi\u0142k\u00f3w na rzecz odbudowy i ochrony. Spu\u015bcizna tego okresu przyw\u00f3dztwa b\u0119dzie odczuwalna przez wiele lat, podkre\u015blaj\u0105c trwa\u0142e konsekwencje decyzji dotycz\u0105cych polityki \u015brodowiskowej.<\/p>\n\n\n\n<p>W poni\u017cszym filmie Vox przedstawia dog\u0142\u0119bne spojrzenie na zniszczenie Amazonii, wyja\u015bniaj\u0105c, dlaczego jest ona zagro\u017cona i osoby pr\u00f3buj\u0105ce j\u0105 uratowa\u0107.<\/p>\n\n\n\n<figure class=\"wp-block-embed is-type-video is-provider-youtube wp-block-embed-youtube wp-embed-aspect-16-9 wp-has-aspect-ratio\"><div class=\"wp-block-embed__wrapper\">\nhttps:\/\/www.youtube.com\/watch?v=SAZAKPUQMw0<\/div><\/figure>\n\n\n\n<h2 class=\"wp-block-heading\">Co robimy<\/h2>\n\n\n\n<p>W odpowiedzi na pal\u0105c\u0105 kwesti\u0119 wylesiania Amazonii, szeroka koalicja graczy zebra\u0142a si\u0119, aby przeciwdzia\u0142a\u0107 szkodom i chroni\u0107 przysz\u0142o\u015b\u0107 tego wa\u017cnego ekosystemu. Organy mi\u0119dzynarodowe, rz\u0105dy krajowe, grupy \u015brodowiskowe i zaniepokojeni aktywi\u015bci \u0142\u0105cz\u0105 si\u0142y, aby zwr\u00f3ci\u0107 uwag\u0119 na problem, bardziej rygorystycznie egzekwowa\u0107 istniej\u0105ce przepisy i broni\u0107 zr\u00f3wnowa\u017conego zarz\u0105dzania zasobami las\u00f3w deszczowych.<\/p>\n\n\n\n<p>Jednym z kluczowych \u015brodk\u00f3w w tej walce jest <a href=\"https:\/\/www.amazonfund.gov.br\/en\/home\/\">Amazon Fund<\/a>. Inicjatywa ta ma na celu przekazywanie pomocy finansowej na projekty ochrony i zr\u00f3wnowa\u017conego rozwoju w regionie Amazonii. Fundusz ma nadziej\u0119 wesprze\u0107 wysi\u0142ki na rzecz ochrony las\u00f3w i wzmocnienia pozycji lokalnych spo\u0142eczno\u015bci poprzez zapewnienie im niezb\u0119dnych \u015brodk\u00f3w do \u017cycia.<\/p>\n\n\n\n<p>Post\u0119p technologiczny odgrywa r\u00f3wnie\u017c kluczow\u0105 rol\u0119 w walce z wylesianiem. Dzi\u0119ki udoskonaleniu technologii satelitarnej, w\u0142adze maj\u0105 teraz znacznie lepszy wgl\u0105d w nielegalnie wycinane obszary. Amazon Conservation Association, organizacja non-profit zajmuj\u0105ca si\u0119 ochron\u0105 przyrody, wykorzystuje <a href=\"https:\/\/www.amazonconservation.org\/what-we-do\/put-science-and-tech-to-work\/\">monitorowanie w czasie rzeczywistym<\/a> do wykrywania nielegalnych dzia\u0142a\u0144, umo\u017cliwiaj\u0105c szybkie dzia\u0142anie. Sprawcy zaanga\u017cowani w nieautoryzowany wyr\u0105b lub karczowanie grunt\u00f3w mog\u0105 zosta\u0107 poci\u0105gni\u0119ci do odpowiedzialno\u015bci, a za ich dzia\u0142ania gro\u017c\u0105 kary.<\/p>\n\n\n\n<p>Wszystkie te wysi\u0142ki stanowi\u0105 wsp\u00f3ln\u0105 pr\u00f3b\u0119 odwr\u00f3cenia tendencji do niszczenia amazo\u0144skich las\u00f3w deszczowych. Chocia\u017c wyzwania pozostaj\u0105, po\u0142\u0105czenie wsp\u00f3\u0142pracy mi\u0119dzynarodowej, wsparcia finansowego dla projekt\u00f3w ekologicznych i najnowocze\u015bniejszej technologii daje promyk nadziei na zachowanie tego bezcennego skarbu ekologicznego.<\/p>\n\n\n\n<h2 class=\"wp-block-heading\">Pozytywny post\u0119p<\/h2>\n\n\n\n<p>Po\u015br\u00f3d niepokoj\u0105cych trend\u00f3w pojawi\u0142 si\u0119 promyk nadziei. Niekt\u00f3re regiony brazylijskiej Amazonii odnotowa\u0142y spadek wska\u017anik\u00f3w wylesiania dzi\u0119ki bardziej rygorystycznym \u015brodkom egzekwowania prawa i presji publicznej.<\/p>\n\n\n\n<p><a href=\"https:\/\/www.reuters.com\/business\/environment\/deforestation-brazils-amazon-falls-68-april-first-major-drop-under-lula-2023-05-12\/\">Najnowsze dane<\/a> ujawniaj\u0105 znaczny spadek wska\u017anik\u00f3w wylesiania w pierwszym kwartale 2023 roku.<\/p>\n\n\n\n<p>Przy znacznym spadku o 40% w por\u00f3wnaniu z tym samym okresem w poprzednim roku, wysi\u0142ki na rzecz ochrony tego ekologicznego skarbu przynios\u0142y pozytywne rezultaty.<\/p>\n\n\n\n<p>Ten zach\u0119caj\u0105cy trend, przy jednoczesnym uznaniu, \u017ce wyzwania pozostaj\u0105, s\u0142u\u017cy jako \u015bwiadectwo ci\u0105g\u0142ych wysi\u0142k\u00f3w podejmowanych przez r\u00f3\u017cne zainteresowane strony w celu ochrony amazo\u0144skich las\u00f3w deszczowych.<\/p>\n\n\n\n<p>Eksperci przypisuj\u0105 znaczny spadek wska\u017anik\u00f3w wylesiania kombinacji czynnik\u00f3w, w tym wzmocnionemu egzekwowaniu prawa, surowszym przepisom i wsp\u00f3\u0142pracy mi\u0119dzy rz\u0105dami, spo\u0142eczno\u015bciami lokalnymi i organizacjami ekologicznymi. Te \u015brodki i innowacyjne strategie odegra\u0142y kluczow\u0105 rol\u0119 w odwr\u00f3ceniu fali wylesiania.<\/p>\n\n\n\n<p>Prezydent Brazylii Luiz Inacio Lula da Silva obieca\u0142 to tu\u017c przed wygraniem wybor\u00f3w. Teraz rz\u0105d pracuje nad cofni\u0119ciem tego, co zosta\u0142o zrobione pod rz\u0105dami Bolsonaro.<\/p>\n\n\n\n<p>Lula podkre\u015bli\u0142, \u017ce Brazylia musi pilnie zademonstrowa\u0107 \u015bwiatu, \u017ce zaanga\u017cowanie jego rz\u0105du w ochron\u0119 \u015brodowiska wykracza poza zwyk\u0142e s\u0142owa i aktywnie d\u0105\u017cy do wype\u0142nienia zobowi\u0105zania do powstrzymania wylesiania do 2030 roku.<\/p>\n\n\n\n<p>Anga\u017cuj\u0105c si\u0119 we wsp\u00f3\u0142prac\u0119 z lokalnymi spo\u0142eczno\u015bciami i rdzennymi grupami, w\u0142adze wzmocni\u0142y poczucie odpowiedzialno\u015bci i dumy z ochrony ich naturalnych siedlisk. To integracyjne podej\u015bcie zaowocowa\u0142o lepszym egzekwowaniem przepis\u00f3w i wi\u0119kszym zrozumieniem d\u0142ugoterminowych korzy\u015bci p\u0142yn\u0105cych z ochrony amazo\u0144skich las\u00f3w deszczowych.<\/p>\n\n\n\n<p>Dzia\u0142acze na rzecz ochrony \u015brodowiska i organizacje na ca\u0142ym \u015bwiecie z zadowoleniem przyj\u0119\u0142y tak znaczny spadek wska\u017anik\u00f3w wylesiania. Pozytywna zmiana losu Amazonii daje nadziej\u0119 i wzmacnia znaczenie wysi\u0142k\u00f3w na rzecz ochrony \u015brodowiska.<\/p>\n\n\n\n<p>Zwolennicy zielonych podkre\u015blaj\u0105, \u017ce zmniejszone wska\u017aniki wylesiania nie powinny prowadzi\u0107 do samozadowolenia, ale by\u0107 traktowane jako krok w kierunku dalszego post\u0119pu. Podkre\u015blaj\u0105 potrzeb\u0119 ci\u0105g\u0142ej czujno\u015bci i <a href=\"https:\/\/sustainablereview.com\/pl\/przewodnik-po-zakladaniu-zrownowazonej-farmy-od-planowania-do-wdrozenia\/\">wdra\u017cania<\/a> zr\u00f3wnowa\u017conych praktyk w celu zapewnienia d\u0142ugoterminowej ochrony amazo\u0144skich las\u00f3w deszczowych.<\/p>\n\n\n\n<h2 class=\"wp-block-heading\">Mo\u017cliwy upadek<\/h2>\n\n\n\n<p>Wed\u0142ug<a href=\"https:\/\/www.wwf.org.br\/nossosconteudos\/notas_e_releases\/english\/?85601\/Even-with-signs-of-a-drop-in-2023-deforestation-remains-high-in-the-Amazon-situation-is-critical-in-the-Cerrado\"> WWF<\/a> Brazil, cho\u0107 dane s\u0105 pozytywnym sygna\u0142em, jest zbyt wcze\u015bnie, aby og\u0142osi\u0107 trwa\u0142y spadek wycinki las\u00f3w. Walka z wylesianiem jest z\u0142o\u017cona i trwa, a dane z kilku miesi\u0119cy, cho\u0107 zach\u0119caj\u0105ce, nie wskazuj\u0105 jeszcze na trwa\u0142e odwr\u00f3cenie trendu.<\/p>\n\n\n\n<p>Amazo\u0144ski las deszczowy pozostaje niebezpiecznie blisko punktu krytycznego.<\/p>\n\n\n\n<p>Istotne ostrze\u017cenie pochodzi z recenzowanego badania <a href=\"https:\/\/www.theguardian.com\/environment\/2024\/feb\/14\/amazon-rainforest-could-reach-tipping-point-by-2050-scientists-warn\">podkre\u015blonego przez The Guardian<\/a>, kt\u00f3re zwraca uwag\u0119 na niepewn\u0105 przysz\u0142o\u015b\u0107 amazo\u0144skiego lasu deszczowego. Opublikowane w Nature badania wskazuj\u0105, \u017ce do 2050 r. nawet po\u0142owa Amazonii mo\u017ce osi\u0105gn\u0105\u0107 krytyczny punkt krytyczny. T\u0119 potencjaln\u0105 zmian\u0119 przypisuje si\u0119 kombinacji czynnik\u00f3w, w tym niedoborowi wody, ekstensywnemu oczyszczaniu grunt\u00f3w i szerszemu wp\u0142ywowi zmian klimatu.<\/p>\n\n\n\n<p>Bernardo Flores, z Federalnego Uniwersytetu Santa Catarina w Brazylii i g\u0142\u00f3wny autor tego badania, podkre\u015bla pilno\u015b\u0107 sytuacji. Prognoza wskazuje na przej\u015bcie od stopniowego zmniejszania si\u0119 Amazonii do gwa\u0142townego pogorszenia, kt\u00f3re nast\u0105pi wcze\u015bniej ni\u017c przewidywano. Przes\u0142anie Floresa jest jasne: &#8222;Do 2050 r. nast\u0105pi gwa\u0142towne przyspieszenie. Musimy zareagowa\u0107 ju\u017c teraz&#8221;.<\/p>\n\n\n\n<p>Ostrzega, \u017ce przekroczenie tego punktu krytycznego oznacza\u0142oby utrat\u0119 zdolno\u015bci przewidywania lub kontrolowania losu las\u00f3w deszczowych, podkre\u015blaj\u0105c krytyczn\u0105 potrzeb\u0119 natychmiastowych dzia\u0142a\u0144 w celu ochrony tego istotnego ekosystemu, zanim b\u0119dzie za p\u00f3\u017ano.<\/p>\n\n\n\n<p>W badaniu oszacowano, \u017ce do 2050 r. znaczna cz\u0119\u015b\u0107 amazo\u0144skiego lasu deszczowego mo\u017ce by\u0107 zagro\u017cona. Szacunki wskazuj\u0105, \u017ce od 10% do 47% las\u00f3w w regionie Amazonii mo\u017ce by\u0107 nara\u017conych na liczne zak\u0142\u00f3cenia. Zak\u0142\u00f3cenia te obejmuj\u0105 wylesianie, wp\u0142yw zmian klimatu i inne dzia\u0142ania cz\u0142owieka, kt\u00f3re mog\u0105 wywo\u0142a\u0107 nieoczekiwane i powszechne zmiany w ekosystemie.<\/p>\n\n\n\n<p>Takie kompleksowe zmiany w ekosystemie Amazonii mia\u0142yby wp\u0142yw na lokalne \u015brodowisko i mia\u0142yby szersze implikacje dla regionalnych wzorc\u00f3w klimatycznych. Amazonia odgrywa kluczow\u0105 rol\u0119 w regulowaniu klimatu Ziemi poprzez magazynowanie ogromnych ilo\u015bci dwutlenku w\u0119gla. Zak\u0142\u00f3cenie na tak\u0105 skal\u0119 mo\u017ce przyspieszy\u0107 globalne ocieplenie, podkre\u015blaj\u0105c piln\u0105 potrzeb\u0119 podj\u0119cia dzia\u0142a\u0144 w celu ochrony tego istotnego skarbu ekologicznego i z\u0142agodzenia niekorzystnych skutk\u00f3w dla systemu klimatycznego planety.<\/p>\n\n\n\n<h2 class=\"wp-block-heading\">Naprz\u00f3d<\/h2>\n\n\n\n<p>Aby zapobiec powy\u017cszemu katastroficznemu scenariuszowi, potrzebne s\u0105 pilne dzia\u0142ania na wielu frontach. Rz\u0105dy musz\u0105 nada\u0107 priorytet ochronie i zr\u00f3wnowa\u017conemu rozwojowi, inwestuj\u0105c w alternatywne \u017ar\u00f3d\u0142a utrzymania dla spo\u0142eczno\u015bci zale\u017cnych od przemys\u0142u zwi\u0105zanego z wylesianiem. Wsp\u00f3\u0142praca mi\u0119dzynarodowa ma kluczowe znaczenie, poniewa\u017c ekologiczne znaczenie Amazonii wykracza daleko poza granice Brazylii.<\/p>\n\n\n\n<p>Konsumenci r\u00f3wnie\u017c mog\u0105 odegra\u0107 wa\u017cn\u0105 rol\u0119. Indywidualne <a href=\"https:\/\/sustainablereview.com\/pl\/dlaczego-warto-wybrac-zrownowazony-ekologiczny-styl-zycia\/\">zr\u00f3wnowa\u017cone<\/a> wybory mog\u0105 wsp\u00f3lnie zmniejszy\u0107 presj\u0119 na amazo\u0144ski las deszczowy i inne krytyczne ekosystemy. Niekt\u00f3re kroki, kt\u00f3re mo\u017cna podj\u0105\u0107, obejmuj\u0105<\/p>\n\n\n\n<ul>\n<li><strong>M\u0105dry wyb\u00f3r produkt\u00f3w:<\/strong> Wybieraj produkty, kt\u00f3re wykorzystuj\u0105 zr\u00f3wnowa\u017cone lub pochodz\u0105ce z recyklingu materia\u0142y i unikaj tych, kt\u00f3re przyczyniaj\u0105 si\u0119 do wylesiania.<\/li>\n\n\n\n<li><strong>Wspieranie marek przyjaznych \u015brodowisku:<\/strong> Kupuj od firm zaanga\u017cowanych w etyczne praktyki i zarz\u0105dzanie \u015brodowiskiem.<\/li>\n\n\n\n<li><strong>Ogranicz spo\u017cycie mi\u0119sa: <\/strong>Przemys\u0142 hodowlany w znacznym stopniu przyczynia si\u0119 do wylesiania; spo\u017cywanie mniejszej ilo\u015bci mi\u0119sa mo\u017ce zmniejszy\u0107 popyt.<\/li>\n\n\n\n<li><strong>Spo\u017cywaj produkty pochodz\u0105ce z odpowiedzialnych \u017ar\u00f3de\u0142:<\/strong> Szukaj certyfikat\u00f3w, takich jak Fair Trade lub Rainforest Alliance, wskazuj\u0105cych, \u017ce produkty pochodz\u0105 z odpowiedzialnie zarz\u0105dzanych las\u00f3w i gospodarstw.<\/li>\n\n\n\n<li><strong>Recykling i ponowne wykorzystanie produkt\u00f3w:<\/strong> Minimalizuj ilo\u015b\u0107 odpad\u00f3w poprzez recykling i ponowne wykorzystanie produkt\u00f3w, gdy tylko jest to mo\u017cliwe, aby zmniejszy\u0107 zapotrzebowanie na surowce.<\/li>\n\n\n\n<li><strong>Popieranie zmian:<\/strong> Wykorzystaj sw\u00f3j g\u0142os w mediach spo\u0142eczno\u015bciowych i na forach spo\u0142eczno\u015bciowych, aby opowiada\u0107 si\u0119 za ochron\u0105 \u015brodowiska i wspiera\u0107 polityk\u0119 chroni\u0105c\u0105 siedliska naturalne.<\/li>\n\n\n\n<li><strong>Edukuj siebie i innych: <\/strong>Bycie poinformowanym o kwestiach \u015brodowiskowych pozwala dokonywa\u0107 lepszych wybor\u00f3w i zach\u0119ca\u0107 innych do robienia tego samego.<\/li>\n<\/ul>\n\n\n\n<p>Wdra\u017caj\u0105c te dzia\u0142ania, konsumenci mog\u0105 znacz\u0105co przyczyni\u0107 si\u0119 do ochrony amazo\u0144skiego lasu deszczowego i ochrony r\u00f3\u017cnorodno\u015bci biologicznej planety.<\/p>\n\n\n\n<h2 class=\"wp-block-heading\">Podsumowanie<\/h2>\n\n\n\n<p>Los amazo\u0144skiego lasu deszczowego wisi na w\u0142osku. Jego dalsza eksploatacja zagra\u017ca niesamowitej r\u00f3\u017cnorodno\u015bci biologicznej, kt\u00f3r\u0105 skrywa i zaostrza globalny kryzys klimatyczny.<\/p>\n\n\n\n<p>Chocia\u017c niedawno odnotowane przez Brazyli\u0119 <a href=\"https:\/\/www.reuters.com\/business\/environment\/deforestation-brazils-amazon-falls-68-april-first-major-drop-under-lula-2023-05-12\/\">zmniejszenie wylesiania o 68%<\/a> daje promyk nadziei, mo\u017cemy mie\u0107 tylko nadziej\u0119, \u017ce trend ten utrzyma si\u0119 i zainspiruje inne kraje posiadaj\u0105ce znacz\u0105ce lasy deszczowe do podj\u0119cia podobnych dzia\u0142a\u0144.<\/p>\n\n\n\n<p>Walka z wylesianiem jest daleka od zako\u0144czenia. Wsp\u00f3\u0142praca, innowacje i zdecydowane dzia\u0142ania mog\u0105 powstrzyma\u0107 niszczenie Amazonii. Jest to wezwanie do podwojenia wysi\u0142k\u00f3w i pracy na rzecz <a href=\"https:\/\/sustainablereview.com\/pl\/terminy-i-definicje-zrownowazonego-rozwoju-101\/\">zr\u00f3wnowa\u017conej<\/a> przysz\u0142o\u015bci, kt\u00f3ra chroni bezcenn\u0105 r\u00f3\u017cnorodno\u015b\u0107 biologiczn\u0105 i us\u0142ugi ekologiczne tego niezwyk\u0142ego lasu deszczowego.<\/p>\n\n\n\n<h2 class=\"wp-block-heading\">Cz\u0119sto zadawane pytania<\/h2>\n\n\n\n<h3 class=\"wp-block-heading\">Jaki jest obecny stan wylesiania w brazylijskiej Amazonii?<\/h3>\n\n\n\n<p>Tempo wylesiania w brazylijskiej Amazonii pozostaje niepokoj\u0105c\u0105 kwesti\u0105, a nielegalne wylesianie przyczynia si\u0119 do niszczenia rozleg\u0142ych obszar\u00f3w las\u00f3w deszczowych.<\/p>\n\n\n\n<h3 class=\"wp-block-heading\">Jak wylesianie w brazylijskiej Amazonii wp\u0142ywa na zmiany klimatu?<\/h3>\n\n\n\n<p>Wylesianie w brazylijskiej Amazonii ma znacz\u0105cy wp\u0142yw na zmiany klimatu, poniewa\u017c zak\u0142\u00f3ca wzorce opad\u00f3w, przyczynia si\u0119 do susz i uwalnia tony emisji dwutlenku w\u0119gla z powrotem do atmosfery.<\/p>\n\n\n\n<h3 class=\"wp-block-heading\">Jakie s\u0105 ostrze\u017cenia naukowc\u00f3w dotycz\u0105ce przysz\u0142o\u015bci amazo\u0144skich las\u00f3w deszczowych?<\/h3>\n\n\n\n<p>Naukowcy ostrzegaj\u0105, \u017ce je\u015bli wylesianie b\u0119dzie kontynuowane w obecnym tempie, Amazonia mo\u017ce osi\u0105gn\u0105\u0107 punkt krytyczny, w kt\u00f3rym mo\u017ce ulec degradacji do sawanny, wp\u0142ywaj\u0105c nie tylko na region, ale tak\u017ce na globaln\u0105 stabilno\u015b\u0107 klimatu.<\/p>\n\n\n\n<h3 class=\"wp-block-heading\">W jaki spos\u00f3b zdj\u0119cia satelitarne s\u0105 wykorzystywane do monitorowania wylesiania w Amazonii?<\/h3>\n\n\n\n<p>Zdj\u0119cia satelitarne s\u0105 wykorzystywane przez organizacje takie jak INPE (Brazylijski Narodowy Instytut Bada\u0144 Kosmicznych) do \u015bledzenia i analizowania wylesiania w Amazonii, dostarczaj\u0105c kluczowych danych dla naukowc\u00f3w i decydent\u00f3w.<\/p>\n\n\n\n<h3 class=\"wp-block-heading\">Jak\u0105 rol\u0119 odgrywaj\u0105 ranczerzy w wylesianiu amazo\u0144skich las\u00f3w deszczowych?<\/h3>\n\n\n\n<p>Ranczerzy w niekt\u00f3rych cz\u0119\u015bciach Amazonii s\u0105 cz\u0119sto kojarzeni z nielegalnymi praktykami wylesiania w celu oczyszczenia grunt\u00f3w pod hodowl\u0119 byd\u0142a, nap\u0119dzanymi popytem na wo\u0142owin\u0119 i ekspansj\u0105 rolnictwa.<\/p>\n\n\n\n<h3 class=\"wp-block-heading\">Jakie znaczenie ma zachowanie Amazonii w nienaruszonym stanie?<\/h3>\n\n\n\n<p>Amazo\u0144ski las deszczowy ma kluczowe znaczenie dla r\u00f3\u017cnorodno\u015bci biologicznej, regulacji klimatu i og\u00f3lnego zdrowia planety; jego zachowanie jest niezb\u0119dne do walki ze zmianami klimatu i ochrony ekosystem\u00f3w.<\/p>\n\n\n\n<h3 class=\"wp-block-heading\">Jakie s\u0105 potencjalne konsekwencje utraty po\u0142owy amazo\u0144skiego lasu deszczowego?<\/h3>\n\n\n\n<p>Utrata po\u0142owy amazo\u0144skiego lasu deszczowego mo\u017ce mie\u0107 katastrofalne skutki dla globalnej r\u00f3\u017cnorodno\u015bci biologicznej, wzorc\u00f3w klimatycznych i \u017ar\u00f3de\u0142 utrzymania rdzennych spo\u0142eczno\u015bci, kt\u00f3re s\u0105 zale\u017cne od tego lasu.<\/p>\n\n\n\n<p><\/p>\n","protected":false},"excerpt":{"rendered":"<p><!-- wp:paragraph --><\/p>\n<p>Dowiedz si\u0119 wi\u0119cej o alarmuj\u0105cym tempie wylesiania Amazonii, jego wp\u0142ywie na zmiany klimatu i dzia\u0142aniach podejmowanych w celu jego z\u0142agodzenia. <\/p>\n<p><!-- \/wp:paragraph --><\/p>\n","protected":false},"author":1503,"featured_media":45346,"comment_status":"open","ping_status":"open","sticky":false,"template":"","format":"standard","meta":{"_acf_changed":false,"_monsterinsights_skip_tracking":false,"_monsterinsights_sitenote_active":false,"_monsterinsights_sitenote_note":"","_monsterinsights_sitenote_category":0,"footnotes":""},"categories":[3181],"tags":[],"acf":[],"yoast_head":"<!-- This site is optimized with the Yoast SEO plugin v23.2 - https:\/\/yoast.com\/wordpress\/plugins\/seo\/ -->\n<title>Wylesianie Amazonii: Spojrzenie w przysz\u0142o\u015b\u0107 najwi\u0119kszego lasu deszczowego na \u015bwiecie &#8212; Sustainable Review<\/title>\n<meta name=\"robots\" content=\"index, follow, max-snippet:-1, max-image-preview:large, max-video-preview:-1\" \/>\n<link rel=\"canonical\" href=\"https:\/\/sustainablereview.com\/pl\/przyszlosc-najwiekszego-lasu-deszczowego-na-swiecie\/\" \/>\n<meta property=\"og:locale\" content=\"pl_PL\" \/>\n<meta property=\"og:type\" content=\"article\" \/>\n<meta property=\"og:title\" content=\"Wylesianie Amazonii: Spojrzenie w przysz\u0142o\u015b\u0107 najwi\u0119kszego lasu deszczowego na \u015bwiecie &#8212; Sustainable Review\" \/>\n<meta property=\"og:description\" content=\"Dowiedz si\u0119 wi\u0119cej o alarmuj\u0105cym tempie wylesiania Amazonii, jego wp\u0142ywie na zmiany klimatu i dzia\u0142aniach podejmowanych w celu jego z\u0142agodzenia.\" \/>\n<meta property=\"og:url\" content=\"https:\/\/sustainablereview.com\/pl\/przyszlosc-najwiekszego-lasu-deszczowego-na-swiecie\/\" \/>\n<meta property=\"og:site_name\" content=\"Sustainable Review\" \/>\n<meta property=\"article:published_time\" content=\"2023-05-31T20:07:07+00:00\" \/>\n<meta property=\"article:modified_time\" content=\"2024-08-05T07:33:40+00:00\" \/>\n<meta property=\"og:image\" content=\"https:\/\/sustainablereview.com\/wp-content\/uploads\/2023\/05\/frmovOarYdE-.jpg\" \/>\n\t<meta property=\"og:image:width\" content=\"1920\" \/>\n\t<meta property=\"og:image:height\" content=\"1280\" \/>\n\t<meta property=\"og:image:type\" content=\"image\/jpeg\" \/>\n<meta name=\"author\" content=\"Natalia Kolkowska\" \/>\n<meta name=\"twitter:card\" content=\"summary_large_image\" \/>\n<meta name=\"twitter:creator\" content=\"@sustainreview\" \/>\n<meta name=\"twitter:site\" content=\"@sustainreview\" \/>\n<meta name=\"twitter:label1\" content=\"Napisane przez\" \/>\n\t<meta name=\"twitter:data1\" content=\"Natalia Kolkowska\" \/>\n\t<meta name=\"twitter:label2\" content=\"Szacowany czas czytania\" \/>\n\t<meta name=\"twitter:data2\" content=\"13 minut\" \/>\n<script type=\"application\/ld+json\" class=\"yoast-schema-graph\">{\"@context\":\"https:\/\/schema.org\",\"@graph\":[{\"@type\":\"Article\",\"@id\":\"https:\/\/sustainablereview.com\/pl\/przyszlosc-najwiekszego-lasu-deszczowego-na-swiecie\/#article\",\"isPartOf\":{\"@id\":\"https:\/\/sustainablereview.com\/pl\/przyszlosc-najwiekszego-lasu-deszczowego-na-swiecie\/\"},\"author\":{\"name\":\"Natalia Kolkowska\",\"@id\":\"https:\/\/sustainablereview.com\/pl\/#\/schema\/person\/f3da3ce404089cdcb3a997a73fe0ee39\"},\"headline\":\"Wylesianie Amazonii: Spojrzenie w przysz\u0142o\u015b\u0107 najwi\u0119kszego lasu deszczowego na \u015bwiecie\",\"datePublished\":\"2023-05-31T20:07:07+00:00\",\"dateModified\":\"2024-08-05T07:33:40+00:00\",\"mainEntityOfPage\":{\"@id\":\"https:\/\/sustainablereview.com\/pl\/przyszlosc-najwiekszego-lasu-deszczowego-na-swiecie\/\"},\"wordCount\":2574,\"commentCount\":0,\"publisher\":{\"@id\":\"https:\/\/sustainablereview.com\/pl\/#organization\"},\"image\":{\"@id\":\"https:\/\/sustainablereview.com\/pl\/przyszlosc-najwiekszego-lasu-deszczowego-na-swiecie\/#primaryimage\"},\"thumbnailUrl\":\"https:\/\/sustainablereview.com\/wp-content\/uploads\/2023\/05\/frmovOarYdE-.jpg\",\"articleSection\":[\"Aktualno\u015bci\"],\"inLanguage\":\"pl-PL\",\"potentialAction\":[{\"@type\":\"CommentAction\",\"name\":\"Comment\",\"target\":[\"https:\/\/sustainablereview.com\/pl\/przyszlosc-najwiekszego-lasu-deszczowego-na-swiecie\/#respond\"]}]},{\"@type\":\"WebPage\",\"@id\":\"https:\/\/sustainablereview.com\/pl\/przyszlosc-najwiekszego-lasu-deszczowego-na-swiecie\/\",\"url\":\"https:\/\/sustainablereview.com\/pl\/przyszlosc-najwiekszego-lasu-deszczowego-na-swiecie\/\",\"name\":\"Wylesianie Amazonii: Spojrzenie w przysz\u0142o\u015b\u0107 najwi\u0119kszego lasu deszczowego na \u015bwiecie &#8212; Sustainable Review\",\"isPartOf\":{\"@id\":\"https:\/\/sustainablereview.com\/pl\/#website\"},\"primaryImageOfPage\":{\"@id\":\"https:\/\/sustainablereview.com\/pl\/przyszlosc-najwiekszego-lasu-deszczowego-na-swiecie\/#primaryimage\"},\"image\":{\"@id\":\"https:\/\/sustainablereview.com\/pl\/przyszlosc-najwiekszego-lasu-deszczowego-na-swiecie\/#primaryimage\"},\"thumbnailUrl\":\"https:\/\/sustainablereview.com\/wp-content\/uploads\/2023\/05\/frmovOarYdE-.jpg\",\"datePublished\":\"2023-05-31T20:07:07+00:00\",\"dateModified\":\"2024-08-05T07:33:40+00:00\",\"breadcrumb\":{\"@id\":\"https:\/\/sustainablereview.com\/pl\/przyszlosc-najwiekszego-lasu-deszczowego-na-swiecie\/#breadcrumb\"},\"inLanguage\":\"pl-PL\",\"potentialAction\":[{\"@type\":\"ReadAction\",\"target\":[\"https:\/\/sustainablereview.com\/pl\/przyszlosc-najwiekszego-lasu-deszczowego-na-swiecie\/\"]}]},{\"@type\":\"ImageObject\",\"inLanguage\":\"pl-PL\",\"@id\":\"https:\/\/sustainablereview.com\/pl\/przyszlosc-najwiekszego-lasu-deszczowego-na-swiecie\/#primaryimage\",\"url\":\"https:\/\/sustainablereview.com\/wp-content\/uploads\/2023\/05\/frmovOarYdE-.jpg\",\"contentUrl\":\"https:\/\/sustainablereview.com\/wp-content\/uploads\/2023\/05\/frmovOarYdE-.jpg\",\"width\":1920,\"height\":1280},{\"@type\":\"BreadcrumbList\",\"@id\":\"https:\/\/sustainablereview.com\/pl\/przyszlosc-najwiekszego-lasu-deszczowego-na-swiecie\/#breadcrumb\",\"itemListElement\":[{\"@type\":\"ListItem\",\"position\":1,\"name\":\"Strona g\u0142\u00f3wna\",\"item\":\"https:\/\/sustainablereview.com\/pl\/strona-glowna\/\"},{\"@type\":\"ListItem\",\"position\":2,\"name\":\"Wylesianie Amazonii: Spojrzenie w przysz\u0142o\u015b\u0107 najwi\u0119kszego lasu deszczowego na \u015bwiecie\"}]},{\"@type\":\"WebSite\",\"@id\":\"https:\/\/sustainablereview.com\/pl\/#website\",\"url\":\"https:\/\/sustainablereview.com\/pl\/\",\"name\":\"Sustainable Review\",\"description\":\"Let us do the &#039;Green-splaining&#039;\",\"publisher\":{\"@id\":\"https:\/\/sustainablereview.com\/pl\/#organization\"},\"potentialAction\":[{\"@type\":\"SearchAction\",\"target\":{\"@type\":\"EntryPoint\",\"urlTemplate\":\"https:\/\/sustainablereview.com\/pl\/?s={search_term_string}\"},\"query-input\":\"required name=search_term_string\"}],\"inLanguage\":\"pl-PL\"},{\"@type\":\"Organization\",\"@id\":\"https:\/\/sustainablereview.com\/pl\/#organization\",\"name\":\"Sustainable Review\",\"url\":\"https:\/\/sustainablereview.com\/pl\/\",\"logo\":{\"@type\":\"ImageObject\",\"inLanguage\":\"pl-PL\",\"@id\":\"https:\/\/sustainablereview.com\/pl\/#\/schema\/logo\/image\/\",\"url\":\"https:\/\/sustainablereview.com\/wp-content\/uploads\/2020\/06\/static1.squarespace.png\",\"contentUrl\":\"https:\/\/sustainablereview.com\/wp-content\/uploads\/2020\/06\/static1.squarespace.png\",\"width\":800,\"height\":800,\"caption\":\"Sustainable Review\"},\"image\":{\"@id\":\"https:\/\/sustainablereview.com\/pl\/#\/schema\/logo\/image\/\"},\"sameAs\":[\"https:\/\/x.com\/sustainreview\"]},{\"@type\":\"Person\",\"@id\":\"https:\/\/sustainablereview.com\/pl\/#\/schema\/person\/f3da3ce404089cdcb3a997a73fe0ee39\",\"name\":\"Natalia Kolkowska\",\"image\":{\"@type\":\"ImageObject\",\"inLanguage\":\"pl-PL\",\"@id\":\"https:\/\/sustainablereview.com\/pl\/#\/schema\/person\/image\/\",\"url\":\"https:\/\/sustainablereview.com\/wp-content\/litespeed\/avatar\/4bf69f7abcb9581afd399378714db547.jpg?ver=1777479195\",\"contentUrl\":\"https:\/\/sustainablereview.com\/wp-content\/litespeed\/avatar\/4bf69f7abcb9581afd399378714db547.jpg?ver=1777479195\",\"caption\":\"Natalia Kolkowska\"},\"description\":\"Natalia is a linguist, a writer, and a huge bookworm hungry for new experiences and knowledge. She's vegan (for the planet and the animals), trying to live a sustainable lifestyle. She loves to explore new places, cultures, and customs. She's passionate about helping others grow and hopes her work will make a positive impact on the world.\",\"url\":\"https:\/\/sustainablereview.com\/pl\/author\/nataliak\/\"}]}<\/script>\n<!-- \/ Yoast SEO plugin. -->","yoast_head_json":{"title":"Wylesianie Amazonii: Spojrzenie w przysz\u0142o\u015b\u0107 najwi\u0119kszego lasu deszczowego na \u015bwiecie &#8212; Sustainable Review","robots":{"index":"index","follow":"follow","max-snippet":"max-snippet:-1","max-image-preview":"max-image-preview:large","max-video-preview":"max-video-preview:-1"},"canonical":"https:\/\/sustainablereview.com\/pl\/przyszlosc-najwiekszego-lasu-deszczowego-na-swiecie\/","og_locale":"pl_PL","og_type":"article","og_title":"Wylesianie Amazonii: Spojrzenie w przysz\u0142o\u015b\u0107 najwi\u0119kszego lasu deszczowego na \u015bwiecie &#8212; Sustainable Review","og_description":"Dowiedz si\u0119 wi\u0119cej o alarmuj\u0105cym tempie wylesiania Amazonii, jego wp\u0142ywie na zmiany klimatu i dzia\u0142aniach podejmowanych w celu jego z\u0142agodzenia.","og_url":"https:\/\/sustainablereview.com\/pl\/przyszlosc-najwiekszego-lasu-deszczowego-na-swiecie\/","og_site_name":"Sustainable Review","article_published_time":"2023-05-31T20:07:07+00:00","article_modified_time":"2024-08-05T07:33:40+00:00","og_image":[{"width":1920,"height":1280,"url":"https:\/\/sustainablereview.com\/wp-content\/uploads\/2023\/05\/frmovOarYdE-.jpg","type":"image\/jpeg"}],"author":"Natalia Kolkowska","twitter_card":"summary_large_image","twitter_creator":"@sustainreview","twitter_site":"@sustainreview","twitter_misc":{"Napisane przez":"Natalia Kolkowska","Szacowany czas czytania":"13 minut"},"schema":{"@context":"https:\/\/schema.org","@graph":[{"@type":"Article","@id":"https:\/\/sustainablereview.com\/pl\/przyszlosc-najwiekszego-lasu-deszczowego-na-swiecie\/#article","isPartOf":{"@id":"https:\/\/sustainablereview.com\/pl\/przyszlosc-najwiekszego-lasu-deszczowego-na-swiecie\/"},"author":{"name":"Natalia Kolkowska","@id":"https:\/\/sustainablereview.com\/pl\/#\/schema\/person\/f3da3ce404089cdcb3a997a73fe0ee39"},"headline":"Wylesianie Amazonii: Spojrzenie w przysz\u0142o\u015b\u0107 najwi\u0119kszego lasu deszczowego na \u015bwiecie","datePublished":"2023-05-31T20:07:07+00:00","dateModified":"2024-08-05T07:33:40+00:00","mainEntityOfPage":{"@id":"https:\/\/sustainablereview.com\/pl\/przyszlosc-najwiekszego-lasu-deszczowego-na-swiecie\/"},"wordCount":2574,"commentCount":0,"publisher":{"@id":"https:\/\/sustainablereview.com\/pl\/#organization"},"image":{"@id":"https:\/\/sustainablereview.com\/pl\/przyszlosc-najwiekszego-lasu-deszczowego-na-swiecie\/#primaryimage"},"thumbnailUrl":"https:\/\/sustainablereview.com\/wp-content\/uploads\/2023\/05\/frmovOarYdE-.jpg","articleSection":["Aktualno\u015bci"],"inLanguage":"pl-PL","potentialAction":[{"@type":"CommentAction","name":"Comment","target":["https:\/\/sustainablereview.com\/pl\/przyszlosc-najwiekszego-lasu-deszczowego-na-swiecie\/#respond"]}]},{"@type":"WebPage","@id":"https:\/\/sustainablereview.com\/pl\/przyszlosc-najwiekszego-lasu-deszczowego-na-swiecie\/","url":"https:\/\/sustainablereview.com\/pl\/przyszlosc-najwiekszego-lasu-deszczowego-na-swiecie\/","name":"Wylesianie Amazonii: Spojrzenie w przysz\u0142o\u015b\u0107 najwi\u0119kszego lasu deszczowego na \u015bwiecie &#8212; Sustainable Review","isPartOf":{"@id":"https:\/\/sustainablereview.com\/pl\/#website"},"primaryImageOfPage":{"@id":"https:\/\/sustainablereview.com\/pl\/przyszlosc-najwiekszego-lasu-deszczowego-na-swiecie\/#primaryimage"},"image":{"@id":"https:\/\/sustainablereview.com\/pl\/przyszlosc-najwiekszego-lasu-deszczowego-na-swiecie\/#primaryimage"},"thumbnailUrl":"https:\/\/sustainablereview.com\/wp-content\/uploads\/2023\/05\/frmovOarYdE-.jpg","datePublished":"2023-05-31T20:07:07+00:00","dateModified":"2024-08-05T07:33:40+00:00","breadcrumb":{"@id":"https:\/\/sustainablereview.com\/pl\/przyszlosc-najwiekszego-lasu-deszczowego-na-swiecie\/#breadcrumb"},"inLanguage":"pl-PL","potentialAction":[{"@type":"ReadAction","target":["https:\/\/sustainablereview.com\/pl\/przyszlosc-najwiekszego-lasu-deszczowego-na-swiecie\/"]}]},{"@type":"ImageObject","inLanguage":"pl-PL","@id":"https:\/\/sustainablereview.com\/pl\/przyszlosc-najwiekszego-lasu-deszczowego-na-swiecie\/#primaryimage","url":"https:\/\/sustainablereview.com\/wp-content\/uploads\/2023\/05\/frmovOarYdE-.jpg","contentUrl":"https:\/\/sustainablereview.com\/wp-content\/uploads\/2023\/05\/frmovOarYdE-.jpg","width":1920,"height":1280},{"@type":"BreadcrumbList","@id":"https:\/\/sustainablereview.com\/pl\/przyszlosc-najwiekszego-lasu-deszczowego-na-swiecie\/#breadcrumb","itemListElement":[{"@type":"ListItem","position":1,"name":"Strona g\u0142\u00f3wna","item":"https:\/\/sustainablereview.com\/pl\/strona-glowna\/"},{"@type":"ListItem","position":2,"name":"Wylesianie Amazonii: Spojrzenie w przysz\u0142o\u015b\u0107 najwi\u0119kszego lasu deszczowego na \u015bwiecie"}]},{"@type":"WebSite","@id":"https:\/\/sustainablereview.com\/pl\/#website","url":"https:\/\/sustainablereview.com\/pl\/","name":"Sustainable Review","description":"Let us do the &#039;Green-splaining&#039;","publisher":{"@id":"https:\/\/sustainablereview.com\/pl\/#organization"},"potentialAction":[{"@type":"SearchAction","target":{"@type":"EntryPoint","urlTemplate":"https:\/\/sustainablereview.com\/pl\/?s={search_term_string}"},"query-input":"required name=search_term_string"}],"inLanguage":"pl-PL"},{"@type":"Organization","@id":"https:\/\/sustainablereview.com\/pl\/#organization","name":"Sustainable Review","url":"https:\/\/sustainablereview.com\/pl\/","logo":{"@type":"ImageObject","inLanguage":"pl-PL","@id":"https:\/\/sustainablereview.com\/pl\/#\/schema\/logo\/image\/","url":"https:\/\/sustainablereview.com\/wp-content\/uploads\/2020\/06\/static1.squarespace.png","contentUrl":"https:\/\/sustainablereview.com\/wp-content\/uploads\/2020\/06\/static1.squarespace.png","width":800,"height":800,"caption":"Sustainable Review"},"image":{"@id":"https:\/\/sustainablereview.com\/pl\/#\/schema\/logo\/image\/"},"sameAs":["https:\/\/x.com\/sustainreview"]},{"@type":"Person","@id":"https:\/\/sustainablereview.com\/pl\/#\/schema\/person\/f3da3ce404089cdcb3a997a73fe0ee39","name":"Natalia Kolkowska","image":{"@type":"ImageObject","inLanguage":"pl-PL","@id":"https:\/\/sustainablereview.com\/pl\/#\/schema\/person\/image\/","url":"https:\/\/sustainablereview.com\/wp-content\/litespeed\/avatar\/4bf69f7abcb9581afd399378714db547.jpg?ver=1777479195","contentUrl":"https:\/\/sustainablereview.com\/wp-content\/litespeed\/avatar\/4bf69f7abcb9581afd399378714db547.jpg?ver=1777479195","caption":"Natalia Kolkowska"},"description":"Natalia is a linguist, a writer, and a huge bookworm hungry for new experiences and knowledge. She's vegan (for the planet and the animals), trying to live a sustainable lifestyle. She loves to explore new places, cultures, and customs. She's passionate about helping others grow and hopes her work will make a positive impact on the world.","url":"https:\/\/sustainablereview.com\/pl\/author\/nataliak\/"}]}},"wpml_translations":{"en":"24369","pl":"60599","pt-br":"39294"},"_links":{"self":[{"href":"https:\/\/sustainablereview.com\/pl\/wp-json\/wp\/v2\/posts\/60599"}],"collection":[{"href":"https:\/\/sustainablereview.com\/pl\/wp-json\/wp\/v2\/posts"}],"about":[{"href":"https:\/\/sustainablereview.com\/pl\/wp-json\/wp\/v2\/types\/post"}],"author":[{"embeddable":true,"href":"https:\/\/sustainablereview.com\/pl\/wp-json\/wp\/v2\/users\/1503"}],"replies":[{"embeddable":true,"href":"https:\/\/sustainablereview.com\/pl\/wp-json\/wp\/v2\/comments?post=60599"}],"version-history":[{"count":3,"href":"https:\/\/sustainablereview.com\/pl\/wp-json\/wp\/v2\/posts\/60599\/revisions"}],"predecessor-version":[{"id":61848,"href":"https:\/\/sustainablereview.com\/pl\/wp-json\/wp\/v2\/posts\/60599\/revisions\/61848"}],"wp:featuredmedia":[{"embeddable":true,"href":"https:\/\/sustainablereview.com\/pl\/wp-json\/wp\/v2\/media\/45346"}],"wp:attachment":[{"href":"https:\/\/sustainablereview.com\/pl\/wp-json\/wp\/v2\/media?parent=60599"}],"wp:term":[{"taxonomy":"category","embeddable":true,"href":"https:\/\/sustainablereview.com\/pl\/wp-json\/wp\/v2\/categories?post=60599"},{"taxonomy":"post_tag","embeddable":true,"href":"https:\/\/sustainablereview.com\/pl\/wp-json\/wp\/v2\/tags?post=60599"}],"curies":[{"name":"wp","href":"https:\/\/api.w.org\/{rel}","templated":true}]}}