{"id":60620,"date":"2023-05-22T07:40:59","date_gmt":"2023-05-22T11:40:59","guid":{"rendered":"https:\/\/sustainablereview.com\/?p=60620"},"modified":"2024-08-04T18:55:05","modified_gmt":"2024-08-04T22:55:05","slug":"krytykowac-czy-sie-cieszyc-niemcy-zamykaja-swoje-ostatnie-elektrownie-jadrowe","status":"publish","type":"post","link":"https:\/\/sustainablereview.com\/pl\/krytykowac-czy-sie-cieszyc-niemcy-zamykaja-swoje-ostatnie-elektrownie-jadrowe\/","title":{"rendered":"Krytykowa\u0107 czy si\u0119 cieszy\u0107? Niemcy zamykaj\u0105 ostatnie elektrownie j\u0105drowe"},"content":{"rendered":"\n<p><strong>Kraj (i \u015bwiat) po raz kolejny zosta\u0142 podzielony, gdy ostatnie trzy niemieckie elektrownie j\u0105drowe zosta\u0142y wy\u0142\u0105czone. <\/strong><\/p>\n\n\n\n<p>Po 60 latach sk\u0142adania petycji, niemieccy aktywi\u015bci antyatomowi \u015bwi\u0119tuj\u0105 decyzj\u0119 kraju o zako\u0144czeniu polegania na energii j\u0105drowej. Jednocze\u015bnie zwolennicy tej technologii narzekaj\u0105 na wynikaj\u0105ce z niej skutki gospodarcze i \u015brodowiskowe.<\/p>\n\n\n\n<p>Trzy elektrownie j\u0105drowe, Isar 2, Emsland i Neckarwestheim 2, oficjalnie przesta\u0142y dzia\u0142a\u0107 15 kwietnia 2023 roku.<\/p>\n\n\n\n<p>Krytycy niemieckiej decyzji o rezygnacji z energii j\u0105drowej twierdz\u0105, \u017ce cho\u0107 mo\u017ce ona mie\u0107 pozytywne skutki dla \u015brodowiska, ich obecne uzale\u017cnienie od odnawialnych \u017ar\u00f3de\u0142 energii jest niewystarczaj\u0105ce, aby zast\u0105pi\u0107 utracon\u0105 moc z tych elektrowni.<\/p>\n\n\n\n<p>W zwi\u0105zku z tym wielu ekolog\u00f3w i klimatolog\u00f3w obawia si\u0119, \u017ce decyzja ta mo\u017ce mie\u0107 negatywne d\u0142ugoterminowe konsekwencje, poniewa\u017c Niemcy b\u0119d\u0105 zmuszeni polega\u0107 na innych \u017ar\u00f3d\u0142ach, w tym na paliwach kopalnych.<\/p>\n\n\n\n<p>Wed\u0142ug rz\u0105du utrzymanie starych elektrowni by\u0142oby niezr\u00f3wnowa\u017cone. Zwolennicy tej decyzji (np. Partia Zielonych) podkre\u015blaj\u0105 koszty energii j\u0105drowej w por\u00f3wnaniu z energi\u0105 wiatrow\u0105 i s\u0142oneczn\u0105.<\/p>\n\n\n\n<p>Uwa\u017caj\u0105, \u017ce pieni\u0105dze zaoszcz\u0119dzone na zamkni\u0119ciu elektrowni mo\u017cna zainwestowa\u0107 w bardziej wydajne i zr\u00f3wnowa\u017cone \u017ar\u00f3d\u0142a energii. Argumentuj\u0105, \u017ce posuni\u0119cie to pomo\u017ce zmniejszy\u0107 og\u00f3lny \u015blad w\u0119glowy Niemiec, czyni\u0105c z nich lidera w walce ze zmianami klimatu.<\/p>\n\n\n\n<p>Dalsze kontrowersje wynikaj\u0105 z faktu, \u017ce do najwi\u0119kszych krytyk\u00f3w tego posuni\u0119cia nale\u017cy Partia Konserwatywna, znana z blokowania rozbudowy infrastruktury energii odnawialnej w przesz\u0142o\u015bci.<\/p>\n\n\n\n<p>Nie s\u0105 oni jednak osamotnieni w swojej krytyce. Wielu ekonomist\u00f3w i przedsi\u0119biorc\u00f3w obawia si\u0119 koszt\u00f3w zwi\u0105zanych z tak kosztown\u0105 transformacj\u0105. Obawiaj\u0105 si\u0119, \u017ce wy\u017csze ceny energii zaszkodz\u0105 firmom i zmniejsz\u0105 wzrost gospodarczy.<\/p>\n\n\n\n<p>Wojna w Europie dodatkowo skomplikowa\u0142a spraw\u0119. Po rosyjskiej agresji na Ukrain\u0119 Niemcy zosta\u0142y zmuszone do szybkiego zmniejszenia swojej zale\u017cno\u015bci od rosyjskiego gazu ziemnego. Zahamowa\u0142o to stale rosn\u0105c\u0105 zale\u017cno\u015b\u0107 od odnawialnych \u017ar\u00f3de\u0142 energii, zwi\u0119kszaj\u0105c emisj\u0119 CO2 w kraju.<\/p>\n\n\n\n<p>W rezultacie korzy\u015bci klimatyczne wynikaj\u0105ce z tego posuni\u0119cia nie s\u0105 powszechnie akceptowane. Grupa cenionych naukowc\u00f3w opublikowa\u0142a 14 kwietnia 2023 r. <a href=\"https:\/\/www.replanet.ngo\/rethinknuclear\">list<\/a> otwarty, w kt\u00f3rym apeluje o pozostawienie elektrowni j\u0105drowych otwartych.<\/p>\n\n\n\n<p>Ostatecznie obie strony maj\u0105 uzasadnione argumenty i jest wiele powod\u00f3w do krytyki (lub rado\u015bci!) w zwi\u0105zku z t\u0105 decyzj\u0105. Dopiero oka\u017ce si\u0119, czy \u015bmia\u0142e posuni\u0119cie Niemiec rzeczywi\u015bcie doprowadzi do poprawy zr\u00f3wnowa\u017conego rozwoju, czy tylko spowoduje wi\u0119cej niepowa\u017cnych debat mi\u0119dzy partiami politycznymi.<\/p>\n\n\n\n<figure class=\"wp-block-image size-large\"><img fetchpriority=\"high\" decoding=\"async\" width=\"855\" height=\"1024\" src=\"https:\/\/sustainablereview.com\/\/wp-content\/uploads\/2023\/05\/npps-germany-map-clew-updatejan2020-855x1024.png\" alt=\"\" class=\"wp-image-24130\" srcset=\"https:\/\/sustainablereview.com\/wp-content\/uploads\/2023\/05\/npps-germany-map-clew-updatejan2020-855x1024.png 855w, https:\/\/sustainablereview.com\/wp-content\/uploads\/2023\/05\/npps-germany-map-clew-updatejan2020-251x300.png 251w, https:\/\/sustainablereview.com\/wp-content\/uploads\/2023\/05\/npps-germany-map-clew-updatejan2020-768x920.png 768w, https:\/\/sustainablereview.com\/wp-content\/uploads\/2023\/05\/npps-germany-map-clew-updatejan2020-45x54.png 45w, https:\/\/sustainablereview.com\/wp-content\/uploads\/2023\/05\/npps-germany-map-clew-updatejan2020.png 1200w\" sizes=\"(min-width: 960px) 75vw, 100vw\" \/><\/figure>\n\n\n\n<p><\/p>\n","protected":false},"excerpt":{"rendered":"<p><!-- wp:paragraph --><\/p>\n<p>Niemcy zamkn\u0119\u0142y swoje ostatnie trzy elektrownie j\u0105drowe, powoduj\u0105c podzia\u0142 w\u015br\u00f3d swoich obywateli. Aktywi\u015bci antynuklearni \u015bwi\u0119tuj\u0105 t\u0119 decyzj\u0119, podczas gdy zwolennicy wyra\u017caj\u0105 obawy o konsekwencje gospodarcze i \u015brodowiskowe. Krytycy twierdz\u0105, \u017ce odnawialne \u017ar\u00f3d\u0142a energii s\u0105 niewystarczaj\u0105ce, co mo\u017ce prowadzi\u0107 do uzale\u017cnienia od paliw kopalnych. Posuni\u0119cie to jest postrzegane jako krok w kierunku zmniejszenia \u015bladu w\u0119glowego Niemiec, ale sceptycy martwi\u0105 si\u0119 o koszty i potencjalny negatywny wp\u0142yw na przedsi\u0119biorstwa. Konflikt pot\u0119guje potrzeba zmniejszenia zale\u017cno\u015bci od rosyjskiego gazu w obliczu wojny w Europie. D\u0142ugoterminowa trwa\u0142o\u015b\u0107 i skuteczno\u015b\u0107 tej decyzji pozostaj\u0105 niepewne.<\/p>\n<p><!-- \/wp:paragraph --><\/p>\n","protected":false},"author":1503,"featured_media":45018,"comment_status":"open","ping_status":"open","sticky":false,"template":"","format":"standard","meta":{"_acf_changed":false,"_monsterinsights_skip_tracking":false,"_monsterinsights_sitenote_active":false,"_monsterinsights_sitenote_note":"","_monsterinsights_sitenote_category":0,"footnotes":""},"categories":[3181],"tags":[],"acf":[],"yoast_head":"<!-- This site is optimized with the Yoast SEO plugin v23.2 - https:\/\/yoast.com\/wordpress\/plugins\/seo\/ -->\n<title>Krytykowa\u0107 czy si\u0119 cieszy\u0107? Niemcy zamykaj\u0105 ostatnie elektrownie j\u0105drowe &#8212; Sustainable Review<\/title>\n<meta name=\"robots\" content=\"index, follow, max-snippet:-1, max-image-preview:large, max-video-preview:-1\" \/>\n<link rel=\"canonical\" href=\"https:\/\/sustainablereview.com\/pl\/krytykowac-czy-sie-cieszyc-niemcy-zamykaja-swoje-ostatnie-elektrownie-jadrowe\/\" \/>\n<meta property=\"og:locale\" content=\"pl_PL\" \/>\n<meta property=\"og:type\" content=\"article\" \/>\n<meta property=\"og:title\" content=\"Krytykowa\u0107 czy si\u0119 cieszy\u0107? Niemcy zamykaj\u0105 ostatnie elektrownie j\u0105drowe &#8212; Sustainable Review\" \/>\n<meta property=\"og:description\" content=\"Niemcy zamkn\u0119\u0142y swoje ostatnie trzy elektrownie j\u0105drowe, powoduj\u0105c podzia\u0142 w\u015br\u00f3d swoich obywateli. Aktywi\u015bci antynuklearni \u015bwi\u0119tuj\u0105 t\u0119 decyzj\u0119, podczas gdy zwolennicy wyra\u017caj\u0105 obawy o konsekwencje gospodarcze i \u015brodowiskowe. Krytycy twierdz\u0105, \u017ce odnawialne \u017ar\u00f3d\u0142a energii s\u0105 niewystarczaj\u0105ce, co mo\u017ce prowadzi\u0107 do uzale\u017cnienia od paliw kopalnych. Posuni\u0119cie to jest postrzegane jako krok w kierunku zmniejszenia \u015bladu w\u0119glowego Niemiec, ale sceptycy martwi\u0105 si\u0119 o koszty i potencjalny negatywny wp\u0142yw na przedsi\u0119biorstwa. Konflikt pot\u0119guje potrzeba zmniejszenia zale\u017cno\u015bci od rosyjskiego gazu w obliczu wojny w Europie. D\u0142ugoterminowa trwa\u0142o\u015b\u0107 i skuteczno\u015b\u0107 tej decyzji pozostaj\u0105 niepewne.\" \/>\n<meta property=\"og:url\" content=\"https:\/\/sustainablereview.com\/pl\/krytykowac-czy-sie-cieszyc-niemcy-zamykaja-swoje-ostatnie-elektrownie-jadrowe\/\" \/>\n<meta property=\"og:site_name\" content=\"Sustainable Review\" \/>\n<meta property=\"article:published_time\" content=\"2023-05-22T11:40:59+00:00\" \/>\n<meta property=\"article:modified_time\" content=\"2024-08-04T22:55:05+00:00\" \/>\n<meta property=\"og:image\" content=\"https:\/\/sustainablereview.com\/wp-content\/uploads\/2023\/05\/atomic-sky-1.jpg\" \/>\n\t<meta property=\"og:image:width\" content=\"1500\" \/>\n\t<meta property=\"og:image:height\" content=\"1000\" \/>\n\t<meta property=\"og:image:type\" content=\"image\/jpeg\" \/>\n<meta name=\"author\" content=\"Natalia Kolkowska\" \/>\n<meta name=\"twitter:card\" content=\"summary_large_image\" \/>\n<meta name=\"twitter:creator\" content=\"@sustainreview\" \/>\n<meta name=\"twitter:site\" content=\"@sustainreview\" \/>\n<meta name=\"twitter:label1\" content=\"Napisane przez\" \/>\n\t<meta name=\"twitter:data1\" content=\"Natalia Kolkowska\" \/>\n\t<meta name=\"twitter:label2\" content=\"Szacowany czas czytania\" \/>\n\t<meta name=\"twitter:data2\" content=\"2 minuty\" \/>\n<script type=\"application\/ld+json\" class=\"yoast-schema-graph\">{\"@context\":\"https:\/\/schema.org\",\"@graph\":[{\"@type\":\"Article\",\"@id\":\"https:\/\/sustainablereview.com\/pl\/krytykowac-czy-sie-cieszyc-niemcy-zamykaja-swoje-ostatnie-elektrownie-jadrowe\/#article\",\"isPartOf\":{\"@id\":\"https:\/\/sustainablereview.com\/pl\/krytykowac-czy-sie-cieszyc-niemcy-zamykaja-swoje-ostatnie-elektrownie-jadrowe\/\"},\"author\":{\"name\":\"Natalia Kolkowska\",\"@id\":\"https:\/\/sustainablereview.com\/pl\/#\/schema\/person\/f3da3ce404089cdcb3a997a73fe0ee39\"},\"headline\":\"Krytykowa\u0107 czy si\u0119 cieszy\u0107? Niemcy zamykaj\u0105 ostatnie elektrownie j\u0105drowe\",\"datePublished\":\"2023-05-22T11:40:59+00:00\",\"dateModified\":\"2024-08-04T22:55:05+00:00\",\"mainEntityOfPage\":{\"@id\":\"https:\/\/sustainablereview.com\/pl\/krytykowac-czy-sie-cieszyc-niemcy-zamykaja-swoje-ostatnie-elektrownie-jadrowe\/\"},\"wordCount\":443,\"commentCount\":0,\"publisher\":{\"@id\":\"https:\/\/sustainablereview.com\/pl\/#organization\"},\"image\":{\"@id\":\"https:\/\/sustainablereview.com\/pl\/krytykowac-czy-sie-cieszyc-niemcy-zamykaja-swoje-ostatnie-elektrownie-jadrowe\/#primaryimage\"},\"thumbnailUrl\":\"https:\/\/sustainablereview.com\/wp-content\/uploads\/2023\/05\/atomic-sky-1.jpg\",\"articleSection\":[\"Aktualno\u015bci\"],\"inLanguage\":\"pl-PL\",\"potentialAction\":[{\"@type\":\"CommentAction\",\"name\":\"Comment\",\"target\":[\"https:\/\/sustainablereview.com\/pl\/krytykowac-czy-sie-cieszyc-niemcy-zamykaja-swoje-ostatnie-elektrownie-jadrowe\/#respond\"]}]},{\"@type\":\"WebPage\",\"@id\":\"https:\/\/sustainablereview.com\/pl\/krytykowac-czy-sie-cieszyc-niemcy-zamykaja-swoje-ostatnie-elektrownie-jadrowe\/\",\"url\":\"https:\/\/sustainablereview.com\/pl\/krytykowac-czy-sie-cieszyc-niemcy-zamykaja-swoje-ostatnie-elektrownie-jadrowe\/\",\"name\":\"Krytykowa\u0107 czy si\u0119 cieszy\u0107? Niemcy zamykaj\u0105 ostatnie elektrownie j\u0105drowe &#8212; Sustainable Review\",\"isPartOf\":{\"@id\":\"https:\/\/sustainablereview.com\/pl\/#website\"},\"primaryImageOfPage\":{\"@id\":\"https:\/\/sustainablereview.com\/pl\/krytykowac-czy-sie-cieszyc-niemcy-zamykaja-swoje-ostatnie-elektrownie-jadrowe\/#primaryimage\"},\"image\":{\"@id\":\"https:\/\/sustainablereview.com\/pl\/krytykowac-czy-sie-cieszyc-niemcy-zamykaja-swoje-ostatnie-elektrownie-jadrowe\/#primaryimage\"},\"thumbnailUrl\":\"https:\/\/sustainablereview.com\/wp-content\/uploads\/2023\/05\/atomic-sky-1.jpg\",\"datePublished\":\"2023-05-22T11:40:59+00:00\",\"dateModified\":\"2024-08-04T22:55:05+00:00\",\"breadcrumb\":{\"@id\":\"https:\/\/sustainablereview.com\/pl\/krytykowac-czy-sie-cieszyc-niemcy-zamykaja-swoje-ostatnie-elektrownie-jadrowe\/#breadcrumb\"},\"inLanguage\":\"pl-PL\",\"potentialAction\":[{\"@type\":\"ReadAction\",\"target\":[\"https:\/\/sustainablereview.com\/pl\/krytykowac-czy-sie-cieszyc-niemcy-zamykaja-swoje-ostatnie-elektrownie-jadrowe\/\"]}]},{\"@type\":\"ImageObject\",\"inLanguage\":\"pl-PL\",\"@id\":\"https:\/\/sustainablereview.com\/pl\/krytykowac-czy-sie-cieszyc-niemcy-zamykaja-swoje-ostatnie-elektrownie-jadrowe\/#primaryimage\",\"url\":\"https:\/\/sustainablereview.com\/wp-content\/uploads\/2023\/05\/atomic-sky-1.jpg\",\"contentUrl\":\"https:\/\/sustainablereview.com\/wp-content\/uploads\/2023\/05\/atomic-sky-1.jpg\",\"width\":1500,\"height\":1000},{\"@type\":\"BreadcrumbList\",\"@id\":\"https:\/\/sustainablereview.com\/pl\/krytykowac-czy-sie-cieszyc-niemcy-zamykaja-swoje-ostatnie-elektrownie-jadrowe\/#breadcrumb\",\"itemListElement\":[{\"@type\":\"ListItem\",\"position\":1,\"name\":\"Strona g\u0142\u00f3wna\",\"item\":\"https:\/\/sustainablereview.com\/pl\/strona-glowna\/\"},{\"@type\":\"ListItem\",\"position\":2,\"name\":\"Krytykowa\u0107 czy si\u0119 cieszy\u0107? Niemcy zamykaj\u0105 ostatnie elektrownie j\u0105drowe\"}]},{\"@type\":\"WebSite\",\"@id\":\"https:\/\/sustainablereview.com\/pl\/#website\",\"url\":\"https:\/\/sustainablereview.com\/pl\/\",\"name\":\"Sustainable Review\",\"description\":\"Let us do the &#039;Green-splaining&#039;\",\"publisher\":{\"@id\":\"https:\/\/sustainablereview.com\/pl\/#organization\"},\"potentialAction\":[{\"@type\":\"SearchAction\",\"target\":{\"@type\":\"EntryPoint\",\"urlTemplate\":\"https:\/\/sustainablereview.com\/pl\/?s={search_term_string}\"},\"query-input\":\"required name=search_term_string\"}],\"inLanguage\":\"pl-PL\"},{\"@type\":\"Organization\",\"@id\":\"https:\/\/sustainablereview.com\/pl\/#organization\",\"name\":\"Sustainable Review\",\"url\":\"https:\/\/sustainablereview.com\/pl\/\",\"logo\":{\"@type\":\"ImageObject\",\"inLanguage\":\"pl-PL\",\"@id\":\"https:\/\/sustainablereview.com\/pl\/#\/schema\/logo\/image\/\",\"url\":\"https:\/\/sustainablereview.com\/wp-content\/uploads\/2020\/06\/static1.squarespace.png\",\"contentUrl\":\"https:\/\/sustainablereview.com\/wp-content\/uploads\/2020\/06\/static1.squarespace.png\",\"width\":800,\"height\":800,\"caption\":\"Sustainable Review\"},\"image\":{\"@id\":\"https:\/\/sustainablereview.com\/pl\/#\/schema\/logo\/image\/\"},\"sameAs\":[\"https:\/\/x.com\/sustainreview\"]},{\"@type\":\"Person\",\"@id\":\"https:\/\/sustainablereview.com\/pl\/#\/schema\/person\/f3da3ce404089cdcb3a997a73fe0ee39\",\"name\":\"Natalia Kolkowska\",\"image\":{\"@type\":\"ImageObject\",\"inLanguage\":\"pl-PL\",\"@id\":\"https:\/\/sustainablereview.com\/pl\/#\/schema\/person\/image\/\",\"url\":\"https:\/\/sustainablereview.com\/wp-content\/litespeed\/avatar\/4bf69f7abcb9581afd399378714db547.jpg?ver=1777479195\",\"contentUrl\":\"https:\/\/sustainablereview.com\/wp-content\/litespeed\/avatar\/4bf69f7abcb9581afd399378714db547.jpg?ver=1777479195\",\"caption\":\"Natalia Kolkowska\"},\"description\":\"Natalia is a linguist, a writer, and a huge bookworm hungry for new experiences and knowledge. She's vegan (for the planet and the animals), trying to live a sustainable lifestyle. She loves to explore new places, cultures, and customs. She's passionate about helping others grow and hopes her work will make a positive impact on the world.\",\"url\":\"https:\/\/sustainablereview.com\/pl\/author\/nataliak\/\"}]}<\/script>\n<!-- \/ Yoast SEO plugin. -->","yoast_head_json":{"title":"Krytykowa\u0107 czy si\u0119 cieszy\u0107? Niemcy zamykaj\u0105 ostatnie elektrownie j\u0105drowe &#8212; Sustainable Review","robots":{"index":"index","follow":"follow","max-snippet":"max-snippet:-1","max-image-preview":"max-image-preview:large","max-video-preview":"max-video-preview:-1"},"canonical":"https:\/\/sustainablereview.com\/pl\/krytykowac-czy-sie-cieszyc-niemcy-zamykaja-swoje-ostatnie-elektrownie-jadrowe\/","og_locale":"pl_PL","og_type":"article","og_title":"Krytykowa\u0107 czy si\u0119 cieszy\u0107? Niemcy zamykaj\u0105 ostatnie elektrownie j\u0105drowe &#8212; Sustainable Review","og_description":"Niemcy zamkn\u0119\u0142y swoje ostatnie trzy elektrownie j\u0105drowe, powoduj\u0105c podzia\u0142 w\u015br\u00f3d swoich obywateli. Aktywi\u015bci antynuklearni \u015bwi\u0119tuj\u0105 t\u0119 decyzj\u0119, podczas gdy zwolennicy wyra\u017caj\u0105 obawy o konsekwencje gospodarcze i \u015brodowiskowe. Krytycy twierdz\u0105, \u017ce odnawialne \u017ar\u00f3d\u0142a energii s\u0105 niewystarczaj\u0105ce, co mo\u017ce prowadzi\u0107 do uzale\u017cnienia od paliw kopalnych. Posuni\u0119cie to jest postrzegane jako krok w kierunku zmniejszenia \u015bladu w\u0119glowego Niemiec, ale sceptycy martwi\u0105 si\u0119 o koszty i potencjalny negatywny wp\u0142yw na przedsi\u0119biorstwa. Konflikt pot\u0119guje potrzeba zmniejszenia zale\u017cno\u015bci od rosyjskiego gazu w obliczu wojny w Europie. D\u0142ugoterminowa trwa\u0142o\u015b\u0107 i skuteczno\u015b\u0107 tej decyzji pozostaj\u0105 niepewne.","og_url":"https:\/\/sustainablereview.com\/pl\/krytykowac-czy-sie-cieszyc-niemcy-zamykaja-swoje-ostatnie-elektrownie-jadrowe\/","og_site_name":"Sustainable Review","article_published_time":"2023-05-22T11:40:59+00:00","article_modified_time":"2024-08-04T22:55:05+00:00","og_image":[{"width":1500,"height":1000,"url":"https:\/\/sustainablereview.com\/wp-content\/uploads\/2023\/05\/atomic-sky-1.jpg","type":"image\/jpeg"}],"author":"Natalia Kolkowska","twitter_card":"summary_large_image","twitter_creator":"@sustainreview","twitter_site":"@sustainreview","twitter_misc":{"Napisane przez":"Natalia Kolkowska","Szacowany czas czytania":"2 minuty"},"schema":{"@context":"https:\/\/schema.org","@graph":[{"@type":"Article","@id":"https:\/\/sustainablereview.com\/pl\/krytykowac-czy-sie-cieszyc-niemcy-zamykaja-swoje-ostatnie-elektrownie-jadrowe\/#article","isPartOf":{"@id":"https:\/\/sustainablereview.com\/pl\/krytykowac-czy-sie-cieszyc-niemcy-zamykaja-swoje-ostatnie-elektrownie-jadrowe\/"},"author":{"name":"Natalia Kolkowska","@id":"https:\/\/sustainablereview.com\/pl\/#\/schema\/person\/f3da3ce404089cdcb3a997a73fe0ee39"},"headline":"Krytykowa\u0107 czy si\u0119 cieszy\u0107? Niemcy zamykaj\u0105 ostatnie elektrownie j\u0105drowe","datePublished":"2023-05-22T11:40:59+00:00","dateModified":"2024-08-04T22:55:05+00:00","mainEntityOfPage":{"@id":"https:\/\/sustainablereview.com\/pl\/krytykowac-czy-sie-cieszyc-niemcy-zamykaja-swoje-ostatnie-elektrownie-jadrowe\/"},"wordCount":443,"commentCount":0,"publisher":{"@id":"https:\/\/sustainablereview.com\/pl\/#organization"},"image":{"@id":"https:\/\/sustainablereview.com\/pl\/krytykowac-czy-sie-cieszyc-niemcy-zamykaja-swoje-ostatnie-elektrownie-jadrowe\/#primaryimage"},"thumbnailUrl":"https:\/\/sustainablereview.com\/wp-content\/uploads\/2023\/05\/atomic-sky-1.jpg","articleSection":["Aktualno\u015bci"],"inLanguage":"pl-PL","potentialAction":[{"@type":"CommentAction","name":"Comment","target":["https:\/\/sustainablereview.com\/pl\/krytykowac-czy-sie-cieszyc-niemcy-zamykaja-swoje-ostatnie-elektrownie-jadrowe\/#respond"]}]},{"@type":"WebPage","@id":"https:\/\/sustainablereview.com\/pl\/krytykowac-czy-sie-cieszyc-niemcy-zamykaja-swoje-ostatnie-elektrownie-jadrowe\/","url":"https:\/\/sustainablereview.com\/pl\/krytykowac-czy-sie-cieszyc-niemcy-zamykaja-swoje-ostatnie-elektrownie-jadrowe\/","name":"Krytykowa\u0107 czy si\u0119 cieszy\u0107? Niemcy zamykaj\u0105 ostatnie elektrownie j\u0105drowe &#8212; Sustainable Review","isPartOf":{"@id":"https:\/\/sustainablereview.com\/pl\/#website"},"primaryImageOfPage":{"@id":"https:\/\/sustainablereview.com\/pl\/krytykowac-czy-sie-cieszyc-niemcy-zamykaja-swoje-ostatnie-elektrownie-jadrowe\/#primaryimage"},"image":{"@id":"https:\/\/sustainablereview.com\/pl\/krytykowac-czy-sie-cieszyc-niemcy-zamykaja-swoje-ostatnie-elektrownie-jadrowe\/#primaryimage"},"thumbnailUrl":"https:\/\/sustainablereview.com\/wp-content\/uploads\/2023\/05\/atomic-sky-1.jpg","datePublished":"2023-05-22T11:40:59+00:00","dateModified":"2024-08-04T22:55:05+00:00","breadcrumb":{"@id":"https:\/\/sustainablereview.com\/pl\/krytykowac-czy-sie-cieszyc-niemcy-zamykaja-swoje-ostatnie-elektrownie-jadrowe\/#breadcrumb"},"inLanguage":"pl-PL","potentialAction":[{"@type":"ReadAction","target":["https:\/\/sustainablereview.com\/pl\/krytykowac-czy-sie-cieszyc-niemcy-zamykaja-swoje-ostatnie-elektrownie-jadrowe\/"]}]},{"@type":"ImageObject","inLanguage":"pl-PL","@id":"https:\/\/sustainablereview.com\/pl\/krytykowac-czy-sie-cieszyc-niemcy-zamykaja-swoje-ostatnie-elektrownie-jadrowe\/#primaryimage","url":"https:\/\/sustainablereview.com\/wp-content\/uploads\/2023\/05\/atomic-sky-1.jpg","contentUrl":"https:\/\/sustainablereview.com\/wp-content\/uploads\/2023\/05\/atomic-sky-1.jpg","width":1500,"height":1000},{"@type":"BreadcrumbList","@id":"https:\/\/sustainablereview.com\/pl\/krytykowac-czy-sie-cieszyc-niemcy-zamykaja-swoje-ostatnie-elektrownie-jadrowe\/#breadcrumb","itemListElement":[{"@type":"ListItem","position":1,"name":"Strona g\u0142\u00f3wna","item":"https:\/\/sustainablereview.com\/pl\/strona-glowna\/"},{"@type":"ListItem","position":2,"name":"Krytykowa\u0107 czy si\u0119 cieszy\u0107? Niemcy zamykaj\u0105 ostatnie elektrownie j\u0105drowe"}]},{"@type":"WebSite","@id":"https:\/\/sustainablereview.com\/pl\/#website","url":"https:\/\/sustainablereview.com\/pl\/","name":"Sustainable Review","description":"Let us do the &#039;Green-splaining&#039;","publisher":{"@id":"https:\/\/sustainablereview.com\/pl\/#organization"},"potentialAction":[{"@type":"SearchAction","target":{"@type":"EntryPoint","urlTemplate":"https:\/\/sustainablereview.com\/pl\/?s={search_term_string}"},"query-input":"required name=search_term_string"}],"inLanguage":"pl-PL"},{"@type":"Organization","@id":"https:\/\/sustainablereview.com\/pl\/#organization","name":"Sustainable Review","url":"https:\/\/sustainablereview.com\/pl\/","logo":{"@type":"ImageObject","inLanguage":"pl-PL","@id":"https:\/\/sustainablereview.com\/pl\/#\/schema\/logo\/image\/","url":"https:\/\/sustainablereview.com\/wp-content\/uploads\/2020\/06\/static1.squarespace.png","contentUrl":"https:\/\/sustainablereview.com\/wp-content\/uploads\/2020\/06\/static1.squarespace.png","width":800,"height":800,"caption":"Sustainable Review"},"image":{"@id":"https:\/\/sustainablereview.com\/pl\/#\/schema\/logo\/image\/"},"sameAs":["https:\/\/x.com\/sustainreview"]},{"@type":"Person","@id":"https:\/\/sustainablereview.com\/pl\/#\/schema\/person\/f3da3ce404089cdcb3a997a73fe0ee39","name":"Natalia Kolkowska","image":{"@type":"ImageObject","inLanguage":"pl-PL","@id":"https:\/\/sustainablereview.com\/pl\/#\/schema\/person\/image\/","url":"https:\/\/sustainablereview.com\/wp-content\/litespeed\/avatar\/4bf69f7abcb9581afd399378714db547.jpg?ver=1777479195","contentUrl":"https:\/\/sustainablereview.com\/wp-content\/litespeed\/avatar\/4bf69f7abcb9581afd399378714db547.jpg?ver=1777479195","caption":"Natalia Kolkowska"},"description":"Natalia is a linguist, a writer, and a huge bookworm hungry for new experiences and knowledge. She's vegan (for the planet and the animals), trying to live a sustainable lifestyle. She loves to explore new places, cultures, and customs. She's passionate about helping others grow and hopes her work will make a positive impact on the world.","url":"https:\/\/sustainablereview.com\/pl\/author\/nataliak\/"}]}},"wpml_translations":{"en":"24011","pl":"60620","pt-br":"39315"},"_links":{"self":[{"href":"https:\/\/sustainablereview.com\/pl\/wp-json\/wp\/v2\/posts\/60620"}],"collection":[{"href":"https:\/\/sustainablereview.com\/pl\/wp-json\/wp\/v2\/posts"}],"about":[{"href":"https:\/\/sustainablereview.com\/pl\/wp-json\/wp\/v2\/types\/post"}],"author":[{"embeddable":true,"href":"https:\/\/sustainablereview.com\/pl\/wp-json\/wp\/v2\/users\/1503"}],"replies":[{"embeddable":true,"href":"https:\/\/sustainablereview.com\/pl\/wp-json\/wp\/v2\/comments?post=60620"}],"version-history":[{"count":1,"href":"https:\/\/sustainablereview.com\/pl\/wp-json\/wp\/v2\/posts\/60620\/revisions"}],"predecessor-version":[{"id":61132,"href":"https:\/\/sustainablereview.com\/pl\/wp-json\/wp\/v2\/posts\/60620\/revisions\/61132"}],"wp:featuredmedia":[{"embeddable":true,"href":"https:\/\/sustainablereview.com\/pl\/wp-json\/wp\/v2\/media\/45018"}],"wp:attachment":[{"href":"https:\/\/sustainablereview.com\/pl\/wp-json\/wp\/v2\/media?parent=60620"}],"wp:term":[{"taxonomy":"category","embeddable":true,"href":"https:\/\/sustainablereview.com\/pl\/wp-json\/wp\/v2\/categories?post=60620"},{"taxonomy":"post_tag","embeddable":true,"href":"https:\/\/sustainablereview.com\/pl\/wp-json\/wp\/v2\/tags?post=60620"}],"curies":[{"name":"wp","href":"https:\/\/api.w.org\/{rel}","templated":true}]}}