{"id":39047,"date":"2024-04-21T15:00:57","date_gmt":"2024-04-21T19:00:57","guid":{"rendered":"https:\/\/sustainablereview.com\/?p=39047"},"modified":"2024-08-10T12:50:05","modified_gmt":"2024-08-10T16:50:05","slug":"acordo-provisorio-da-eus-para-impulsionar-a-sustentabilidade-das-embalagens","status":"publish","type":"post","link":"https:\/\/sustainablereview.com\/pt-br\/acordo-provisorio-da-eus-para-impulsionar-a-sustentabilidade-das-embalagens\/","title":{"rendered":"Acordo provis\u00f3rio da UE para impulsionar a sustentabilidade das embalagens"},"content":{"rendered":"\n<p>Em um movimento para combater ainda mais o desperd\u00edcio de embalagens e promover a sustentabilidade ambiental, os representantes do Parlamento da Uni\u00e3o Europeia e a presid\u00eancia do Conselho sobre o Regulamento sobre Embalagens e Res\u00edduos de Embalagens chegaram a um acordo provis\u00f3rio sobre novas regras para<a href=\"https:\/\/intltest.sustainablereview.com\/packaging-sustainability-no-more-styrofoam-is-foam-the-answer-to-sustainable-packaging\/\" target=\"_blank\" rel=\"noreferrer noopener\"> embalagens<\/a> mais<a href=\"https:\/\/intltest.sustainablereview.com\/packaging-sustainability-no-more-styrofoam-is-foam-the-answer-to-sustainable-packaging\/\" target=\"_blank\" rel=\"noreferrer noopener\"> sustent\u00e1veis<\/a>. <\/p>\n\n\n\n<p>O acordo entre o Parlamento Europeu e o Conselho na revis\u00e3o de suas regras relativas a embalagens e res\u00edduos de embalagens estabelece diretrizes novas e desafiadoras para a<a href=\"https:\/\/intltest.sustainablereview.com\/top-10-esg-reporting-software-for-enhanced-sustainability-management\/\" target=\"_blank\" rel=\"noreferrer noopener\"> gest\u00e3o sustent\u00e1vel<\/a> de embalagens e res\u00edduos de embalagens em toda a UE, alinhando-se com seu objetivo de criar uma economia circular e de baixo carbono. <\/p>\n\n\n\n<h2 class=\"wp-block-heading\">Principais elementos do acordo<\/h2>\n\n\n\n<p>O acordo provis\u00f3rio \u00e9 um avan\u00e7o bem-vindo nos esfor\u00e7os de redu\u00e7\u00e3o e reciclagem de res\u00edduos. Ele mant\u00e9m a maioria dos requisitos de sustentabilidade originalmente propostos pela Comiss\u00e3o para todas as embalagens e metas principais.<\/p>\n\n\n\n<p>O acordo inclui os seguintes componentes principais, al\u00e9m da proibi\u00e7\u00e3o de PFAS, ou &#8220;produtos qu\u00edmicos eternos&#8221;, para<a href=\"https:\/\/intltest.sustainablereview.com\/environmental-impact-of-takeout-food\/\" target=\"_blank\" rel=\"noreferrer noopener\"> embalagens de alimentos<\/a> sens\u00edveis ao contato at\u00e9 2026:<\/p>\n\n\n\n<h3 class=\"wp-block-heading\">Metas obrigat\u00f3rias de reutiliza\u00e7\u00e3o<\/h3>\n\n\n\n<p>At\u00e9 2030, a UE exige aumentos significativos na reutiliza\u00e7\u00e3o de materiais de embalagem (pelo menos 10%), com o objetivo de fazer a transi\u00e7\u00e3o para longe das embalagens de uso \u00fanico. Isso inclui metas de reutiliza\u00e7\u00e3o ambiciosas para setores espec\u00edficos, como o setor de alimentos e bebidas. Em circunst\u00e2ncias espec\u00edficas, os estados-membros podem conceder uma isen\u00e7\u00e3o de cinco anos dessas regras.<\/p>\n\n\n\n<p><br>At\u00e9 2030, as empresas de comida para viagem devem oferecer aos clientes a op\u00e7\u00e3o de usar seus recipientes para bebidas e alimentos. 10% dos produtos devem estar dispon\u00edveis em formatos de embalagens reutiliz\u00e1veis at\u00e9 essa data. Os Estados-Membros devem, ent\u00e3o, oferecer incentivos aos estabelecimentos aliment\u00edcios e servi\u00e7os de buf\u00ea para que forne\u00e7am \u00e1gua da torneira em formatos reutiliz\u00e1veis ou recarreg\u00e1veis, gratuitamente ou mediante uma pequena taxa de servi\u00e7o.<\/p>\n\n\n\n<h3 class=\"wp-block-heading\">Inova\u00e7\u00f5es em reciclagem<\/h3>\n\n\n\n<p>O acordo estipula metas de reciclagem maiores para v\u00e1rios materiais, incluindo pl\u00e1sticos, metais e papel, at\u00e9 2030 e 2040. H\u00e1 exce\u00e7\u00f5es espec\u00edficas planejadas para materiais leves como madeira, corti\u00e7a, t\u00eaxteis, borracha, cer\u00e2mica, porcelana ou cera.<\/p>\n\n\n\n<p>A nova regra tamb\u00e9m incentiva a inova\u00e7\u00e3o em tecnologias <a href=\"https:\/\/intltest.sustainablereview.com\/exploring-the-future-of-advanced-recycling-best-plastic-recycling-techniques\/\" target=\"_blank\" rel=\"noreferrer noopener\">de reciclagem<\/a> e o aumento do uso de embalagens reutiliz\u00e1veis. Os estados-membros devem garantir a coleta separada de garrafas pl\u00e1sticas de uso \u00fanico e recipientes met\u00e1licos para bebidas at\u00e9 2029, com um m\u00ednimo de 90% de coleta anual. Para atingir essa meta, eles devem criar sistemas de dep\u00f3sito de retorno (DRSs) para esses formatos de embalagem.  As isen\u00e7\u00f5es se aplicam a sistemas que j\u00e1 estejam cumprindo essa meta at\u00e9 2029 ou com uma taxa de coleta seletiva acima de 80% at\u00e9 2026.<\/p>\n\n\n\n<h3 class=\"wp-block-heading\">Redu\u00e7\u00e3o do peso e do volume da embalagem<\/h3>\n\n\n\n<p>Os fabricantes ser\u00e3o obrigados a minimizar o peso e o volume das embalagens sem comprometer a funcionalidade e a qualidade, promovendo o uso de materiais leves e um design eficiente.<\/p>\n\n\n\n<h3 class=\"wp-block-heading\">Proibi\u00e7\u00e3o de determinadas embalagens de uso \u00fanico<\/h3>\n\n\n\n<p>Tipos espec\u00edficos de embalagens pl\u00e1sticas de uso \u00fanico ser\u00e3o proibidos at\u00e9 2030, com foco na redu\u00e7\u00e3o do impacto ambiental dos res\u00edduos de embalagens pl\u00e1sticas e no incentivo ao uso de embalagens recicl\u00e1veis. Isso inclui embalagens usadas para frutas, legumes, alimentos e bebidas, bem como para condimentos e molhos no setor HORECA. Al\u00e9m disso, as restri\u00e7\u00f5es se aplicam a pequenos produtos cosm\u00e9ticos e de higiene pessoal utilizados no setor de hospedagem, como frascos de xampu ou lo\u00e7\u00e3o para o corpo, e a sacolas pl\u00e1sticas extremamente leves, comumente encontradas em mercados de alimentos a granel. Da mesma forma, a regra exige que a venda no varejo de pl\u00e1sticos de uso \u00fanico em caf\u00e9s e restaurantes seja proibida at\u00e9 2030 para incentivar alternativas reutiliz\u00e1veis.<\/p>\n\n\n\n<p>O <a href=\"https:\/\/www.consilium.europa.eu\/en\/press\/press-releases\/2024\/03\/04\/packaging-council-and-parliament-strike-a-deal-to-make-packaging-more-sustainable-and-reduce-packaging-waste-in-the-eu\/\" target=\"_blank\" rel=\"noreferrer noopener\">Conselho da UE<\/a> fornece informa\u00e7\u00f5es mais detalhadas sobre os principais elementos do acordo.<\/p>\n\n\n\n<p>Ap\u00f3s o acordo do Conselho, a relatora Fr\u00e9d\u00e9rique Ries (MR, B\u00e9lgica, Renew Europe) resumiu o sentimento por tr\u00e1s do acordo, dizendo:<\/p>\n\n\n\n<blockquote class=\"wp-block-quote is-layout-flow wp-block-quote-is-layout-flow\">\n<p><strong>&#8220;Pela primeira vez na legisla\u00e7\u00e3o ambiental, a Europa est\u00e1 estabelecendo metas claras para reduzir o consumo de embalagens, independentemente do material utilizado (pl\u00e1stico, madeira, metais ferrosos, alum\u00ednio, vidro, papel e papel\u00e3o). Pedimos esfor\u00e7os de todos os setores industriais, mas tamb\u00e9m dos Estados Membros, mas tamb\u00e9m quer\u00edamos que o consumidor desempenhasse um papel nessa luta contra o excesso de embalagens. Enviamos uma mensagem forte em favor de um mercado europeu de embalagens mais virtuoso que respeite a seguran\u00e7a dos alimentos. \u00c9 por isso que a proibi\u00e7\u00e3o dos produtos qu\u00edmicos PFAS persistentes \u00e9 uma grande vit\u00f3ria para a sa\u00fade dos consumidores europeus. Mas tamb\u00e9m era essencial que as ambi\u00e7\u00f5es ambientais atendessem \u00e0 realidade industrial com um acordo que promovesse a inova\u00e7\u00e3o, adiasse por cinco anos a restri\u00e7\u00e3o de determinados formatos de embalagem para frutas e vegetais frescos e, acima de tudo, previsse um certo n\u00famero de isen\u00e7\u00f5es para microempresas.&#8221;<\/strong><\/p>\n<\/blockquote>\n\n\n\n<h2 class=\"wp-block-heading\">Desafio legal contra a regulamenta\u00e7\u00e3o de embalagens e res\u00edduos de embalagens (PPWR)<\/h2>\n\n\n\n<p>No entanto, nem todos compartilham o mesmo sentimento de Ries. Desde que a minuta da PPWR vazou<a href=\"https:\/\/packagingeurope.com\/news\/packaging-organisations-release-joint-statement-questioning-true-sustainability-of-eus-legislative-revisions\/9077.article\" target=\"_blank\" rel=\"noreferrer noopener\"> em novembro de 2022<\/a>, ela tem enfrentado escrut\u00ednio e desafios de v\u00e1rias partes interessadas do setor de embalagens.<\/p>\n\n\n\n<p>Os cr\u00edticos, que inclu\u00edam participantes de todo o setor de produ\u00e7\u00e3o de embalagens da UE, argumentaram que a regulamenta\u00e7\u00e3o poderia impor encargos financeiros significativos \u00e0s pequenas e m\u00e9dias empresas (PMEs) e poderia levar ao aumento dos custos para o consumidor. Al\u00e9m disso, foram levantadas preocupa\u00e7\u00f5es sobre a viabilidade de atingir as ambiciosas metas estabelecidas pela regulamenta\u00e7\u00e3o, especialmente com rela\u00e7\u00e3o \u00e0 reciclagem e \u00e0 reutiliza\u00e7\u00e3o.<\/p>\n\n\n\n<p>Eles acrescentaram ainda que, na pior das hip\u00f3teses, os fluxos comerciais dentro do setor e as cadeias de suprimentos da UE poderiam ser interrompidos a ponto de setores inteiros entrarem em colapso. Dizem que a reciclagem \u00e9 desconsiderada como um componente da circularidade das embalagens, o que dificulta a convers\u00e3o de res\u00edduos em embalagens secund\u00e1rias economicamente vi\u00e1veis.<\/p>\n\n\n\n<p>Portanto, isso pode prejudicar os procedimentos atuais de embalagem, colocar em risco o emprego e desperdi\u00e7ar bilh\u00f5es de euros em investimentos &#8220;em um momento em que a Europa precisa de um crescimento resiliente e sustent\u00e1vel&#8221;.<\/p>\n\n\n\n<p>No entanto, o Parlamento e o Conselho da UE defenderam o PPWR, afirmando que ele inclui disposi\u00e7\u00f5es para apoiar as empresas durante a transi\u00e7\u00e3o para pr\u00e1ticas mais sustent\u00e1veis. Isso inclui isen\u00e7\u00f5es para determinados tipos de embalagens e incentivos financeiros para empresas que inovam no campo de embalagens sustent\u00e1veis.<\/p>\n\n\n\n<p>O \u00faltimo esfor\u00e7o para revisar a proposta original tamb\u00e9m provocou uma resposta negativa do setor de produtos frescos, especialmente com rela\u00e7\u00e3o \u00e0 proibi\u00e7\u00e3o da proposta de embalagens pl\u00e1sticas de frutas e vegetais.<\/p>\n\n\n\n<p>De acordo com um relat\u00f3rio da<a href=\"https:\/\/www.fruitnet.com\/eurofruit\/eu-to-ban-plastic-packaging-for-fruit-and-veg\/258964.article\" target=\"_blank\" rel=\"noreferrer noopener\"> Fruitnet<\/a>, os executivos do setor afirmam que as regulamenta\u00e7\u00f5es causar\u00e3o danos significativos e destacar\u00e3o injustamente o setor de frutas e vegetais. Al\u00e9m disso, eles afirmam que isso limitar\u00e1 o acesso do consumidor a alimentos saud\u00e1veis, aumentar\u00e1 o desperd\u00edcio de alimentos e n\u00e3o ter\u00e1 nenhum efeito significativo sobre as taxas de reciclagem em geral, destacando a complexidade da revis\u00e3o das regras para reduzir o desperd\u00edcio de embalagens.<\/p>\n\n\n\n<p>A Fruitnet foi informada por Philippe Binard, delegado geral da Freshfel Europe, que a proibi\u00e7\u00e3o era discriminat\u00f3ria, mal concebida e provavelmente ilegal, refletindo as tens\u00f5es no processo legislativo para embalagens sustent\u00e1veis. Binard observou:<\/p>\n\n\n\n<blockquote class=\"wp-block-quote is-layout-flow wp-block-quote-is-layout-flow\">\n<p><strong>&#8220;N\u00e3o vemos motivo para proibir embalagens para frutas e legumes, especificamente embalagens pl\u00e1sticas para frutas e legumes. N\u00e3o h\u00e1 avalia\u00e7\u00e3o de impacto. Se [o Parlamento e o Conselho] chegarem a um acordo, com certeza haver\u00e1 processos judiciais contestando essa proposta.&#8221; <\/strong><\/p>\n<\/blockquote>\n\n\n\n<p>\u00c0 medida que o acordo provis\u00f3rio da Uni\u00e3o Europeia sobre a regulamenta\u00e7\u00e3o de res\u00edduos de embalagens recebe cr\u00edticas, principalmente dos produtores de embalagens, fornecedores e usu\u00e1rios de seus produtos, \u00e9 imperativo que o Parlamento e o Conselho da UE adotem uma abordagem multifacetada para tratar dessas preocupa\u00e7\u00f5es de forma eficaz e da vontade pol\u00edtica por tr\u00e1s da implementa\u00e7\u00e3o da PPWR. O objetivo deve ser harmonizar as aspira\u00e7\u00f5es ambientais com as realidades econ\u00f4micas, assegurando que a transi\u00e7\u00e3o para a substitui\u00e7\u00e3o ou elimina\u00e7\u00e3o das embalagens pl\u00e1sticas seja inclusiva e pragm\u00e1tica. Aqui est\u00e3o v\u00e1rias medidas que podem ser tomadas para atenuar as cr\u00edticas e promover um ambiente colaborativo:<\/p>\n\n\n\n<h3 class=\"wp-block-heading\">Fortalecer o envolvimento das partes interessadas<\/h3>\n\n\n\n<ul>\n<li><strong>Di\u00e1logos estruturados<\/strong><strong>:<\/strong> Estabele\u00e7a di\u00e1logos regulares e estruturados com as partes interessadas do setor, incluindo PMEs, para obter feedback, entender os desafios enfrentados por diferentes setores e adotar regulamenta\u00e7\u00f5es conforme necess\u00e1rio.<\/li>\n\n\n\n<li><strong>Workshops de cocria\u00e7\u00e3o<\/strong>: Facilite workshops de cocria\u00e7\u00e3o em que produtores, recicladores e formuladores de pol\u00edticas possam desenvolver em conjunto solu\u00e7\u00f5es inovadoras para embalagens que atendam aos requisitos regulat\u00f3rios e sejam economicamente vi\u00e1veis.<\/li>\n<\/ul>\n\n\n\n<h3 class=\"wp-block-heading\">Melhorar o apoio e os incentivos<\/h3>\n\n\n\n<ul>\n<li><strong>Apoio financeiro<\/strong>: Para investir em tecnologias e pr\u00e1ticas de embalagens sustent\u00e1veis e incentivar a n\u00e3o utiliza\u00e7\u00e3o de embalagens desnecess\u00e1rias, ofere\u00e7a apoio financeiro direcionado \u00e0s empresas, especialmente \u00e0s PMEs. Isso pode incluir subs\u00eddios, empr\u00e9stimos a juros baixos e incentivos fiscais para pesquisa e desenvolvimento (P&amp;D) em materiais e projetos de embalagens ecologicamente corretos.<\/li>\n\n\n\n<li><strong>Assist\u00eancia t\u00e9cnica:<\/strong> Ofere\u00e7a programas de assist\u00eancia t\u00e9cnica para ajudar as empresas a navegar na transi\u00e7\u00e3o, como orienta\u00e7\u00e3o sobre materiais alternativos, design para reciclagem e processos de produ\u00e7\u00e3o eficientes.<\/li>\n<\/ul>\n\n\n\n<h3 class=\"wp-block-heading\">Implementar regulamenta\u00e7\u00f5es flex\u00edveis e em fases<\/h3>\n\n\n\n<ul>\n<li><strong>Implementa\u00e7\u00e3o gradual<\/strong>: Introduzir uma abordagem em fases para a implementa\u00e7\u00e3o de novas regulamenta\u00e7\u00f5es de embalagens, permitindo que os setores tenham tempo para se ajustar. Isso poderia envolver a defini\u00e7\u00e3o de metas progressivas para a redu\u00e7\u00e3o, reutiliza\u00e7\u00e3o e reciclagem de materiais de embalagem.<\/li>\n\n\n\n<li><strong>Flexibilidade para PME<\/strong>s: Considere a flexibilidade na aplica\u00e7\u00e3o de determinadas regulamenta\u00e7\u00f5es para PMEs, reconhecendo o impacto desproporcional que elas podem ter sobre as empresas menores. Limites adaptados ou prazos de conformidade estendidos podem fazer parte dessa flexibilidade.<\/li>\n<\/ul>\n\n\n\n<h3 class=\"wp-block-heading\">Fomentar a inova\u00e7\u00e3o e a pesquisa<\/h3>\n\n\n\n<ul>\n<li><strong>Investimentos em P&amp;D<\/strong><strong>:<\/strong> Aumente o investimento em pesquisa e desenvolvimento para solu\u00e7\u00f5es de embalagens sustent\u00e1veis. Isso inclui o apoio \u00e0 inova\u00e7\u00e3o em ci\u00eancia de materiais, tecnologias de reciclagem e design de produtos que reduzam o impacto ambiental.<\/li>\n\n\n\n<li><strong>Centros de inova\u00e7\u00e3o<\/strong>: Criar ou apoiar centros de inova\u00e7\u00e3o que re\u00fanam pesquisadores, empreendedores e especialistas do setor para acelerar o desenvolvimento de tecnologias de embalagens sustent\u00e1veis.<\/li>\n<\/ul>\n\n\n\n<h3 class=\"wp-block-heading\">Promover a conscientiza\u00e7\u00e3o e a participa\u00e7\u00e3o do consumidor<\/h3>\n\n\n\n<ul>\n<li><strong>Campanhas educacionais:<\/strong> Lan\u00e7ar campanhas educacionais abrangentes para conscientizar o consumidor sobre a import\u00e2ncia das embalagens sustent\u00e1veis e como os consumidores podem contribuir para uma economia circular.<\/li>\n\n\n\n<li><strong>Incentivar o comportamento do consumidor<\/strong>: Desenvolva programas de incentivo que estimulem os consumidores a escolher op\u00e7\u00f5es de embalagens reutiliz\u00e1veis e recicl\u00e1veis, como esquemas de dep\u00f3sito-retorno para recipientes de bebidas.<\/li>\n<\/ul>\n\n\n\n<h3 class=\"wp-block-heading\">Aprimorar a colabora\u00e7\u00e3o internacional<\/h3>\n\n\n\n<ul>\n<li>Padr\u00f5es globais: Trabalhar para o desenvolvimento de padr\u00f5es internacionais para embalagens sustent\u00e1veis para facilitar o com\u00e9rcio e garantir que as empresas europeias permane\u00e7am competitivas nos mercados globais.<\/li>\n\n\n\n<li>Compartilhamento de melhores pr\u00e1ticas: Participe de f\u00f3runs internacionais para compartilhar as melhores pr\u00e1ticas, aprender com as experi\u00eancias de outras regi\u00f5es e colaborar com os desafios globais relacionados a res\u00edduos e reciclagem de embalagens.<\/li>\n<\/ul>\n\n\n\n<h2 class=\"wp-block-heading\">Uma breve vis\u00e3o geral da Regulamenta\u00e7\u00e3o de Embalagens e Res\u00edduos de Embalagens (PPWR)<\/h2>\n\n\n\n<p>A Regulamenta\u00e7\u00e3o de Embalagens e Res\u00edduos de Embalagens (PPWR) estabelece pol\u00edticas para incentivar a reutiliza\u00e7\u00e3o de embalagens e outras formas de recupera\u00e7\u00e3o de embalagens usadas para diversos fins, evitando a gera\u00e7\u00e3o de res\u00edduos de embalagens.<\/p>\n\n\n\n<p>Al\u00e9m de reduzir os res\u00edduos de embalagens, o PPWR exige que cada vez menos pl\u00e1stico produzido a partir de combust\u00edveis f\u00f3sseis seja usado nas embalagens pl\u00e1sticas da UE. Parte de sua necessidade ser\u00e1 substitu\u00edda por pl\u00e1stico reciclado e op\u00e7\u00f5es de embalagens flex\u00edveis. Dependendo do uso, as embalagens pl\u00e1sticas na UE devem incluir de 10% a 35% de conte\u00fado reciclado at\u00e9 2030. As porcentagens aumentam para 50-65% at\u00e9 2040. Em outras palavras, at\u00e9 2040, mais pl\u00e1stico reciclado do que pl\u00e1stico virgem dever\u00e1 ser usado nas embalagens da UE.<\/p>\n\n\n\n<p>De acordo com a<a href=\"https:\/\/environment.ec.europa.eu\/topics\/waste-and-recycling\/packaging-waste_en\">Comiss\u00e3o Europeia<\/a>, apesar de a introdu\u00e7\u00e3o dessas regulamenta\u00e7\u00f5es ter sido considerada bem-sucedida, o desperd\u00edcio de embalagens da UE ainda est\u00e1 aumentando, e muitos recursos da regi\u00e3o est\u00e3o sendo desperdi\u00e7ados sem serem reintroduzidos na economia. Por isso, revis\u00f5es e emendas est\u00e3o sendo feitas continuamente em rela\u00e7\u00e3o \u00e0s leis sobre embalagens. <\/p>\n\n\n\n<h2 class=\"wp-block-heading\">A quest\u00e3o das embalagens pl\u00e1sticas na UE<\/h2>\n\n\n\n<p>As embalagens pl\u00e1sticas da UE representam um desafio significativo em sua estrutura de gerenciamento de res\u00edduos. Apesar dos esfor\u00e7os de reciclagem e dos sistemas de reciclagem em pleno funcionamento em toda a regi\u00e3o, uma parte substancial das embalagens pl\u00e1sticas acaba em aterros sanit\u00e1rios ou incineradores, contribuindo para a polui\u00e7\u00e3o e as emiss\u00f5es de gases de efeito estufa.<\/p>\n\n\n\n<figure class=\"wp-block-image size-large\"><img fetchpriority=\"high\" decoding=\"async\" width=\"1024\" height=\"576\" src=\"https:\/\/intltest.sustainablereview.com\/\/wp-content\/uploads\/2024\/04\/image-46-1024x576.png\" alt=\"\" class=\"wp-image-35510\" srcset=\"https:\/\/sustainablereview.com\/wp-content\/uploads\/2024\/04\/image-46-1024x576.png 1024w, https:\/\/sustainablereview.com\/wp-content\/uploads\/2024\/04\/image-46-300x169.png 300w, https:\/\/sustainablereview.com\/wp-content\/uploads\/2024\/04\/image-46-768x432.png 768w, https:\/\/sustainablereview.com\/wp-content\/uploads\/2024\/04\/image-46-1536x864.png 1536w, https:\/\/sustainablereview.com\/wp-content\/uploads\/2024\/04\/image-46-1100x620.png 1100w, https:\/\/sustainablereview.com\/wp-content\/uploads\/2024\/04\/image-46-45x25.png 45w, https:\/\/sustainablereview.com\/wp-content\/uploads\/2024\/04\/image-46.png 1600w\" sizes=\"(min-width: 960px) 75vw, 100vw\" \/><\/figure>\n\n\n\n<p class=\"has-small-font-size\">Fonte da imagem: https:\/\/ec.europa.eu\/eurostat\/web\/products-eurostat-news\/w\/ddn-20231019-1\/<\/p>\n\n\n\n<p>De acordo com dados do Eurostat, a UE produziu 188,7 quilos de res\u00edduos de embalagens por residente em 2021 &#8211; 10,8 kg a mais do que em 2020, o maior aumento em dez anos, e cerca de 32 kg a mais do que em 2011.<\/p>\n\n\n\n<p>O papel e o papel\u00e3o representaram 40,3% dos 84 milh\u00f5es de toneladas de res\u00edduos de embalagens produzidos na UE. 19,0% vieram do pl\u00e1stico, 18,5% do vidro, 17,1% da madeira e 4,9% do metal, destacando a necessidade urgente de embalagens sustent\u00e1veis na UE.<\/p>\n\n\n\n<p>Cada residente da UE produziu, em m\u00e9dia, 35,9 quilos de lixo de embalagens pl\u00e1sticas em 2021. Apenas 14,2 kg desse total foram reciclados.<\/p>\n\n\n\n<p>Os dados do Eurostat tamb\u00e9m revelaram que a taxa de reciclagem diminuiu de 41,1% em 2019 para 37,6% em 2020, como resultado de regulamenta\u00e7\u00f5es mais r\u00edgidas naquele ano que obrigavam os estados membros a divulgar sua reciclagem. Com 39,7% em 2021, a taxa de reciclagem retomou sua trajet\u00f3ria ascendente.<\/p>\n\n\n\n<p>Metade, ou quase metade, dos res\u00edduos de embalagens pl\u00e1sticas gerados em 2021 foi reciclada na Eslov\u00eania (50,0%), B\u00e9lgica (49,2%) e Holanda (48,9%). Em compara\u00e7\u00e3o, a Su\u00e9cia (23,8%), a Fran\u00e7a (23,1%) e Malta (20,5%) reciclaram menos de 25% de seus res\u00edduos de embalagens pl\u00e1sticas.<\/p>\n\n\n\n<h2 class=\"wp-block-heading\">Conclus\u00e3o<\/h2>\n\n\n\n<p>O acordo provis\u00f3rio sobre novas regras para embalagens mais sustent\u00e1veis na UE marca um passo cr\u00edtico na luta contra o desperd\u00edcio de embalagens e na transi\u00e7\u00e3o para uma<a href=\"https:\/\/intltest.sustainablereview.com\/circular-economy-and-business-sustainability\/\" target=\"_blank\" rel=\"noreferrer noopener\"> economia circular<\/a>. Ao estabelecer metas ambiciosas de reutiliza\u00e7\u00e3o e reciclagem, proibir certos tipos de embalagens pl\u00e1sticas de uso \u00fanico e promover a inova\u00e7\u00e3o no setor de embalagens, a UE est\u00e1 se posicionando como l\u00edder global em sustentabilidade ambiental, fornecendo um modelo de gest\u00e3o de sustentabilidade para outros pa\u00edses.<\/p>\n\n\n\n<p>Entretanto, \u00e0 medida que a UE avan\u00e7a na implementa\u00e7\u00e3o dessas novas regras, fica claro que o sucesso do PPWR depender\u00e1 do esfor\u00e7o coletivo dos estados-membros, das empresas e dos consumidores. A transi\u00e7\u00e3o para pr\u00e1ticas de embalagem mais sustent\u00e1veis apresenta desafios, mas oferece uma oportunidade \u00fanica de inovar, reduzir o impacto ambiental e preparar o caminho para um futuro mais verde.<\/p>\n\n\n\n<h2 class=\"wp-block-heading\">Algumas perguntas relacionadas ao acordo provis\u00f3rio da UE<\/h2>\n\n\n\n<div class=\"schema-faq wp-block-yoast-faq-block\"><div class=\"schema-faq-section\" id=\"faq-question-1713725987279\"><strong class=\"schema-faq-question\">Qual \u00e9 o desenvolvimento mais recente em rela\u00e7\u00e3o \u00e0 sustentabilidade de embalagens da UE?<\/strong> <p class=\"schema-faq-answer\">A UE chegou a um acordo provis\u00f3rio para impulsionar a sustentabilidade das embalagens. <\/p> <\/div> <div class=\"schema-faq-section\" id=\"faq-question-1713725992469\"><strong class=\"schema-faq-question\">Quais s\u00e3o os principais objetivos do acordo provis\u00f3rio da UE sobre sustentabilidade de embalagens?<\/strong> <p class=\"schema-faq-answer\">O acordo visa reduzir os res\u00edduos de embalagens da UE em 15 bilh\u00f5es em toda a regi\u00e3o e aumentar a reciclabilidade das embalagens at\u00e9 2030.<\/p> <\/div> <div class=\"schema-faq-section\" id=\"faq-question-1713725996488\"><strong class=\"schema-faq-question\">Quando se espera que o acordo seja totalmente implementado?<\/strong> <p class=\"schema-faq-answer\">Espera-se que o acordo seja totalmente implementado at\u00e9 2024. No entanto, como o acordo \u00e9 uma disposi\u00e7\u00e3o, ele deve ser formalmente adotado por ambas as institui\u00e7\u00f5es para entrar em vigor. <\/p> <\/div> <div class=\"schema-faq-section\" id=\"faq-question-1713726001658\"><strong class=\"schema-faq-question\">Como o novo acordo afetar\u00e1 os clientes de embalagens?<\/strong> <p class=\"schema-faq-answer\">Os clientes de embalagens podem esperar mais sacolas pl\u00e1sticas leves e maior capacidade de reciclagem dos materiais de embalagem.<\/p> <\/div> <div class=\"schema-faq-section\" id=\"faq-question-1713726009108\"><strong class=\"schema-faq-question\">Quais s\u00e3o alguns dos itens espec\u00edficos inclu\u00eddos no acordo?<\/strong> <p class=\"schema-faq-answer\">O acordo abrange bebidas alco\u00f3licas e n\u00e3o alco\u00f3licas, produtos de higiene pessoal e quaisquer outros materiais usados em embalagens.<\/p> <\/div> <div class=\"schema-faq-section\" id=\"faq-question-1713726015913\"><strong class=\"schema-faq-question\">Qual \u00e9 o papel dos MPEs na finaliza\u00e7\u00e3o desse acordo?<\/strong> <p class=\"schema-faq-answer\">Os membros do Parlamento Europeu devem concordar com a Diretiva de Embalagens e Res\u00edduos de Embalagens (PPWD) para que o acordo entre em vigor.<\/p> <\/div> <div class=\"schema-faq-section\" id=\"faq-question-1713726023982\"><strong class=\"schema-faq-question\">Como esse acordo se alinha com as iniciativas anteriores da UE sobre redu\u00e7\u00e3o de res\u00edduos?<\/strong> <p class=\"schema-faq-answer\">O acordo est\u00e1 alinhado com a meta da UE de reduzir o desperd\u00edcio de embalagens e aumentar a reciclabilidade como parte de seus esfor\u00e7os mais amplos de sustentabilidade.<\/p> <\/div> <div class=\"schema-faq-section\" id=\"faq-question-1713726031555\"><strong class=\"schema-faq-question\">Quais s\u00e3o alguns dos desafios que podem determinar o sucesso desse acordo?<\/strong> <p class=\"schema-faq-answer\">O sucesso ou o fracasso do acordo pode depender de fatores como a coopera\u00e7\u00e3o dos estados-membros, a efic\u00e1cia da infraestrutura de reciclagem e as campanhas de conscientiza\u00e7\u00e3o p\u00fablica.<\/p> <\/div> <\/div>\n","protected":false},"excerpt":{"rendered":"<p><!-- wp:paragraph --> <\/p>\n<p>A UE chega a um acordo sobre novas regras para embalagens sustent\u00e1veis, visando \u00e0 redu\u00e7\u00e3o de res\u00edduos, \u00e0 reciclagem e \u00e0 proibi\u00e7\u00e3o de pl\u00e1sticos de uso \u00fanico at\u00e9 2030 e al\u00e9m.<\/p>\n<p><!-- \/wp:paragraph --><\/p>\n","protected":false},"author":1507,"featured_media":35509,"comment_status":"closed","ping_status":"closed","sticky":false,"template":"","format":"standard","meta":{"_acf_changed":false,"_monsterinsights_skip_tracking":false,"_monsterinsights_sitenote_active":false,"_monsterinsights_sitenote_note":"","_monsterinsights_sitenote_category":0,"footnotes":""},"categories":[3095],"tags":[],"acf":[],"yoast_head":"<!-- This site is optimized with the Yoast SEO plugin v23.2 - https:\/\/yoast.com\/wordpress\/plugins\/seo\/ -->\n<title>Acordo provis\u00f3rio da UE para impulsionar a sustentabilidade das embalagens &#8212; Sustainable Review<\/title>\n<meta name=\"robots\" content=\"index, follow, max-snippet:-1, max-image-preview:large, max-video-preview:-1\" \/>\n<link rel=\"canonical\" href=\"https:\/\/sustainablereview.com\/pt-br\/acordo-provisorio-da-eus-para-impulsionar-a-sustentabilidade-das-embalagens\/\" \/>\n<meta property=\"og:locale\" content=\"pt_BR\" \/>\n<meta property=\"og:type\" content=\"article\" \/>\n<meta property=\"og:title\" content=\"Acordo provis\u00f3rio da UE para impulsionar a sustentabilidade das embalagens &#8212; Sustainable Review\" \/>\n<meta property=\"og:description\" content=\"A UE chega a um acordo sobre novas regras para embalagens sustent\u00e1veis, visando \u00e0 redu\u00e7\u00e3o de res\u00edduos, \u00e0 reciclagem e \u00e0 proibi\u00e7\u00e3o de pl\u00e1sticos de uso \u00fanico at\u00e9 2030 e al\u00e9m.\" \/>\n<meta property=\"og:url\" content=\"https:\/\/sustainablereview.com\/pt-br\/acordo-provisorio-da-eus-para-impulsionar-a-sustentabilidade-das-embalagens\/\" \/>\n<meta property=\"og:site_name\" content=\"Sustainable Review\" \/>\n<meta property=\"article:published_time\" content=\"2024-04-21T19:00:57+00:00\" \/>\n<meta property=\"article:modified_time\" content=\"2024-08-10T16:50:05+00:00\" \/>\n<meta property=\"og:image\" content=\"https:\/\/sustainablereview.com\/wp-content\/uploads\/2024\/04\/image-45.png\" \/>\n\t<meta property=\"og:image:width\" content=\"1125\" \/>\n\t<meta property=\"og:image:height\" content=\"750\" \/>\n\t<meta property=\"og:image:type\" content=\"image\/png\" \/>\n<meta name=\"author\" content=\"Ericka Porta\" \/>\n<meta name=\"twitter:card\" content=\"summary_large_image\" \/>\n<meta name=\"twitter:creator\" content=\"@sustainreview\" \/>\n<meta name=\"twitter:site\" content=\"@sustainreview\" \/>\n<meta name=\"twitter:label1\" content=\"Escrito por\" \/>\n\t<meta name=\"twitter:data1\" content=\"Ericka Porta\" \/>\n\t<meta name=\"twitter:label2\" content=\"Est. tempo de leitura\" \/>\n\t<meta name=\"twitter:data2\" content=\"15 minutos\" \/>\n<script type=\"application\/ld+json\" class=\"yoast-schema-graph\">{\"@context\":\"https:\/\/schema.org\",\"@graph\":[{\"@type\":\"Article\",\"@id\":\"https:\/\/sustainablereview.com\/pt-br\/acordo-provisorio-da-eus-para-impulsionar-a-sustentabilidade-das-embalagens\/#article\",\"isPartOf\":{\"@id\":\"https:\/\/sustainablereview.com\/pt-br\/acordo-provisorio-da-eus-para-impulsionar-a-sustentabilidade-das-embalagens\/\"},\"author\":{\"name\":\"Ericka Porta\",\"@id\":\"https:\/\/sustainablereview.com\/pt-br\/#\/schema\/person\/fed78524720812677eca72f5344ac879\"},\"headline\":\"Acordo provis\u00f3rio da UE para impulsionar a sustentabilidade das embalagens\",\"datePublished\":\"2024-04-21T19:00:57+00:00\",\"dateModified\":\"2024-08-10T16:50:05+00:00\",\"mainEntityOfPage\":{\"@id\":\"https:\/\/sustainablereview.com\/pt-br\/acordo-provisorio-da-eus-para-impulsionar-a-sustentabilidade-das-embalagens\/\"},\"wordCount\":2927,\"publisher\":{\"@id\":\"https:\/\/sustainablereview.com\/pt-br\/#organization\"},\"image\":{\"@id\":\"https:\/\/sustainablereview.com\/pt-br\/acordo-provisorio-da-eus-para-impulsionar-a-sustentabilidade-das-embalagens\/#primaryimage\"},\"thumbnailUrl\":\"https:\/\/sustainablereview.com\/wp-content\/uploads\/2024\/04\/image-45.png\",\"articleSection\":[\"Not\u00edcias\"],\"inLanguage\":\"pt-BR\"},{\"@type\":[\"WebPage\",\"FAQPage\"],\"@id\":\"https:\/\/sustainablereview.com\/pt-br\/acordo-provisorio-da-eus-para-impulsionar-a-sustentabilidade-das-embalagens\/\",\"url\":\"https:\/\/sustainablereview.com\/pt-br\/acordo-provisorio-da-eus-para-impulsionar-a-sustentabilidade-das-embalagens\/\",\"name\":\"Acordo provis\u00f3rio da UE para impulsionar a sustentabilidade das embalagens &#8212; Sustainable Review\",\"isPartOf\":{\"@id\":\"https:\/\/sustainablereview.com\/pt-br\/#website\"},\"primaryImageOfPage\":{\"@id\":\"https:\/\/sustainablereview.com\/pt-br\/acordo-provisorio-da-eus-para-impulsionar-a-sustentabilidade-das-embalagens\/#primaryimage\"},\"image\":{\"@id\":\"https:\/\/sustainablereview.com\/pt-br\/acordo-provisorio-da-eus-para-impulsionar-a-sustentabilidade-das-embalagens\/#primaryimage\"},\"thumbnailUrl\":\"https:\/\/sustainablereview.com\/wp-content\/uploads\/2024\/04\/image-45.png\",\"datePublished\":\"2024-04-21T19:00:57+00:00\",\"dateModified\":\"2024-08-10T16:50:05+00:00\",\"breadcrumb\":{\"@id\":\"https:\/\/sustainablereview.com\/pt-br\/acordo-provisorio-da-eus-para-impulsionar-a-sustentabilidade-das-embalagens\/#breadcrumb\"},\"mainEntity\":[{\"@id\":\"https:\/\/sustainablereview.com\/pt-br\/acordo-provisorio-da-eus-para-impulsionar-a-sustentabilidade-das-embalagens\/#faq-question-1713725987279\"},{\"@id\":\"https:\/\/sustainablereview.com\/pt-br\/acordo-provisorio-da-eus-para-impulsionar-a-sustentabilidade-das-embalagens\/#faq-question-1713725992469\"},{\"@id\":\"https:\/\/sustainablereview.com\/pt-br\/acordo-provisorio-da-eus-para-impulsionar-a-sustentabilidade-das-embalagens\/#faq-question-1713725996488\"},{\"@id\":\"https:\/\/sustainablereview.com\/pt-br\/acordo-provisorio-da-eus-para-impulsionar-a-sustentabilidade-das-embalagens\/#faq-question-1713726001658\"},{\"@id\":\"https:\/\/sustainablereview.com\/pt-br\/acordo-provisorio-da-eus-para-impulsionar-a-sustentabilidade-das-embalagens\/#faq-question-1713726009108\"},{\"@id\":\"https:\/\/sustainablereview.com\/pt-br\/acordo-provisorio-da-eus-para-impulsionar-a-sustentabilidade-das-embalagens\/#faq-question-1713726015913\"},{\"@id\":\"https:\/\/sustainablereview.com\/pt-br\/acordo-provisorio-da-eus-para-impulsionar-a-sustentabilidade-das-embalagens\/#faq-question-1713726023982\"},{\"@id\":\"https:\/\/sustainablereview.com\/pt-br\/acordo-provisorio-da-eus-para-impulsionar-a-sustentabilidade-das-embalagens\/#faq-question-1713726031555\"}],\"inLanguage\":\"pt-BR\",\"potentialAction\":[{\"@type\":\"ReadAction\",\"target\":[\"https:\/\/sustainablereview.com\/pt-br\/acordo-provisorio-da-eus-para-impulsionar-a-sustentabilidade-das-embalagens\/\"]}]},{\"@type\":\"ImageObject\",\"inLanguage\":\"pt-BR\",\"@id\":\"https:\/\/sustainablereview.com\/pt-br\/acordo-provisorio-da-eus-para-impulsionar-a-sustentabilidade-das-embalagens\/#primaryimage\",\"url\":\"https:\/\/sustainablereview.com\/wp-content\/uploads\/2024\/04\/image-45.png\",\"contentUrl\":\"https:\/\/sustainablereview.com\/wp-content\/uploads\/2024\/04\/image-45.png\",\"width\":1125,\"height\":750,\"caption\":\"EU's Provisional Deal to Boost Packaging Sustainability\"},{\"@type\":\"BreadcrumbList\",\"@id\":\"https:\/\/sustainablereview.com\/pt-br\/acordo-provisorio-da-eus-para-impulsionar-a-sustentabilidade-das-embalagens\/#breadcrumb\",\"itemListElement\":[{\"@type\":\"ListItem\",\"position\":1,\"name\":\"In\u00edcio\",\"item\":\"https:\/\/sustainablereview.com\/pt-br\/inicio\/\"},{\"@type\":\"ListItem\",\"position\":2,\"name\":\"Acordo provis\u00f3rio da UE para impulsionar a sustentabilidade das embalagens\"}]},{\"@type\":\"WebSite\",\"@id\":\"https:\/\/sustainablereview.com\/pt-br\/#website\",\"url\":\"https:\/\/sustainablereview.com\/pt-br\/\",\"name\":\"Sustainable Review\",\"description\":\"Let us do the &#039;Green-splaining&#039;\",\"publisher\":{\"@id\":\"https:\/\/sustainablereview.com\/pt-br\/#organization\"},\"potentialAction\":[{\"@type\":\"SearchAction\",\"target\":{\"@type\":\"EntryPoint\",\"urlTemplate\":\"https:\/\/sustainablereview.com\/pt-br\/?s={search_term_string}\"},\"query-input\":\"required name=search_term_string\"}],\"inLanguage\":\"pt-BR\"},{\"@type\":\"Organization\",\"@id\":\"https:\/\/sustainablereview.com\/pt-br\/#organization\",\"name\":\"Sustainable Review\",\"url\":\"https:\/\/sustainablereview.com\/pt-br\/\",\"logo\":{\"@type\":\"ImageObject\",\"inLanguage\":\"pt-BR\",\"@id\":\"https:\/\/sustainablereview.com\/pt-br\/#\/schema\/logo\/image\/\",\"url\":\"https:\/\/sustainablereview.com\/wp-content\/uploads\/2020\/06\/static1.squarespace.png\",\"contentUrl\":\"https:\/\/sustainablereview.com\/wp-content\/uploads\/2020\/06\/static1.squarespace.png\",\"width\":800,\"height\":800,\"caption\":\"Sustainable Review\"},\"image\":{\"@id\":\"https:\/\/sustainablereview.com\/pt-br\/#\/schema\/logo\/image\/\"},\"sameAs\":[\"https:\/\/x.com\/sustainreview\"]},{\"@type\":\"Person\",\"@id\":\"https:\/\/sustainablereview.com\/pt-br\/#\/schema\/person\/fed78524720812677eca72f5344ac879\",\"name\":\"Ericka Porta\",\"image\":{\"@type\":\"ImageObject\",\"inLanguage\":\"pt-BR\",\"@id\":\"https:\/\/sustainablereview.com\/pt-br\/#\/schema\/person\/image\/\",\"url\":\"https:\/\/sustainablereview.com\/wp-content\/litespeed\/avatar\/0fcf3ec3abc78f40b8b1ee11df987c0c.jpg?ver=1777485583\",\"contentUrl\":\"https:\/\/sustainablereview.com\/wp-content\/litespeed\/avatar\/0fcf3ec3abc78f40b8b1ee11df987c0c.jpg?ver=1777485583\",\"caption\":\"Ericka Porta\"},\"description\":\"Ericka is a writer with 15 years of experience turning ideas into compelling narratives. She has a keen eye on good books and loves grabbing grubs and sumptuous coffee, tea, and beer. She's also into meaningful conversations done on long walks and finds joy in registering revolutions on a bike. Additionally, she's passionate about sustainability and enjoys exploring ways to integrate eco-friendly practices into her daily life. A mom of three boys (1 human baby and 2 fur babies), she cherishes the chaos and love that comes with parenthood.\",\"url\":\"https:\/\/sustainablereview.com\/pt-br\/author\/ericka\/\"},{\"@type\":\"Question\",\"@id\":\"https:\/\/sustainablereview.com\/pt-br\/acordo-provisorio-da-eus-para-impulsionar-a-sustentabilidade-das-embalagens\/#faq-question-1713725987279\",\"position\":1,\"url\":\"https:\/\/sustainablereview.com\/pt-br\/acordo-provisorio-da-eus-para-impulsionar-a-sustentabilidade-das-embalagens\/#faq-question-1713725987279\",\"name\":\"What is the latest development regarding EU's packaging sustainability?\",\"answerCount\":1,\"acceptedAnswer\":{\"@type\":\"Answer\",\"text\":\"The EU has reached a provisional deal to boost packaging sustainability. \",\"inLanguage\":\"pt-BR\"},\"inLanguage\":\"pt-BR\"},{\"@type\":\"Question\",\"@id\":\"https:\/\/sustainablereview.com\/pt-br\/acordo-provisorio-da-eus-para-impulsionar-a-sustentabilidade-das-embalagens\/#faq-question-1713725992469\",\"position\":2,\"url\":\"https:\/\/sustainablereview.com\/pt-br\/acordo-provisorio-da-eus-para-impulsionar-a-sustentabilidade-das-embalagens\/#faq-question-1713725992469\",\"name\":\"What are the key goals of the EU's provisional deal on packaging sustainability?\",\"answerCount\":1,\"acceptedAnswer\":{\"@type\":\"Answer\",\"text\":\"The deal aims to reduce EU packaging waste by 15 billion across the region and increase the recyclability of packaging by 2030.\",\"inLanguage\":\"pt-BR\"},\"inLanguage\":\"pt-BR\"},{\"@type\":\"Question\",\"@id\":\"https:\/\/sustainablereview.com\/pt-br\/acordo-provisorio-da-eus-para-impulsionar-a-sustentabilidade-das-embalagens\/#faq-question-1713725996488\",\"position\":3,\"url\":\"https:\/\/sustainablereview.com\/pt-br\/acordo-provisorio-da-eus-para-impulsionar-a-sustentabilidade-das-embalagens\/#faq-question-1713725996488\",\"name\":\"When is the agreement expected to be fully implemented?\",\"answerCount\":1,\"acceptedAnswer\":{\"@type\":\"Answer\",\"text\":\"The agreement is expected to be fully implemented by 2024. However, as the deal is provision, it must be formally adopted by both institutions to take effect. \",\"inLanguage\":\"pt-BR\"},\"inLanguage\":\"pt-BR\"},{\"@type\":\"Question\",\"@id\":\"https:\/\/sustainablereview.com\/pt-br\/acordo-provisorio-da-eus-para-impulsionar-a-sustentabilidade-das-embalagens\/#faq-question-1713726001658\",\"position\":4,\"url\":\"https:\/\/sustainablereview.com\/pt-br\/acordo-provisorio-da-eus-para-impulsionar-a-sustentabilidade-das-embalagens\/#faq-question-1713726001658\",\"name\":\"How will the new deal impact packaging customers?\",\"answerCount\":1,\"acceptedAnswer\":{\"@type\":\"Answer\",\"text\":\"Packaging customers can expect more lightweight plastic carrier bags and improved recyclability of packaging materials.\",\"inLanguage\":\"pt-BR\"},\"inLanguage\":\"pt-BR\"},{\"@type\":\"Question\",\"@id\":\"https:\/\/sustainablereview.com\/pt-br\/acordo-provisorio-da-eus-para-impulsionar-a-sustentabilidade-das-embalagens\/#faq-question-1713726009108\",\"position\":5,\"url\":\"https:\/\/sustainablereview.com\/pt-br\/acordo-provisorio-da-eus-para-impulsionar-a-sustentabilidade-das-embalagens\/#faq-question-1713726009108\",\"name\":\"What are some of the specific items included in the deal?\",\"answerCount\":1,\"acceptedAnswer\":{\"@type\":\"Answer\",\"text\":\"The deal covers alcoholic and non-alcoholic beverages, toiletry products, and any additional materials used in packaging.\",\"inLanguage\":\"pt-BR\"},\"inLanguage\":\"pt-BR\"},{\"@type\":\"Question\",\"@id\":\"https:\/\/sustainablereview.com\/pt-br\/acordo-provisorio-da-eus-para-impulsionar-a-sustentabilidade-das-embalagens\/#faq-question-1713726015913\",\"position\":6,\"url\":\"https:\/\/sustainablereview.com\/pt-br\/acordo-provisorio-da-eus-para-impulsionar-a-sustentabilidade-das-embalagens\/#faq-question-1713726015913\",\"name\":\"What is the role of MEPs in finalizing this agreement?\",\"answerCount\":1,\"acceptedAnswer\":{\"@type\":\"Answer\",\"text\":\"MEPs must agree on the Packaging and Packaging Waste Directive (PPWD) for the deal to come into effect.\",\"inLanguage\":\"pt-BR\"},\"inLanguage\":\"pt-BR\"},{\"@type\":\"Question\",\"@id\":\"https:\/\/sustainablereview.com\/pt-br\/acordo-provisorio-da-eus-para-impulsionar-a-sustentabilidade-das-embalagens\/#faq-question-1713726023982\",\"position\":7,\"url\":\"https:\/\/sustainablereview.com\/pt-br\/acordo-provisorio-da-eus-para-impulsionar-a-sustentabilidade-das-embalagens\/#faq-question-1713726023982\",\"name\":\"How does this deal align with previous EU initiatives on waste reduction?\",\"answerCount\":1,\"acceptedAnswer\":{\"@type\":\"Answer\",\"text\":\"The deal is in line with the EU's goal to reduce packaging waste and increase recyclability as part of its broader sustainability efforts.\",\"inLanguage\":\"pt-BR\"},\"inLanguage\":\"pt-BR\"},{\"@type\":\"Question\",\"@id\":\"https:\/\/sustainablereview.com\/pt-br\/acordo-provisorio-da-eus-para-impulsionar-a-sustentabilidade-das-embalagens\/#faq-question-1713726031555\",\"position\":8,\"url\":\"https:\/\/sustainablereview.com\/pt-br\/acordo-provisorio-da-eus-para-impulsionar-a-sustentabilidade-das-embalagens\/#faq-question-1713726031555\",\"name\":\"What are some challenges that could determine the success of this agreement?\",\"answerCount\":1,\"acceptedAnswer\":{\"@type\":\"Answer\",\"text\":\"The success or failure of the deal could hinge on factors such as the cooperation of member states, the effectiveness of recycling infrastructure, and public awareness campaigns.\",\"inLanguage\":\"pt-BR\"},\"inLanguage\":\"pt-BR\"}]}<\/script>\n<!-- \/ Yoast SEO plugin. -->","yoast_head_json":{"title":"Acordo provis\u00f3rio da UE para impulsionar a sustentabilidade das embalagens &#8212; Sustainable Review","robots":{"index":"index","follow":"follow","max-snippet":"max-snippet:-1","max-image-preview":"max-image-preview:large","max-video-preview":"max-video-preview:-1"},"canonical":"https:\/\/sustainablereview.com\/pt-br\/acordo-provisorio-da-eus-para-impulsionar-a-sustentabilidade-das-embalagens\/","og_locale":"pt_BR","og_type":"article","og_title":"Acordo provis\u00f3rio da UE para impulsionar a sustentabilidade das embalagens &#8212; Sustainable Review","og_description":"A UE chega a um acordo sobre novas regras para embalagens sustent\u00e1veis, visando \u00e0 redu\u00e7\u00e3o de res\u00edduos, \u00e0 reciclagem e \u00e0 proibi\u00e7\u00e3o de pl\u00e1sticos de uso \u00fanico at\u00e9 2030 e al\u00e9m.","og_url":"https:\/\/sustainablereview.com\/pt-br\/acordo-provisorio-da-eus-para-impulsionar-a-sustentabilidade-das-embalagens\/","og_site_name":"Sustainable Review","article_published_time":"2024-04-21T19:00:57+00:00","article_modified_time":"2024-08-10T16:50:05+00:00","og_image":[{"width":1125,"height":750,"url":"https:\/\/sustainablereview.com\/wp-content\/uploads\/2024\/04\/image-45.png","type":"image\/png"}],"author":"Ericka Porta","twitter_card":"summary_large_image","twitter_creator":"@sustainreview","twitter_site":"@sustainreview","twitter_misc":{"Escrito por":"Ericka Porta","Est. tempo de leitura":"15 minutos"},"schema":{"@context":"https:\/\/schema.org","@graph":[{"@type":"Article","@id":"https:\/\/sustainablereview.com\/pt-br\/acordo-provisorio-da-eus-para-impulsionar-a-sustentabilidade-das-embalagens\/#article","isPartOf":{"@id":"https:\/\/sustainablereview.com\/pt-br\/acordo-provisorio-da-eus-para-impulsionar-a-sustentabilidade-das-embalagens\/"},"author":{"name":"Ericka Porta","@id":"https:\/\/sustainablereview.com\/pt-br\/#\/schema\/person\/fed78524720812677eca72f5344ac879"},"headline":"Acordo provis\u00f3rio da UE para impulsionar a sustentabilidade das embalagens","datePublished":"2024-04-21T19:00:57+00:00","dateModified":"2024-08-10T16:50:05+00:00","mainEntityOfPage":{"@id":"https:\/\/sustainablereview.com\/pt-br\/acordo-provisorio-da-eus-para-impulsionar-a-sustentabilidade-das-embalagens\/"},"wordCount":2927,"publisher":{"@id":"https:\/\/sustainablereview.com\/pt-br\/#organization"},"image":{"@id":"https:\/\/sustainablereview.com\/pt-br\/acordo-provisorio-da-eus-para-impulsionar-a-sustentabilidade-das-embalagens\/#primaryimage"},"thumbnailUrl":"https:\/\/sustainablereview.com\/wp-content\/uploads\/2024\/04\/image-45.png","articleSection":["Not\u00edcias"],"inLanguage":"pt-BR"},{"@type":["WebPage","FAQPage"],"@id":"https:\/\/sustainablereview.com\/pt-br\/acordo-provisorio-da-eus-para-impulsionar-a-sustentabilidade-das-embalagens\/","url":"https:\/\/sustainablereview.com\/pt-br\/acordo-provisorio-da-eus-para-impulsionar-a-sustentabilidade-das-embalagens\/","name":"Acordo provis\u00f3rio da UE para impulsionar a sustentabilidade das embalagens &#8212; Sustainable Review","isPartOf":{"@id":"https:\/\/sustainablereview.com\/pt-br\/#website"},"primaryImageOfPage":{"@id":"https:\/\/sustainablereview.com\/pt-br\/acordo-provisorio-da-eus-para-impulsionar-a-sustentabilidade-das-embalagens\/#primaryimage"},"image":{"@id":"https:\/\/sustainablereview.com\/pt-br\/acordo-provisorio-da-eus-para-impulsionar-a-sustentabilidade-das-embalagens\/#primaryimage"},"thumbnailUrl":"https:\/\/sustainablereview.com\/wp-content\/uploads\/2024\/04\/image-45.png","datePublished":"2024-04-21T19:00:57+00:00","dateModified":"2024-08-10T16:50:05+00:00","breadcrumb":{"@id":"https:\/\/sustainablereview.com\/pt-br\/acordo-provisorio-da-eus-para-impulsionar-a-sustentabilidade-das-embalagens\/#breadcrumb"},"mainEntity":[{"@id":"https:\/\/sustainablereview.com\/pt-br\/acordo-provisorio-da-eus-para-impulsionar-a-sustentabilidade-das-embalagens\/#faq-question-1713725987279"},{"@id":"https:\/\/sustainablereview.com\/pt-br\/acordo-provisorio-da-eus-para-impulsionar-a-sustentabilidade-das-embalagens\/#faq-question-1713725992469"},{"@id":"https:\/\/sustainablereview.com\/pt-br\/acordo-provisorio-da-eus-para-impulsionar-a-sustentabilidade-das-embalagens\/#faq-question-1713725996488"},{"@id":"https:\/\/sustainablereview.com\/pt-br\/acordo-provisorio-da-eus-para-impulsionar-a-sustentabilidade-das-embalagens\/#faq-question-1713726001658"},{"@id":"https:\/\/sustainablereview.com\/pt-br\/acordo-provisorio-da-eus-para-impulsionar-a-sustentabilidade-das-embalagens\/#faq-question-1713726009108"},{"@id":"https:\/\/sustainablereview.com\/pt-br\/acordo-provisorio-da-eus-para-impulsionar-a-sustentabilidade-das-embalagens\/#faq-question-1713726015913"},{"@id":"https:\/\/sustainablereview.com\/pt-br\/acordo-provisorio-da-eus-para-impulsionar-a-sustentabilidade-das-embalagens\/#faq-question-1713726023982"},{"@id":"https:\/\/sustainablereview.com\/pt-br\/acordo-provisorio-da-eus-para-impulsionar-a-sustentabilidade-das-embalagens\/#faq-question-1713726031555"}],"inLanguage":"pt-BR","potentialAction":[{"@type":"ReadAction","target":["https:\/\/sustainablereview.com\/pt-br\/acordo-provisorio-da-eus-para-impulsionar-a-sustentabilidade-das-embalagens\/"]}]},{"@type":"ImageObject","inLanguage":"pt-BR","@id":"https:\/\/sustainablereview.com\/pt-br\/acordo-provisorio-da-eus-para-impulsionar-a-sustentabilidade-das-embalagens\/#primaryimage","url":"https:\/\/sustainablereview.com\/wp-content\/uploads\/2024\/04\/image-45.png","contentUrl":"https:\/\/sustainablereview.com\/wp-content\/uploads\/2024\/04\/image-45.png","width":1125,"height":750,"caption":"EU's Provisional Deal to Boost Packaging Sustainability"},{"@type":"BreadcrumbList","@id":"https:\/\/sustainablereview.com\/pt-br\/acordo-provisorio-da-eus-para-impulsionar-a-sustentabilidade-das-embalagens\/#breadcrumb","itemListElement":[{"@type":"ListItem","position":1,"name":"In\u00edcio","item":"https:\/\/sustainablereview.com\/pt-br\/inicio\/"},{"@type":"ListItem","position":2,"name":"Acordo provis\u00f3rio da UE para impulsionar a sustentabilidade das embalagens"}]},{"@type":"WebSite","@id":"https:\/\/sustainablereview.com\/pt-br\/#website","url":"https:\/\/sustainablereview.com\/pt-br\/","name":"Sustainable Review","description":"Let us do the &#039;Green-splaining&#039;","publisher":{"@id":"https:\/\/sustainablereview.com\/pt-br\/#organization"},"potentialAction":[{"@type":"SearchAction","target":{"@type":"EntryPoint","urlTemplate":"https:\/\/sustainablereview.com\/pt-br\/?s={search_term_string}"},"query-input":"required name=search_term_string"}],"inLanguage":"pt-BR"},{"@type":"Organization","@id":"https:\/\/sustainablereview.com\/pt-br\/#organization","name":"Sustainable Review","url":"https:\/\/sustainablereview.com\/pt-br\/","logo":{"@type":"ImageObject","inLanguage":"pt-BR","@id":"https:\/\/sustainablereview.com\/pt-br\/#\/schema\/logo\/image\/","url":"https:\/\/sustainablereview.com\/wp-content\/uploads\/2020\/06\/static1.squarespace.png","contentUrl":"https:\/\/sustainablereview.com\/wp-content\/uploads\/2020\/06\/static1.squarespace.png","width":800,"height":800,"caption":"Sustainable Review"},"image":{"@id":"https:\/\/sustainablereview.com\/pt-br\/#\/schema\/logo\/image\/"},"sameAs":["https:\/\/x.com\/sustainreview"]},{"@type":"Person","@id":"https:\/\/sustainablereview.com\/pt-br\/#\/schema\/person\/fed78524720812677eca72f5344ac879","name":"Ericka Porta","image":{"@type":"ImageObject","inLanguage":"pt-BR","@id":"https:\/\/sustainablereview.com\/pt-br\/#\/schema\/person\/image\/","url":"https:\/\/sustainablereview.com\/wp-content\/litespeed\/avatar\/0fcf3ec3abc78f40b8b1ee11df987c0c.jpg?ver=1777485583","contentUrl":"https:\/\/sustainablereview.com\/wp-content\/litespeed\/avatar\/0fcf3ec3abc78f40b8b1ee11df987c0c.jpg?ver=1777485583","caption":"Ericka Porta"},"description":"Ericka is a writer with 15 years of experience turning ideas into compelling narratives. She has a keen eye on good books and loves grabbing grubs and sumptuous coffee, tea, and beer. She's also into meaningful conversations done on long walks and finds joy in registering revolutions on a bike. Additionally, she's passionate about sustainability and enjoys exploring ways to integrate eco-friendly practices into her daily life. A mom of three boys (1 human baby and 2 fur babies), she cherishes the chaos and love that comes with parenthood.","url":"https:\/\/sustainablereview.com\/pt-br\/author\/ericka\/"},{"@type":"Question","@id":"https:\/\/sustainablereview.com\/pt-br\/acordo-provisorio-da-eus-para-impulsionar-a-sustentabilidade-das-embalagens\/#faq-question-1713725987279","position":1,"url":"https:\/\/sustainablereview.com\/pt-br\/acordo-provisorio-da-eus-para-impulsionar-a-sustentabilidade-das-embalagens\/#faq-question-1713725987279","name":"What is the latest development regarding EU's packaging sustainability?","answerCount":1,"acceptedAnswer":{"@type":"Answer","text":"The EU has reached a provisional deal to boost packaging sustainability. ","inLanguage":"pt-BR"},"inLanguage":"pt-BR"},{"@type":"Question","@id":"https:\/\/sustainablereview.com\/pt-br\/acordo-provisorio-da-eus-para-impulsionar-a-sustentabilidade-das-embalagens\/#faq-question-1713725992469","position":2,"url":"https:\/\/sustainablereview.com\/pt-br\/acordo-provisorio-da-eus-para-impulsionar-a-sustentabilidade-das-embalagens\/#faq-question-1713725992469","name":"What are the key goals of the EU's provisional deal on packaging sustainability?","answerCount":1,"acceptedAnswer":{"@type":"Answer","text":"The deal aims to reduce EU packaging waste by 15 billion across the region and increase the recyclability of packaging by 2030.","inLanguage":"pt-BR"},"inLanguage":"pt-BR"},{"@type":"Question","@id":"https:\/\/sustainablereview.com\/pt-br\/acordo-provisorio-da-eus-para-impulsionar-a-sustentabilidade-das-embalagens\/#faq-question-1713725996488","position":3,"url":"https:\/\/sustainablereview.com\/pt-br\/acordo-provisorio-da-eus-para-impulsionar-a-sustentabilidade-das-embalagens\/#faq-question-1713725996488","name":"When is the agreement expected to be fully implemented?","answerCount":1,"acceptedAnswer":{"@type":"Answer","text":"The agreement is expected to be fully implemented by 2024. However, as the deal is provision, it must be formally adopted by both institutions to take effect. ","inLanguage":"pt-BR"},"inLanguage":"pt-BR"},{"@type":"Question","@id":"https:\/\/sustainablereview.com\/pt-br\/acordo-provisorio-da-eus-para-impulsionar-a-sustentabilidade-das-embalagens\/#faq-question-1713726001658","position":4,"url":"https:\/\/sustainablereview.com\/pt-br\/acordo-provisorio-da-eus-para-impulsionar-a-sustentabilidade-das-embalagens\/#faq-question-1713726001658","name":"How will the new deal impact packaging customers?","answerCount":1,"acceptedAnswer":{"@type":"Answer","text":"Packaging customers can expect more lightweight plastic carrier bags and improved recyclability of packaging materials.","inLanguage":"pt-BR"},"inLanguage":"pt-BR"},{"@type":"Question","@id":"https:\/\/sustainablereview.com\/pt-br\/acordo-provisorio-da-eus-para-impulsionar-a-sustentabilidade-das-embalagens\/#faq-question-1713726009108","position":5,"url":"https:\/\/sustainablereview.com\/pt-br\/acordo-provisorio-da-eus-para-impulsionar-a-sustentabilidade-das-embalagens\/#faq-question-1713726009108","name":"What are some of the specific items included in the deal?","answerCount":1,"acceptedAnswer":{"@type":"Answer","text":"The deal covers alcoholic and non-alcoholic beverages, toiletry products, and any additional materials used in packaging.","inLanguage":"pt-BR"},"inLanguage":"pt-BR"},{"@type":"Question","@id":"https:\/\/sustainablereview.com\/pt-br\/acordo-provisorio-da-eus-para-impulsionar-a-sustentabilidade-das-embalagens\/#faq-question-1713726015913","position":6,"url":"https:\/\/sustainablereview.com\/pt-br\/acordo-provisorio-da-eus-para-impulsionar-a-sustentabilidade-das-embalagens\/#faq-question-1713726015913","name":"What is the role of MEPs in finalizing this agreement?","answerCount":1,"acceptedAnswer":{"@type":"Answer","text":"MEPs must agree on the Packaging and Packaging Waste Directive (PPWD) for the deal to come into effect.","inLanguage":"pt-BR"},"inLanguage":"pt-BR"},{"@type":"Question","@id":"https:\/\/sustainablereview.com\/pt-br\/acordo-provisorio-da-eus-para-impulsionar-a-sustentabilidade-das-embalagens\/#faq-question-1713726023982","position":7,"url":"https:\/\/sustainablereview.com\/pt-br\/acordo-provisorio-da-eus-para-impulsionar-a-sustentabilidade-das-embalagens\/#faq-question-1713726023982","name":"How does this deal align with previous EU initiatives on waste reduction?","answerCount":1,"acceptedAnswer":{"@type":"Answer","text":"The deal is in line with the EU's goal to reduce packaging waste and increase recyclability as part of its broader sustainability efforts.","inLanguage":"pt-BR"},"inLanguage":"pt-BR"},{"@type":"Question","@id":"https:\/\/sustainablereview.com\/pt-br\/acordo-provisorio-da-eus-para-impulsionar-a-sustentabilidade-das-embalagens\/#faq-question-1713726031555","position":8,"url":"https:\/\/sustainablereview.com\/pt-br\/acordo-provisorio-da-eus-para-impulsionar-a-sustentabilidade-das-embalagens\/#faq-question-1713726031555","name":"What are some challenges that could determine the success of this agreement?","answerCount":1,"acceptedAnswer":{"@type":"Answer","text":"The success or failure of the deal could hinge on factors such as the cooperation of member states, the effectiveness of recycling infrastructure, and public awareness campaigns.","inLanguage":"pt-BR"},"inLanguage":"pt-BR"}]}},"wpml_translations":{"en":"35508","pl":"60352","pt-br":"39047"},"_links":{"self":[{"href":"https:\/\/sustainablereview.com\/pt-br\/wp-json\/wp\/v2\/posts\/39047"}],"collection":[{"href":"https:\/\/sustainablereview.com\/pt-br\/wp-json\/wp\/v2\/posts"}],"about":[{"href":"https:\/\/sustainablereview.com\/pt-br\/wp-json\/wp\/v2\/types\/post"}],"author":[{"embeddable":true,"href":"https:\/\/sustainablereview.com\/pt-br\/wp-json\/wp\/v2\/users\/1507"}],"replies":[{"embeddable":true,"href":"https:\/\/sustainablereview.com\/pt-br\/wp-json\/wp\/v2\/comments?post=39047"}],"version-history":[{"count":1,"href":"https:\/\/sustainablereview.com\/pt-br\/wp-json\/wp\/v2\/posts\/39047\/revisions"}],"predecessor-version":[{"id":39559,"href":"https:\/\/sustainablereview.com\/pt-br\/wp-json\/wp\/v2\/posts\/39047\/revisions\/39559"}],"wp:featuredmedia":[{"embeddable":true,"href":"https:\/\/sustainablereview.com\/pt-br\/wp-json\/wp\/v2\/media\/35509"}],"wp:attachment":[{"href":"https:\/\/sustainablereview.com\/pt-br\/wp-json\/wp\/v2\/media?parent=39047"}],"wp:term":[{"taxonomy":"category","embeddable":true,"href":"https:\/\/sustainablereview.com\/pt-br\/wp-json\/wp\/v2\/categories?post=39047"},{"taxonomy":"post_tag","embeddable":true,"href":"https:\/\/sustainablereview.com\/pt-br\/wp-json\/wp\/v2\/tags?post=39047"}],"curies":[{"name":"wp","href":"https:\/\/api.w.org\/{rel}","templated":true}]}}