{"id":39054,"date":"2024-04-02T03:29:25","date_gmt":"2024-04-02T07:29:25","guid":{"rendered":"https:\/\/sustainablereview.com\/?p=39054"},"modified":"2024-08-10T12:50:25","modified_gmt":"2024-08-10T16:50:25","slug":"o-aumento-da-temperatura-da-terra-esta-fora-de-controle-o-ultimo-relatorio-climatico","status":"publish","type":"post","link":"https:\/\/sustainablereview.com\/pt-br\/o-aumento-da-temperatura-da-terra-esta-fora-de-controle-o-ultimo-relatorio-climatico\/","title":{"rendered":"O aumento da temperatura da Terra est\u00e1 ficando fora de controle? O \u00faltimo relat\u00f3rio clim\u00e1tico"},"content":{"rendered":"\n<p>O aquecimento em 2023 \u00e9 0,2\u00b0C maior do que o previsto pelos modelos, o que \u00e9 um valor muito grande em escala global. Se a anomalia n\u00e3o se estabilizar at\u00e9 agosto, o mundo se encontrar\u00e1 em \u00e1guas desconhecidas. O sistema clim\u00e1tico est\u00e1 mudando fundamentalmente, alertam os especialistas.<\/p>\n\n\n\n<p>Essas conclus\u00f5es s\u00e3o provenientes do \u00faltimo<a href=\"https:\/\/wmo.int\/publication-series\/state-of-global-climate-2023\" target=\"_blank\" rel=\"noreferrer noopener\">&#8220;Relat\u00f3rio sobre o Estado do Clima<\/a>&#8221; da Organiza\u00e7\u00e3o Meteorol\u00f3gica Mundial (OMM). O relat\u00f3rio da OMM confirma o que escrevemos quando discutimos os dados do servi\u00e7o clim\u00e1tico da UE Copernicus &#8211; que 2023 foi o ano mais quente na hist\u00f3ria das medi\u00e7\u00f5es.<\/p>\n\n\n\n<figure class=\"wp-block-embed is-type-video is-provider-youtube wp-block-embed-youtube wp-embed-aspect-16-9 wp-has-aspect-ratio\"><div class=\"wp-block-embed__wrapper\">\nhttps:\/\/youtu.be\/ES7eKWRRJ0o<\/div><\/figure>\n\n\n\n<p>De acordo com a OMM, a temperatura m\u00e9dia em 2023 foi 1,45 grau Celsius mais alta do que o n\u00edvel pr\u00e9-industrial &#8211; ou seja, da \u00e9poca em que os seres humanos n\u00e3o emitiam quantidades gigantescas de gases (como o di\u00f3xido de carbono) de combust\u00edveis f\u00f3sseis na atmosfera, que causam o aquecimento do planeta.<\/p>\n\n\n\n<h2 class=\"wp-block-heading\">Terra superaquecida<\/h2>\n\n\n\n<p>De acordo com o Acordo de Paris de 2015, a humanidade deve limitar o aumento da concentra\u00e7\u00e3o de gases de efeito estufa na atmosfera de modo a manter o aquecimento na faixa de 1,5 a 2\u00b0C at\u00e9 2100. N\u00e3o h\u00e1 nenhuma indica\u00e7\u00e3o de que isso acontecer\u00e1.<\/p>\n\n\n\n<p>No not\u00e1vel livro<a href=\"https:\/\/www.billmcguire.co.uk\/\" target=\"_blank\" rel=\"noreferrer noopener\"> &#8220;Overheated Earth&#8221; (Terra Superaquecida), o Prof. Bill McGuire<\/a> afirma abertamente que a humanidade ultrapassar\u00e1 o limite de 1,5\u00b0C sem nenhum esfor\u00e7o. Pior ainda, a concentra\u00e7\u00e3o de CO2 na atmosfera \u00e9 t\u00e3o alta e est\u00e1 crescendo t\u00e3o rapidamente que, a menos que haja uma revolu\u00e7\u00e3o &#8211; e sabemos que n\u00e3o haver\u00e1, afirma McGuire com sobriedade -,<strong> um aumento de temperatura superior a 2\u00b0C j\u00e1 \u00e9 uma conclus\u00e3o precipitada.<\/strong><\/p>\n\n\n\n<p>J\u00e1 hoje, esse r\u00e1pido aumento da temperatura est\u00e1 causando uma cascata de efeitos negativos sobre os ecossistemas e a humanidade, alerta o relat\u00f3rio da OMM. A crise clim\u00e1tica est\u00e1 se aprofundando diante de nossos olhos.<\/p>\n\n\n\n<p><a href=\"https:\/\/earthobservatory.nasa.gov\/images\/151743\/the-ocean-has-a-fever\">Em 2023, cerca de 90% dos oceanos foram atingidos por uma onda de calor que causou perdas nos ecossistemas marinhos <\/a>&#8211; por exemplo, a morte de recifes de coral. <a href=\"https:\/\/www.eea.europa.eu\/en\/analysis\/indicators\/ocean-acidification#:~:text=Ocean%20surface%20acidity%20increased%20from,observed%20across%20the%20global%20ocean.\" target=\"_blank\" rel=\"noreferrer noopener\">A acidifica\u00e7\u00e3o dos oceanos est\u00e1 aumentando. <\/a>&#8220;As mudan\u00e7as que costumavam levar milh\u00f5es de anos agora est\u00e3o ocorrendo ao longo de s\u00e9culos. O aumento da acidifica\u00e7\u00e3o dos oceanos est\u00e1 causando a morte de organismos que constroem esqueletos calc\u00e1rios externos e conchas, bem como recifes de corais&#8221;<\/p>\n\n\n\n<h6 class=\"wp-block-heading\">A acidifica\u00e7\u00e3o dos<a href=\"https:\/\/www.eea.europa.eu\/en\/analysis\/indicators\/ocean-acidification#:~:text=Ocean%20surface%20acidity%20increased%20from,observed%20across%20the%20global%20ocean.\" target=\"_blank\" rel=\"noreferrer noopener\">oceanos <\/a><a href=\"https:\/\/www.eea.europa.eu\/en\/analysis\/indicators\/ocean-acidification#:~:text=Ocean%20surface%20acidity%20increased%20from,observed%20across%20the%20global%20ocean.\" target=\"_blank\" rel=\"noreferrer noopener\"> est\u00e1 aumentando. <\/a><\/h6>\n\n\n\n<figure class=\"wp-block-image size-large\"><img fetchpriority=\"high\" decoding=\"async\" width=\"1024\" height=\"643\" src=\"https:\/\/intltest.sustainablereview.com\/\/wp-content\/uploads\/2024\/04\/FIG1-249097-CLIM043-v4.eps_.75dpi-1024x643.gif\" alt=\"Ocean acidification is increasing chart\" class=\"wp-image-35088\" srcset=\"https:\/\/sustainablereview.com\/wp-content\/uploads\/2024\/04\/FIG1-249097-CLIM043-v4.eps_.75dpi-1024x643.gif 1024w, https:\/\/sustainablereview.com\/wp-content\/uploads\/2024\/04\/FIG1-249097-CLIM043-v4.eps_.75dpi-300x188.gif 300w, https:\/\/sustainablereview.com\/wp-content\/uploads\/2024\/04\/FIG1-249097-CLIM043-v4.eps_.75dpi-768x482.gif 768w, https:\/\/sustainablereview.com\/wp-content\/uploads\/2024\/04\/FIG1-249097-CLIM043-v4.eps_.75dpi-1536x964.gif 1536w, https:\/\/sustainablereview.com\/wp-content\/uploads\/2024\/04\/FIG1-249097-CLIM043-v4.eps_.75dpi-45x28.gif 45w\" sizes=\"(min-width: 960px) 75vw, 100vw\" \/><figcaption class=\"wp-element-caption\"><strong>Figura 1. Decl\u00ednio no pH do oceano medido na esta\u00e7\u00e3o Aloha (Universidade do Hava\u00ed) e m\u00e9dia anual do pH da \u00e1gua do mar na superf\u00edcie relatada em escala global (Copernicus Marine Service)<\/strong><\/figcaption><\/figure>\n\n\n\n<h5 class=\"wp-block-heading\">O oceano est\u00e1 com febre<\/h5>\n\n\n\n<figure class=\"wp-block-image size-large\"><img decoding=\"async\" width=\"1024\" height=\"569\" src=\"https:\/\/intltest.sustainablereview.com\/\/wp-content\/uploads\/2024\/04\/ssta_mur_2023233_lrg-1024x569.jpg\" alt=\"Decades of gradual warming due to human-caused climate change and an El Ni\u00f1o in the Pacific Ocean nudged global sea surface temperatures to record levels in 2023.\" class=\"wp-image-35086\" srcset=\"https:\/\/sustainablereview.com\/wp-content\/uploads\/2024\/04\/ssta_mur_2023233_lrg-1024x569.jpg 1024w, https:\/\/sustainablereview.com\/wp-content\/uploads\/2024\/04\/ssta_mur_2023233_lrg-300x167.jpg 300w, https:\/\/sustainablereview.com\/wp-content\/uploads\/2024\/04\/ssta_mur_2023233_lrg-768x427.jpg 768w, https:\/\/sustainablereview.com\/wp-content\/uploads\/2024\/04\/ssta_mur_2023233_lrg-1536x853.jpg 1536w, https:\/\/sustainablereview.com\/wp-content\/uploads\/2024\/04\/ssta_mur_2023233_lrg-2048x1138.jpg 2048w, https:\/\/sustainablereview.com\/wp-content\/uploads\/2024\/04\/ssta_mur_2023233_lrg-45x25.jpg 45w, https:\/\/sustainablereview.com\/wp-content\/uploads\/2024\/04\/ssta_mur_2023233_lrg-scaled.jpg 2560w\" sizes=\"(min-width: 960px) 75vw, 100vw\" \/><figcaption class=\"wp-element-caption\"><strong>D\u00e9cadas de aquecimento gradual devido \u00e0 mudan\u00e7a clim\u00e1tica causada pelo homem e um El Ni\u00f1o no Oceano Pac\u00edfico fizeram com que as temperaturas globais da superf\u00edcie do mar atingissem n\u00edveis recordes em 2023.<\/strong> Fonte: https:\/\/earthobservatory.nasa.gov\/images\/151743\/the-ocean-has-a-fever<\/figcaption><\/figure>\n\n\n\n<figure class=\"wp-block-video\"><video controls src=\"https:\/\/intltest.sustainablereview.com\/\/wp-content\/uploads\/2024\/04\/MURSST_2.mp4\"><\/video><figcaption class=\"wp-element-caption\">&#8220;A longo prazo, estamos vendo mais calor e temperaturas mais altas na superf\u00edcie do mar em praticamente todos os lugares&#8221;, disse Gavin Schmidt, diretor do Instituto Goddard de Estudos Espaciais da NASA. &#8220;Essa tend\u00eancia de longo prazo \u00e9 quase totalmente atribu\u00edvel ao for\u00e7amento humano &#8211; o fato de termos colocado uma quantidade t\u00e3o grande de gases de efeito estufa na atmosfera desde o in\u00edcio da era industrial.&#8221; Fonte: https:\/\/earthobservatory.nasa.gov\/images\/151743\/the-ocean-has-a-fever<\/figcaption><\/figure>\n\n\n\n<p>Esses organismos s\u00e3o a base da cadeia alimentar de muitas esp\u00e9cies marinhas, e os pr\u00f3prios recifes de coral s\u00e3o ecossistemas valiosos. O efeito do aumento da acidifica\u00e7\u00e3o dos oceanos ser\u00e1, portanto, um empobrecimento significativo de sua biodiversidade, da qual os seres humanos tamb\u00e9m se beneficiam.<\/p>\n\n\n\n<h2 class=\"wp-block-heading\">Seca, fome e migra\u00e7\u00e3o em massa <\/h2>\n\n\n\n<p>O relat\u00f3rio da OMM tamb\u00e9m chama a aten\u00e7\u00e3o para outros fen\u00f4menos altamente preocupantes causados pelo aumento da temperatura da Terra. A extens\u00e3o das geleiras encolheu a um n\u00edvel nunca visto desde 1950, quando come\u00e7aram as medi\u00e7\u00f5es sistem\u00e1ticas. Isso \u00e9 um pren\u00fancio de falta de \u00e1gua nos vales dos rios alimentados pelas geleiras e, consequentemente, de fome.<\/p>\n\n\n\n<figure class=\"wp-block-image size-full\"><img decoding=\"async\" width=\"928\" height=\"594\" src=\"https:\/\/intltest.sustainablereview.com\/\/wp-content\/uploads\/2024\/04\/glaciers_figure2_2021.png\" alt=\"Cumulative mass balance meters of water equivalent\" class=\"wp-image-35089\" srcset=\"https:\/\/sustainablereview.com\/wp-content\/uploads\/2024\/04\/glaciers_figure2_2021.png 928w, https:\/\/sustainablereview.com\/wp-content\/uploads\/2024\/04\/glaciers_figure2_2021-300x192.png 300w, https:\/\/sustainablereview.com\/wp-content\/uploads\/2024\/04\/glaciers_figure2_2021-768x492.png 768w, https:\/\/sustainablereview.com\/wp-content\/uploads\/2024\/04\/glaciers_figure2_2021-45x29.png 45w\" sizes=\"(min-width: 960px) 75vw, 100vw\" \/><figcaption class=\"wp-element-caption\">https:\/\/www.epa.gov\/climate-indicators\/climate-change-indicators-glaciers<\/figcaption><\/figure>\n\n\n\n<p>Tamb\u00e9m \u00e9 devido ao avan\u00e7o da cat\u00e1strofe clim\u00e1tica que o n\u00famero de pessoas que n\u00e3o t\u00eam acesso seguro a alimentos aumentou drasticamente &#8211; de 149 milh\u00f5es antes da epidemia de COVID-19 para 333 milh\u00f5es em 2023. Embora a produ\u00e7\u00e3o e os pre\u00e7os dos alimentos em todo o mundo tamb\u00e9m sejam influenciados por outros fatores, incluindo, em particular, a agress\u00e3o da R\u00fassia contra a Ucr\u00e2nia, a mudan\u00e7a clim\u00e1tica est\u00e1 exacerbando o problema.<\/p>\n\n\n\n<p>O n\u00famero e a intensidade dos eventos clim\u00e1ticos extremos tamb\u00e9m est\u00e3o crescendo rapidamente. O ciclone <a href=\"https:\/\/www.climateimpactstracker.com\/cyclone-mocha\/\" target=\"_blank\" rel=\"noreferrer noopener\">Mocha, na Ba\u00eda de Bengala, em maio de 2023<\/a>, levou \u00e0 migra\u00e7\u00e3o de 1,7 milh\u00e3o de moradores da costa.<\/p>\n\n\n\n<p>Na segunda metade de julho de 2023, as temperaturas na It\u00e1lia bateram um recorde &#8211; 48,2 graus \u00e0 sombra foram registrados l\u00e1. Cinco temporadas consecutivas de seca no Chifre da \u00c1frica (Qu\u00eania, Som\u00e1lia, Eti\u00f3pia) levaram a uma fome que causou a migra\u00e7\u00e3o interna de 3 milh\u00f5es de pessoas.<\/p>\n\n\n\n<p>As migra\u00e7\u00f5es causadas por condi\u00e7\u00f5es clim\u00e1ticas extremas s\u00e3o apenas um prel\u00fadio do \u00eaxodo de pessoas que ocorrer\u00e1 como resultado do aumento do n\u00edvel do mar. <strong> Publica\u00e7\u00e3o: Groundswell Parte 2: Agindo sobre a migra\u00e7\u00e3o clim\u00e1tica interna <\/strong><a href=\"https:\/\/openknowledge.worldbank.org\/entities\/publication\/2c9150df-52c3-58ed-9075-d78ea56c3267\/full\" target=\"_blank\" rel=\"noreferrer noopener\">(Fonte<\/a>)<\/p>\n\n\n\n<div class=\"wp-block-cover is-light\"><span aria-hidden=\"true\" class=\"wp-block-cover__background has-background-dim-100 has-background-dim\"><\/span><div class=\"wp-block-cover__inner-container is-layout-flow wp-block-cover-is-layout-flow\">\n<p><\/p>\n\n\n\n<div data-wp-interactive=\"core\/file\" class=\"wp-block-file\"><object data-wp-bind--hidden=\"!state.hasPdfPreview\"  class=\"wp-block-file__embed\" data=\"https:\/\/intltest.sustainablereview.com\/\/wp-content\/uploads\/2024\/04\/Groundswell-Part-II.pdf\" type=\"application\/pdf\" style=\"width:100%;height:566px\" aria-label=\"Incorporado de Groundswell-Part-II.\"><\/object><a href=\"https:\/\/intltest.sustainablereview.com\/wp-content\/uploads\/2024\/04\/Groundswell-Part-II.pdf\" class=\"wp-block-file__button wp-element-button\" download aria-describedby=\"wp-block-file--media-9f2e1c9f-21c4-48a5-8f2f-f289be82d4b1\">Groundswell-Part-IIDownload<\/a><\/div>\n<\/div><\/div>\n\n\n\n<p>O relat\u00f3rio da OMM afirma que: <\/p>\n\n\n\n<blockquote class=\"wp-block-quote is-layout-flow wp-block-quote-is-layout-flow\">\n<p>a taxa m\u00e9dia de aumento do n\u00edvel do mar em todo o mundo em 2014-2023 acabou sendo mais de duas vezes mais r\u00e1pida do que em 1993-2002<\/p>\n<\/blockquote>\n\n\n\n<p>&#8220;A mudan\u00e7a clim\u00e1tica \u00e9 mais do que apenas um aumento de temperatura. O que observamos em 2023, especialmente devido ao aquecimento sem precedentes dos oceanos, o recuo das geleiras e a perda de gelo marinho na Ant\u00e1rtica, \u00e9 particularmente preocupante&#8221;, disse a chefe da OMM, <a href=\"https:\/\/wmo.int\/profile\/celeste-saulo\" target=\"_blank\" rel=\"noreferrer noopener\">Celesta Saulo<\/a>, citada no comunicado da organiza\u00e7\u00e3o.<\/p>\n\n\n\n<h3 class=\"wp-block-heading\"><strong>H\u00e1 algo que n\u00e3o bate certo aqui&#8230;<\/strong><\/h3>\n\n\n\n<p>Para piorar a situa\u00e7\u00e3o, alguns cientistas suspeitam que o aquecimento em 2023 seja 0,2\u00b0C maior do que o previsto pelos modelos clim\u00e1ticos, o que \u00e9 um valor muito grande em escala global.<\/p>\n\n\n\n<p>&#8220;Nos \u00faltimos nove meses, as temperaturas m\u00e9dias da superf\u00edcie terrestre e mar\u00edtima de cada m\u00eas excederam os registros anteriores em at\u00e9 0,2\u00b0C &#8211; essa \u00e9 uma diferen\u00e7a enorme em escala global. A tend\u00eancia geral de aquecimento n\u00e3o \u00e9 surpreendente devido ao aumento das emiss\u00f5es de gases de efeito estufa, mas esse aumento repentino da temperatura excede substancialmente as previs\u00f5es dos modelos clim\u00e1ticos&#8221;, escreveu <a href=\"https:\/\/people.climate.columbia.edu\/users\/profile\/gavin-schmidt\" target=\"_blank\" rel=\"noreferrer noopener\">o climatologista Gavin Schmidt,<\/a> diretor do Instituto Goddard de Estudos Espaciais da NASA, na &#8220;Nature&#8221;.<\/p>\n\n\n\n<blockquote class=\"wp-block-quote is-layout-flow wp-block-quote-is-layout-flow\">\n<p>&#8220;Se a anomalia n\u00e3o se estabilizar at\u00e9 agosto, o mundo se encontrar\u00e1 em \u00e1guas desconhecidas. <mark style=\"background-color:#cf2e2e\" class=\"has-inline-color\">Isso pode significar que o aquecimento do planeta j\u00e1 est\u00e1 mudando fundamentalmente a forma como o sistema clim\u00e1tico funciona<\/mark>, muito mais r\u00e1pido do que os cientistas previram&#8221;, acrescentou Schmidt.<\/p>\n<\/blockquote>\n\n\n\n<h4 class=\"wp-block-heading\">Os custos da cat\u00e1strofe<\/h4>\n\n\n\n<p>Como de costume em relat\u00f3rios semelhantes, os autores tamb\u00e9m tentam transmitir not\u00edcias otimistas, embora n\u00e3o haja muitas delas. O relat\u00f3rio da OMM menciona principalmente o boom nos investimentos em energia renov\u00e1vel &#8211; no ano passado, 510 gigawatts de capacidade de instala\u00e7\u00e3o de energia renov\u00e1vel foram adicionados em todo o mundo, o maior n\u00famero nas \u00faltimas duas d\u00e9cadas. Entretanto, n\u00e3o h\u00e1 nenhuma men\u00e7\u00e3o \u00e0 energia nuclear.<\/p>\n\n\n\n<p>Em segundo lugar, o chamado financiamento clim\u00e1tico &#8211; ou seja, todos os gastos e investimentos relacionados \u00e0 desacelera\u00e7\u00e3o dos efeitos e \u00e0 adapta\u00e7\u00e3o \u00e0 crise clim\u00e1tica &#8211; atingiu US$ 1,3 trilh\u00e3o em 2021-2022. Isso representa um aumento de quase duas vezes em rela\u00e7\u00e3o a 2019-2020, embora ainda seja apenas 1% do PIB global.<\/p>\n\n\n\n<p>Apesar do aumento, os gastos ainda permanecem muitas vezes menores do que o necess\u00e1rio. Para manter o mundo no curso (de fato, apenas hipot\u00e9tico) para que o aumento da temperatura n\u00e3o ultrapasse 1,5 \u00b0C at\u00e9 o final do s\u00e9culo, os gastos anuais devem chegar a US$ 9 trilh\u00f5es at\u00e9 2030. Essas s\u00e3o somas enormes, mas ainda menores do que os custos que a falta de resposta \u00e0 crise acarretar\u00e1 &#8211; estimados em US$ 1,266 trilh\u00e3o no per\u00edodo de 2025 a 2100 e, muito provavelmente, subestimados de forma dr\u00e1stica, alerta a OMM.<\/p>\n\n\n\n<h2 class=\"wp-block-heading\">A procrastina\u00e7\u00e3o clim\u00e1tica est\u00e1 devastando a Terra<\/h2>\n\n\n\n<p>adverte o relat\u00f3rio da OMM. &#8220;O que podemos medir, podemos gerenciar. \u00c9 por isso que esses relat\u00f3rios s\u00e3o importantes &#8211; precisamos entender a velocidade com que o planeta est\u00e1 mudando e o que est\u00e1 causando essas mudan\u00e7as&#8221;, disse \u00e0 BBC a <a href=\"https:\/\/research.monash.edu\/en\/persons\/julie-arblaster\" target=\"_blank\" rel=\"noreferrer noopener\">Dra. Julie Arblaster<\/a>, cientista clim\u00e1tica da Universidade Monash, em Melbourne, Austr\u00e1lia, e acrescentou: &#8220;Se reduzirmos as emiss\u00f5es, n\u00e3o poderemos fazer nada:<\/p>\n\n\n\n<p>&#8220;Se n\u00e3o reduzirmos as emiss\u00f5es pela metade at\u00e9 2030, ser\u00e1 cada vez mais dif\u00edcil nos adaptarmos \u00e0s mudan\u00e7as clim\u00e1ticas. Os extremos clim\u00e1ticos, como ondas de calor e chuvas fortes, j\u00e1 est\u00e3o afetando a sociedade e a natureza de v\u00e1rias maneiras.&#8221;<\/p>\n\n\n\n<h2 class=\"wp-block-heading\">Identificando os maiores culpados<\/h2>\n\n\n\n<p>Dado o ritmo acelerado em que a temperatura da Terra est\u00e1 aumentando e os eventos clim\u00e1ticos extremos que ela induziu em 2023, o enfrentamento desse problema se tornou imperativo. O passo inicial para enfrentar esse desafio global \u00e9 identificar as fontes de emiss\u00f5es que contribuem para o aquecimento do planeta. Esse conhecimento \u00e9 essencial para a elabora\u00e7\u00e3o de estrat\u00e9gias eficazes de adapta\u00e7\u00e3o e mitiga\u00e7\u00e3o para conter esses impactos adversos.<\/p>\n\n\n\n<p>Um <a href=\"https:\/\/world101.cfr.org\/global-era-issues\/climate-change\/who-releases-most-greenhouse-gases\">relat\u00f3rio World 101 do Council on Foreign Relations<\/a> revela descobertas pungentes, colocando a China na vanguarda. A China foi respons\u00e1vel por 26% das emiss\u00f5es globais de gases de efeito estufa em 2020, atribu\u00eddas principalmente ao seu r\u00e1pido crescimento econ\u00f4mico. A lista continua com os Estados Unidos (11%), a \u00cdndia (7%), a Uni\u00e3o Europeia (6%) e a R\u00fassia (3,8%), entre outros, incluindo Indon\u00e9sia, Brasil, Jap\u00e3o, Ir\u00e3 e Canad\u00e1.<\/p>\n\n\n\n<figure class=\"wp-block-image size-full\"><img loading=\"lazy\" decoding=\"async\" width=\"990\" height=\"638\" src=\"https:\/\/intltest.sustainablereview.com\/\/wp-content\/uploads\/2024\/04\/image-33.png\" alt=\"Top 10 Emitters account for majority of 2020 Global GHG Emissions\" class=\"wp-image-35265\" srcset=\"https:\/\/sustainablereview.com\/wp-content\/uploads\/2024\/04\/image-33.png 990w, https:\/\/sustainablereview.com\/wp-content\/uploads\/2024\/04\/image-33-300x193.png 300w, https:\/\/sustainablereview.com\/wp-content\/uploads\/2024\/04\/image-33-768x495.png 768w, https:\/\/sustainablereview.com\/wp-content\/uploads\/2024\/04\/image-33-45x29.png 45w\" sizes=\"(min-width: 960px) 75vw, 100vw\" \/><\/figure>\n\n\n\n<p>Analisar as tend\u00eancias de emiss\u00e3o de longo prazo oferece uma perspectiva mais ampla, fundamental para a elabora\u00e7\u00e3o de pol\u00edticas de mudan\u00e7a clim\u00e1tica. Embora as estat\u00edsticas anuais destaquem os principais contribuintes atuais para os gases de efeito estufa, elas geralmente ignoram as emiss\u00f5es hist\u00f3ricas.<\/p>\n\n\n\n<figure class=\"wp-block-image size-full\"><img loading=\"lazy\" decoding=\"async\" width=\"943\" height=\"435\" src=\"https:\/\/intltest.sustainablereview.com\/\/wp-content\/uploads\/2024\/04\/image-32.png\" alt=\"\" class=\"wp-image-35263\" srcset=\"https:\/\/sustainablereview.com\/wp-content\/uploads\/2024\/04\/image-32.png 943w, https:\/\/sustainablereview.com\/wp-content\/uploads\/2024\/04\/image-32-300x138.png 300w, https:\/\/sustainablereview.com\/wp-content\/uploads\/2024\/04\/image-32-768x354.png 768w, https:\/\/sustainablereview.com\/wp-content\/uploads\/2024\/04\/image-32-45x21.png 45w\" sizes=\"(min-width: 960px) 75vw, 100vw\" \/><\/figure>\n\n\n\n<p>Tendo se industrializado mais cedo, os pa\u00edses desenvolvidos acumulam uma grande parte das emiss\u00f5es hist\u00f3ricas, apesar de seus esfor\u00e7os atuais para fazer a transi\u00e7\u00e3o para fontes de energia mais limpas. Por exemplo, embora a China lidere as emiss\u00f5es anuais devido \u00e0 sua r\u00e1pida fase de desenvolvimento atual, ela \u00e9 respons\u00e1vel por apenas 13% das emiss\u00f5es hist\u00f3ricas.<\/p>\n\n\n\n<p>O principal setor implicado nessas emiss\u00f5es \u00e9 o de energia, que abrange eletricidade e aquecimento para resid\u00eancias, ind\u00fastrias, constru\u00e7\u00e3o e transporte. Outros contribuintes importantes s\u00e3o os processos industriais, a agricultura, as mudan\u00e7as no uso da terra e a silvicultura, o gerenciamento de res\u00edduos e v\u00e1rios combust\u00edveis de bunker.<\/p>\n\n\n\n<figure class=\"wp-block-image size-full\"><img loading=\"lazy\" decoding=\"async\" width=\"952\" height=\"655\" src=\"https:\/\/intltest.sustainablereview.com\/\/wp-content\/uploads\/2024\/04\/image-31.png\" alt=\"Energy production Accounts for Most Greenhouse Gas Emissions\" class=\"wp-image-35262\" srcset=\"https:\/\/sustainablereview.com\/wp-content\/uploads\/2024\/04\/image-31.png 952w, https:\/\/sustainablereview.com\/wp-content\/uploads\/2024\/04\/image-31-300x206.png 300w, https:\/\/sustainablereview.com\/wp-content\/uploads\/2024\/04\/image-31-768x528.png 768w, https:\/\/sustainablereview.com\/wp-content\/uploads\/2024\/04\/image-31-45x31.png 45w\" sizes=\"(min-width: 960px) 75vw, 100vw\" \/><\/figure>\n\n\n\n<p>A compreens\u00e3o dos contribuintes &#8211; pa\u00edses e setores &#8211; permite que os formuladores de pol\u00edticas direcionem a aten\u00e7\u00e3o para onde for mais necess\u00e1rio. Seja para redefinir as pol\u00edticas de com\u00e9rcio internacional, refor\u00e7ar os setores de empregos verdes, buscar a independ\u00eancia energ\u00e9tica ou aplicar as normas de seguran\u00e7a ambiental, o conhecimento dos maiores emissores informa a a\u00e7\u00e3o direcionada.<\/p>\n\n\n\n<h2 class=\"wp-block-heading\">O que precisa ser feito<\/h2>\n\n\n\n<p>A urg\u00eancia transmitida pelo recente aumento da temperatura da Terra e pelos subsequentes padr\u00f5es clim\u00e1ticos perturbadores em 2023 ressalta a necessidade de a\u00e7\u00e3o imediata. Identificar os pontos cr\u00edticos de emiss\u00e3o \u00e9 apenas o come\u00e7o; reconhecer a responsabilidade hist\u00f3rica das na\u00e7\u00f5es desenvolvidas e promover a colabora\u00e7\u00e3o global s\u00e3o passos vitais para o progresso. As na\u00e7\u00f5es que se beneficiaram do in\u00edcio da industrializa\u00e7\u00e3o t\u00eam uma parte significativa da culpa pelas emiss\u00f5es cumulativas e, portanto, uma parte substancial da solu\u00e7\u00e3o para o aquecimento global.<\/p>\n\n\n\n<p>Essa constata\u00e7\u00e3o destaca a import\u00e2ncia da coopera\u00e7\u00e3o internacional no combate \u00e0s mudan\u00e7as clim\u00e1ticas. Nenhum pa\u00eds pode enfrentar a quest\u00e3o isoladamente, pois os gases de efeito estufa n\u00e3o conhecem fronteiras. O conhecimento compartilhado e a transfer\u00eancia de tecnologia dos pa\u00edses desenvolvidos para os pa\u00edses em desenvolvimento podem acelerar a ado\u00e7\u00e3o de energia limpa e pr\u00e1ticas sustent\u00e1veis em todo o mundo, e isso pode ser feito de v\u00e1rias maneiras.<\/p>\n\n\n\n<p>Em seu <a href=\"https:\/\/www.ipcc.ch\/site\/assets\/uploads\/2018\/11\/sr15_chapter2.pdf\">relat\u00f3rio de 2018<\/a>, o Painel Intergovernamental sobre Mudan\u00e7as Clim\u00e1ticas (IPCC) examinou v\u00e1rios caminhos para limitar o aquecimento global a 1,5\u00b0C acima dos n\u00edveis pr\u00e9-industriais. O relat\u00f3rio descreve quatro estrat\u00e9gias principais para reduzir as emiss\u00f5es de di\u00f3xido de carbono, ilustradas com um gr\u00e1fico que indica seu impacto potencial.<\/p>\n\n\n\n<ol>\n<li><strong>A estrat\u00e9gia orientada para a inova\u00e7\u00e3o (P1)<\/strong>: Essa abordagem se concentra em avan\u00e7os pioneiros que reduzem nossa necessidade de energia e, ao mesmo tempo, melhoram os padr\u00f5es de vida em todo o mundo, especialmente no Sul Global. A redu\u00e7\u00e3o das necessidades de energia facilita uma mudan\u00e7a mais suave para fontes renov\u00e1veis. Al\u00e9m disso, os esfor\u00e7os de reflorestamento s\u00e3o aprimorados para remover mais CO2 da atmosfera.<\/li>\n\n\n\n<li><strong>A abordagem com foco na sustentabilidade (P2)<\/strong>: Nesse cen\u00e1rio, h\u00e1 um esfor\u00e7o conjunto para reduzir o consumo de energia nos setores de produ\u00e7\u00e3o e de servi\u00e7os, apoiado pela colabora\u00e7\u00e3o internacional e por uma mudan\u00e7a para pr\u00e1ticas de consumo mais sustent\u00e1veis. A energia renov\u00e1vel \u00e9 fundamental para reduzir as emiss\u00f5es de CO2, complementada por tecnologias de captura e armazenamento de carbono em algumas usinas de energia. Al\u00e9m disso, o gerenciamento eficaz da terra e a redu\u00e7\u00e3o das emiss\u00f5es agr\u00edcolas contribuem para essa meta.<\/li>\n\n\n\n<li><strong>A op\u00e7\u00e3o do meio do caminho (P3)<\/strong>: Esse cen\u00e1rio prev\u00ea o aumento da demanda de energia no futuro, mas o contrap\u00f5e aumentando a contribui\u00e7\u00e3o da energia renov\u00e1vel e nuclear e reduzindo os combust\u00edveis f\u00f3sseis. A captura e o armazenamento de carbono s\u00e3o empregados onde os combust\u00edveis f\u00f3sseis permanecem em uso. As usinas de bioenergia, que utilizam culturas como a switchgrass para a gera\u00e7\u00e3o de energia e depois sequestram o CO2 resultante, fazem parte desse mix.<\/li>\n\n\n\n<li><strong>O caminho com uso intensivo de energia (P4)<\/strong>: Esse cen\u00e1rio reflete um futuro em que o crescimento econ\u00f4mico e a globaliza\u00e7\u00e3o estimulam maiores emiss\u00f5es de gases de efeito estufa devido ao uso de carros, voos frequentes e consumo de carne. Esse cen\u00e1rio se baseia em um mix de energia diversificado que inclui petr\u00f3leo, g\u00e1s, energia nuclear e renov\u00e1veis. Para lidar com o alto n\u00edvel de emiss\u00f5es previsto para as pr\u00f3ximas d\u00e9cadas, essa estrat\u00e9gia enfatiza o uso extensivo de captura e armazenamento de carbono, juntamente com tecnologias de remo\u00e7\u00e3o de CO2 em usinas de bioenergia.<\/li>\n<\/ol>\n\n\n\n<figure class=\"wp-block-image size-large\"><img loading=\"lazy\" decoding=\"async\" width=\"1024\" height=\"938\" src=\"https:\/\/intltest.sustainablereview.com\/\/wp-content\/uploads\/2024\/04\/image-30-1024x938.png\" alt=\"Global total net CO2 emissions\" class=\"wp-image-35261\" srcset=\"https:\/\/sustainablereview.com\/wp-content\/uploads\/2024\/04\/image-30-1024x938.png 1024w, https:\/\/sustainablereview.com\/wp-content\/uploads\/2024\/04\/image-30-300x275.png 300w, https:\/\/sustainablereview.com\/wp-content\/uploads\/2024\/04\/image-30-768x703.png 768w, https:\/\/sustainablereview.com\/wp-content\/uploads\/2024\/04\/image-30-45x41.png 45w, https:\/\/sustainablereview.com\/wp-content\/uploads\/2024\/04\/image-30.png 1210w\" sizes=\"(min-width: 960px) 75vw, 100vw\" \/><\/figure>\n\n\n\n<p class=\"has-small-font-size\">Fonte: https:\/\/scied.ucar.edu\/learning-zone\/climate-solutions\/solving-climate<\/p>\n\n\n\n<p>Cada um desses cen\u00e1rios oferece um caminho diferente para mitigar as mudan\u00e7as clim\u00e1ticas, reduzindo as emiss\u00f5es de CO2 e enfrentando o desafio do aquecimento global. Eles sugerem n\u00edveis variados de inova\u00e7\u00e3o tecnol\u00f3gica, ajustes no estilo de vida e medidas pol\u00edticas que, coletivamente, poderiam conduzir o planeta a um futuro mais sustent\u00e1vel.<\/p>\n\n\n\n<p>Os temas subjacentes a esses cen\u00e1rios enfatizam n\u00e3o apenas a mudan\u00e7a para fontes de energia mais limpas, mas tamb\u00e9m a import\u00e2ncia de estrat\u00e9gias abrangentes que incluam mudan\u00e7as nos padr\u00f5es de consumo, avan\u00e7os tecnol\u00f3gicos e colabora\u00e7\u00e3o internacional. O sucesso dessas abordagens depende de sua implementa\u00e7\u00e3o coletiva, demonstrando que n\u00e3o existe uma solu\u00e7\u00e3o \u00fanica para as mudan\u00e7as clim\u00e1ticas. Em vez disso, \u00e9 fundamental uma abordagem multifacetada que se adapte a diferentes contextos e economias globais.<\/p>\n\n\n\n<p>No entanto, dada a crescente probabilidade de ultrapassar o limite cr\u00edtico de 1,5\u00b0C de aquecimento global, nosso foco deve ir al\u00e9m dos esfor\u00e7os de mitiga\u00e7\u00e3o.<\/p>\n\n\n\n<p>As estrat\u00e9gias de adapta\u00e7\u00e3o tamb\u00e9m desempenham um papel fundamental no aumento da resili\u00eancia contra os efeitos adversos das mudan\u00e7as clim\u00e1ticas. Essas estrat\u00e9gias n\u00e3o s\u00e3o apenas complementares, mas s\u00e3o componentes essenciais de uma abordagem abrangente da a\u00e7\u00e3o clim\u00e1tica. Elas ajudam as comunidades, os ecossistemas e as economias a se ajustarem \u00e0s mudan\u00e7as atuais e previstas, reduzindo a vulnerabilidade e evitando poss\u00edveis danos.<\/p>\n\n\n\n<h3 class=\"wp-block-heading\">Recomenda\u00e7\u00f5es de estrat\u00e9gias de adapta\u00e7\u00e3o<\/h3>\n\n\n\n<ul>\n<li><strong>Infraestrutura resiliente ao clima<\/strong>: \u00c9 fundamental desenvolver uma infraestrutura capaz de resistir a eventos clim\u00e1ticos extremos. Isso inclui a moderniza\u00e7\u00e3o de edif\u00edcios, estradas, pontes e sistemas de abastecimento de \u00e1gua para tolerar inunda\u00e7\u00f5es, furac\u00f5es e ondas de calor.<\/li>\n\n\n\n<li><strong>Pr\u00e1ticas agr\u00edcolas sustent\u00e1veis<\/strong>: A implementa\u00e7\u00e3o de culturas resistentes \u00e0 seca, t\u00e9cnicas eficientes de uso da \u00e1gua e m\u00e9todos de conserva\u00e7\u00e3o do solo podem aumentar significativamente a seguran\u00e7a alimentar em condi\u00e7\u00f5es clim\u00e1ticas vari\u00e1veis.<\/li>\n\n\n\n<li><strong>Medidas de prote\u00e7\u00e3o costeira<\/strong>: O aumento do n\u00edvel do mar amea\u00e7a as comunidades costeiras, mas medidas como quebra-mares, restaura\u00e7\u00e3o de mangues e projetos de alimenta\u00e7\u00e3o de praias podem proteger as linhas costeiras e reduzir a eros\u00e3o e as inunda\u00e7\u00f5es.<\/li>\n\n\n\n<li><strong>Sistemas de alerta antecipado<\/strong>: Os avan\u00e7os na tecnologia permitem previs\u00f5es mais precisas de eventos clim\u00e1ticos extremos, dando \u00e0s comunidades tempo para se preparar e minimizar os danos.<\/li>\n\n\n\n<li><strong>Verde urbano<\/strong>: O aumento dos espa\u00e7os verdes nas cidades pode combater as ilhas de calor, melhorar a qualidade do ar e aumentar a biodiversidade urbana, tornando as cidades mais habit\u00e1veis e resilientes.<\/li>\n\n\n\n<li><strong>Gest\u00e3o de recursos h\u00eddricos<\/strong>: A adapta\u00e7\u00e3o das pr\u00e1ticas de gest\u00e3o de recursos h\u00eddricos para garantir um suprimento confi\u00e1vel de \u00e1gua doce por meio de reservat\u00f3rios, coleta de \u00e1gua da chuva e dessaliniza\u00e7\u00e3o pode lidar com a escassez de \u00e1gua exacerbada pelas mudan\u00e7as clim\u00e1ticas.<\/li>\n<\/ul>\n\n\n\n<h3 class=\"wp-block-heading\">Alguns estudos de caso de implementa\u00e7\u00e3o bem-sucedida de estrat\u00e9gias de adapta\u00e7\u00e3o \u00e0s mudan\u00e7as clim\u00e1ticas<\/h3>\n\n\n\n<h4 class=\"wp-block-heading\">O sistema de defesa contra enchentes da Holanda<\/h4>\n\n\n\n<p>Reconhecendo sua vulnerabilidade ao aumento do n\u00edvel do mar, a Holanda inovou com um extenso sistema de barreiras, diques e barreiras contra tempestades projetado para proteger suas terras baixas. Esse projeto<a href=\"https:\/\/www.water-technology.net\/projects\/delta-works-flood-netherlands\/\">&#8220;Delta Works<\/a>&#8221; \u00e9 considerado um dos mecanismos de defesa contra inunda\u00e7\u00f5es mais sofisticados do mundo.<\/p>\n\n\n\n<h4 class=\"wp-block-heading\">Sistema de parques de Bangkok para mitiga\u00e7\u00e3o de enchentes<\/h4>\n\n\n\n<p>Bangkok, uma cidade propensa a inunda\u00e7\u00f5es, desenvolveu uma <a href=\"https:\/\/www.businessinsider.com\/bangkok-park-holds-a-million-gallons-of-rainwater-to-prevent-flooding-2018-7#known-informally-as-the-cu-park-the-project-was-built-on-700-million-worth-of-land-near-central-bangkok-in-2017-1\">solu\u00e7\u00e3o inovadora de planejamento urbano<\/a> por meio da cria\u00e7\u00e3o de parques de reten\u00e7\u00e3o de \u00e1gua. Esses parques s\u00e3o projetados para serem zonas de inunda\u00e7\u00e3o durante a esta\u00e7\u00e3o chuvosa, absorvendo e armazenando grandes volumes de \u00e1gua, o que reduz significativamente o impacto das inunda\u00e7\u00f5es na \u00e1rea urbana. Essa abordagem n\u00e3o apenas reduz os danos causados pelas enchentes, mas tamb\u00e9m melhora o espa\u00e7o verde urbano.<\/p>\n\n\n\n<h4 class=\"wp-block-heading\">Culturas do Qu\u00eania resistentes \u00e0 seca<\/h4>\n\n\n\n<p>O Qu\u00eania implementou com sucesso <a href=\"https:\/\/nation.africa\/kenya\/health\/researchers-develop-new-drought-tolerant-maize-variety-4362474\">variedades de milho resistentes \u00e0 seca<\/a>, desenvolvidas por meio de modifica\u00e7\u00e3o gen\u00e9tica e t\u00e9cnicas tradicionais de reprodu\u00e7\u00e3o em resposta aos prolongados per\u00edodos de seca que afetam a agricultura. Essas culturas permitiram que os agricultores mantivessem os rendimentos mesmo em condi\u00e7\u00f5es de baixa precipita\u00e7\u00e3o, protegendo a seguran\u00e7a alimentar na regi\u00e3o.<\/p>\n\n\n\n<h4 class=\"wp-block-heading\">Recupera\u00e7\u00e3o e dessaliniza\u00e7\u00e3o de \u00e1gua em Cingapura<\/h4>\n\n\n\n<p>Com recursos limitados de \u00e1gua doce e demanda crescente devido ao aumento da popula\u00e7\u00e3o, Cingapura tornou-se l\u00edder global em estrat\u00e9gias de gerenciamento de \u00e1gua. Sua abordagem dupla envolve usinas de dessaliniza\u00e7\u00e3o de alta tecnologia que convertem a \u00e1gua do mar em \u00e1gua pot\u00e1vel e projetos de recupera\u00e7\u00e3o que <a href=\"https:\/\/www.weforum.org\/agenda\/2022\/11\/singapore-wastewater-recycling-water-stressed\/\">purificam as \u00e1guas residuais<\/a> com tecnologia de ponta para reutiliza\u00e7\u00e3o. Essas iniciativas garantem um abastecimento de \u00e1gua sustent\u00e1vel e confi\u00e1vel para a na\u00e7\u00e3o.<\/p>\n\n\n\n<h4 class=\"wp-block-heading\">Plano de a\u00e7\u00e3o contra o calor de Mumbai<\/h4>\n\n\n\n<p>O aumento das temperaturas representa um grave risco \u00e0 sa\u00fade, especialmente para as popula\u00e7\u00f5es vulner\u00e1veis. Ahmedabad implementou o primeiro <a href=\"https:\/\/www.preventionweb.net\/news\/india-new-evidence-shows-pioneering-heat-action-plan-helps-millions-avoid-killer-heat\">Plano de A\u00e7\u00e3o contra o Calor abrangente<\/a> da \u00cdndia. O plano inclui um sistema de alerta para ondas de calor iminentes, campanhas de conscientiza\u00e7\u00e3o p\u00fablica para evitar insola\u00e7\u00e3o e o estabelecimento de centros de resfriamento que oferecem ref\u00fagio contra o calor extremo.<\/p>\n\n\n\n<h4 class=\"wp-block-heading\">A iniciativa da Grande Muralha Verde na \u00c1frica<\/h4>\n\n\n\n<p>Abrangendo v\u00e1rios pa\u00edses africanos, o ambicioso projeto da <a href=\"https:\/\/education.nationalgeographic.org\/resource\/great-green-wall\/\">Grande Muralha Verde<\/a> visa combater a desertifica\u00e7\u00e3o, um dos impactos cr\u00edticos da mudan\u00e7a clim\u00e1tica na regi\u00e3o do Sahel. A iniciativa espera restaurar terras degradadas, aumentar a biodiversidade, capturar di\u00f3xido de carbono e criar empregos entre as comunidades locais por meio do plantio de um vasto cintur\u00e3o de \u00e1rvores que se estende por milhares de quil\u00f4metros em todo o continente.<\/p>\n\n\n\n<p>Esses estudos de caso destacam o potencial de estrat\u00e9gias de adapta\u00e7\u00e3o inovadoras para atenuar os efeitos das mudan\u00e7as clim\u00e1ticas e transformar os desafios em oportunidades de desenvolvimento sustent\u00e1vel e melhoria da qualidade de vida. Cada exemplo aproveita o conhecimento local, os avan\u00e7os tecnol\u00f3gicos e o envolvimento da comunidade para lidar com vulnerabilidades clim\u00e1ticas espec\u00edficas, ilustrando o poder das solu\u00e7\u00f5es personalizadas na constru\u00e7\u00e3o da resili\u00eancia.<\/p>\n\n\n\n<p>Se voc\u00ea quiser saber mais sobre estrat\u00e9gias de adapta\u00e7\u00e3o \u00e0s mudan\u00e7as clim\u00e1ticas, consulte as seguintes fontes:<\/p>\n\n\n\n<ul>\n<li>As Na\u00e7\u00f5es Unidas oferecem uma <a href=\"https:\/\/unfccc.int\/documents\/7447?gad_source=1&amp;gclid=Cj0KCQjw2a6wBhCVARIsABPeH1tMUDsMOy1OU8PbP4g_2943SPl1vmhcYi5uqh-HpJCP5AstUV9JGEkaAuYNEALw_wcB\">cole\u00e7\u00e3o<\/a> detalhada <a href=\"https:\/\/unfccc.int\/documents\/7447?gad_source=1&amp;gclid=Cj0KCQjw2a6wBhCVARIsABPeH1tMUDsMOy1OU8PbP4g_2943SPl1vmhcYi5uqh-HpJCP5AstUV9JGEkaAuYNEALw_wcB\">de estudos de caso sobre planejamento de adapta\u00e7\u00e3o nacional<\/a>.<\/li>\n\n\n\n<li>A Ag\u00eancia de Prote\u00e7\u00e3o Ambiental dos Estados Unidos reuniu <a href=\"https:\/\/www.epa.gov\/arc-x\/case-studies-climate-change-adaptation\">v\u00e1rios estudos de caso sobre adapta\u00e7\u00e3o \u00e0s mudan\u00e7as clim\u00e1ticas<\/a>.<\/li>\n\n\n\n<li>A Ag\u00eancia Europeia do Meio Ambiente compilou <a href=\"https:\/\/climate-adapt.eea.europa.eu\/en\/about\/climate-adapt-10-case-studies-online.pdf\">10 estudos de caso europeus<\/a> que demonstram medidas existentes para aumentar a resist\u00eancia a condi\u00e7\u00f5es clim\u00e1ticas extremas e eventos de in\u00edcio lento e refor\u00e7ar a adapta\u00e7\u00e3o \u00e0s mudan\u00e7as clim\u00e1ticas.<\/li>\n<\/ul>\n\n\n\n<h2 class=\"wp-block-heading\">Conclus\u00e3o<\/h2>\n\n\n\n<p>O \u00faltimo relat\u00f3rio sobre mudan\u00e7as clim\u00e1ticas nos diz uma verdade ineg\u00e1vel: a Terra est\u00e1 ficando mais quente em um ritmo alarmante, o que tem efeitos profundos que muitos de n\u00f3s j\u00e1 estamos experimentando. Essa tend\u00eancia de aumento do aquecimento global n\u00e3o \u00e9 apenas uma anomalia passageira, mas um indicador claro de como as atividades humanas alteraram de forma pertinente o equil\u00edbrio do sistema clim\u00e1tico do nosso planeta. As evid\u00eancias deixam claro que \u00e9 necess\u00e1ria uma a\u00e7\u00e3o imediata e decisiva para reduzir as emiss\u00f5es e fazer a transi\u00e7\u00e3o para pr\u00e1ticas sustent\u00e1veis.<\/p>\n\n\n\n<p>\u00c9 fundamental que todos &#8211; pessoas, comunidades e pa\u00edses &#8211; fa\u00e7am escolhas s\u00e1bias agora para proteger o futuro. Estamos em um ponto cr\u00edtico em que precisamos trabalhar juntos, ser criativos e permanecer fortes para lidar com essas mudan\u00e7as clim\u00e1ticas. Isso garantir\u00e1 que nosso planeta continue habit\u00e1vel.<\/p>\n","protected":false},"excerpt":{"rendered":"<p><!-- wp:paragraph --> <\/p>\n<p>Conhe\u00e7a as \u00faltimas descobertas sobre as mudan\u00e7as clim\u00e1ticas, incluindo o aumento alarmante das temperaturas globais, o impacto sobre os ecossistemas e a humanidade e a necessidade urgente de estrat\u00e9gias de adapta\u00e7\u00e3o e mitiga\u00e7\u00e3o.<\/p>\n<p><!-- \/wp:paragraph --><\/p>\n","protected":false},"author":1502,"featured_media":35086,"comment_status":"closed","ping_status":"open","sticky":false,"template":"","format":"standard","meta":{"_acf_changed":false,"_monsterinsights_skip_tracking":false,"_monsterinsights_sitenote_active":false,"_monsterinsights_sitenote_note":"","_monsterinsights_sitenote_category":0,"footnotes":""},"categories":[3091,3086,3095],"tags":[],"acf":[],"yoast_head":"<!-- This site is optimized with the Yoast SEO plugin v23.2 - https:\/\/yoast.com\/wordpress\/plugins\/seo\/ -->\n<title>O aumento da temperatura da Terra est\u00e1 ficando fora de controle? O \u00faltimo relat\u00f3rio clim\u00e1tico &#8212; Sustainable Review<\/title>\n<meta name=\"robots\" content=\"index, follow, max-snippet:-1, max-image-preview:large, max-video-preview:-1\" \/>\n<link rel=\"canonical\" href=\"https:\/\/sustainablereview.com\/pt-br\/o-aumento-da-temperatura-da-terra-esta-fora-de-controle-o-ultimo-relatorio-climatico\/\" \/>\n<meta property=\"og:locale\" content=\"pt_BR\" \/>\n<meta property=\"og:type\" content=\"article\" \/>\n<meta property=\"og:title\" content=\"O aumento da temperatura da Terra est\u00e1 ficando fora de controle? O \u00faltimo relat\u00f3rio clim\u00e1tico &#8212; Sustainable Review\" \/>\n<meta property=\"og:description\" content=\"Conhe\u00e7a as \u00faltimas descobertas sobre as mudan\u00e7as clim\u00e1ticas, incluindo o aumento alarmante das temperaturas globais, o impacto sobre os ecossistemas e a humanidade e a necessidade urgente de estrat\u00e9gias de adapta\u00e7\u00e3o e mitiga\u00e7\u00e3o.\" \/>\n<meta property=\"og:url\" content=\"https:\/\/sustainablereview.com\/pt-br\/o-aumento-da-temperatura-da-terra-esta-fora-de-controle-o-ultimo-relatorio-climatico\/\" \/>\n<meta property=\"og:site_name\" content=\"Sustainable Review\" \/>\n<meta property=\"article:published_time\" content=\"2024-04-02T07:29:25+00:00\" \/>\n<meta property=\"article:modified_time\" content=\"2024-08-10T16:50:25+00:00\" \/>\n<meta property=\"og:image\" content=\"https:\/\/sustainablereview.com\/wp-content\/uploads\/2024\/04\/ssta_mur_2023233_lrg-scaled.jpg\" \/>\n\t<meta property=\"og:image:width\" content=\"2560\" \/>\n\t<meta property=\"og:image:height\" content=\"1422\" \/>\n\t<meta property=\"og:image:type\" content=\"image\/jpeg\" \/>\n<meta name=\"author\" content=\"Raf Chomsky\" \/>\n<meta name=\"twitter:card\" content=\"summary_large_image\" \/>\n<meta name=\"twitter:creator\" content=\"@sustainreview\" \/>\n<meta name=\"twitter:site\" content=\"@sustainreview\" \/>\n<meta name=\"twitter:label1\" content=\"Escrito por\" \/>\n\t<meta name=\"twitter:data1\" content=\"Raf Chomsky\" \/>\n\t<meta name=\"twitter:label2\" content=\"Est. tempo de leitura\" \/>\n\t<meta name=\"twitter:data2\" content=\"19 minutos\" \/>\n<script type=\"application\/ld+json\" class=\"yoast-schema-graph\">{\"@context\":\"https:\/\/schema.org\",\"@graph\":[{\"@type\":\"Article\",\"@id\":\"https:\/\/sustainablereview.com\/pt-br\/o-aumento-da-temperatura-da-terra-esta-fora-de-controle-o-ultimo-relatorio-climatico\/#article\",\"isPartOf\":{\"@id\":\"https:\/\/sustainablereview.com\/pt-br\/o-aumento-da-temperatura-da-terra-esta-fora-de-controle-o-ultimo-relatorio-climatico\/\"},\"author\":{\"name\":\"Raf Chomsky\",\"@id\":\"https:\/\/sustainablereview.com\/pt-br\/#\/schema\/person\/85320f9ca6ed105ac24fd5721a2ce339\"},\"headline\":\"O aumento da temperatura da Terra est\u00e1 ficando fora de controle? O \u00faltimo relat\u00f3rio clim\u00e1tico\",\"datePublished\":\"2024-04-02T07:29:25+00:00\",\"dateModified\":\"2024-08-10T16:50:25+00:00\",\"mainEntityOfPage\":{\"@id\":\"https:\/\/sustainablereview.com\/pt-br\/o-aumento-da-temperatura-da-terra-esta-fora-de-controle-o-ultimo-relatorio-climatico\/\"},\"wordCount\":3890,\"publisher\":{\"@id\":\"https:\/\/sustainablereview.com\/pt-br\/#organization\"},\"image\":{\"@id\":\"https:\/\/sustainablereview.com\/pt-br\/o-aumento-da-temperatura-da-terra-esta-fora-de-controle-o-ultimo-relatorio-climatico\/#primaryimage\"},\"thumbnailUrl\":\"https:\/\/sustainablereview.com\/wp-content\/uploads\/2024\/04\/ssta_mur_2023233_lrg-scaled.jpg\",\"articleSection\":[\"Energia e meio ambiente\",\"Mudan\u00e7as clim\u00e1ticas\",\"Not\u00edcias\"],\"inLanguage\":\"pt-BR\"},{\"@type\":\"WebPage\",\"@id\":\"https:\/\/sustainablereview.com\/pt-br\/o-aumento-da-temperatura-da-terra-esta-fora-de-controle-o-ultimo-relatorio-climatico\/\",\"url\":\"https:\/\/sustainablereview.com\/pt-br\/o-aumento-da-temperatura-da-terra-esta-fora-de-controle-o-ultimo-relatorio-climatico\/\",\"name\":\"O aumento da temperatura da Terra est\u00e1 ficando fora de controle? O \u00faltimo relat\u00f3rio clim\u00e1tico &#8212; Sustainable Review\",\"isPartOf\":{\"@id\":\"https:\/\/sustainablereview.com\/pt-br\/#website\"},\"primaryImageOfPage\":{\"@id\":\"https:\/\/sustainablereview.com\/pt-br\/o-aumento-da-temperatura-da-terra-esta-fora-de-controle-o-ultimo-relatorio-climatico\/#primaryimage\"},\"image\":{\"@id\":\"https:\/\/sustainablereview.com\/pt-br\/o-aumento-da-temperatura-da-terra-esta-fora-de-controle-o-ultimo-relatorio-climatico\/#primaryimage\"},\"thumbnailUrl\":\"https:\/\/sustainablereview.com\/wp-content\/uploads\/2024\/04\/ssta_mur_2023233_lrg-scaled.jpg\",\"datePublished\":\"2024-04-02T07:29:25+00:00\",\"dateModified\":\"2024-08-10T16:50:25+00:00\",\"breadcrumb\":{\"@id\":\"https:\/\/sustainablereview.com\/pt-br\/o-aumento-da-temperatura-da-terra-esta-fora-de-controle-o-ultimo-relatorio-climatico\/#breadcrumb\"},\"inLanguage\":\"pt-BR\",\"potentialAction\":[{\"@type\":\"ReadAction\",\"target\":[\"https:\/\/sustainablereview.com\/pt-br\/o-aumento-da-temperatura-da-terra-esta-fora-de-controle-o-ultimo-relatorio-climatico\/\"]}]},{\"@type\":\"ImageObject\",\"inLanguage\":\"pt-BR\",\"@id\":\"https:\/\/sustainablereview.com\/pt-br\/o-aumento-da-temperatura-da-terra-esta-fora-de-controle-o-ultimo-relatorio-climatico\/#primaryimage\",\"url\":\"https:\/\/sustainablereview.com\/wp-content\/uploads\/2024\/04\/ssta_mur_2023233_lrg-scaled.jpg\",\"contentUrl\":\"https:\/\/sustainablereview.com\/wp-content\/uploads\/2024\/04\/ssta_mur_2023233_lrg-scaled.jpg\",\"width\":2560,\"height\":1422},{\"@type\":\"BreadcrumbList\",\"@id\":\"https:\/\/sustainablereview.com\/pt-br\/o-aumento-da-temperatura-da-terra-esta-fora-de-controle-o-ultimo-relatorio-climatico\/#breadcrumb\",\"itemListElement\":[{\"@type\":\"ListItem\",\"position\":1,\"name\":\"In\u00edcio\",\"item\":\"https:\/\/sustainablereview.com\/pt-br\/inicio\/\"},{\"@type\":\"ListItem\",\"position\":2,\"name\":\"O aumento da temperatura da Terra est\u00e1 ficando fora de controle? O \u00faltimo relat\u00f3rio clim\u00e1tico\"}]},{\"@type\":\"WebSite\",\"@id\":\"https:\/\/sustainablereview.com\/pt-br\/#website\",\"url\":\"https:\/\/sustainablereview.com\/pt-br\/\",\"name\":\"Sustainable Review\",\"description\":\"Let us do the &#039;Green-splaining&#039;\",\"publisher\":{\"@id\":\"https:\/\/sustainablereview.com\/pt-br\/#organization\"},\"potentialAction\":[{\"@type\":\"SearchAction\",\"target\":{\"@type\":\"EntryPoint\",\"urlTemplate\":\"https:\/\/sustainablereview.com\/pt-br\/?s={search_term_string}\"},\"query-input\":\"required name=search_term_string\"}],\"inLanguage\":\"pt-BR\"},{\"@type\":\"Organization\",\"@id\":\"https:\/\/sustainablereview.com\/pt-br\/#organization\",\"name\":\"Sustainable Review\",\"url\":\"https:\/\/sustainablereview.com\/pt-br\/\",\"logo\":{\"@type\":\"ImageObject\",\"inLanguage\":\"pt-BR\",\"@id\":\"https:\/\/sustainablereview.com\/pt-br\/#\/schema\/logo\/image\/\",\"url\":\"https:\/\/sustainablereview.com\/wp-content\/uploads\/2020\/06\/static1.squarespace.png\",\"contentUrl\":\"https:\/\/sustainablereview.com\/wp-content\/uploads\/2020\/06\/static1.squarespace.png\",\"width\":800,\"height\":800,\"caption\":\"Sustainable Review\"},\"image\":{\"@id\":\"https:\/\/sustainablereview.com\/pt-br\/#\/schema\/logo\/image\/\"},\"sameAs\":[\"https:\/\/x.com\/sustainreview\"]},{\"@type\":\"Person\",\"@id\":\"https:\/\/sustainablereview.com\/pt-br\/#\/schema\/person\/85320f9ca6ed105ac24fd5721a2ce339\",\"name\":\"Raf Chomsky\",\"image\":{\"@type\":\"ImageObject\",\"inLanguage\":\"pt-BR\",\"@id\":\"https:\/\/sustainablereview.com\/pt-br\/#\/schema\/person\/image\/\",\"url\":\"https:\/\/sustainablereview.com\/wp-content\/litespeed\/avatar\/ad8c67d6aa8afe7c0a7adebd55367f9e.jpg?ver=1777430820\",\"contentUrl\":\"https:\/\/sustainablereview.com\/wp-content\/litespeed\/avatar\/ad8c67d6aa8afe7c0a7adebd55367f9e.jpg?ver=1777430820\",\"caption\":\"Raf Chomsky\"},\"description\":\"Dedicated author deeply engaged in sustainability issues. My writing focuses on practical, impactful solutions and communicates the urgency of environmental responsibility. With a commitment to raising awareness, I aim to inform and inspire readers to embrace sustainable practices in their daily lives.\",\"sameAs\":[\"https:\/\/sustainablereview.com\/\"],\"url\":\"https:\/\/sustainablereview.com\/pt-br\/author\/nonagency\/\"}]}<\/script>\n<!-- \/ Yoast SEO plugin. -->","yoast_head_json":{"title":"O aumento da temperatura da Terra est\u00e1 ficando fora de controle? O \u00faltimo relat\u00f3rio clim\u00e1tico &#8212; Sustainable Review","robots":{"index":"index","follow":"follow","max-snippet":"max-snippet:-1","max-image-preview":"max-image-preview:large","max-video-preview":"max-video-preview:-1"},"canonical":"https:\/\/sustainablereview.com\/pt-br\/o-aumento-da-temperatura-da-terra-esta-fora-de-controle-o-ultimo-relatorio-climatico\/","og_locale":"pt_BR","og_type":"article","og_title":"O aumento da temperatura da Terra est\u00e1 ficando fora de controle? O \u00faltimo relat\u00f3rio clim\u00e1tico &#8212; Sustainable Review","og_description":"Conhe\u00e7a as \u00faltimas descobertas sobre as mudan\u00e7as clim\u00e1ticas, incluindo o aumento alarmante das temperaturas globais, o impacto sobre os ecossistemas e a humanidade e a necessidade urgente de estrat\u00e9gias de adapta\u00e7\u00e3o e mitiga\u00e7\u00e3o.","og_url":"https:\/\/sustainablereview.com\/pt-br\/o-aumento-da-temperatura-da-terra-esta-fora-de-controle-o-ultimo-relatorio-climatico\/","og_site_name":"Sustainable Review","article_published_time":"2024-04-02T07:29:25+00:00","article_modified_time":"2024-08-10T16:50:25+00:00","og_image":[{"width":2560,"height":1422,"url":"https:\/\/sustainablereview.com\/wp-content\/uploads\/2024\/04\/ssta_mur_2023233_lrg-scaled.jpg","type":"image\/jpeg"}],"author":"Raf Chomsky","twitter_card":"summary_large_image","twitter_creator":"@sustainreview","twitter_site":"@sustainreview","twitter_misc":{"Escrito por":"Raf Chomsky","Est. tempo de leitura":"19 minutos"},"schema":{"@context":"https:\/\/schema.org","@graph":[{"@type":"Article","@id":"https:\/\/sustainablereview.com\/pt-br\/o-aumento-da-temperatura-da-terra-esta-fora-de-controle-o-ultimo-relatorio-climatico\/#article","isPartOf":{"@id":"https:\/\/sustainablereview.com\/pt-br\/o-aumento-da-temperatura-da-terra-esta-fora-de-controle-o-ultimo-relatorio-climatico\/"},"author":{"name":"Raf Chomsky","@id":"https:\/\/sustainablereview.com\/pt-br\/#\/schema\/person\/85320f9ca6ed105ac24fd5721a2ce339"},"headline":"O aumento da temperatura da Terra est\u00e1 ficando fora de controle? O \u00faltimo relat\u00f3rio clim\u00e1tico","datePublished":"2024-04-02T07:29:25+00:00","dateModified":"2024-08-10T16:50:25+00:00","mainEntityOfPage":{"@id":"https:\/\/sustainablereview.com\/pt-br\/o-aumento-da-temperatura-da-terra-esta-fora-de-controle-o-ultimo-relatorio-climatico\/"},"wordCount":3890,"publisher":{"@id":"https:\/\/sustainablereview.com\/pt-br\/#organization"},"image":{"@id":"https:\/\/sustainablereview.com\/pt-br\/o-aumento-da-temperatura-da-terra-esta-fora-de-controle-o-ultimo-relatorio-climatico\/#primaryimage"},"thumbnailUrl":"https:\/\/sustainablereview.com\/wp-content\/uploads\/2024\/04\/ssta_mur_2023233_lrg-scaled.jpg","articleSection":["Energia e meio ambiente","Mudan\u00e7as clim\u00e1ticas","Not\u00edcias"],"inLanguage":"pt-BR"},{"@type":"WebPage","@id":"https:\/\/sustainablereview.com\/pt-br\/o-aumento-da-temperatura-da-terra-esta-fora-de-controle-o-ultimo-relatorio-climatico\/","url":"https:\/\/sustainablereview.com\/pt-br\/o-aumento-da-temperatura-da-terra-esta-fora-de-controle-o-ultimo-relatorio-climatico\/","name":"O aumento da temperatura da Terra est\u00e1 ficando fora de controle? O \u00faltimo relat\u00f3rio clim\u00e1tico &#8212; Sustainable Review","isPartOf":{"@id":"https:\/\/sustainablereview.com\/pt-br\/#website"},"primaryImageOfPage":{"@id":"https:\/\/sustainablereview.com\/pt-br\/o-aumento-da-temperatura-da-terra-esta-fora-de-controle-o-ultimo-relatorio-climatico\/#primaryimage"},"image":{"@id":"https:\/\/sustainablereview.com\/pt-br\/o-aumento-da-temperatura-da-terra-esta-fora-de-controle-o-ultimo-relatorio-climatico\/#primaryimage"},"thumbnailUrl":"https:\/\/sustainablereview.com\/wp-content\/uploads\/2024\/04\/ssta_mur_2023233_lrg-scaled.jpg","datePublished":"2024-04-02T07:29:25+00:00","dateModified":"2024-08-10T16:50:25+00:00","breadcrumb":{"@id":"https:\/\/sustainablereview.com\/pt-br\/o-aumento-da-temperatura-da-terra-esta-fora-de-controle-o-ultimo-relatorio-climatico\/#breadcrumb"},"inLanguage":"pt-BR","potentialAction":[{"@type":"ReadAction","target":["https:\/\/sustainablereview.com\/pt-br\/o-aumento-da-temperatura-da-terra-esta-fora-de-controle-o-ultimo-relatorio-climatico\/"]}]},{"@type":"ImageObject","inLanguage":"pt-BR","@id":"https:\/\/sustainablereview.com\/pt-br\/o-aumento-da-temperatura-da-terra-esta-fora-de-controle-o-ultimo-relatorio-climatico\/#primaryimage","url":"https:\/\/sustainablereview.com\/wp-content\/uploads\/2024\/04\/ssta_mur_2023233_lrg-scaled.jpg","contentUrl":"https:\/\/sustainablereview.com\/wp-content\/uploads\/2024\/04\/ssta_mur_2023233_lrg-scaled.jpg","width":2560,"height":1422},{"@type":"BreadcrumbList","@id":"https:\/\/sustainablereview.com\/pt-br\/o-aumento-da-temperatura-da-terra-esta-fora-de-controle-o-ultimo-relatorio-climatico\/#breadcrumb","itemListElement":[{"@type":"ListItem","position":1,"name":"In\u00edcio","item":"https:\/\/sustainablereview.com\/pt-br\/inicio\/"},{"@type":"ListItem","position":2,"name":"O aumento da temperatura da Terra est\u00e1 ficando fora de controle? O \u00faltimo relat\u00f3rio clim\u00e1tico"}]},{"@type":"WebSite","@id":"https:\/\/sustainablereview.com\/pt-br\/#website","url":"https:\/\/sustainablereview.com\/pt-br\/","name":"Sustainable Review","description":"Let us do the &#039;Green-splaining&#039;","publisher":{"@id":"https:\/\/sustainablereview.com\/pt-br\/#organization"},"potentialAction":[{"@type":"SearchAction","target":{"@type":"EntryPoint","urlTemplate":"https:\/\/sustainablereview.com\/pt-br\/?s={search_term_string}"},"query-input":"required name=search_term_string"}],"inLanguage":"pt-BR"},{"@type":"Organization","@id":"https:\/\/sustainablereview.com\/pt-br\/#organization","name":"Sustainable Review","url":"https:\/\/sustainablereview.com\/pt-br\/","logo":{"@type":"ImageObject","inLanguage":"pt-BR","@id":"https:\/\/sustainablereview.com\/pt-br\/#\/schema\/logo\/image\/","url":"https:\/\/sustainablereview.com\/wp-content\/uploads\/2020\/06\/static1.squarespace.png","contentUrl":"https:\/\/sustainablereview.com\/wp-content\/uploads\/2020\/06\/static1.squarespace.png","width":800,"height":800,"caption":"Sustainable Review"},"image":{"@id":"https:\/\/sustainablereview.com\/pt-br\/#\/schema\/logo\/image\/"},"sameAs":["https:\/\/x.com\/sustainreview"]},{"@type":"Person","@id":"https:\/\/sustainablereview.com\/pt-br\/#\/schema\/person\/85320f9ca6ed105ac24fd5721a2ce339","name":"Raf Chomsky","image":{"@type":"ImageObject","inLanguage":"pt-BR","@id":"https:\/\/sustainablereview.com\/pt-br\/#\/schema\/person\/image\/","url":"https:\/\/sustainablereview.com\/wp-content\/litespeed\/avatar\/ad8c67d6aa8afe7c0a7adebd55367f9e.jpg?ver=1777430820","contentUrl":"https:\/\/sustainablereview.com\/wp-content\/litespeed\/avatar\/ad8c67d6aa8afe7c0a7adebd55367f9e.jpg?ver=1777430820","caption":"Raf Chomsky"},"description":"Dedicated author deeply engaged in sustainability issues. My writing focuses on practical, impactful solutions and communicates the urgency of environmental responsibility. With a commitment to raising awareness, I aim to inform and inspire readers to embrace sustainable practices in their daily lives.","sameAs":["https:\/\/sustainablereview.com\/"],"url":"https:\/\/sustainablereview.com\/pt-br\/author\/nonagency\/"}]}},"wpml_translations":{"en":"35081","pl":"60359","pt-br":"39054"},"_links":{"self":[{"href":"https:\/\/sustainablereview.com\/pt-br\/wp-json\/wp\/v2\/posts\/39054"}],"collection":[{"href":"https:\/\/sustainablereview.com\/pt-br\/wp-json\/wp\/v2\/posts"}],"about":[{"href":"https:\/\/sustainablereview.com\/pt-br\/wp-json\/wp\/v2\/types\/post"}],"author":[{"embeddable":true,"href":"https:\/\/sustainablereview.com\/pt-br\/wp-json\/wp\/v2\/users\/1502"}],"replies":[{"embeddable":true,"href":"https:\/\/sustainablereview.com\/pt-br\/wp-json\/wp\/v2\/comments?post=39054"}],"version-history":[{"count":1,"href":"https:\/\/sustainablereview.com\/pt-br\/wp-json\/wp\/v2\/posts\/39054\/revisions"}],"predecessor-version":[{"id":39566,"href":"https:\/\/sustainablereview.com\/pt-br\/wp-json\/wp\/v2\/posts\/39054\/revisions\/39566"}],"wp:featuredmedia":[{"embeddable":true,"href":"https:\/\/sustainablereview.com\/pt-br\/wp-json\/wp\/v2\/media\/35086"}],"wp:attachment":[{"href":"https:\/\/sustainablereview.com\/pt-br\/wp-json\/wp\/v2\/media?parent=39054"}],"wp:term":[{"taxonomy":"category","embeddable":true,"href":"https:\/\/sustainablereview.com\/pt-br\/wp-json\/wp\/v2\/categories?post=39054"},{"taxonomy":"post_tag","embeddable":true,"href":"https:\/\/sustainablereview.com\/pt-br\/wp-json\/wp\/v2\/tags?post=39054"}],"curies":[{"name":"wp","href":"https:\/\/api.w.org\/{rel}","templated":true}]}}