{"id":39055,"date":"2024-03-30T09:22:46","date_gmt":"2024-03-30T13:22:46","guid":{"rendered":"https:\/\/sustainablereview.com\/?p=39055"},"modified":"2024-08-10T12:50:28","modified_gmt":"2024-08-10T16:50:28","slug":"farm-to-fork-in-flux-menor-producao-de-carne-bovina-ameaca-os-precos-e-os-meios-de-subsistencia-locais","status":"publish","type":"post","link":"https:\/\/sustainablereview.com\/pt-br\/farm-to-fork-in-flux-menor-producao-de-carne-bovina-ameaca-os-precos-e-os-meios-de-subsistencia-locais\/","title":{"rendered":"Virando a mesa em rela\u00e7\u00e3o \u00e0 carne bovina: menor produ\u00e7\u00e3o de cerveja, maiores riscos para a a\u00e7\u00e3o clim\u00e1tica"},"content":{"rendered":"\n<p>O cen\u00e1rio agr\u00edcola americano est\u00e1 enfrentando um desafio significativo, pois a queda na produ\u00e7\u00e3o de carne bovina, impulsionada por uma diminui\u00e7\u00e3o no estoque de gado, amea\u00e7a perturbar os pre\u00e7os de mercado. A American Farm Bureau Federation<a href=\"https:\/\/www.fb.org\/market-intel\/u-s-cattle-inventory-smallest-in-73-years\" target=\"_blank\" rel=\"noreferrer noopener\"> relatou pela primeira vez<\/a> essa tend\u00eancia preocupante.<\/p>\n\n\n\n<p>Uma combina\u00e7\u00e3o de fatores clim\u00e1ticos e desafios econ\u00f4micos culminou em uma situa\u00e7\u00e3o prec\u00e1ria para as cadeias de fornecimento de carne bovina, com implica\u00e7\u00f5es de longo alcance tanto para os consumidores quanto para os produtores.<\/p>\n\n\n\n<h2 class=\"wp-block-heading\"><strong>O impacto da redu\u00e7\u00e3o dos estoques de gado na produ\u00e7\u00e3o de carne bovina<\/strong><\/h2>\n\n\n\n<p>O Departamento de Agricultura dos Estados Unidos (USDA) informou que o estoque de gado de corte est\u00e1 em seu n\u00edvel mais baixo desde 1948, uma revela\u00e7\u00e3o surpreendente que ressalta a magnitude da crise atual. O decl\u00ednio acentuado no n\u00famero de cabe\u00e7as de gado, especialmente nos rebanhos de vacas de corte, foi atribu\u00eddo principalmente \u00e0s condi\u00e7\u00f5es de seca prolongada em estados cr\u00edticos para a produ\u00e7\u00e3o de carne bovina, como Texas, Oklahoma e Missouri. Essas condi\u00e7\u00f5es limitam severamente as op\u00e7\u00f5es de pastagem, for\u00e7ando muitos fazendeiros a abater seus rebanhos prematuramente.<\/p>\n\n\n\n<p>Jacob Newton, um fazendeiro da Hillside Farms em Truxton, destaca o dilema que muitos no setor enfrentam, afirmando: <em>&#8220;Quando voc\u00ea n\u00e3o pode ter ra\u00e7\u00e3o, voc\u00ea tem que reduzir seu estoque at\u00e9 que a forragem volte.&#8221; <\/em><\/p>\n\n\n\n<p>A consequente redu\u00e7\u00e3o no tamanho do rebanho afeta diretamente os n\u00edveis de produ\u00e7\u00e3o de carne bovina, desencadeando uma rea\u00e7\u00e3o em cadeia que inflaciona os pre\u00e7os da carne bovina devido \u00e0 diminui\u00e7\u00e3o da oferta em meio a uma demanda constante. Atualmente, os pre\u00e7os da carne bovina giram em torno de uma m\u00e9dia de US$ 5,00 por quilo nos pontos de venda no varejo.<\/p>\n\n\n\n<p>Em uma tentativa de mitigar alguns desses desafios, os Newtons fizeram um movimento estrat\u00e9gico para aumentar seu n\u00famero de processamento de gado de 37 para 42 este ano. No entanto, o desafio vai al\u00e9m de criar mais gado; ele se estende a encontrar uma instala\u00e7\u00e3o de processamento.<\/p>\n\n\n\n<p>Nova York, que n\u00e3o \u00e9 tradicionalmente conhecida como um centro do setor de carne bovina, apresenta obst\u00e1culos significativos para os fazendeiros locais devido \u00e0 necessidade de mais processadores certificados pelo USDA.<\/p>\n\n\n\n<p>Uma instala\u00e7\u00e3o que est\u00e1 fazendo a diferen\u00e7a no norte do estado de Nova York \u00e9 a Owasco Meat Company. O copropriet\u00e1rio Callan Space destacou os efeitos em cascata da situa\u00e7\u00e3o atual, observando que a alta dos pre\u00e7os do gado \u00e9 o principal fator por tr\u00e1s do aumento iminente dos pre\u00e7os da carne bovina. &#8221; <em>Os custos s\u00e3o surpreendentes no momento, e inevitavelmente veremos um aumento ainda maior nos pre\u00e7os da carne bovina nos pr\u00f3ximos meses&#8221;,<\/em> comentou Space.<\/p>\n\n\n\n<h2 class=\"wp-block-heading\"><strong>Uma fresta de esperan\u00e7a<\/strong><\/h2>\n\n\n\n<p>Apesar dos desafios gerais no mercado de carne bovina, esse cen\u00e1rio oferece aos consumidores uma oportunidade convincente de reavaliar seus h\u00e1bitos de consumo de carne bovina, incentivando-os a fazer sua parte na redu\u00e7\u00e3o das mudan\u00e7as clim\u00e1ticas.<\/p>\n\n\n\n<p>O<a href=\"https:\/\/www.wri.org\/insights\/opportunities-reduce-emissions-beef-production#:~:text=Beef%20is%20also%20one%20of,beans%20per%20gram%20of%20protein.\" target=\"_blank\" rel=\"noreferrer noopener\"> World Resources Institute<\/a> destaca o setor pecu\u00e1rio como uma das principais fontes de emiss\u00f5es de gases de efeito estufa, decorrentes tanto dos processos de produ\u00e7\u00e3o agr\u00edcola &#8211; incluindo a digest\u00e3o e os res\u00edduos do gado e o cultivo de ra\u00e7\u00e3o &#8211; quanto do desmatamento para expandir as pastagens, o que libera o carbono armazenado nas plantas e no solo.<\/p>\n\n\n\n<p>As emiss\u00f5es acumuladas da produ\u00e7\u00e3o global de carne bovina atingiram aproximadamente 3 bilh\u00f5es de toneladas de CO2 equivalente em 2010, o que equivale \u00e0s emiss\u00f5es anuais da \u00cdndia, o terceiro maior emissor de gases de efeito estufa do mundo.<\/p>\n\n\n\n<p>Al\u00e9m disso, a organiza\u00e7\u00e3o ressalta que a carne bovina est\u00e1 entre os alimentos dispon\u00edveis que mais consomem recursos e que mais geram emiss\u00f5es. Em compara\u00e7\u00e3o com outras fontes de prote\u00edna, a carne bovina requer muito mais terra e produz emiss\u00f5es de gases de efeito estufa sete vezes mais do que o frango e vinte vezes mais do que o feij\u00e3o para a mesma quantidade de prote\u00edna.<\/p>\n\n\n\n<figure class=\"wp-block-image\"><img decoding=\"async\" src=\"https:\/\/lh7-us.googleusercontent.com\/IPFTh_Vgl7DlGtNkUc_DWem67KTgr4VfCidHZQYJvZB-AS1u0QsonTEHjJPOn8p2uRTt8iubm6PRYhNLMotUbHV3lRcqPgumFLhP9DPPdQYxtO2Odr2cZjG6jmSRbFAwkavhz8w5IiceCbu1XwpMgEE\" alt=\"opportunities reduce emissions beef production\"\/><\/figure>\n\n\n\n<p class=\"has-small-font-size\">Fonte da imagem: https:\/\/www.wri.org\/insights\/opportunities-reduce-emissions-beef-production<\/p>\n\n\n\n<p>Embora a escolha de carne bovina de origem local possa ajudar a reduzir as pegadas de carbono ao diminuir a dist\u00e2ncia percorrida pelo produto, esse benef\u00edcio \u00e9 relativamente pequeno.<\/p>\n\n\n\n<p><a href=\"https:\/\/ourworldindata.org\/food-choice-vs-eating-local\" target=\"_blank\" rel=\"noreferrer noopener\">Nosso World in Data<\/a> indica que o transporte contribui de forma modesta para as emiss\u00f5es gerais. Para a maioria dos itens aliment\u00edcios, o transporte representa menos de 10% de sua pegada de emiss\u00f5es, e essa porcentagem \u00e9 ainda menor para os alimentos com maior emiss\u00e3o de gases de efeito estufa. Especificamente, no caso da carne bovina de rebanhos, o transporte \u00e9 respons\u00e1vel por apenas 0,5%.<\/p>\n\n\n\n<iframe src=\"https:\/\/ourworldindata.org\/grapher\/food-emissions-supply-chain\" loading=\"lazy\" style=\"width: 100%; height: 600px; border: 0px none;\"><\/iframe>\n\n\n\n<p>Fonte da imagem: https:\/\/ourworldindata.org\/grapher\/food-emissions-supply-chain<\/p>\n\n\n\n<p>Com esses dados, a pergunta \u00e9: como voc\u00ea pode reduzir significativamente as emiss\u00f5es associadas ao consumo de carne bovina?<\/p>\n\n\n\n<h2 class=\"wp-block-heading\"><strong>Como os consumidores podem contribuir para a redu\u00e7\u00e3o das emiss\u00f5es de carne bovina<\/strong><\/h2>\n\n\n\n<p>Os consumidores desempenham um papel fundamental na minimiza\u00e7\u00e3o de sua pegada de carbono, especialmente em rela\u00e7\u00e3o ao consumo de carne bovina. Ao fazer escolhas informadas e tomar a\u00e7\u00f5es deliberadas, os indiv\u00edduos podem contribuir ativamente para os esfor\u00e7os de redu\u00e7\u00e3o de emiss\u00f5es. Aqui est\u00e3o algumas estrat\u00e9gias eficazes que os consumidores podem implementar:<\/p>\n\n\n\n<ul>\n<li><strong>Reduzir o consumo de carne<\/strong> bovina: Uma das maneiras mais diretas de reduzir a demanda por carne bovina e, consequentemente, seu impacto ambiental, \u00e9 consumi-la menos. Integrar mais refei\u00e7\u00f5es \u00e0 base de vegetais em sua dieta ou participar de iniciativas como &#8220;Segundas-feiras sem carne&#8221; pode reduzir significativamente sua pegada de carbono ao longo do tempo.<\/li>\n\n\n\n<li>Mude<strong>para uma dieta sustent\u00e1vel<\/strong>: Mudar para uma dieta sustent\u00e1vel: uma dieta sustent\u00e1vel envolve considerar n\u00e3o apenas o que comemos, mas tamb\u00e9m como nossos alimentos s\u00e3o cultivados, distribu\u00eddos e embalados, bem como seu impacto geral no planeta. De acordo com as diretrizes da <a href=\"https:\/\/www.fao.org\/3\/ca6640en\/ca6640en.pdf\" target=\"_blank\" rel=\"noreferrer noopener\">FAO e<\/a> da <a href=\"https:\/\/www.fao.org\/3\/ca6640en\/ca6640en.pdf\" target=\"_blank\" rel=\"noreferrer noopener\">OMS<\/a>, uma dieta sustent\u00e1vel consiste principalmente em gr\u00e3os integrais, legumes, nozes e uma grande variedade de frutas e vegetais. Ela tamb\u00e9m pode incluir quantidades moderadas de ovos, latic\u00ednios, aves e peixes, com consumo m\u00ednimo de carne vermelha. Uma abordagem sustent\u00e1vel tamb\u00e9m enfatiza a minimiza\u00e7\u00e3o do uso de antibi\u00f3ticos e horm\u00f4nios na produ\u00e7\u00e3o de alimentos, a redu\u00e7\u00e3o da depend\u00eancia de pl\u00e1sticos e derivados para embalagem e a redu\u00e7\u00e3o da perda e do desperd\u00edcio de alimentos.<\/li>\n\n\n\n<li><strong>Escolha carne bovina alimentada com pasto e de origem local<\/strong>: quando a carne bovina for imprescind\u00edvel, escolha op\u00e7\u00f5es alimentadas com pasto e de origem local. A carne bovina alimentada com capim geralmente tem uma pegada de carbono menor devido a pr\u00e1ticas de pastagem mais sustent\u00e1veis, e a compra local reduz as emiss\u00f5es de transporte. Embora as emiss\u00f5es do transporte sejam uma pe\u00e7a menor do quebra-cabe\u00e7a, cada pedacinho ajuda.<\/li>\n\n\n\n<li><strong>Apoie as pr\u00e1ticas de agricultura regenerativa ou sustent\u00e1vel<\/strong>: Procure marcas e produtos que enfatizem pr\u00e1ticas<a href=\"https:\/\/intltest.sustainablereview.com\/principles-of-sustainable-agriculture\/\" target=\"_blank\" rel=\"noreferrer noopener\"> de agricultura<\/a> regenerativa ou sustent\u00e1vel. Essa abordagem de agricultura e pastagem funciona para restaurar a sa\u00fade do solo, melhorar a reten\u00e7\u00e3o de \u00e1gua e sequestrar carbono, mitigando assim o impacto ambiental geral da produ\u00e7\u00e3o de carne bovina.<\/li>\n\n\n\n<li><strong>Eduque a si mesmo e aos outros:<\/strong> Manter-se informado sobre os impactos ambientais da produ\u00e7\u00e3o de carne bovina e compartilhar esse conhecimento pode influenciar outras pessoas a fazerem escolhas mais sustent\u00e1veis. A demanda do p\u00fablico por produtos sustent\u00e1veis pode impulsionar mudan\u00e7as no setor, tornando as op\u00e7\u00f5es ambientalmente corretas mais dispon\u00edveis e acess\u00edveis.<br><strong>Defender a mudan\u00e7a de pol\u00edticas<\/strong>: Apoie pol\u00edticas e iniciativas que promovam a agricultura sustent\u00e1vel e a gest\u00e3o ambiental. Isso pode variar de esfor\u00e7os da comunidade local a pol\u00edticas nacionais destinadas a reduzir o impacto ambiental da cria\u00e7\u00e3o de gado.<\/li>\n\n\n\n<li><strong>Participe de programas de compensa\u00e7\u00e3o de carbono<\/strong>: Embora n\u00e3o seja uma forma direta de reduzir as emiss\u00f5es de carne bovina, a participa\u00e7\u00e3o em programas de compensa\u00e7\u00e3o de carbono pode compensar a sua pegada de carbono. Esses programas geralmente investem em energia renov\u00e1vel, reflorestamento ou outros projetos que reduzem as emiss\u00f5es de gases de efeito estufa.<\/li>\n\n\n\n<li><strong>Desperdice menos<\/strong>: Minimizar o desperd\u00edcio comprando apenas o que voc\u00ea precisa e usando todas as partes do produto pode ter um impacto significativo. O desperd\u00edcio de alimentos contribui para as emiss\u00f5es de gases de efeito estufa quando se decomp\u00f5e em aterros sanit\u00e1rios, liberando metano, um potente g\u00e1s de efeito estufa.<\/li>\n<\/ul>\n\n\n\n<h2 class=\"wp-block-heading\"><strong>Um apelo aos produtores de carne bovina para que se envolvam em pr\u00e1ticas sustent\u00e1veis<\/strong><\/h2>\n\n\n\n<p>A atual crise da carne bovina n\u00e3o apenas incentiva os consumidores a reconsiderar seu consumo de carne bovina, mas tamb\u00e9m oferece aos produtores uma chance valiosa de reavaliar e mudar para m\u00e9todos mais sustent\u00e1veis de produ\u00e7\u00e3o de carne bovina. Essa mudan\u00e7a poderia ajudar a resolver o problema imediato da diminui\u00e7\u00e3o do n\u00famero de cabe\u00e7as de gado e, em longo prazo, reduzir a pegada ambiental da produ\u00e7\u00e3o de carne bovina, ajudando assim a combater as mudan\u00e7as clim\u00e1ticas.<\/p>\n\n\n\n<p>Deve-se observar que, apesar dos esfor\u00e7os dos pa\u00edses de renda mais alta para diminuir o consumo de carne bovina, o aumento previsto da demanda de carne nos pa\u00edses em desenvolvimento sugere que o <a href=\"https:\/\/www.wri.org\/insights\/6-pressing-questions-about-beef-and-climate-change-answered\" target=\"_blank\" rel=\"noreferrer noopener\">mercado global de carne bovina dever\u00e1 se expandir<\/a> nas pr\u00f3ximas d\u00e9cadas. Portanto, os produtores de carne bovina precisam se mobilizar para aprimorar suas pr\u00e1ticas e tecnologias.<\/p>\n\n\n\n<p>A pecu\u00e1ria regenerativa pode ser uma das solu\u00e7\u00f5es mais sustent\u00e1veis que vale a pena considerar. Essa abordagem enfatiza a restaura\u00e7\u00e3o de pastagens e ecossistemas, aprimorando o ciclo da \u00e1gua e melhorando a biodiversidade. Com a ado\u00e7\u00e3o de<a href=\"https:\/\/intltest.sustainablereview.com\/regenerative-agriculture-explained\/\" target=\"_blank\" rel=\"noreferrer noopener\"> pr\u00e1ticas regenerativas<\/a>, os fazendeiros podem criar sistemas agr\u00edcolas mais resistentes e mais bem equipados para resistir a choques clim\u00e1ticos, potencialmente estabilizando os estoques de gado e a produ\u00e7\u00e3o de carne bovina ao longo do tempo.<\/p>\n\n\n\n<p><a href=\"https:\/\/projects.apnews.com\/features\/2023\/the-protein-problem\/beef-regenerative-cattle-ranching\/index.html\" target=\"_blank\" rel=\"noreferrer noopener\">Uma investiga\u00e7\u00e3o da Associated Press<\/a> destaca o potencial transformador da pecu\u00e1ria regenerativa por meio de uma visita a uma fazenda familiar do Texas comprometida com essa pr\u00e1tica sustent\u00e1vel. Meredith Ellis, copropriet\u00e1ria da fazenda, iniciou uma carreira em arquitetura paisag\u00edstica na Universidade do Novo M\u00e9xico antes de perceber que sua verdadeira voca\u00e7\u00e3o era proteger e melhorar suas terras ancestrais.<\/p>\n\n\n\n<p>&#8220;Quanto mais eu aprendia sobre o uso da terra e seu impacto, mais me sentia atra\u00edda a proteger e enriquecer o rancho de nossa fam\u00edlia&#8221;, comentou Ellis, refletindo sobre sua jornada rumo \u00e0 pecu\u00e1ria regenerativa. Essa abordagem se inspira nos padr\u00f5es naturais de pastoreio dos vastos rebanhos de bis\u00f5es que historicamente percorriam as plan\u00edcies e que, apesar de parecerem destrutivos, desempenhavam um papel fundamental na estimula\u00e7\u00e3o da sa\u00fade do solo e na promo\u00e7\u00e3o do crescimento da vegeta\u00e7\u00e3o.<\/p>\n\n\n\n<p>Adotando esses princ\u00edpios, a pecu\u00e1ria regenerativa envolve a rota\u00e7\u00e3o frequente do gado nos pastos para imitar os padr\u00f5es naturais de pastagem. Essa pr\u00e1tica permite a restaura\u00e7\u00e3o do solo e o crescimento de gram\u00edneas robustas capazes de sequestrar o di\u00f3xido de carbono nas profundezas da terra.<\/p>\n\n\n\n<p>Ellis gerencia um rebanho em 58 pastos divididos, separando-os ainda mais com cercas tempor\u00e1rias para controlar o pastoreio de forma mais eficaz. O monitoramento regular garante a sa\u00fade do gado e da vegeta\u00e7\u00e3o, com o objetivo de criar um ecossistema autossustent\u00e1vel que minimiza a necessidade de alimenta\u00e7\u00e3o externa e maximiza o armazenamento de carbono.<\/p>\n\n\n\n<p>Destacando a rela\u00e7\u00e3o simbi\u00f3tica entre o gado e a terra, o rancho de Ellis serve como um testemunho dos benef\u00edcios das pr\u00e1ticas regenerativas. Apesar da lenta taxa de ado\u00e7\u00e3o entre os pecuaristas devido a v\u00e1rias restri\u00e7\u00f5es, o compromisso de Ellis produz resultados tang\u00edveis. A pesquisa realizada pelo Ecosystem Services Market Consortium em sua propriedade indica um impacto significativo, com taxas anuais de sequestro de carbono equivalentes \u00e0 compensa\u00e7\u00e3o das emiss\u00f5es de aproximadamente 500 ve\u00edculos.<\/p>\n\n\n\n<p>Randy Jackson, professor de agronomia da Universidade de Wisconsin, em Madison, apoia esses esfor\u00e7os, argumentando que o pastoreio estrat\u00e9gico de gado em pastagens perenes pode ser uma estrat\u00e9gia fundamental no combate \u00e0s mudan\u00e7as clim\u00e1ticas. O trabalho pioneiro de Ellis demonstra que, com um gerenciamento cuidadoso, a pecu\u00e1ria pode desempenhar um papel vital na conserva\u00e7\u00e3o ambiental.<\/p>\n\n\n\n<p>Al\u00e9m da pecu\u00e1ria regenerativa, h\u00e1 outros m\u00e9todos sustent\u00e1veis que os produtores de carne bovina podem usar para reduzir as emiss\u00f5es de suas atividades. O <a href=\"https:\/\/www.wri.org\/insights\/opportunities-reduce-emissions-beef-production\" target=\"_blank\" rel=\"noreferrer noopener\">World Resources Institute<\/a> oferece insights sobre esses m\u00e9todos, incluindo:<\/p>\n\n\n\n<ul>\n<li><strong>Melhorar a efici\u00eancia e a produtividade<\/strong>: Implementar t\u00e9cnicas e tecnologias agr\u00edcolas inovadoras para aumentar <a href=\"https:\/\/thebreakthrough.org\/issues\/food-agriculture-environment\/the-clean-cow\" target=\"_blank\" rel=\"noreferrer noopener\">a efici\u00eancia na produ\u00e7\u00e3o de carne bovina<\/a>, como otimizar as formula\u00e7\u00f5es de ra\u00e7\u00e3o, melhorar a gen\u00e9tica dos animais e maximizar a utiliza\u00e7\u00e3o de recursos.<\/li>\n\n\n\n<li><strong>Redu\u00e7\u00e3o das emiss\u00f5es de metano ent\u00e9rico<\/strong>: Implementa\u00e7\u00e3o de suplementos alimentares e pr\u00e1ticas de gerenciamento que reduzam as emiss\u00f5es de metano da digest\u00e3o do gado, como <a href=\"https:\/\/ucalgary.ca\/news\/how-reduce-greenhouse-gas-emissions-cattle\" target=\"_blank\" rel=\"noreferrer noopener\">aditivos alimentares<\/a> ou ajuste dos regimes de alimenta\u00e7\u00e3o.<\/li>\n\n\n\n<li><strong>Melhoria do gerenciamento de esterco<\/strong>: Implementa\u00e7\u00e3o de estrat\u00e9gias para <a href=\"https:\/\/www.wri.org\/research\/pathway-carbon-neutral-agriculture-denmark\" target=\"_blank\" rel=\"noreferrer noopener\">otimizar o gerenciamento de ester<\/a>co, incluindo manuseio, armazenamento e aplica\u00e7\u00e3o, como compostagem, digest\u00e3o anaer\u00f3bica e t\u00e9cnicas de aplica\u00e7\u00e3o de precis\u00e3o para minimizar os impactos ambientais.<\/li>\n\n\n\n<li><strong>Estabiliza\u00e7\u00e3o e sequestro de carbono na vegeta\u00e7\u00e3o e nos solos<\/strong>: Implementa\u00e7\u00e3o de pr\u00e1ticas que aumentam o armazenamento de carbono em solos e vegeta\u00e7\u00e3o, como o plantio de culturas de cobertura, a pr\u00e1tica de pastoreio rotativo e a ado\u00e7\u00e3o de t\u00e9cnicas agroflorestais para promover a sa\u00fade do solo e o sequestro de carbono.<\/li>\n<\/ul>\n\n\n\n<p>Ainda assim, uma abordagem mais sustent\u00e1vel e ben\u00e9fica para a crescente popula\u00e7\u00e3o global e para o meio ambiente \u00e9 dedicar terras para o cultivo de culturas para consumo humano direto em vez de pastagem para animais ou produ\u00e7\u00e3o de ra\u00e7\u00e3o.<\/p>\n\n\n\n<p>Permitir que a vegeta\u00e7\u00e3o natural e os ecossistemas recuperem essas \u00e1reas aumentaria significativamente a biodiversidade e a capacidade de armazenamento de carbono. Al\u00e9m disso, essa estrat\u00e9gia tem o potencial de produzir <a href=\"https:\/\/ourworldindata.org\/land-use-diets\" target=\"_blank\" rel=\"noreferrer noopener\">alimentos suficientes para alimentar a todos<\/a>, marcando um passo em dire\u00e7\u00e3o a um sistema alimentar mais equilibrado e, ao mesmo tempo, evitando o desmatamento e a depend\u00eancia da carne bovina e de outros alimentos que consomem muitos recursos.<\/p>\n\n\n\n<h2 class=\"wp-block-heading\"><strong>Conclus\u00e3o<\/strong><\/h2>\n\n\n\n<p>Os EUA est\u00e3o tendo o menor estoque de gado de corte desde 1948, devido \u00e0s condi\u00e7\u00f5es de seca que afetam os principais estados produtores de carne bovina, o que reduziu significativamente a produ\u00e7\u00e3o de carne bovina. Com a redu\u00e7\u00e3o da oferta e a manuten\u00e7\u00e3o da demanda, espera-se que o pre\u00e7o da carne bovina aumente.<\/p>\n\n\n\n<p>No entanto, essa crise tamb\u00e9m apresenta oportunidades para explorar solu\u00e7\u00f5es de longo prazo que priorizem a sustentabilidade na produ\u00e7\u00e3o e no consumo de carne bovina. Iniciativas como a expans\u00e3o de investimentos em agricultura regenerativa oferecem caminhos promissores para mitigar os impactos da redu\u00e7\u00e3o da produ\u00e7\u00e3o de carne bovina e, ao mesmo tempo, promover a gest\u00e3o ambiental e a prosperidade econ\u00f4mica.<\/p>\n\n\n\n<p>Os consumidores, em particular, t\u00eam um papel importante a desempenhar na redu\u00e7\u00e3o das emiss\u00f5es de carne bovina, fazendo escolhas informadas e adotando pr\u00e1ticas<a href=\"https:\/\/intltest.sustainablereview.com\/what-is-zero-waste-learn-about-the-sustainability-and-its-importance\/\" target=\"_blank\" rel=\"noreferrer noopener\"> de consumo sustent\u00e1veis<\/a>. Seja reduzindo o consumo de carne bovina, mudando para dietas sustent\u00e1veis, apoiando a agricultura regenerativa ou defendendo mudan\u00e7as nas pol\u00edticas, as pessoas podem contribuir para moldar um futuro mais sustent\u00e1vel para o setor de carne bovina e para o cen\u00e1rio agr\u00edcola em geral.<\/p>\n\n\n\n<p>Da mesma forma, os produtores de carne bovina precisam se voltar para opera\u00e7\u00f5es mais sustent\u00e1veis. Isso pode envolver a ado\u00e7\u00e3o de pr\u00e1ticas agr\u00edcolas regenerativas que melhorem a sa\u00fade do solo, aumentem a biodiversidade e sequestrem naturalmente o carbono, contribuindo assim para a mitiga\u00e7\u00e3o do clima.<\/p>\n\n\n\n<p>Este per\u00edodo de crise no setor de carne bovina destaca uma encruzilhada cr\u00edtica: continuar em um caminho que contradiz nossas metas de sustentabilidade ou aproveitar o momento para redefinir pr\u00e1ticas para um planeta mais saud\u00e1vel. Isso nos leva a considerar um futuro em que as necessidades alimentares da popula\u00e7\u00e3o global sejam atendidas sem comprometer o equil\u00edbrio ecol\u00f3gico da Terra.<\/p>\n","protected":false},"excerpt":{"rendered":"<p> <!-- wp:paragraph --> <\/p>\n<p>Explore como a menor produ\u00e7\u00e3o de carne bovina e a redu\u00e7\u00e3o do estoque de gado afetam os pre\u00e7os e a sustentabilidade em meio a preocupa\u00e7\u00f5es clim\u00e1ticas e relat\u00f3rios do USDA.<\/p>\n<p><!-- \/wp:paragraph --><\/p>\n","protected":false},"author":1502,"featured_media":35008,"comment_status":"closed","ping_status":"open","sticky":false,"template":"","format":"standard","meta":{"_acf_changed":false,"_monsterinsights_skip_tracking":false,"_monsterinsights_sitenote_active":false,"_monsterinsights_sitenote_note":"","_monsterinsights_sitenote_category":0,"footnotes":""},"categories":[3095],"tags":[],"acf":[],"yoast_head":"<!-- This site is optimized with the Yoast SEO plugin v23.2 - https:\/\/yoast.com\/wordpress\/plugins\/seo\/ -->\n<title>Virando a mesa em rela\u00e7\u00e3o \u00e0 carne bovina: menor produ\u00e7\u00e3o de cerveja, maiores riscos para a a\u00e7\u00e3o clim\u00e1tica &#8212; Sustainable Review<\/title>\n<meta name=\"robots\" content=\"index, follow, max-snippet:-1, max-image-preview:large, max-video-preview:-1\" \/>\n<link rel=\"canonical\" href=\"https:\/\/sustainablereview.com\/pt-br\/farm-to-fork-in-flux-menor-producao-de-carne-bovina-ameaca-os-precos-e-os-meios-de-subsistencia-locais\/\" \/>\n<meta property=\"og:locale\" content=\"pt_BR\" \/>\n<meta property=\"og:type\" content=\"article\" \/>\n<meta property=\"og:title\" content=\"Virando a mesa em rela\u00e7\u00e3o \u00e0 carne bovina: menor produ\u00e7\u00e3o de cerveja, maiores riscos para a a\u00e7\u00e3o clim\u00e1tica &#8212; Sustainable Review\" \/>\n<meta property=\"og:description\" content=\"Explore como a menor produ\u00e7\u00e3o de carne bovina e a redu\u00e7\u00e3o do estoque de gado afetam os pre\u00e7os e a sustentabilidade em meio a preocupa\u00e7\u00f5es clim\u00e1ticas e relat\u00f3rios do USDA.\" \/>\n<meta property=\"og:url\" content=\"https:\/\/sustainablereview.com\/pt-br\/farm-to-fork-in-flux-menor-producao-de-carne-bovina-ameaca-os-precos-e-os-meios-de-subsistencia-locais\/\" \/>\n<meta property=\"og:site_name\" content=\"Sustainable Review\" \/>\n<meta property=\"article:published_time\" content=\"2024-03-30T13:22:46+00:00\" \/>\n<meta property=\"article:modified_time\" content=\"2024-08-10T16:50:28+00:00\" \/>\n<meta property=\"og:image\" content=\"https:\/\/sustainablereview.com\/wp-content\/uploads\/2024\/03\/pexels-mark-stebnicki-2602864.jpg\" \/>\n\t<meta property=\"og:image:width\" content=\"1920\" \/>\n\t<meta property=\"og:image:height\" content=\"1328\" \/>\n\t<meta property=\"og:image:type\" content=\"image\/jpeg\" \/>\n<meta name=\"author\" content=\"Raf Chomsky\" \/>\n<meta name=\"twitter:card\" content=\"summary_large_image\" \/>\n<meta name=\"twitter:creator\" content=\"@sustainreview\" \/>\n<meta name=\"twitter:site\" content=\"@sustainreview\" \/>\n<meta name=\"twitter:label1\" content=\"Escrito por\" \/>\n\t<meta name=\"twitter:data1\" content=\"Raf Chomsky\" \/>\n\t<meta name=\"twitter:label2\" content=\"Est. tempo de leitura\" \/>\n\t<meta name=\"twitter:data2\" content=\"14 minutos\" \/>\n<script type=\"application\/ld+json\" class=\"yoast-schema-graph\">{\"@context\":\"https:\/\/schema.org\",\"@graph\":[{\"@type\":\"Article\",\"@id\":\"https:\/\/sustainablereview.com\/pt-br\/farm-to-fork-in-flux-menor-producao-de-carne-bovina-ameaca-os-precos-e-os-meios-de-subsistencia-locais\/#article\",\"isPartOf\":{\"@id\":\"https:\/\/sustainablereview.com\/pt-br\/farm-to-fork-in-flux-menor-producao-de-carne-bovina-ameaca-os-precos-e-os-meios-de-subsistencia-locais\/\"},\"author\":{\"name\":\"Raf Chomsky\",\"@id\":\"https:\/\/sustainablereview.com\/pt-br\/#\/schema\/person\/85320f9ca6ed105ac24fd5721a2ce339\"},\"headline\":\"Virando a mesa em rela\u00e7\u00e3o \u00e0 carne bovina: menor produ\u00e7\u00e3o de cerveja, maiores riscos para a a\u00e7\u00e3o clim\u00e1tica\",\"datePublished\":\"2024-03-30T13:22:46+00:00\",\"dateModified\":\"2024-08-10T16:50:28+00:00\",\"mainEntityOfPage\":{\"@id\":\"https:\/\/sustainablereview.com\/pt-br\/farm-to-fork-in-flux-menor-producao-de-carne-bovina-ameaca-os-precos-e-os-meios-de-subsistencia-locais\/\"},\"wordCount\":2819,\"publisher\":{\"@id\":\"https:\/\/sustainablereview.com\/pt-br\/#organization\"},\"image\":{\"@id\":\"https:\/\/sustainablereview.com\/pt-br\/farm-to-fork-in-flux-menor-producao-de-carne-bovina-ameaca-os-precos-e-os-meios-de-subsistencia-locais\/#primaryimage\"},\"thumbnailUrl\":\"https:\/\/sustainablereview.com\/wp-content\/uploads\/2024\/03\/pexels-mark-stebnicki-2602864.jpg\",\"articleSection\":[\"Not\u00edcias\"],\"inLanguage\":\"pt-BR\"},{\"@type\":\"WebPage\",\"@id\":\"https:\/\/sustainablereview.com\/pt-br\/farm-to-fork-in-flux-menor-producao-de-carne-bovina-ameaca-os-precos-e-os-meios-de-subsistencia-locais\/\",\"url\":\"https:\/\/sustainablereview.com\/pt-br\/farm-to-fork-in-flux-menor-producao-de-carne-bovina-ameaca-os-precos-e-os-meios-de-subsistencia-locais\/\",\"name\":\"Virando a mesa em rela\u00e7\u00e3o \u00e0 carne bovina: menor produ\u00e7\u00e3o de cerveja, maiores riscos para a a\u00e7\u00e3o clim\u00e1tica &#8212; Sustainable Review\",\"isPartOf\":{\"@id\":\"https:\/\/sustainablereview.com\/pt-br\/#website\"},\"primaryImageOfPage\":{\"@id\":\"https:\/\/sustainablereview.com\/pt-br\/farm-to-fork-in-flux-menor-producao-de-carne-bovina-ameaca-os-precos-e-os-meios-de-subsistencia-locais\/#primaryimage\"},\"image\":{\"@id\":\"https:\/\/sustainablereview.com\/pt-br\/farm-to-fork-in-flux-menor-producao-de-carne-bovina-ameaca-os-precos-e-os-meios-de-subsistencia-locais\/#primaryimage\"},\"thumbnailUrl\":\"https:\/\/sustainablereview.com\/wp-content\/uploads\/2024\/03\/pexels-mark-stebnicki-2602864.jpg\",\"datePublished\":\"2024-03-30T13:22:46+00:00\",\"dateModified\":\"2024-08-10T16:50:28+00:00\",\"breadcrumb\":{\"@id\":\"https:\/\/sustainablereview.com\/pt-br\/farm-to-fork-in-flux-menor-producao-de-carne-bovina-ameaca-os-precos-e-os-meios-de-subsistencia-locais\/#breadcrumb\"},\"inLanguage\":\"pt-BR\",\"potentialAction\":[{\"@type\":\"ReadAction\",\"target\":[\"https:\/\/sustainablereview.com\/pt-br\/farm-to-fork-in-flux-menor-producao-de-carne-bovina-ameaca-os-precos-e-os-meios-de-subsistencia-locais\/\"]}]},{\"@type\":\"ImageObject\",\"inLanguage\":\"pt-BR\",\"@id\":\"https:\/\/sustainablereview.com\/pt-br\/farm-to-fork-in-flux-menor-producao-de-carne-bovina-ameaca-os-precos-e-os-meios-de-subsistencia-locais\/#primaryimage\",\"url\":\"https:\/\/sustainablereview.com\/wp-content\/uploads\/2024\/03\/pexels-mark-stebnicki-2602864.jpg\",\"contentUrl\":\"https:\/\/sustainablereview.com\/wp-content\/uploads\/2024\/03\/pexels-mark-stebnicki-2602864.jpg\",\"width\":1920,\"height\":1328,\"caption\":\"Herd of Cow on Green Grass Field\"},{\"@type\":\"BreadcrumbList\",\"@id\":\"https:\/\/sustainablereview.com\/pt-br\/farm-to-fork-in-flux-menor-producao-de-carne-bovina-ameaca-os-precos-e-os-meios-de-subsistencia-locais\/#breadcrumb\",\"itemListElement\":[{\"@type\":\"ListItem\",\"position\":1,\"name\":\"In\u00edcio\",\"item\":\"https:\/\/sustainablereview.com\/pt-br\/inicio\/\"},{\"@type\":\"ListItem\",\"position\":2,\"name\":\"Virando a mesa em rela\u00e7\u00e3o \u00e0 carne bovina: menor produ\u00e7\u00e3o de cerveja, maiores riscos para a a\u00e7\u00e3o clim\u00e1tica\"}]},{\"@type\":\"WebSite\",\"@id\":\"https:\/\/sustainablereview.com\/pt-br\/#website\",\"url\":\"https:\/\/sustainablereview.com\/pt-br\/\",\"name\":\"Sustainable Review\",\"description\":\"Let us do the &#039;Green-splaining&#039;\",\"publisher\":{\"@id\":\"https:\/\/sustainablereview.com\/pt-br\/#organization\"},\"potentialAction\":[{\"@type\":\"SearchAction\",\"target\":{\"@type\":\"EntryPoint\",\"urlTemplate\":\"https:\/\/sustainablereview.com\/pt-br\/?s={search_term_string}\"},\"query-input\":\"required name=search_term_string\"}],\"inLanguage\":\"pt-BR\"},{\"@type\":\"Organization\",\"@id\":\"https:\/\/sustainablereview.com\/pt-br\/#organization\",\"name\":\"Sustainable Review\",\"url\":\"https:\/\/sustainablereview.com\/pt-br\/\",\"logo\":{\"@type\":\"ImageObject\",\"inLanguage\":\"pt-BR\",\"@id\":\"https:\/\/sustainablereview.com\/pt-br\/#\/schema\/logo\/image\/\",\"url\":\"https:\/\/sustainablereview.com\/wp-content\/uploads\/2020\/06\/static1.squarespace.png\",\"contentUrl\":\"https:\/\/sustainablereview.com\/wp-content\/uploads\/2020\/06\/static1.squarespace.png\",\"width\":800,\"height\":800,\"caption\":\"Sustainable Review\"},\"image\":{\"@id\":\"https:\/\/sustainablereview.com\/pt-br\/#\/schema\/logo\/image\/\"},\"sameAs\":[\"https:\/\/x.com\/sustainreview\"]},{\"@type\":\"Person\",\"@id\":\"https:\/\/sustainablereview.com\/pt-br\/#\/schema\/person\/85320f9ca6ed105ac24fd5721a2ce339\",\"name\":\"Raf Chomsky\",\"image\":{\"@type\":\"ImageObject\",\"inLanguage\":\"pt-BR\",\"@id\":\"https:\/\/sustainablereview.com\/pt-br\/#\/schema\/person\/image\/\",\"url\":\"https:\/\/sustainablereview.com\/wp-content\/litespeed\/avatar\/ad8c67d6aa8afe7c0a7adebd55367f9e.jpg?ver=1777430820\",\"contentUrl\":\"https:\/\/sustainablereview.com\/wp-content\/litespeed\/avatar\/ad8c67d6aa8afe7c0a7adebd55367f9e.jpg?ver=1777430820\",\"caption\":\"Raf Chomsky\"},\"description\":\"Dedicated author deeply engaged in sustainability issues. My writing focuses on practical, impactful solutions and communicates the urgency of environmental responsibility. With a commitment to raising awareness, I aim to inform and inspire readers to embrace sustainable practices in their daily lives.\",\"sameAs\":[\"https:\/\/sustainablereview.com\/\"],\"url\":\"https:\/\/sustainablereview.com\/pt-br\/author\/nonagency\/\"}]}<\/script>\n<!-- \/ Yoast SEO plugin. -->","yoast_head_json":{"title":"Virando a mesa em rela\u00e7\u00e3o \u00e0 carne bovina: menor produ\u00e7\u00e3o de cerveja, maiores riscos para a a\u00e7\u00e3o clim\u00e1tica &#8212; Sustainable Review","robots":{"index":"index","follow":"follow","max-snippet":"max-snippet:-1","max-image-preview":"max-image-preview:large","max-video-preview":"max-video-preview:-1"},"canonical":"https:\/\/sustainablereview.com\/pt-br\/farm-to-fork-in-flux-menor-producao-de-carne-bovina-ameaca-os-precos-e-os-meios-de-subsistencia-locais\/","og_locale":"pt_BR","og_type":"article","og_title":"Virando a mesa em rela\u00e7\u00e3o \u00e0 carne bovina: menor produ\u00e7\u00e3o de cerveja, maiores riscos para a a\u00e7\u00e3o clim\u00e1tica &#8212; Sustainable Review","og_description":"Explore como a menor produ\u00e7\u00e3o de carne bovina e a redu\u00e7\u00e3o do estoque de gado afetam os pre\u00e7os e a sustentabilidade em meio a preocupa\u00e7\u00f5es clim\u00e1ticas e relat\u00f3rios do USDA.","og_url":"https:\/\/sustainablereview.com\/pt-br\/farm-to-fork-in-flux-menor-producao-de-carne-bovina-ameaca-os-precos-e-os-meios-de-subsistencia-locais\/","og_site_name":"Sustainable Review","article_published_time":"2024-03-30T13:22:46+00:00","article_modified_time":"2024-08-10T16:50:28+00:00","og_image":[{"width":1920,"height":1328,"url":"https:\/\/sustainablereview.com\/wp-content\/uploads\/2024\/03\/pexels-mark-stebnicki-2602864.jpg","type":"image\/jpeg"}],"author":"Raf Chomsky","twitter_card":"summary_large_image","twitter_creator":"@sustainreview","twitter_site":"@sustainreview","twitter_misc":{"Escrito por":"Raf Chomsky","Est. tempo de leitura":"14 minutos"},"schema":{"@context":"https:\/\/schema.org","@graph":[{"@type":"Article","@id":"https:\/\/sustainablereview.com\/pt-br\/farm-to-fork-in-flux-menor-producao-de-carne-bovina-ameaca-os-precos-e-os-meios-de-subsistencia-locais\/#article","isPartOf":{"@id":"https:\/\/sustainablereview.com\/pt-br\/farm-to-fork-in-flux-menor-producao-de-carne-bovina-ameaca-os-precos-e-os-meios-de-subsistencia-locais\/"},"author":{"name":"Raf Chomsky","@id":"https:\/\/sustainablereview.com\/pt-br\/#\/schema\/person\/85320f9ca6ed105ac24fd5721a2ce339"},"headline":"Virando a mesa em rela\u00e7\u00e3o \u00e0 carne bovina: menor produ\u00e7\u00e3o de cerveja, maiores riscos para a a\u00e7\u00e3o clim\u00e1tica","datePublished":"2024-03-30T13:22:46+00:00","dateModified":"2024-08-10T16:50:28+00:00","mainEntityOfPage":{"@id":"https:\/\/sustainablereview.com\/pt-br\/farm-to-fork-in-flux-menor-producao-de-carne-bovina-ameaca-os-precos-e-os-meios-de-subsistencia-locais\/"},"wordCount":2819,"publisher":{"@id":"https:\/\/sustainablereview.com\/pt-br\/#organization"},"image":{"@id":"https:\/\/sustainablereview.com\/pt-br\/farm-to-fork-in-flux-menor-producao-de-carne-bovina-ameaca-os-precos-e-os-meios-de-subsistencia-locais\/#primaryimage"},"thumbnailUrl":"https:\/\/sustainablereview.com\/wp-content\/uploads\/2024\/03\/pexels-mark-stebnicki-2602864.jpg","articleSection":["Not\u00edcias"],"inLanguage":"pt-BR"},{"@type":"WebPage","@id":"https:\/\/sustainablereview.com\/pt-br\/farm-to-fork-in-flux-menor-producao-de-carne-bovina-ameaca-os-precos-e-os-meios-de-subsistencia-locais\/","url":"https:\/\/sustainablereview.com\/pt-br\/farm-to-fork-in-flux-menor-producao-de-carne-bovina-ameaca-os-precos-e-os-meios-de-subsistencia-locais\/","name":"Virando a mesa em rela\u00e7\u00e3o \u00e0 carne bovina: menor produ\u00e7\u00e3o de cerveja, maiores riscos para a a\u00e7\u00e3o clim\u00e1tica &#8212; Sustainable Review","isPartOf":{"@id":"https:\/\/sustainablereview.com\/pt-br\/#website"},"primaryImageOfPage":{"@id":"https:\/\/sustainablereview.com\/pt-br\/farm-to-fork-in-flux-menor-producao-de-carne-bovina-ameaca-os-precos-e-os-meios-de-subsistencia-locais\/#primaryimage"},"image":{"@id":"https:\/\/sustainablereview.com\/pt-br\/farm-to-fork-in-flux-menor-producao-de-carne-bovina-ameaca-os-precos-e-os-meios-de-subsistencia-locais\/#primaryimage"},"thumbnailUrl":"https:\/\/sustainablereview.com\/wp-content\/uploads\/2024\/03\/pexels-mark-stebnicki-2602864.jpg","datePublished":"2024-03-30T13:22:46+00:00","dateModified":"2024-08-10T16:50:28+00:00","breadcrumb":{"@id":"https:\/\/sustainablereview.com\/pt-br\/farm-to-fork-in-flux-menor-producao-de-carne-bovina-ameaca-os-precos-e-os-meios-de-subsistencia-locais\/#breadcrumb"},"inLanguage":"pt-BR","potentialAction":[{"@type":"ReadAction","target":["https:\/\/sustainablereview.com\/pt-br\/farm-to-fork-in-flux-menor-producao-de-carne-bovina-ameaca-os-precos-e-os-meios-de-subsistencia-locais\/"]}]},{"@type":"ImageObject","inLanguage":"pt-BR","@id":"https:\/\/sustainablereview.com\/pt-br\/farm-to-fork-in-flux-menor-producao-de-carne-bovina-ameaca-os-precos-e-os-meios-de-subsistencia-locais\/#primaryimage","url":"https:\/\/sustainablereview.com\/wp-content\/uploads\/2024\/03\/pexels-mark-stebnicki-2602864.jpg","contentUrl":"https:\/\/sustainablereview.com\/wp-content\/uploads\/2024\/03\/pexels-mark-stebnicki-2602864.jpg","width":1920,"height":1328,"caption":"Herd of Cow on Green Grass Field"},{"@type":"BreadcrumbList","@id":"https:\/\/sustainablereview.com\/pt-br\/farm-to-fork-in-flux-menor-producao-de-carne-bovina-ameaca-os-precos-e-os-meios-de-subsistencia-locais\/#breadcrumb","itemListElement":[{"@type":"ListItem","position":1,"name":"In\u00edcio","item":"https:\/\/sustainablereview.com\/pt-br\/inicio\/"},{"@type":"ListItem","position":2,"name":"Virando a mesa em rela\u00e7\u00e3o \u00e0 carne bovina: menor produ\u00e7\u00e3o de cerveja, maiores riscos para a a\u00e7\u00e3o clim\u00e1tica"}]},{"@type":"WebSite","@id":"https:\/\/sustainablereview.com\/pt-br\/#website","url":"https:\/\/sustainablereview.com\/pt-br\/","name":"Sustainable Review","description":"Let us do the &#039;Green-splaining&#039;","publisher":{"@id":"https:\/\/sustainablereview.com\/pt-br\/#organization"},"potentialAction":[{"@type":"SearchAction","target":{"@type":"EntryPoint","urlTemplate":"https:\/\/sustainablereview.com\/pt-br\/?s={search_term_string}"},"query-input":"required name=search_term_string"}],"inLanguage":"pt-BR"},{"@type":"Organization","@id":"https:\/\/sustainablereview.com\/pt-br\/#organization","name":"Sustainable Review","url":"https:\/\/sustainablereview.com\/pt-br\/","logo":{"@type":"ImageObject","inLanguage":"pt-BR","@id":"https:\/\/sustainablereview.com\/pt-br\/#\/schema\/logo\/image\/","url":"https:\/\/sustainablereview.com\/wp-content\/uploads\/2020\/06\/static1.squarespace.png","contentUrl":"https:\/\/sustainablereview.com\/wp-content\/uploads\/2020\/06\/static1.squarespace.png","width":800,"height":800,"caption":"Sustainable Review"},"image":{"@id":"https:\/\/sustainablereview.com\/pt-br\/#\/schema\/logo\/image\/"},"sameAs":["https:\/\/x.com\/sustainreview"]},{"@type":"Person","@id":"https:\/\/sustainablereview.com\/pt-br\/#\/schema\/person\/85320f9ca6ed105ac24fd5721a2ce339","name":"Raf Chomsky","image":{"@type":"ImageObject","inLanguage":"pt-BR","@id":"https:\/\/sustainablereview.com\/pt-br\/#\/schema\/person\/image\/","url":"https:\/\/sustainablereview.com\/wp-content\/litespeed\/avatar\/ad8c67d6aa8afe7c0a7adebd55367f9e.jpg?ver=1777430820","contentUrl":"https:\/\/sustainablereview.com\/wp-content\/litespeed\/avatar\/ad8c67d6aa8afe7c0a7adebd55367f9e.jpg?ver=1777430820","caption":"Raf Chomsky"},"description":"Dedicated author deeply engaged in sustainability issues. My writing focuses on practical, impactful solutions and communicates the urgency of environmental responsibility. With a commitment to raising awareness, I aim to inform and inspire readers to embrace sustainable practices in their daily lives.","sameAs":["https:\/\/sustainablereview.com\/"],"url":"https:\/\/sustainablereview.com\/pt-br\/author\/nonagency\/"}]}},"wpml_translations":{"en":"35005","pl":"60360","pt-br":"39055"},"_links":{"self":[{"href":"https:\/\/sustainablereview.com\/pt-br\/wp-json\/wp\/v2\/posts\/39055"}],"collection":[{"href":"https:\/\/sustainablereview.com\/pt-br\/wp-json\/wp\/v2\/posts"}],"about":[{"href":"https:\/\/sustainablereview.com\/pt-br\/wp-json\/wp\/v2\/types\/post"}],"author":[{"embeddable":true,"href":"https:\/\/sustainablereview.com\/pt-br\/wp-json\/wp\/v2\/users\/1502"}],"replies":[{"embeddable":true,"href":"https:\/\/sustainablereview.com\/pt-br\/wp-json\/wp\/v2\/comments?post=39055"}],"version-history":[{"count":1,"href":"https:\/\/sustainablereview.com\/pt-br\/wp-json\/wp\/v2\/posts\/39055\/revisions"}],"predecessor-version":[{"id":39567,"href":"https:\/\/sustainablereview.com\/pt-br\/wp-json\/wp\/v2\/posts\/39055\/revisions\/39567"}],"wp:featuredmedia":[{"embeddable":true,"href":"https:\/\/sustainablereview.com\/pt-br\/wp-json\/wp\/v2\/media\/35008"}],"wp:attachment":[{"href":"https:\/\/sustainablereview.com\/pt-br\/wp-json\/wp\/v2\/media?parent=39055"}],"wp:term":[{"taxonomy":"category","embeddable":true,"href":"https:\/\/sustainablereview.com\/pt-br\/wp-json\/wp\/v2\/categories?post=39055"},{"taxonomy":"post_tag","embeddable":true,"href":"https:\/\/sustainablereview.com\/pt-br\/wp-json\/wp\/v2\/tags?post=39055"}],"curies":[{"name":"wp","href":"https:\/\/api.w.org\/{rel}","templated":true}]}}