{"id":39074,"date":"2024-02-16T09:46:55","date_gmt":"2024-02-16T14:46:55","guid":{"rendered":"https:\/\/sustainablereview.com\/?p=39074"},"modified":"2024-08-10T12:52:17","modified_gmt":"2024-08-10T16:52:17","slug":"adotando-a-sustentabilidade-em-2024-uma-mudanca-na-dinamica-dos-negocios","status":"publish","type":"post","link":"https:\/\/sustainablereview.com\/pt-br\/adotando-a-sustentabilidade-em-2024-uma-mudanca-na-dinamica-dos-negocios\/","title":{"rendered":"Abra\u00e7ando a sustentabilidade em 2024: Uma mudan\u00e7a na din\u00e2mica dos neg\u00f3cios"},"content":{"rendered":"\n<p>No ano crucial de 2023, o cen\u00e1rio corporativo testemunhou uma transforma\u00e7\u00e3o not\u00e1vel, pois os executivos globais tiveram um <a href=\"https:\/\/www.capgemini.com\/insights\/research-institute\/\" target=\"_blank\" rel=\"noreferrer noopener\">aumento de tr\u00eas vezes<\/a> em sua compreens\u00e3o do caso de neg\u00f3cios para a sustentabilidade. Essa profunda mudan\u00e7a de entendimento preparou o terreno para uma nova era em que a sustentabilidade deixa de ser apenas uma responsabilidade e passa a ser uma oportunidade estrat\u00e9gica para criar valor tang\u00edvel no \u00e2mbito dos neg\u00f3cios.<\/p>\n\n\n\n<p>Esse distanciamento das percep\u00e7\u00f5es anteriores significa uma conscientiza\u00e7\u00e3o cada vez maior entre os l\u00edderes corporativos, indicando uma mudan\u00e7a de paradigma no sentido de reconhecer a sustentabilidade como um imperativo moral e uma pedra angular para promover a inova\u00e7\u00e3o, a resili\u00eancia e o sucesso a longo prazo.<\/p>\n\n\n\n<p>\u00c0 medida que as organiza\u00e7\u00f5es se preparam para 2024, espera-se que esse maior reconhecimento gere investimentos substanciais, refletindo um compromisso coletivo de integrar a sustentabilidade \u00e0 estrutura central das estrat\u00e9gias de neg\u00f3cios.<\/p>\n\n\n\n<h2 class=\"wp-block-heading\"><strong>Fundamentos para a transforma\u00e7\u00e3o sustent\u00e1vel<\/strong><\/h2>\n\n\n\n<figure class=\"wp-block-image size-large\"><img fetchpriority=\"high\" decoding=\"async\" width=\"1024\" height=\"440\" src=\"https:\/\/intltest.sustainablereview.com\/\/wp-content\/uploads\/2024\/02\/image-18-1024x440.png\" alt=\"Foundations for Sustainable Transformation\n\" class=\"wp-image-33509\" srcset=\"https:\/\/sustainablereview.com\/wp-content\/uploads\/2024\/02\/image-18-1024x440.png 1024w, https:\/\/sustainablereview.com\/wp-content\/uploads\/2024\/02\/image-18-300x129.png 300w, https:\/\/sustainablereview.com\/wp-content\/uploads\/2024\/02\/image-18-768x330.png 768w, https:\/\/sustainablereview.com\/wp-content\/uploads\/2024\/02\/image-18-1536x660.png 1536w, https:\/\/sustainablereview.com\/wp-content\/uploads\/2024\/02\/image-18-45x19.png 45w, https:\/\/sustainablereview.com\/wp-content\/uploads\/2024\/02\/image-18.png 1600w\" sizes=\"(min-width: 960px) 75vw, 100vw\" \/><\/figure>\n\n\n\n<p>Imagem: Instituto de Pesquisa Capgemini, Pesquisas Um Mundo em Equil\u00edbrio, novembro de 2022 e novembro de 2023<\/p>\n\n\n\n<p>Embora mais da metade das organiza\u00e7\u00f5es planeje alocar mais recursos para a sustentabilidade em 2024, a \u00eanfase deve ser colocada em \u00e1reas de impacto. O fortalecimento dos recursos de relat\u00f3rios de sustentabilidade, a implementa\u00e7\u00e3o de princ\u00edpios de economia circular e a ado\u00e7\u00e3o de um design de produto sustent\u00e1vel s\u00e3o etapas essenciais.<\/p>\n\n\n\n<p>O enfrentamento das <a href=\"https:\/\/www.pwc.com\/gx\/en\/issues\/climate\/scope-three-challenge.html\" target=\"_blank\" rel=\"noreferrer noopener\">emiss\u00f5es do Escopo 3<\/a>, que englobam as emiss\u00f5es indiretas da cadeia de valor de uma empresa, representa um desafio diferenciado devido \u00e0 sua natureza ampla e interconectada. Diferentemente da medi\u00e7\u00e3o mais simples das emiss\u00f5es dos Escopos 1 e 2, o rastreamento e a mitiga\u00e7\u00e3o das emiss\u00f5es do Escopo 3 exigem uma abordagem mais complexa.<\/p>\n\n\n\n<p>A abordagem bem-sucedida dessas emiss\u00f5es exige esfor\u00e7os concentrados, envolvendo coleta e an\u00e1lise minuciosas de dados em toda a cadeia de suprimentos. Essa aten\u00e7\u00e3o meticulosa \u00e9 fundamental n\u00e3o apenas para compreender com precis\u00e3o o impacto ambiental, mas tamb\u00e9m para elaborar estrat\u00e9gias eficazes para reduzir as emiss\u00f5es e melhorar o perfil geral de sustentabilidade de uma organiza\u00e7\u00e3o.<\/p>\n\n\n\n<p>O rastreamento e a redu\u00e7\u00e3o abrangentes das emiss\u00f5es do Escopo 3 s\u00e3o etapas imperativas para a obten\u00e7\u00e3o de uma abordagem hol\u00edstica e impactante em rela\u00e7\u00e3o \u00e0 responsabilidade ambiental.<\/p>\n\n\n\n<h3 class=\"wp-block-heading\"><strong>Papel da tecnologia clim\u00e1tica<\/strong><\/h3>\n\n\n\n<iframe width=\"560\" height=\"315\" src=\"https:\/\/www.youtube.com\/embed\/rohd19zI2Kw?si=jJ4r0CBDOj3SOIIB\" title=\"YouTube video player\" frameborder=\"0\" allow=\"accelerometer; autoplay; clipboard-write; encrypted-media; gyroscope; picture-in-picture; web-share\" allowfullscreen=\"\"><\/iframe>\n\n\n\n<p>As tecnologias clim\u00e1ticas, vistas como alavancas essenciais para a descarboniza\u00e7\u00e3o, enfrentam desafios devido aos custos adicionais. Embora inova\u00e7\u00f5es como<a href=\"https:\/\/www.bcg.com\/publications\/2023\/breaking-the-barriers-in-financing-hydrogen-and-carbon-capture\" target=\"_blank\" rel=\"noreferrer noopener\">hidrog\u00eanio<\/a><a href=\"https:\/\/www.bcg.com\/publications\/2023\/breaking-the-barriers-in-financing-hydrogen-and-carbon-capture\">e<\/a> captura<a href=\"https:\/\/www.bcg.com\/publications\/2023\/breaking-the-barriers-in-financing-hydrogen-and-carbon-capture\">de carbono<\/a> ainda incorram em despesas mais altas, tecnologias maduras, como ve\u00edculos el\u00e9tricos, energia solar, e\u00f3lica e baterias, est\u00e3o se tornando comercialmente vi\u00e1veis. Os governos e os setores devem colaborar para ampliar a tecnologia clim\u00e1tica, tornando-a mais competitiva em termos de custo.<\/p>\n\n\n\n<h3 class=\"wp-block-heading\"><strong>Surgimento da Era Eco-Digital<\/strong><\/h3>\n\n\n\n<p>A converg\u00eancia da sustentabilidade e das tecnologias digitais est\u00e1 moldando uma era eco-digital. Mais da metade das organiza\u00e7\u00f5es acredita no poder transformador da tecnologia para atingir os objetivos de sustentabilidade. \u00c0 medida que <a href=\"https:\/\/www.capgemini.com\/insights\/research-library\/investment-trends-2024\/\" target=\"_blank\" rel=\"noreferrer noopener\">o investimento<\/a> digital dobra, as principais tecnologias e os avan\u00e7os inovadores, como a IA generativa e a realidade aumentada, contribuem para reimaginar modelos de neg\u00f3cios com impactos sociais mais amplos.<\/p>\n\n\n\n<h3 class=\"wp-block-heading\"><strong>Navegando na era eco-digital<\/strong><\/h3>\n\n\n\n<p>As organiza\u00e7\u00f5es que est\u00e3o entrando na era<a href=\"https:\/\/www.mckinsey.com\/capabilities\/mckinsey-digital\/our-insights\/ecosystem-2-point-0-climbing-to-the-next-level\" target=\"_blank\" rel=\"noreferrer noopener\"> eco-digital<\/a> precisam de uma abordagem estrat\u00e9gica. O foco na efici\u00eancia, a harmoniza\u00e7\u00e3o de ganhos imediatos com a sustentabilidade de longo prazo, o investimento em transforma\u00e7\u00e3o digital e sustent\u00e1vel, a integra\u00e7\u00e3o da sustentabilidade em produtos e servi\u00e7os e a forma\u00e7\u00e3o de parcerias impactantes s\u00e3o etapas cruciais. As tecnologias digitais, quando aproveitadas coletivamente, s\u00e3o a chave para desbloquear um futuro sustent\u00e1vel.<\/p>\n\n\n\n<p>Em conclus\u00e3o, 2024 marca um ano crucial em que as empresas reconhecem cada vez mais o valor intr\u00ednseco da sustentabilidade. Navegar pelas complexidades da era eco-digitalTM requer vis\u00e3o estrat\u00e9gica, colabora\u00e7\u00e3o e um compromisso com a integra\u00e7\u00e3o da sustentabilidade em todas as facetas das opera\u00e7\u00f5es comerciais.<\/p>\n","protected":false},"excerpt":{"rendered":"<p>No ano crucial de 2023, o cen\u00e1rio corporativo testemunhou uma transforma\u00e7\u00e3o not\u00e1vel, pois os executivos globais tiveram um aumento de tr\u00eas vezes em sua compreens\u00e3o do caso de neg\u00f3cios para a sustentabilidade. Essa profunda mudan\u00e7a de entendimento preparou o terreno para uma nova era em que a sustentabilidade deixa de ser apenas uma responsabilidade e [&hellip;]<\/p>\n","protected":false},"author":1502,"featured_media":33508,"comment_status":"closed","ping_status":"open","sticky":false,"template":"","format":"standard","meta":{"_acf_changed":false,"_monsterinsights_skip_tracking":false,"_monsterinsights_sitenote_active":false,"_monsterinsights_sitenote_note":"","_monsterinsights_sitenote_category":0,"footnotes":""},"categories":[3095],"tags":[],"acf":[],"yoast_head":"<!-- This site is optimized with the Yoast SEO plugin v23.2 - https:\/\/yoast.com\/wordpress\/plugins\/seo\/ -->\n<title>Abra\u00e7ando a sustentabilidade em 2024: Uma mudan\u00e7a na din\u00e2mica dos neg\u00f3cios &#8212; Sustainable Review<\/title>\n<meta name=\"robots\" content=\"index, follow, max-snippet:-1, max-image-preview:large, max-video-preview:-1\" \/>\n<link rel=\"canonical\" href=\"https:\/\/sustainablereview.com\/pt-br\/adotando-a-sustentabilidade-em-2024-uma-mudanca-na-dinamica-dos-negocios\/\" \/>\n<meta property=\"og:locale\" content=\"pt_BR\" \/>\n<meta property=\"og:type\" content=\"article\" \/>\n<meta property=\"og:title\" content=\"Abra\u00e7ando a sustentabilidade em 2024: Uma mudan\u00e7a na din\u00e2mica dos neg\u00f3cios &#8212; Sustainable Review\" \/>\n<meta property=\"og:description\" content=\"No ano crucial de 2023, o cen\u00e1rio corporativo testemunhou uma transforma\u00e7\u00e3o not\u00e1vel, pois os executivos globais tiveram um aumento de tr\u00eas vezes em sua compreens\u00e3o do caso de neg\u00f3cios para a sustentabilidade. Essa profunda mudan\u00e7a de entendimento preparou o terreno para uma nova era em que a sustentabilidade deixa de ser apenas uma responsabilidade e [&hellip;]\" \/>\n<meta property=\"og:url\" content=\"https:\/\/sustainablereview.com\/pt-br\/adotando-a-sustentabilidade-em-2024-uma-mudanca-na-dinamica-dos-negocios\/\" \/>\n<meta property=\"og:site_name\" content=\"Sustainable Review\" \/>\n<meta property=\"article:published_time\" content=\"2024-02-16T14:46:55+00:00\" \/>\n<meta property=\"article:modified_time\" content=\"2024-08-10T16:52:17+00:00\" \/>\n<meta property=\"og:image\" content=\"https:\/\/sustainablereview.com\/wp-content\/uploads\/2024\/02\/image-17.png\" \/>\n\t<meta property=\"og:image:width\" content=\"894\" \/>\n\t<meta property=\"og:image:height\" content=\"704\" \/>\n\t<meta property=\"og:image:type\" content=\"image\/png\" \/>\n<meta name=\"author\" content=\"Raf Chomsky\" \/>\n<meta name=\"twitter:card\" content=\"summary_large_image\" \/>\n<meta name=\"twitter:creator\" content=\"@sustainreview\" \/>\n<meta name=\"twitter:site\" content=\"@sustainreview\" \/>\n<meta name=\"twitter:label1\" content=\"Escrito por\" \/>\n\t<meta name=\"twitter:data1\" content=\"Raf Chomsky\" \/>\n\t<meta name=\"twitter:label2\" content=\"Est. tempo de leitura\" \/>\n\t<meta name=\"twitter:data2\" content=\"3 minutos\" \/>\n<script type=\"application\/ld+json\" class=\"yoast-schema-graph\">{\"@context\":\"https:\/\/schema.org\",\"@graph\":[{\"@type\":\"Article\",\"@id\":\"https:\/\/sustainablereview.com\/pt-br\/adotando-a-sustentabilidade-em-2024-uma-mudanca-na-dinamica-dos-negocios\/#article\",\"isPartOf\":{\"@id\":\"https:\/\/sustainablereview.com\/pt-br\/adotando-a-sustentabilidade-em-2024-uma-mudanca-na-dinamica-dos-negocios\/\"},\"author\":{\"name\":\"Raf Chomsky\",\"@id\":\"https:\/\/sustainablereview.com\/pt-br\/#\/schema\/person\/85320f9ca6ed105ac24fd5721a2ce339\"},\"headline\":\"Abra\u00e7ando a sustentabilidade em 2024: Uma mudan\u00e7a na din\u00e2mica dos neg\u00f3cios\",\"datePublished\":\"2024-02-16T14:46:55+00:00\",\"dateModified\":\"2024-08-10T16:52:17+00:00\",\"mainEntityOfPage\":{\"@id\":\"https:\/\/sustainablereview.com\/pt-br\/adotando-a-sustentabilidade-em-2024-uma-mudanca-na-dinamica-dos-negocios\/\"},\"wordCount\":691,\"publisher\":{\"@id\":\"https:\/\/sustainablereview.com\/pt-br\/#organization\"},\"image\":{\"@id\":\"https:\/\/sustainablereview.com\/pt-br\/adotando-a-sustentabilidade-em-2024-uma-mudanca-na-dinamica-dos-negocios\/#primaryimage\"},\"thumbnailUrl\":\"https:\/\/sustainablereview.com\/wp-content\/uploads\/2024\/02\/image-17.png\",\"articleSection\":[\"Not\u00edcias\"],\"inLanguage\":\"pt-BR\"},{\"@type\":\"WebPage\",\"@id\":\"https:\/\/sustainablereview.com\/pt-br\/adotando-a-sustentabilidade-em-2024-uma-mudanca-na-dinamica-dos-negocios\/\",\"url\":\"https:\/\/sustainablereview.com\/pt-br\/adotando-a-sustentabilidade-em-2024-uma-mudanca-na-dinamica-dos-negocios\/\",\"name\":\"Abra\u00e7ando a sustentabilidade em 2024: Uma mudan\u00e7a na din\u00e2mica dos neg\u00f3cios &#8212; Sustainable Review\",\"isPartOf\":{\"@id\":\"https:\/\/sustainablereview.com\/pt-br\/#website\"},\"primaryImageOfPage\":{\"@id\":\"https:\/\/sustainablereview.com\/pt-br\/adotando-a-sustentabilidade-em-2024-uma-mudanca-na-dinamica-dos-negocios\/#primaryimage\"},\"image\":{\"@id\":\"https:\/\/sustainablereview.com\/pt-br\/adotando-a-sustentabilidade-em-2024-uma-mudanca-na-dinamica-dos-negocios\/#primaryimage\"},\"thumbnailUrl\":\"https:\/\/sustainablereview.com\/wp-content\/uploads\/2024\/02\/image-17.png\",\"datePublished\":\"2024-02-16T14:46:55+00:00\",\"dateModified\":\"2024-08-10T16:52:17+00:00\",\"breadcrumb\":{\"@id\":\"https:\/\/sustainablereview.com\/pt-br\/adotando-a-sustentabilidade-em-2024-uma-mudanca-na-dinamica-dos-negocios\/#breadcrumb\"},\"inLanguage\":\"pt-BR\",\"potentialAction\":[{\"@type\":\"ReadAction\",\"target\":[\"https:\/\/sustainablereview.com\/pt-br\/adotando-a-sustentabilidade-em-2024-uma-mudanca-na-dinamica-dos-negocios\/\"]}]},{\"@type\":\"ImageObject\",\"inLanguage\":\"pt-BR\",\"@id\":\"https:\/\/sustainablereview.com\/pt-br\/adotando-a-sustentabilidade-em-2024-uma-mudanca-na-dinamica-dos-negocios\/#primaryimage\",\"url\":\"https:\/\/sustainablereview.com\/wp-content\/uploads\/2024\/02\/image-17.png\",\"contentUrl\":\"https:\/\/sustainablereview.com\/wp-content\/uploads\/2024\/02\/image-17.png\",\"width\":894,\"height\":704,\"caption\":\"sustainable green business and packaging illustration\"},{\"@type\":\"BreadcrumbList\",\"@id\":\"https:\/\/sustainablereview.com\/pt-br\/adotando-a-sustentabilidade-em-2024-uma-mudanca-na-dinamica-dos-negocios\/#breadcrumb\",\"itemListElement\":[{\"@type\":\"ListItem\",\"position\":1,\"name\":\"In\u00edcio\",\"item\":\"https:\/\/sustainablereview.com\/pt-br\/inicio\/\"},{\"@type\":\"ListItem\",\"position\":2,\"name\":\"Abra\u00e7ando a sustentabilidade em 2024: Uma mudan\u00e7a na din\u00e2mica dos neg\u00f3cios\"}]},{\"@type\":\"WebSite\",\"@id\":\"https:\/\/sustainablereview.com\/pt-br\/#website\",\"url\":\"https:\/\/sustainablereview.com\/pt-br\/\",\"name\":\"Sustainable Review\",\"description\":\"Let us do the &#039;Green-splaining&#039;\",\"publisher\":{\"@id\":\"https:\/\/sustainablereview.com\/pt-br\/#organization\"},\"potentialAction\":[{\"@type\":\"SearchAction\",\"target\":{\"@type\":\"EntryPoint\",\"urlTemplate\":\"https:\/\/sustainablereview.com\/pt-br\/?s={search_term_string}\"},\"query-input\":\"required name=search_term_string\"}],\"inLanguage\":\"pt-BR\"},{\"@type\":\"Organization\",\"@id\":\"https:\/\/sustainablereview.com\/pt-br\/#organization\",\"name\":\"Sustainable Review\",\"url\":\"https:\/\/sustainablereview.com\/pt-br\/\",\"logo\":{\"@type\":\"ImageObject\",\"inLanguage\":\"pt-BR\",\"@id\":\"https:\/\/sustainablereview.com\/pt-br\/#\/schema\/logo\/image\/\",\"url\":\"https:\/\/sustainablereview.com\/wp-content\/uploads\/2020\/06\/static1.squarespace.png\",\"contentUrl\":\"https:\/\/sustainablereview.com\/wp-content\/uploads\/2020\/06\/static1.squarespace.png\",\"width\":800,\"height\":800,\"caption\":\"Sustainable Review\"},\"image\":{\"@id\":\"https:\/\/sustainablereview.com\/pt-br\/#\/schema\/logo\/image\/\"},\"sameAs\":[\"https:\/\/x.com\/sustainreview\"]},{\"@type\":\"Person\",\"@id\":\"https:\/\/sustainablereview.com\/pt-br\/#\/schema\/person\/85320f9ca6ed105ac24fd5721a2ce339\",\"name\":\"Raf Chomsky\",\"image\":{\"@type\":\"ImageObject\",\"inLanguage\":\"pt-BR\",\"@id\":\"https:\/\/sustainablereview.com\/pt-br\/#\/schema\/person\/image\/\",\"url\":\"https:\/\/sustainablereview.com\/wp-content\/litespeed\/avatar\/ad8c67d6aa8afe7c0a7adebd55367f9e.jpg?ver=1777430820\",\"contentUrl\":\"https:\/\/sustainablereview.com\/wp-content\/litespeed\/avatar\/ad8c67d6aa8afe7c0a7adebd55367f9e.jpg?ver=1777430820\",\"caption\":\"Raf Chomsky\"},\"description\":\"Dedicated author deeply engaged in sustainability issues. My writing focuses on practical, impactful solutions and communicates the urgency of environmental responsibility. With a commitment to raising awareness, I aim to inform and inspire readers to embrace sustainable practices in their daily lives.\",\"sameAs\":[\"https:\/\/sustainablereview.com\/\"],\"url\":\"https:\/\/sustainablereview.com\/pt-br\/author\/nonagency\/\"}]}<\/script>\n<!-- \/ Yoast SEO plugin. -->","yoast_head_json":{"title":"Abra\u00e7ando a sustentabilidade em 2024: Uma mudan\u00e7a na din\u00e2mica dos neg\u00f3cios &#8212; Sustainable Review","robots":{"index":"index","follow":"follow","max-snippet":"max-snippet:-1","max-image-preview":"max-image-preview:large","max-video-preview":"max-video-preview:-1"},"canonical":"https:\/\/sustainablereview.com\/pt-br\/adotando-a-sustentabilidade-em-2024-uma-mudanca-na-dinamica-dos-negocios\/","og_locale":"pt_BR","og_type":"article","og_title":"Abra\u00e7ando a sustentabilidade em 2024: Uma mudan\u00e7a na din\u00e2mica dos neg\u00f3cios &#8212; Sustainable Review","og_description":"No ano crucial de 2023, o cen\u00e1rio corporativo testemunhou uma transforma\u00e7\u00e3o not\u00e1vel, pois os executivos globais tiveram um aumento de tr\u00eas vezes em sua compreens\u00e3o do caso de neg\u00f3cios para a sustentabilidade. Essa profunda mudan\u00e7a de entendimento preparou o terreno para uma nova era em que a sustentabilidade deixa de ser apenas uma responsabilidade e [&hellip;]","og_url":"https:\/\/sustainablereview.com\/pt-br\/adotando-a-sustentabilidade-em-2024-uma-mudanca-na-dinamica-dos-negocios\/","og_site_name":"Sustainable Review","article_published_time":"2024-02-16T14:46:55+00:00","article_modified_time":"2024-08-10T16:52:17+00:00","og_image":[{"width":894,"height":704,"url":"https:\/\/sustainablereview.com\/wp-content\/uploads\/2024\/02\/image-17.png","type":"image\/png"}],"author":"Raf Chomsky","twitter_card":"summary_large_image","twitter_creator":"@sustainreview","twitter_site":"@sustainreview","twitter_misc":{"Escrito por":"Raf Chomsky","Est. tempo de leitura":"3 minutos"},"schema":{"@context":"https:\/\/schema.org","@graph":[{"@type":"Article","@id":"https:\/\/sustainablereview.com\/pt-br\/adotando-a-sustentabilidade-em-2024-uma-mudanca-na-dinamica-dos-negocios\/#article","isPartOf":{"@id":"https:\/\/sustainablereview.com\/pt-br\/adotando-a-sustentabilidade-em-2024-uma-mudanca-na-dinamica-dos-negocios\/"},"author":{"name":"Raf Chomsky","@id":"https:\/\/sustainablereview.com\/pt-br\/#\/schema\/person\/85320f9ca6ed105ac24fd5721a2ce339"},"headline":"Abra\u00e7ando a sustentabilidade em 2024: Uma mudan\u00e7a na din\u00e2mica dos neg\u00f3cios","datePublished":"2024-02-16T14:46:55+00:00","dateModified":"2024-08-10T16:52:17+00:00","mainEntityOfPage":{"@id":"https:\/\/sustainablereview.com\/pt-br\/adotando-a-sustentabilidade-em-2024-uma-mudanca-na-dinamica-dos-negocios\/"},"wordCount":691,"publisher":{"@id":"https:\/\/sustainablereview.com\/pt-br\/#organization"},"image":{"@id":"https:\/\/sustainablereview.com\/pt-br\/adotando-a-sustentabilidade-em-2024-uma-mudanca-na-dinamica-dos-negocios\/#primaryimage"},"thumbnailUrl":"https:\/\/sustainablereview.com\/wp-content\/uploads\/2024\/02\/image-17.png","articleSection":["Not\u00edcias"],"inLanguage":"pt-BR"},{"@type":"WebPage","@id":"https:\/\/sustainablereview.com\/pt-br\/adotando-a-sustentabilidade-em-2024-uma-mudanca-na-dinamica-dos-negocios\/","url":"https:\/\/sustainablereview.com\/pt-br\/adotando-a-sustentabilidade-em-2024-uma-mudanca-na-dinamica-dos-negocios\/","name":"Abra\u00e7ando a sustentabilidade em 2024: Uma mudan\u00e7a na din\u00e2mica dos neg\u00f3cios &#8212; Sustainable Review","isPartOf":{"@id":"https:\/\/sustainablereview.com\/pt-br\/#website"},"primaryImageOfPage":{"@id":"https:\/\/sustainablereview.com\/pt-br\/adotando-a-sustentabilidade-em-2024-uma-mudanca-na-dinamica-dos-negocios\/#primaryimage"},"image":{"@id":"https:\/\/sustainablereview.com\/pt-br\/adotando-a-sustentabilidade-em-2024-uma-mudanca-na-dinamica-dos-negocios\/#primaryimage"},"thumbnailUrl":"https:\/\/sustainablereview.com\/wp-content\/uploads\/2024\/02\/image-17.png","datePublished":"2024-02-16T14:46:55+00:00","dateModified":"2024-08-10T16:52:17+00:00","breadcrumb":{"@id":"https:\/\/sustainablereview.com\/pt-br\/adotando-a-sustentabilidade-em-2024-uma-mudanca-na-dinamica-dos-negocios\/#breadcrumb"},"inLanguage":"pt-BR","potentialAction":[{"@type":"ReadAction","target":["https:\/\/sustainablereview.com\/pt-br\/adotando-a-sustentabilidade-em-2024-uma-mudanca-na-dinamica-dos-negocios\/"]}]},{"@type":"ImageObject","inLanguage":"pt-BR","@id":"https:\/\/sustainablereview.com\/pt-br\/adotando-a-sustentabilidade-em-2024-uma-mudanca-na-dinamica-dos-negocios\/#primaryimage","url":"https:\/\/sustainablereview.com\/wp-content\/uploads\/2024\/02\/image-17.png","contentUrl":"https:\/\/sustainablereview.com\/wp-content\/uploads\/2024\/02\/image-17.png","width":894,"height":704,"caption":"sustainable green business and packaging illustration"},{"@type":"BreadcrumbList","@id":"https:\/\/sustainablereview.com\/pt-br\/adotando-a-sustentabilidade-em-2024-uma-mudanca-na-dinamica-dos-negocios\/#breadcrumb","itemListElement":[{"@type":"ListItem","position":1,"name":"In\u00edcio","item":"https:\/\/sustainablereview.com\/pt-br\/inicio\/"},{"@type":"ListItem","position":2,"name":"Abra\u00e7ando a sustentabilidade em 2024: Uma mudan\u00e7a na din\u00e2mica dos neg\u00f3cios"}]},{"@type":"WebSite","@id":"https:\/\/sustainablereview.com\/pt-br\/#website","url":"https:\/\/sustainablereview.com\/pt-br\/","name":"Sustainable Review","description":"Let us do the &#039;Green-splaining&#039;","publisher":{"@id":"https:\/\/sustainablereview.com\/pt-br\/#organization"},"potentialAction":[{"@type":"SearchAction","target":{"@type":"EntryPoint","urlTemplate":"https:\/\/sustainablereview.com\/pt-br\/?s={search_term_string}"},"query-input":"required name=search_term_string"}],"inLanguage":"pt-BR"},{"@type":"Organization","@id":"https:\/\/sustainablereview.com\/pt-br\/#organization","name":"Sustainable Review","url":"https:\/\/sustainablereview.com\/pt-br\/","logo":{"@type":"ImageObject","inLanguage":"pt-BR","@id":"https:\/\/sustainablereview.com\/pt-br\/#\/schema\/logo\/image\/","url":"https:\/\/sustainablereview.com\/wp-content\/uploads\/2020\/06\/static1.squarespace.png","contentUrl":"https:\/\/sustainablereview.com\/wp-content\/uploads\/2020\/06\/static1.squarespace.png","width":800,"height":800,"caption":"Sustainable Review"},"image":{"@id":"https:\/\/sustainablereview.com\/pt-br\/#\/schema\/logo\/image\/"},"sameAs":["https:\/\/x.com\/sustainreview"]},{"@type":"Person","@id":"https:\/\/sustainablereview.com\/pt-br\/#\/schema\/person\/85320f9ca6ed105ac24fd5721a2ce339","name":"Raf Chomsky","image":{"@type":"ImageObject","inLanguage":"pt-BR","@id":"https:\/\/sustainablereview.com\/pt-br\/#\/schema\/person\/image\/","url":"https:\/\/sustainablereview.com\/wp-content\/litespeed\/avatar\/ad8c67d6aa8afe7c0a7adebd55367f9e.jpg?ver=1777430820","contentUrl":"https:\/\/sustainablereview.com\/wp-content\/litespeed\/avatar\/ad8c67d6aa8afe7c0a7adebd55367f9e.jpg?ver=1777430820","caption":"Raf Chomsky"},"description":"Dedicated author deeply engaged in sustainability issues. My writing focuses on practical, impactful solutions and communicates the urgency of environmental responsibility. With a commitment to raising awareness, I aim to inform and inspire readers to embrace sustainable practices in their daily lives.","sameAs":["https:\/\/sustainablereview.com\/"],"url":"https:\/\/sustainablereview.com\/pt-br\/author\/nonagency\/"}]}},"wpml_translations":{"en":"33506","pl":"60379","pt-br":"39074"},"_links":{"self":[{"href":"https:\/\/sustainablereview.com\/pt-br\/wp-json\/wp\/v2\/posts\/39074"}],"collection":[{"href":"https:\/\/sustainablereview.com\/pt-br\/wp-json\/wp\/v2\/posts"}],"about":[{"href":"https:\/\/sustainablereview.com\/pt-br\/wp-json\/wp\/v2\/types\/post"}],"author":[{"embeddable":true,"href":"https:\/\/sustainablereview.com\/pt-br\/wp-json\/wp\/v2\/users\/1502"}],"replies":[{"embeddable":true,"href":"https:\/\/sustainablereview.com\/pt-br\/wp-json\/wp\/v2\/comments?post=39074"}],"version-history":[{"count":1,"href":"https:\/\/sustainablereview.com\/pt-br\/wp-json\/wp\/v2\/posts\/39074\/revisions"}],"predecessor-version":[{"id":39586,"href":"https:\/\/sustainablereview.com\/pt-br\/wp-json\/wp\/v2\/posts\/39074\/revisions\/39586"}],"wp:featuredmedia":[{"embeddable":true,"href":"https:\/\/sustainablereview.com\/pt-br\/wp-json\/wp\/v2\/media\/33508"}],"wp:attachment":[{"href":"https:\/\/sustainablereview.com\/pt-br\/wp-json\/wp\/v2\/media?parent=39074"}],"wp:term":[{"taxonomy":"category","embeddable":true,"href":"https:\/\/sustainablereview.com\/pt-br\/wp-json\/wp\/v2\/categories?post=39074"},{"taxonomy":"post_tag","embeddable":true,"href":"https:\/\/sustainablereview.com\/pt-br\/wp-json\/wp\/v2\/tags?post=39074"}],"curies":[{"name":"wp","href":"https:\/\/api.w.org\/{rel}","templated":true}]}}