{"id":39082,"date":"2024-01-13T17:13:33","date_gmt":"2024-01-13T22:13:33","guid":{"rendered":"https:\/\/sustainablereview.com\/?p=39082"},"modified":"2024-08-10T12:52:45","modified_gmt":"2024-08-10T16:52:45","slug":"tracando-um-caminho-restaurativo-uma-jornada-transformadora-para-enfrentar-as-mudancas-climaticas-a-perda-de-biodiversidade-e-a-injustica-social","status":"publish","type":"post","link":"https:\/\/sustainablereview.com\/pt-br\/tracando-um-caminho-restaurativo-uma-jornada-transformadora-para-enfrentar-as-mudancas-climaticas-a-perda-de-biodiversidade-e-a-injustica-social\/","title":{"rendered":"Tra\u00e7ando um Caminho Restaurativo: A Transformative Journey to Address Climate Change, Biodiversity Loss, and Social Injustice (Uma jornada transformadora para lidar com as mudan\u00e7as clim\u00e1ticas, a perda de biodiversidade e a injusti\u00e7a social)"},"content":{"rendered":"\n<p>Cientistas da Universidade Estadual do Oregon, na vanguarda de uma equipe internacional, prop\u00f5em um caminho &#8220;restaurador&#8221; inovador para enfrentar as mudan\u00e7as clim\u00e1ticas, a perda de biodiversidade e a injusti\u00e7a social. Usando um conjunto de dados de 500 anos, eles defendem a incorpora\u00e7\u00e3o de seu cen\u00e1rio nos modelos clim\u00e1ticos juntamente com <a href=\"https:\/\/sedac.ciesin.columbia.edu\/data\/collection\/ssp\" target=\"_blank\" rel=\"noreferrer noopener\">os caminhos socioecon\u00f4micos compartilhados<\/a> (SSPs) <a href=\"https:\/\/sedac.ciesin.columbia.edu\/data\/collection\/ssp\" target=\"_blank\" rel=\"noreferrer noopener\">da ONU<\/a>.<\/p>\n\n\n\n<h2 class=\"wp-block-heading\"><strong>Urg\u00eancia da a\u00e7\u00e3o clim\u00e1tica<\/strong><\/h2>\n\n\n\n<iframe width=\"560\" height=\"315\" src=\"https:\/\/www.youtube.com\/embed\/G4H1N_yXBiA?si=sE5bjYKcQHF_dMcW\" title=\"YouTube video player\" frameborder=\"0\" allow=\"accelerometer; autoplay; clipboard-write; encrypted-media; gyroscope; picture-in-picture; web-share\" allowfullscreen><\/iframe>\n\n\n\n<p>Nas \u00faltimas d\u00e9cadas, o aumento das temperaturas intensificou <a href=\"https:\/\/www.edf.org\/climate\/why-fighting-climate-change-so-urgent\" target=\"_blank\" rel=\"noreferrer noopener\">os eventos clim\u00e1ticos extremos<\/a>, levando \u00e0 fragmenta\u00e7\u00e3o de blocos de gelo na Ant\u00e1rtica. <\/p>\n\n\n\n<p>As temporadas de inc\u00eandios florestais aumentaram significativamente, o que representa mais amea\u00e7as aos ecossistemas, enquanto os recifes de corais sofreram um branqueamento generalizado, perdendo suas cores vibrantes. Ao mesmo tempo, foi observada a expans\u00e3o territorial dos mosquitos, aumentando o risco de transmiss\u00e3o de doen\u00e7as.<\/p>\n\n\n\n<p>A mudan\u00e7a clim\u00e1tica apresenta um desafio formid\u00e1vel decorrente do esgotamento prolongado de recursos. Uma mudan\u00e7a de paradigma no estilo de vida, priorizando o bem-estar planet\u00e1rio, \u00e9 essencial. Embora <a href=\"https:\/\/www.nature.com\/articles\/s41586-021-03436-z\" target=\"_blank\" rel=\"noreferrer noopener\">os estudos recentes<\/a> se concentrem nas \u00faltimas d\u00e9cadas, um exame extenso que abrange cinco s\u00e9culos revela o esgotamento acelerado dos recursos.<\/p>\n\n\n\n<figure class=\"wp-block-image size-large\"><img fetchpriority=\"high\" decoding=\"async\" width=\"768\" height=\"1024\" src=\"https:\/\/intltest.sustainablereview.com\/\/wp-content\/uploads\/2024\/01\/image-57-768x1024.png\" alt=\"\" class=\"wp-image-31955\" srcset=\"https:\/\/sustainablereview.com\/wp-content\/uploads\/2024\/01\/image-57-768x1024.png 768w, https:\/\/sustainablereview.com\/wp-content\/uploads\/2024\/01\/image-57-225x300.png 225w, https:\/\/sustainablereview.com\/wp-content\/uploads\/2024\/01\/image-57-45x60.png 45w, https:\/\/sustainablereview.com\/wp-content\/uploads\/2024\/01\/image-57.png 1125w\" sizes=\"(min-width: 960px) 75vw, 100vw\" \/><\/figure>\n\n\n\n<h3 class=\"wp-block-heading\"><strong>Compara\u00e7\u00e3o de abordagens<\/strong><\/h3>\n\n\n\n<p>Em uma compara\u00e7\u00e3o entre as abordagens convencionais e as novas abordagens para a mudan\u00e7a clim\u00e1tica, os pesquisadores aspiram a um planeta sustent\u00e1vel e a um tratamento equitativo para todos. Apesar da necessidade de mudan\u00e7as substanciais, eles prop\u00f5em come\u00e7ar com o &#8220;incrementalismo radical&#8221;, que tem o potencial de abordar <a href=\"https:\/\/royalsociety.org\/topics-policy\/projects\/biodiversity\/\" target=\"_blank\" rel=\"noreferrer noopener\">a preserva\u00e7\u00e3o da biodiversidade<\/a> e promover o tratamento equitativo.<\/p>\n\n\n\n<h3 class=\"wp-block-heading\"><strong>Um chamado global para a restaura\u00e7\u00e3o<\/strong><\/h3>\n\n\n\n<p>A restaura\u00e7\u00e3o ecol\u00f3gica, crucial para a a\u00e7\u00e3o clim\u00e1tica, enfrenta a vulnerabilidade aos impactos da mudan\u00e7a clim\u00e1tica. Um estudo da <a href=\"https:\/\/www.sciencedirect.com\/science\/article\/pii\/S253006442100050X\" target=\"_blank\" rel=\"noreferrer noopener\">Perspectives in Ecology and Conservation<\/a> destaca os riscos clim\u00e1ticos em todo o processo de restaura\u00e7\u00e3o. <\/p>\n\n\n\n<p>A estrutura identifica sete \u00e1reas-chave para a restaura\u00e7\u00e3o consciente do clima: defini\u00e7\u00e3o de objetivos, sele\u00e7\u00e3o de locais, esp\u00e9cies e escolhas de ecossistemas, gerenciamento de intera\u00e7\u00f5es de ecossistemas, abordagem de riscos clim\u00e1ticos em n\u00edvel local, alinhamento com pol\u00edticas e cria\u00e7\u00e3o de monitoramento adaptativo.<\/p>\n\n\n\n<p>A an\u00e1lise de projetos no Brasil e nos pa\u00edses da ASEAN indica uma considera\u00e7\u00e3o limitada desses fatores (menos de 5%). Destacando casos de sucesso no Brasil e na Austr\u00e1lia, a estrutura apoia as metas globais de restaura\u00e7\u00e3o e a <a href=\"https:\/\/www.unesco.org\/en\/ecosystems-restoration-decade\" target=\"_blank\" rel=\"noreferrer noopener\">D\u00e9cada das Na\u00e7\u00f5es Unidas sobre Restaura\u00e7\u00e3o de Ecossistemas 2021-2030<\/a> para pr\u00e1ticas resistentes ao clima.<\/p>\n\n\n\n<p>Publicado na <a href=\"https:\/\/iopscience.iop.org\/article\/10.1088\/1748-9326\/ad059e\" target=\"_blank\" rel=\"noreferrer noopener\">Environmental Research Letters<\/a>, uma equipe internacional ressalta a necessidade de mudan\u00e7as r\u00e1pidas no estilo de vida humano, na distribui\u00e7\u00e3o de riqueza e na restaura\u00e7\u00e3o de ecossistemas. A urg\u00eancia \u00e9 enfatizada devido \u00e0 acelera\u00e7\u00e3o dos impactos clim\u00e1ticos que superam os esfor\u00e7os de mitiga\u00e7\u00e3o existentes.<\/p>\n\n\n\n<h3 class=\"wp-block-heading\"><strong>Desafios para as estrat\u00e9gias atuais<\/strong><\/h3>\n\n\n\n<p>As estrat\u00e9gias que fazem parte dos acordos clim\u00e1ticos patrocinados pela ONU, como o com\u00e9rcio de carbono e as compensa\u00e7\u00f5es, s\u00e3o superadas pelos extremos clim\u00e1ticos. O caminho restaurativo difere por n\u00e3o depender da captura de carbono ou por pressupor um crescimento econ\u00f4mico cont\u00ednuo.<\/p>\n\n\n\n<p>O <a href=\"https:\/\/www.unep.org\/topics\/climate-action\/climate-finance\/carbon-markets\" target=\"_blank\" rel=\"noreferrer noopener\">Relat\u00f3rio de Lacuna de Emiss\u00f5es de 2021<\/a> enfatiza o potencial dos mercados de carbono, projetando uma redu\u00e7\u00e3o de custo de 40 a 60% at\u00e9 2030 com a utiliza\u00e7\u00e3o total do mercado. O PNUMA colabora com na\u00e7\u00f5es e entidades n\u00e3o estatais, fornecendo apoio na capacita\u00e7\u00e3o e no desenvolvimento de pol\u00edticas para a implementa\u00e7\u00e3o do mercado de carbono. <\/p>\n\n\n\n<p>Por meio de parcerias e iniciativas, o PNUMA facilita a troca de conhecimento global usando uma abordagem de aprendizado Sul-Sul e baseada na ci\u00eancia.<\/p>\n\n\n\n<p><a href=\"https:\/\/www.foei.org\/wp-content\/uploads\/2021\/11\/Carbon-Markets-COP26.pdf\" target=\"_blank\" rel=\"noreferrer noopener\">O Artigo 6 do Acordo de Paris<\/a> estabelece mercados internacionais de carbono, promovendo a\u00e7\u00f5es clim\u00e1ticas ambiciosas, desenvolvimento sustent\u00e1vel e integridade ambiental. As Partes bem-sucedidas podem vender cr\u00e9ditos de redu\u00e7\u00e3o excedentes, direcionando investimentos para \u00e1reas eficientes de redu\u00e7\u00e3o de emiss\u00f5es. <\/p>\n\n\n\n<p>O artigo estabelece um mercado governado pela UNFCCC com padr\u00f5es globais, com grandes expectativas, j\u00e1 que 143 das 154 Partes planejam utilizar cr\u00e9ditos de carbono para financiar a\u00e7\u00f5es clim\u00e1ticas e cumprir metas nacionais at\u00e9 2023.<\/p>\n\n\n\n<h3 class=\"wp-block-heading\"><strong>An\u00e1lise abrangente<\/strong><\/h3>\n\n\n\n<p>Uma an\u00e1lise abrangente de vari\u00e1veis, incluindo o aumento da popula\u00e7\u00e3o, o PIB, <a href=\"https:\/\/energsustainsoc.biomedcentral.com\/articles\/10.1186\/s13705-021-00304-6\" target=\"_blank\" rel=\"noreferrer noopener\">o consumo de energia<\/a> e o decl\u00ednio da biodiversidade, apresenta um quadro v\u00edvido das transforma\u00e7\u00f5es da Terra. O caminho da restaura\u00e7\u00e3o prev\u00ea um mundo equitativo e resiliente, enfatizando a preserva\u00e7\u00e3o da natureza, o bem-estar social, a educa\u00e7\u00e3o para as mulheres e uma r\u00e1pida transi\u00e7\u00e3o para a energia renov\u00e1vel.<\/p>\n\n\n\n<h3 class=\"wp-block-heading\"><strong>Prioriza\u00e7\u00e3o da mudan\u00e7a social<\/strong><\/h3>\n\n\n\n<p>O caminho proposto, diferente dos cen\u00e1rios predominantes, coloca um foco central na mudan\u00e7a social em larga escala. Essa abordagem inovadora busca reduzir o aquecimento de forma eficiente e, ao mesmo tempo, oferece uma vis\u00e3o abrangente para lidar simultaneamente com as mudan\u00e7as clim\u00e1ticas, a perda de biodiversidade e a injusti\u00e7a socioecon\u00f4mica.<\/p>\n\n\n\n<p>Reconhecendo a interconex\u00e3o desses desafios, ela visa a uma jornada transformadora para proteger o planeta, apresentando um caso convincente para inclus\u00e3o nas discuss\u00f5es sobre o clima.<\/p>\n\n\n\n<p>Alinhado a essa perspectiva, o <a href=\"https:\/\/climate.nasa.gov\/evidence\/?n\" target=\"_blank\" rel=\"noreferrer noopener\">Global Climate Change<\/a> enfatiza a natureza cr\u00edtica dos sinais vitais da Terra, que se deterioram em um ritmo alarmante, representando uma grave amea\u00e7a \u00e0 vida em nosso planeta. <\/p>\n\n\n\n<p>Esse contexto urgente ressalta a necessidade de estrat\u00e9gias ousadas e abrangentes.<\/p>\n\n\n\n<p>Al\u00e9m disso, os acad\u00eamicos exploram as mudan\u00e7as clim\u00e1ticas a partir de uma perspectiva c\u00f3smica, expandindo o discurso para abranger for\u00e7as c\u00f3smicas mais amplas que impactam nosso meio ambiente. Essa compreens\u00e3o multidimensional aumenta a profundidade de nossa abordagem ao tratar dos problemas urgentes que temos em m\u00e3os<\/p>\n\n\n\n<h3 class=\"wp-block-heading\"><strong>Uma jornada transformadora<\/strong><\/h3>\n\n\n\n<p>O caminho restaurativo previsto representa uma jornada transformadora com o potencial de resgatar o nosso planeta, o que torna convincente a sua integra\u00e7\u00e3o nas discuss\u00f5es sobre o clima. Essa abordagem exclusiva busca abordar preocupa\u00e7\u00f5es urgentes relacionadas \u00e0 deteriora\u00e7\u00e3o dos sinais vitais da Terra, que representam uma grave amea\u00e7a \u00e0 vida.<\/p>\n\n\n\n<p>Em um contexto mais amplo, os pesquisadores se aprofundam na explora\u00e7\u00e3o das mudan\u00e7as clim\u00e1ticas a partir de uma perspectiva c\u00f3smica, reconhecendo a interconex\u00e3o das for\u00e7as celestiais com a din\u00e2mica ambiental. Essa vis\u00e3o mais ampla aumenta nossa compreens\u00e3o, enfatizando a necessidade cr\u00edtica de estrat\u00e9gias inovadoras e abrangentes diante de desafios iminentes.<\/p>\n\n\n\n<h3 class=\"wp-block-heading\"><strong>Fontes<\/strong><\/h3>\n\n\n\n<ol>\n<li>Centro de Dados e Aplica\u00e7\u00f5es Socioecon\u00f4micas. (Ano). Shared Socioeconomic Pathways (SSPs) (Caminhos socioecon\u00f4micos compartilhados). Recuperado de<a href=\"https:\/\/sedac.ciesin.columbia.edu\/data\/collection\/ssp\" target=\"_blank\" rel=\"noreferrer noopener\"> https:\/\/sedac.ciesin.columbia.edu\/data\/collection\/ssp.<\/a><\/li>\n<\/ol>\n\n\n\n<ol start=\"2\">\n<li>National Geographic.Causes and Effects of Climate Change (Causas e efeitos da mudan\u00e7a clim\u00e1tica). YouTube. Recuperado de <a href=\"https:\/\/www.youtube.com\/watch?v=G4H1N_yXBiA\" target=\"_blank\" rel=\"noreferrer noopener\">https:\/\/www.youtube.com\/watch?v=G4H1N_yXBiA.<\/a><\/li>\n<\/ol>\n\n\n\n<ol start=\"3\">\n<li>Fundo de Defesa Ambiental. \u00c9 por isso que a mudan\u00e7a clim\u00e1tica \u00e9 t\u00e3o urgente. Recuperado de <a href=\"https:\/\/www.edf.org\/climate\/why-fighting-climate-change-so-urgent\" target=\"_blank\" rel=\"noreferrer noopener\">https:\/\/www.edf.org\/climate\/why-fighting-climate-change-so-urgent.<\/a><\/li>\n<\/ol>\n\n\n\n<ol start=\"4\">\n<li>Hugonnet, R., McNabb, R, et al. (2021, 28 de abril). Accelerated global glacier mass loss in the early twenty-first century. Nature. Recuperado de <a href=\"https:\/\/www.nature.com\/articles\/s41586-021-03436-z\" target=\"_blank\" rel=\"noreferrer noopener\">https:\/\/www.nature.com\/articles\/s41586-021-03436-z.<\/a><\/li>\n<\/ol>\n\n\n\n<ol start=\"5\">\n<li>The Royal Society. Reversing Biodiversity Loss [Revertendo a perda de biodiversidade]. Recuperado de <a href=\"https:\/\/royalsociety.org\/topics-policy\/projects\/biodiversity\/\" target=\"_blank\" rel=\"noreferrer noopener\">https:\/\/royalsociety.org\/topics-policy\/projects\/biodiversity\/.<\/a><\/li>\n<\/ol>\n\n\n\n<ol start=\"6\">\n<li>Simonson, W. D., Miller, E., et al. (2021). Enhancing climate change resilience of ecological restoration &#8211; A framework for action (Melhorando a resili\u00eancia da restaura\u00e7\u00e3o ecol\u00f3gica \u00e0s mudan\u00e7as clim\u00e1ticas &#8211; Uma estrutura para a\u00e7\u00e3o). Perspectivas em Ecologia e Conserva\u00e7\u00e3o, 19(3). Recuperado de <a href=\"https:\/\/www.sciencedirect.com\/science\/article\/pii\/S253006442100050X\" target=\"_blank\" rel=\"noreferrer noopener\">https:\/\/www.sciencedirect.com\/science\/article\/pii\/S253006442100050X<\/a><\/li>\n<\/ol>\n\n\n\n<ol start=\"7\">\n<li>Organiza\u00e7\u00e3o das Na\u00e7\u00f5es Unidas para a Educa\u00e7\u00e3o, a Ci\u00eancia e a Cultura (UNESCO). (n.d.). United Nations Decade on Ecosystem Restoration (D\u00e9cada das Na\u00e7\u00f5es Unidas para a Restaura\u00e7\u00e3o de Ecossistemas). Recuperado de <a href=\"https:\/\/www.unesco.org\/en\/ecosystems-restoration-decade\" target=\"_blank\" rel=\"noreferrer noopener\">https:\/\/www.unesco.org\/en\/ecosystems-restoration-decade.<\/a><\/li>\n<\/ol>\n\n\n\n<ol start=\"8\">\n<li>Ripple, W. J., et al. (2024, 9 de janeiro). An environmental and socially just climate mitigation pathway for a planet in peril (Um caminho de mitiga\u00e7\u00e3o clim\u00e1tica ambiental e socialmente justo para um planeta em perigo). Environmental Research Letter.<a href=\"https:\/\/iopscience.iop.org\/article\/10.1088\/1748-9326\/ad059e\"> <\/a>Retrieved from <a href=\"https:\/\/iopscience.iop.org\/article\/10.1088\/1748-9326\/ad059e\" target=\"_blank\" rel=\"noreferrer noopener\">https:\/\/iopscience.iop.org\/article\/10.1088\/1748-9326\/ad059e.<\/a><\/li>\n<\/ol>\n\n\n\n<ol start=\"9\">\n<li>Programa das Na\u00e7\u00f5es Unidas para o Meio Ambiente (PNUMA). (n.d.). Carbon Markets<a href=\"https:\/\/www.unep.org\/topics\/climate-action\/climate-finance\/carbon-markets\" target=\"_blank\" rel=\"noreferrer noopener\">.<\/a> https:\/\/www.unep.org\/topics\/climate-action\/climate-finance\/carbon-markets. <\/li>\n<\/ol>\n\n\n\n<ol start=\"10\">\n<li>Amigos da Terra Internacional. (2021, outubro). Carbon Markets at the UNFCCC Cop26 and Article 6 [Mercados de carbono na UNFCCC Cop26 e Artigo 6]. Doreen Stabinsky.<a href=\"https:\/\/www.foei.org\/wp-content\/uploads\/2021\/11\/Carbon-Markets-COP26.pdf\"> <\/a>Retrieved from <a href=\"https:\/\/www.foei.org\/wp-content\/uploads\/2021\/11\/Carbon-Markets-COP26.pdf\" target=\"_blank\" rel=\"noreferrer noopener\">https:\/\/www.foei.org\/wp-content\/uploads\/2021\/11\/Carbon-Markets-COP26.pdf<\/a>. <\/li>\n<\/ol>\n\n\n\n<ol start=\"11\">\n<li>Vo, D. H., et al. (2021). Renewable energy and population growth for sustainable development in the Southeast Asian countries (Energia renov\u00e1vel e crescimento populacional para o desenvolvimento sustent\u00e1vel nos pa\u00edses do sudeste asi\u00e1tico). Energies, Sustainability and Society.<a href=\"https:\/\/energsustainsoc.biomedcentral.com\/articles\/10.1186\/s13705-021-00304-6\"> <\/a>Retrieved from <a href=\"https:\/\/energsustainsoc.biomedcentral.com\/articles\/10.1186\/s13705-021-00304-6\" target=\"_blank\" rel=\"noreferrer noopener\">https:\/\/energsustainsoc.biomedcentral.com\/articles\/10.1186\/s13705-021-00304-6<\/a><\/li>\n<\/ol>\n\n\n\n<ol start=\"12\">\n<li>Mudan\u00e7a clim\u00e1tica global da NASA: Vital Signs of the Planet (Sinais vitais do planeta). (n.d.). How Do We Know Climate Change Is Real? Recuperado de <a href=\"https:\/\/climate.nasa.gov\/evidence\/?n\" target=\"_blank\" rel=\"noreferrer noopener\"> https:\/\/climate.nasa.gov\/evidence\/?n<\/a><\/li>\n<\/ol>\n","protected":false},"excerpt":{"rendered":"<p> <!-- wp:paragraph --> <\/p>\n<p>Embarque em uma jornada transformadora por meio de nosso mais recente artigo de not\u00edcias, &#8220;Charting a Restorative Pathway&#8221;. Explore como esse artigo perspicaz navega pelas interse\u00e7\u00f5es de mudan\u00e7as clim\u00e1ticas, perda de biodiversidade e injusti\u00e7a social, oferecendo uma perspectiva profunda sobre a necessidade urgente de medidas restaurativas. Junte-se a n\u00f3s enquanto nos aprofundamos em solu\u00e7\u00f5es e discuss\u00f5es que preparam o caminho para um futuro sustent\u00e1vel. Mantenha-se informado, inspirado e envolvido no di\u00e1logo cr\u00edtico que envolve esses desafios globais urgentes.<\/p>\n<p><!-- \/wp:paragraph --><\/p>\n","protected":false},"author":1502,"featured_media":31956,"comment_status":"closed","ping_status":"open","sticky":false,"template":"","format":"standard","meta":{"_acf_changed":false,"_monsterinsights_skip_tracking":false,"_monsterinsights_sitenote_active":false,"_monsterinsights_sitenote_note":"","_monsterinsights_sitenote_category":0,"footnotes":""},"categories":[3095],"tags":[],"acf":[],"yoast_head":"<!-- This site is optimized with the Yoast SEO plugin v23.2 - https:\/\/yoast.com\/wordpress\/plugins\/seo\/ -->\n<title>Tra\u00e7ando um Caminho Restaurativo: A Transformative Journey to Address Climate Change, Biodiversity Loss, and Social Injustice (Uma jornada transformadora para lidar com as mudan\u00e7as clim\u00e1ticas, a perda de biodiversidade e a injusti\u00e7a social) &#8212; Sustainable Review<\/title>\n<meta name=\"robots\" content=\"index, follow, max-snippet:-1, max-image-preview:large, max-video-preview:-1\" \/>\n<link rel=\"canonical\" href=\"https:\/\/sustainablereview.com\/pt-br\/tracando-um-caminho-restaurativo-uma-jornada-transformadora-para-enfrentar-as-mudancas-climaticas-a-perda-de-biodiversidade-e-a-injustica-social\/\" \/>\n<meta property=\"og:locale\" content=\"pt_BR\" \/>\n<meta property=\"og:type\" content=\"article\" \/>\n<meta property=\"og:title\" content=\"Tra\u00e7ando um Caminho Restaurativo: A Transformative Journey to Address Climate Change, Biodiversity Loss, and Social Injustice (Uma jornada transformadora para lidar com as mudan\u00e7as clim\u00e1ticas, a perda de biodiversidade e a injusti\u00e7a social) &#8212; Sustainable Review\" \/>\n<meta property=\"og:description\" content=\"Embarque em uma jornada transformadora por meio de nosso mais recente artigo de not\u00edcias, &quot;Charting a Restorative Pathway&quot;. Explore como esse artigo perspicaz navega pelas interse\u00e7\u00f5es de mudan\u00e7as clim\u00e1ticas, perda de biodiversidade e injusti\u00e7a social, oferecendo uma perspectiva profunda sobre a necessidade urgente de medidas restaurativas. Junte-se a n\u00f3s enquanto nos aprofundamos em solu\u00e7\u00f5es e discuss\u00f5es que preparam o caminho para um futuro sustent\u00e1vel. Mantenha-se informado, inspirado e envolvido no di\u00e1logo cr\u00edtico que envolve esses desafios globais urgentes.\" \/>\n<meta property=\"og:url\" content=\"https:\/\/sustainablereview.com\/pt-br\/tracando-um-caminho-restaurativo-uma-jornada-transformadora-para-enfrentar-as-mudancas-climaticas-a-perda-de-biodiversidade-e-a-injustica-social\/\" \/>\n<meta property=\"og:site_name\" content=\"Sustainable Review\" \/>\n<meta property=\"article:published_time\" content=\"2024-01-13T22:13:33+00:00\" \/>\n<meta property=\"article:modified_time\" content=\"2024-08-10T16:52:45+00:00\" \/>\n<meta property=\"og:image\" content=\"https:\/\/sustainablereview.com\/wp-content\/uploads\/2024\/01\/markus-spiske-TknRspuNTJs-unsplash.jpg\" \/>\n\t<meta property=\"og:image:width\" content=\"1920\" \/>\n\t<meta property=\"og:image:height\" content=\"1280\" \/>\n\t<meta property=\"og:image:type\" content=\"image\/jpeg\" \/>\n<meta name=\"author\" content=\"Raf Chomsky\" \/>\n<meta name=\"twitter:card\" content=\"summary_large_image\" \/>\n<meta name=\"twitter:creator\" content=\"@sustainreview\" \/>\n<meta name=\"twitter:site\" content=\"@sustainreview\" \/>\n<meta name=\"twitter:label1\" content=\"Escrito por\" \/>\n\t<meta name=\"twitter:data1\" content=\"Raf Chomsky\" \/>\n\t<meta name=\"twitter:label2\" content=\"Est. tempo de leitura\" \/>\n\t<meta name=\"twitter:data2\" content=\"8 minutos\" \/>\n<script type=\"application\/ld+json\" class=\"yoast-schema-graph\">{\"@context\":\"https:\/\/schema.org\",\"@graph\":[{\"@type\":\"Article\",\"@id\":\"https:\/\/sustainablereview.com\/pt-br\/tracando-um-caminho-restaurativo-uma-jornada-transformadora-para-enfrentar-as-mudancas-climaticas-a-perda-de-biodiversidade-e-a-injustica-social\/#article\",\"isPartOf\":{\"@id\":\"https:\/\/sustainablereview.com\/pt-br\/tracando-um-caminho-restaurativo-uma-jornada-transformadora-para-enfrentar-as-mudancas-climaticas-a-perda-de-biodiversidade-e-a-injustica-social\/\"},\"author\":{\"name\":\"Raf Chomsky\",\"@id\":\"https:\/\/sustainablereview.com\/pt-br\/#\/schema\/person\/85320f9ca6ed105ac24fd5721a2ce339\"},\"headline\":\"Tra\u00e7ando um Caminho Restaurativo: A Transformative Journey to Address Climate Change, Biodiversity Loss, and Social Injustice (Uma jornada transformadora para lidar com as mudan\u00e7as clim\u00e1ticas, a perda de biodiversidade e a injusti\u00e7a social)\",\"datePublished\":\"2024-01-13T22:13:33+00:00\",\"dateModified\":\"2024-08-10T16:52:45+00:00\",\"mainEntityOfPage\":{\"@id\":\"https:\/\/sustainablereview.com\/pt-br\/tracando-um-caminho-restaurativo-uma-jornada-transformadora-para-enfrentar-as-mudancas-climaticas-a-perda-de-biodiversidade-e-a-injustica-social\/\"},\"wordCount\":1547,\"publisher\":{\"@id\":\"https:\/\/sustainablereview.com\/pt-br\/#organization\"},\"image\":{\"@id\":\"https:\/\/sustainablereview.com\/pt-br\/tracando-um-caminho-restaurativo-uma-jornada-transformadora-para-enfrentar-as-mudancas-climaticas-a-perda-de-biodiversidade-e-a-injustica-social\/#primaryimage\"},\"thumbnailUrl\":\"https:\/\/sustainablereview.com\/wp-content\/uploads\/2024\/01\/markus-spiske-TknRspuNTJs-unsplash.jpg\",\"articleSection\":[\"Not\u00edcias\"],\"inLanguage\":\"pt-BR\"},{\"@type\":\"WebPage\",\"@id\":\"https:\/\/sustainablereview.com\/pt-br\/tracando-um-caminho-restaurativo-uma-jornada-transformadora-para-enfrentar-as-mudancas-climaticas-a-perda-de-biodiversidade-e-a-injustica-social\/\",\"url\":\"https:\/\/sustainablereview.com\/pt-br\/tracando-um-caminho-restaurativo-uma-jornada-transformadora-para-enfrentar-as-mudancas-climaticas-a-perda-de-biodiversidade-e-a-injustica-social\/\",\"name\":\"Tra\u00e7ando um Caminho Restaurativo: A Transformative Journey to Address Climate Change, Biodiversity Loss, and Social Injustice (Uma jornada transformadora para lidar com as mudan\u00e7as clim\u00e1ticas, a perda de biodiversidade e a injusti\u00e7a social) &#8212; Sustainable Review\",\"isPartOf\":{\"@id\":\"https:\/\/sustainablereview.com\/pt-br\/#website\"},\"primaryImageOfPage\":{\"@id\":\"https:\/\/sustainablereview.com\/pt-br\/tracando-um-caminho-restaurativo-uma-jornada-transformadora-para-enfrentar-as-mudancas-climaticas-a-perda-de-biodiversidade-e-a-injustica-social\/#primaryimage\"},\"image\":{\"@id\":\"https:\/\/sustainablereview.com\/pt-br\/tracando-um-caminho-restaurativo-uma-jornada-transformadora-para-enfrentar-as-mudancas-climaticas-a-perda-de-biodiversidade-e-a-injustica-social\/#primaryimage\"},\"thumbnailUrl\":\"https:\/\/sustainablereview.com\/wp-content\/uploads\/2024\/01\/markus-spiske-TknRspuNTJs-unsplash.jpg\",\"datePublished\":\"2024-01-13T22:13:33+00:00\",\"dateModified\":\"2024-08-10T16:52:45+00:00\",\"breadcrumb\":{\"@id\":\"https:\/\/sustainablereview.com\/pt-br\/tracando-um-caminho-restaurativo-uma-jornada-transformadora-para-enfrentar-as-mudancas-climaticas-a-perda-de-biodiversidade-e-a-injustica-social\/#breadcrumb\"},\"inLanguage\":\"pt-BR\",\"potentialAction\":[{\"@type\":\"ReadAction\",\"target\":[\"https:\/\/sustainablereview.com\/pt-br\/tracando-um-caminho-restaurativo-uma-jornada-transformadora-para-enfrentar-as-mudancas-climaticas-a-perda-de-biodiversidade-e-a-injustica-social\/\"]}]},{\"@type\":\"ImageObject\",\"inLanguage\":\"pt-BR\",\"@id\":\"https:\/\/sustainablereview.com\/pt-br\/tracando-um-caminho-restaurativo-uma-jornada-transformadora-para-enfrentar-as-mudancas-climaticas-a-perda-de-biodiversidade-e-a-injustica-social\/#primaryimage\",\"url\":\"https:\/\/sustainablereview.com\/wp-content\/uploads\/2024\/01\/markus-spiske-TknRspuNTJs-unsplash.jpg\",\"contentUrl\":\"https:\/\/sustainablereview.com\/wp-content\/uploads\/2024\/01\/markus-spiske-TknRspuNTJs-unsplash.jpg\",\"width\":1920,\"height\":1280,\"caption\":\"THERE IS NO PLANET B. Global climate change protest demonstration strike\"},{\"@type\":\"BreadcrumbList\",\"@id\":\"https:\/\/sustainablereview.com\/pt-br\/tracando-um-caminho-restaurativo-uma-jornada-transformadora-para-enfrentar-as-mudancas-climaticas-a-perda-de-biodiversidade-e-a-injustica-social\/#breadcrumb\",\"itemListElement\":[{\"@type\":\"ListItem\",\"position\":1,\"name\":\"In\u00edcio\",\"item\":\"https:\/\/sustainablereview.com\/pt-br\/inicio\/\"},{\"@type\":\"ListItem\",\"position\":2,\"name\":\"Tra\u00e7ando um Caminho Restaurativo: A Transformative Journey to Address Climate Change, Biodiversity Loss, and Social Injustice (Uma jornada transformadora para lidar com as mudan\u00e7as clim\u00e1ticas, a perda de biodiversidade e a injusti\u00e7a social)\"}]},{\"@type\":\"WebSite\",\"@id\":\"https:\/\/sustainablereview.com\/pt-br\/#website\",\"url\":\"https:\/\/sustainablereview.com\/pt-br\/\",\"name\":\"Sustainable Review\",\"description\":\"Let us do the &#039;Green-splaining&#039;\",\"publisher\":{\"@id\":\"https:\/\/sustainablereview.com\/pt-br\/#organization\"},\"potentialAction\":[{\"@type\":\"SearchAction\",\"target\":{\"@type\":\"EntryPoint\",\"urlTemplate\":\"https:\/\/sustainablereview.com\/pt-br\/?s={search_term_string}\"},\"query-input\":\"required name=search_term_string\"}],\"inLanguage\":\"pt-BR\"},{\"@type\":\"Organization\",\"@id\":\"https:\/\/sustainablereview.com\/pt-br\/#organization\",\"name\":\"Sustainable Review\",\"url\":\"https:\/\/sustainablereview.com\/pt-br\/\",\"logo\":{\"@type\":\"ImageObject\",\"inLanguage\":\"pt-BR\",\"@id\":\"https:\/\/sustainablereview.com\/pt-br\/#\/schema\/logo\/image\/\",\"url\":\"https:\/\/sustainablereview.com\/wp-content\/uploads\/2020\/06\/static1.squarespace.png\",\"contentUrl\":\"https:\/\/sustainablereview.com\/wp-content\/uploads\/2020\/06\/static1.squarespace.png\",\"width\":800,\"height\":800,\"caption\":\"Sustainable Review\"},\"image\":{\"@id\":\"https:\/\/sustainablereview.com\/pt-br\/#\/schema\/logo\/image\/\"},\"sameAs\":[\"https:\/\/x.com\/sustainreview\"]},{\"@type\":\"Person\",\"@id\":\"https:\/\/sustainablereview.com\/pt-br\/#\/schema\/person\/85320f9ca6ed105ac24fd5721a2ce339\",\"name\":\"Raf Chomsky\",\"image\":{\"@type\":\"ImageObject\",\"inLanguage\":\"pt-BR\",\"@id\":\"https:\/\/sustainablereview.com\/pt-br\/#\/schema\/person\/image\/\",\"url\":\"https:\/\/sustainablereview.com\/wp-content\/litespeed\/avatar\/ad8c67d6aa8afe7c0a7adebd55367f9e.jpg?ver=1777430820\",\"contentUrl\":\"https:\/\/sustainablereview.com\/wp-content\/litespeed\/avatar\/ad8c67d6aa8afe7c0a7adebd55367f9e.jpg?ver=1777430820\",\"caption\":\"Raf Chomsky\"},\"description\":\"Dedicated author deeply engaged in sustainability issues. My writing focuses on practical, impactful solutions and communicates the urgency of environmental responsibility. With a commitment to raising awareness, I aim to inform and inspire readers to embrace sustainable practices in their daily lives.\",\"sameAs\":[\"https:\/\/sustainablereview.com\/\"],\"url\":\"https:\/\/sustainablereview.com\/pt-br\/author\/nonagency\/\"}]}<\/script>\n<!-- \/ Yoast SEO plugin. -->","yoast_head_json":{"title":"Tra\u00e7ando um Caminho Restaurativo: A Transformative Journey to Address Climate Change, Biodiversity Loss, and Social Injustice (Uma jornada transformadora para lidar com as mudan\u00e7as clim\u00e1ticas, a perda de biodiversidade e a injusti\u00e7a social) &#8212; Sustainable Review","robots":{"index":"index","follow":"follow","max-snippet":"max-snippet:-1","max-image-preview":"max-image-preview:large","max-video-preview":"max-video-preview:-1"},"canonical":"https:\/\/sustainablereview.com\/pt-br\/tracando-um-caminho-restaurativo-uma-jornada-transformadora-para-enfrentar-as-mudancas-climaticas-a-perda-de-biodiversidade-e-a-injustica-social\/","og_locale":"pt_BR","og_type":"article","og_title":"Tra\u00e7ando um Caminho Restaurativo: A Transformative Journey to Address Climate Change, Biodiversity Loss, and Social Injustice (Uma jornada transformadora para lidar com as mudan\u00e7as clim\u00e1ticas, a perda de biodiversidade e a injusti\u00e7a social) &#8212; Sustainable Review","og_description":"Embarque em uma jornada transformadora por meio de nosso mais recente artigo de not\u00edcias, \"Charting a Restorative Pathway\". Explore como esse artigo perspicaz navega pelas interse\u00e7\u00f5es de mudan\u00e7as clim\u00e1ticas, perda de biodiversidade e injusti\u00e7a social, oferecendo uma perspectiva profunda sobre a necessidade urgente de medidas restaurativas. Junte-se a n\u00f3s enquanto nos aprofundamos em solu\u00e7\u00f5es e discuss\u00f5es que preparam o caminho para um futuro sustent\u00e1vel. Mantenha-se informado, inspirado e envolvido no di\u00e1logo cr\u00edtico que envolve esses desafios globais urgentes.","og_url":"https:\/\/sustainablereview.com\/pt-br\/tracando-um-caminho-restaurativo-uma-jornada-transformadora-para-enfrentar-as-mudancas-climaticas-a-perda-de-biodiversidade-e-a-injustica-social\/","og_site_name":"Sustainable Review","article_published_time":"2024-01-13T22:13:33+00:00","article_modified_time":"2024-08-10T16:52:45+00:00","og_image":[{"width":1920,"height":1280,"url":"https:\/\/sustainablereview.com\/wp-content\/uploads\/2024\/01\/markus-spiske-TknRspuNTJs-unsplash.jpg","type":"image\/jpeg"}],"author":"Raf Chomsky","twitter_card":"summary_large_image","twitter_creator":"@sustainreview","twitter_site":"@sustainreview","twitter_misc":{"Escrito por":"Raf Chomsky","Est. tempo de leitura":"8 minutos"},"schema":{"@context":"https:\/\/schema.org","@graph":[{"@type":"Article","@id":"https:\/\/sustainablereview.com\/pt-br\/tracando-um-caminho-restaurativo-uma-jornada-transformadora-para-enfrentar-as-mudancas-climaticas-a-perda-de-biodiversidade-e-a-injustica-social\/#article","isPartOf":{"@id":"https:\/\/sustainablereview.com\/pt-br\/tracando-um-caminho-restaurativo-uma-jornada-transformadora-para-enfrentar-as-mudancas-climaticas-a-perda-de-biodiversidade-e-a-injustica-social\/"},"author":{"name":"Raf Chomsky","@id":"https:\/\/sustainablereview.com\/pt-br\/#\/schema\/person\/85320f9ca6ed105ac24fd5721a2ce339"},"headline":"Tra\u00e7ando um Caminho Restaurativo: A Transformative Journey to Address Climate Change, Biodiversity Loss, and Social Injustice (Uma jornada transformadora para lidar com as mudan\u00e7as clim\u00e1ticas, a perda de biodiversidade e a injusti\u00e7a social)","datePublished":"2024-01-13T22:13:33+00:00","dateModified":"2024-08-10T16:52:45+00:00","mainEntityOfPage":{"@id":"https:\/\/sustainablereview.com\/pt-br\/tracando-um-caminho-restaurativo-uma-jornada-transformadora-para-enfrentar-as-mudancas-climaticas-a-perda-de-biodiversidade-e-a-injustica-social\/"},"wordCount":1547,"publisher":{"@id":"https:\/\/sustainablereview.com\/pt-br\/#organization"},"image":{"@id":"https:\/\/sustainablereview.com\/pt-br\/tracando-um-caminho-restaurativo-uma-jornada-transformadora-para-enfrentar-as-mudancas-climaticas-a-perda-de-biodiversidade-e-a-injustica-social\/#primaryimage"},"thumbnailUrl":"https:\/\/sustainablereview.com\/wp-content\/uploads\/2024\/01\/markus-spiske-TknRspuNTJs-unsplash.jpg","articleSection":["Not\u00edcias"],"inLanguage":"pt-BR"},{"@type":"WebPage","@id":"https:\/\/sustainablereview.com\/pt-br\/tracando-um-caminho-restaurativo-uma-jornada-transformadora-para-enfrentar-as-mudancas-climaticas-a-perda-de-biodiversidade-e-a-injustica-social\/","url":"https:\/\/sustainablereview.com\/pt-br\/tracando-um-caminho-restaurativo-uma-jornada-transformadora-para-enfrentar-as-mudancas-climaticas-a-perda-de-biodiversidade-e-a-injustica-social\/","name":"Tra\u00e7ando um Caminho Restaurativo: A Transformative Journey to Address Climate Change, Biodiversity Loss, and Social Injustice (Uma jornada transformadora para lidar com as mudan\u00e7as clim\u00e1ticas, a perda de biodiversidade e a injusti\u00e7a social) &#8212; Sustainable Review","isPartOf":{"@id":"https:\/\/sustainablereview.com\/pt-br\/#website"},"primaryImageOfPage":{"@id":"https:\/\/sustainablereview.com\/pt-br\/tracando-um-caminho-restaurativo-uma-jornada-transformadora-para-enfrentar-as-mudancas-climaticas-a-perda-de-biodiversidade-e-a-injustica-social\/#primaryimage"},"image":{"@id":"https:\/\/sustainablereview.com\/pt-br\/tracando-um-caminho-restaurativo-uma-jornada-transformadora-para-enfrentar-as-mudancas-climaticas-a-perda-de-biodiversidade-e-a-injustica-social\/#primaryimage"},"thumbnailUrl":"https:\/\/sustainablereview.com\/wp-content\/uploads\/2024\/01\/markus-spiske-TknRspuNTJs-unsplash.jpg","datePublished":"2024-01-13T22:13:33+00:00","dateModified":"2024-08-10T16:52:45+00:00","breadcrumb":{"@id":"https:\/\/sustainablereview.com\/pt-br\/tracando-um-caminho-restaurativo-uma-jornada-transformadora-para-enfrentar-as-mudancas-climaticas-a-perda-de-biodiversidade-e-a-injustica-social\/#breadcrumb"},"inLanguage":"pt-BR","potentialAction":[{"@type":"ReadAction","target":["https:\/\/sustainablereview.com\/pt-br\/tracando-um-caminho-restaurativo-uma-jornada-transformadora-para-enfrentar-as-mudancas-climaticas-a-perda-de-biodiversidade-e-a-injustica-social\/"]}]},{"@type":"ImageObject","inLanguage":"pt-BR","@id":"https:\/\/sustainablereview.com\/pt-br\/tracando-um-caminho-restaurativo-uma-jornada-transformadora-para-enfrentar-as-mudancas-climaticas-a-perda-de-biodiversidade-e-a-injustica-social\/#primaryimage","url":"https:\/\/sustainablereview.com\/wp-content\/uploads\/2024\/01\/markus-spiske-TknRspuNTJs-unsplash.jpg","contentUrl":"https:\/\/sustainablereview.com\/wp-content\/uploads\/2024\/01\/markus-spiske-TknRspuNTJs-unsplash.jpg","width":1920,"height":1280,"caption":"THERE IS NO PLANET B. Global climate change protest demonstration strike"},{"@type":"BreadcrumbList","@id":"https:\/\/sustainablereview.com\/pt-br\/tracando-um-caminho-restaurativo-uma-jornada-transformadora-para-enfrentar-as-mudancas-climaticas-a-perda-de-biodiversidade-e-a-injustica-social\/#breadcrumb","itemListElement":[{"@type":"ListItem","position":1,"name":"In\u00edcio","item":"https:\/\/sustainablereview.com\/pt-br\/inicio\/"},{"@type":"ListItem","position":2,"name":"Tra\u00e7ando um Caminho Restaurativo: A Transformative Journey to Address Climate Change, Biodiversity Loss, and Social Injustice (Uma jornada transformadora para lidar com as mudan\u00e7as clim\u00e1ticas, a perda de biodiversidade e a injusti\u00e7a social)"}]},{"@type":"WebSite","@id":"https:\/\/sustainablereview.com\/pt-br\/#website","url":"https:\/\/sustainablereview.com\/pt-br\/","name":"Sustainable Review","description":"Let us do the &#039;Green-splaining&#039;","publisher":{"@id":"https:\/\/sustainablereview.com\/pt-br\/#organization"},"potentialAction":[{"@type":"SearchAction","target":{"@type":"EntryPoint","urlTemplate":"https:\/\/sustainablereview.com\/pt-br\/?s={search_term_string}"},"query-input":"required name=search_term_string"}],"inLanguage":"pt-BR"},{"@type":"Organization","@id":"https:\/\/sustainablereview.com\/pt-br\/#organization","name":"Sustainable Review","url":"https:\/\/sustainablereview.com\/pt-br\/","logo":{"@type":"ImageObject","inLanguage":"pt-BR","@id":"https:\/\/sustainablereview.com\/pt-br\/#\/schema\/logo\/image\/","url":"https:\/\/sustainablereview.com\/wp-content\/uploads\/2020\/06\/static1.squarespace.png","contentUrl":"https:\/\/sustainablereview.com\/wp-content\/uploads\/2020\/06\/static1.squarespace.png","width":800,"height":800,"caption":"Sustainable Review"},"image":{"@id":"https:\/\/sustainablereview.com\/pt-br\/#\/schema\/logo\/image\/"},"sameAs":["https:\/\/x.com\/sustainreview"]},{"@type":"Person","@id":"https:\/\/sustainablereview.com\/pt-br\/#\/schema\/person\/85320f9ca6ed105ac24fd5721a2ce339","name":"Raf Chomsky","image":{"@type":"ImageObject","inLanguage":"pt-BR","@id":"https:\/\/sustainablereview.com\/pt-br\/#\/schema\/person\/image\/","url":"https:\/\/sustainablereview.com\/wp-content\/litespeed\/avatar\/ad8c67d6aa8afe7c0a7adebd55367f9e.jpg?ver=1777430820","contentUrl":"https:\/\/sustainablereview.com\/wp-content\/litespeed\/avatar\/ad8c67d6aa8afe7c0a7adebd55367f9e.jpg?ver=1777430820","caption":"Raf Chomsky"},"description":"Dedicated author deeply engaged in sustainability issues. My writing focuses on practical, impactful solutions and communicates the urgency of environmental responsibility. With a commitment to raising awareness, I aim to inform and inspire readers to embrace sustainable practices in their daily lives.","sameAs":["https:\/\/sustainablereview.com\/"],"url":"https:\/\/sustainablereview.com\/pt-br\/author\/nonagency\/"}]}},"wpml_translations":{"en":"31954","pl":"60387","pt-br":"39082"},"_links":{"self":[{"href":"https:\/\/sustainablereview.com\/pt-br\/wp-json\/wp\/v2\/posts\/39082"}],"collection":[{"href":"https:\/\/sustainablereview.com\/pt-br\/wp-json\/wp\/v2\/posts"}],"about":[{"href":"https:\/\/sustainablereview.com\/pt-br\/wp-json\/wp\/v2\/types\/post"}],"author":[{"embeddable":true,"href":"https:\/\/sustainablereview.com\/pt-br\/wp-json\/wp\/v2\/users\/1502"}],"replies":[{"embeddable":true,"href":"https:\/\/sustainablereview.com\/pt-br\/wp-json\/wp\/v2\/comments?post=39082"}],"version-history":[{"count":1,"href":"https:\/\/sustainablereview.com\/pt-br\/wp-json\/wp\/v2\/posts\/39082\/revisions"}],"predecessor-version":[{"id":39594,"href":"https:\/\/sustainablereview.com\/pt-br\/wp-json\/wp\/v2\/posts\/39082\/revisions\/39594"}],"wp:featuredmedia":[{"embeddable":true,"href":"https:\/\/sustainablereview.com\/pt-br\/wp-json\/wp\/v2\/media\/31956"}],"wp:attachment":[{"href":"https:\/\/sustainablereview.com\/pt-br\/wp-json\/wp\/v2\/media?parent=39082"}],"wp:term":[{"taxonomy":"category","embeddable":true,"href":"https:\/\/sustainablereview.com\/pt-br\/wp-json\/wp\/v2\/categories?post=39082"},{"taxonomy":"post_tag","embeddable":true,"href":"https:\/\/sustainablereview.com\/pt-br\/wp-json\/wp\/v2\/tags?post=39082"}],"curies":[{"name":"wp","href":"https:\/\/api.w.org\/{rel}","templated":true}]}}