{"id":39084,"date":"2024-01-05T07:49:03","date_gmt":"2024-01-05T12:49:03","guid":{"rendered":"https:\/\/sustainablereview.com\/?p=39084"},"modified":"2024-08-10T12:52:50","modified_gmt":"2024-08-10T16:52:50","slug":"desafios-evolutivos-para-lidar-com-as-mudancas-climaticas","status":"publish","type":"post","link":"https:\/\/sustainablereview.com\/pt-br\/desafios-evolutivos-para-lidar-com-as-mudancas-climaticas\/","title":{"rendered":"Desafios evolutivos para lidar com as mudan\u00e7as clim\u00e1ticas"},"content":{"rendered":"\t\t<div data-elementor-type=\"wp-post\" data-elementor-id=\"39084\" class=\"elementor elementor-39084 elementor-31778\" data-elementor-post-type=\"post\">\n\t\t\t\t\t\t<section class=\"has_eae_slider elementor-section elementor-top-section elementor-element elementor-element-4f8569e9 elementor-section-boxed elementor-section-height-default elementor-section-height-default\" data-id=\"4f8569e9\" data-element_type=\"section\">\n\t\t\t\t\t\t<div class=\"elementor-container elementor-column-gap-default\">\n\t\t\t\t\t<div class=\"has_eae_slider elementor-column elementor-col-100 elementor-top-column elementor-element elementor-element-2b1d1c\" data-id=\"2b1d1c\" data-element_type=\"column\">\n\t\t\t<div class=\"elementor-widget-wrap elementor-element-populated\">\n\t\t\t\t\t\t<div class=\"elementor-element elementor-element-2e1c582 elementor-widget elementor-widget-text-editor\" data-id=\"2e1c582\" data-element_type=\"widget\" data-widget_type=\"text-editor.default\">\n\t\t\t\t<div class=\"elementor-widget-container\">\n\t\t\t\t\t\t\t\n<p><a href=\"https:\/\/education.nationalgeographic.org\/resource\/climate-change\/\" target=\"_blank\" rel=\"noreferrer noopener\">Climate change<\/a>, a pressing global threat, requires coordinated efforts and innovative solutions. However, a recent study by the University of Maine suggests that our evolution, which enabled human dominance on Earth, might pose challenges to effectively addressing climate change.<\/p>\n\n<h2><strong>Evolutionary Influence on Environmental Adaptation<\/strong><\/h2>\n\n<p>Published in <a href=\"https:\/\/royalsocietypublishing.org\/doi\/10.1098\/rstb.2022.0259\" target=\"_blank\" rel=\"noreferrer noopener\">Philosophical Transactions of the Royal Society B<\/a>, the study explores the historical impact of human evolution on the usage of environmental resources. It aims to understand how cultural adaptation processes that allow us to thrive and expand globally may counteract our efforts to combat modern ecological challenges.<\/p>\n\n<h3><strong>Human Expansion Over Time<\/strong><\/h3>\n\n<p>The research begins by examining the changing dynamics of human societies over the past 100,000 years. During this period, human groups evolved to progressively use resources more intensively, leading to more significant environmental impacts. This expansion was facilitated by <a href=\"https:\/\/umaine.edu\/news\/blog\/2023\/10\/30\/umaine-uvm-researchers-conduct-first-ever-study-of-cultural-adaptation-to-climate-change\/\" target=\"_blank\" rel=\"noreferrer noopener\">cultural adaptations<\/a>, accumulating traits that allowed humans to exploit and control environmental resources effectively.<\/p>\n\n<h2><strong>What is Cultural Adaptation?<\/strong><\/h2>\n\n<p>Cultural adaptation is the ability of humans and societies to adjust their culture in response to changes in the environment, whether natural or social. The extent of these cultural changes can range from minor adjustments in daily activities to significant transformations in various aspects like social, ethnic, psychological, and ideological elements, depending on the magnitude of environmental changes.<\/p>\n\n<p>To learn more, watch this cultural adaptation cycle:\u00a0<\/p>\n\n<p><iframe title=\"YouTube video player\" src=\"https:\/\/www.youtube.com\/embed\/g-ef-xhC_bU?si=TxptzsvZqCpaATR8\" width=\"560\" height=\"315\" frameborder=\"0\" allowfullscreen=\"allowfullscreen\"><\/iframe><\/p>\n\n<h3><strong>Contemporary Environmental Challenges<\/strong><\/h3>\n\n<p>However, as we reach the limits of the biosphere and face crises induced by industrial activities such as the use of fossil fuels, the very adaptations that once fueled our expansion are now contributing to threats against vital resources and overall safety.<\/p>\n\n<h3><strong>Sustainable Systems Emergence<\/strong><\/h3>\n\n<p>The study delves into the emergence of sustainable systems, revealing a nuanced picture. Sustainable systems often arise after groups struggle or fail to maintain their resources.\u00a0<\/p>\n\n<p>This observation parallels historical instances, such as the U.S. regulating industrial emissions after recognizing the environmental impact of acid rain. Sustainable systems tend to address problems within existing societies, requiring regional cooperation and cultural evolution.<\/p>\n\n<p>The <a href=\"https:\/\/www.epa.gov\/acidrain\/acid-rain-program\" target=\"_blank\" rel=\"noreferrer noopener\">Acid Rain Program<\/a> (ARP) mandates significant cuts in sulfur dioxide (SO2) and nitrogen oxides (NOx) from power plants to curb acid rain. The SO2 program imposes a permanent cap on total emissions, reaching 8.95 million tons by 2010, halving 1980 levels.\u00a0<\/p>\n\n<p>NOx reductions employ a rate-based system. The ARP, launched in 1995, significantly cut emissions, using market-based incentives for flexibility and effectiveness. This pioneering cap and trade program set a precedent for reducing pollution and achieving environmental goals.<\/p>\n\t\t\t\t\t\t<\/div>\n\t\t\t\t<\/div>\n\t\t\t\t\t<\/div>\n\t\t<\/div>\n\t\t\t\t\t<\/div>\n\t\t<\/section>\n\t\t\t\t<section class=\"has_eae_slider elementor-section elementor-top-section elementor-element elementor-element-b27d747 elementor-section-boxed elementor-section-height-default elementor-section-height-default\" data-id=\"b27d747\" data-element_type=\"section\">\n\t\t\t\t\t\t<div class=\"elementor-container elementor-column-gap-default\">\n\t\t\t\t\t<div class=\"has_eae_slider elementor-column elementor-col-100 elementor-top-column elementor-element elementor-element-177e04c\" data-id=\"177e04c\" data-element_type=\"column\">\n\t\t\t<div class=\"elementor-widget-wrap elementor-element-populated\">\n\t\t\t\t\t\t<div class=\"elementor-element elementor-element-a93534a elementor-widget elementor-widget-spacer\" data-id=\"a93534a\" data-element_type=\"widget\" data-widget_type=\"spacer.default\">\n\t\t\t\t<div class=\"elementor-widget-container\">\n\t\t\t\t\t<div class=\"elementor-spacer\">\n\t\t\t<div class=\"elementor-spacer-inner\"><\/div>\n\t\t<\/div>\n\t\t\t\t<\/div>\n\t\t\t\t<\/div>\n\t\t\t\t\t<\/div>\n\t\t<\/div>\n\t\t\t\t\t<\/div>\n\t\t<\/section>\n\t\t\t\t<section class=\"has_eae_slider elementor-section elementor-top-section elementor-element elementor-element-5a20f6b0 elementor-section-boxed elementor-section-height-default elementor-section-height-default\" data-id=\"5a20f6b0\" data-element_type=\"section\">\n\t\t\t\t\t\t<div class=\"elementor-container elementor-column-gap-default\">\n\t\t\t\t\t<div class=\"has_eae_slider elementor-column elementor-col-100 elementor-top-column elementor-element elementor-element-499dd47e\" data-id=\"499dd47e\" data-element_type=\"column\">\n\t\t\t<div class=\"elementor-widget-wrap elementor-element-populated\">\n\t\t\t\t\t\t<div class=\"elementor-element elementor-element-2a0f7c3 elementor-widget elementor-widget-heading\" data-id=\"2a0f7c3\" data-element_type=\"widget\" data-widget_type=\"heading.default\">\n\t\t\t\t<div class=\"elementor-widget-container\">\n\t\t\t<h2 class=\"elementor-heading-title elementor-size-default\">Your Weekly Sustainability News!<\/h2>\t\t<\/div>\n\t\t\t\t<\/div>\n\t\t\t\t<div class=\"elementor-element elementor-element-2ed947c4 elementor-widget elementor-widget-jet-popup-mailchimp\" data-id=\"2ed947c4\" data-element_type=\"widget\" data-widget_type=\"jet-popup-mailchimp.default\">\n\t\t\t\t<div class=\"elementor-widget-container\">\n\t\t\t<div class=\"elementor-jet-popup-mailchimp jet-popup-addons\"><div class=\"jet-popup-mailchimp\" data-settings=\"{&quot;redirect&quot;:false,&quot;redirect_url&quot;:&quot;#&quot;,&quot;target_list_id&quot;:&quot;0060c16ac6&quot;,&quot;close_popup_when_success&quot;:true}\">\n\t\t\t<form method=\"POST\" action=\"#\" class=\"jet-popup-mailchimp__form\">\n\t\t\t\t<div class=\"jet-popup-mailchimp__inner\">\n\t\t\t\t\t<div class=\"jet-popup-mailchimp__field-container\" data-column=\"75\" data-column-tablet=\"\" data-column-mobile=\"\"><input id=\"jet-popup-mailchimp-mail-2ed947c4\" class=\"jet-popup-mailchimp__field jet-popup-mailchimp__input jet-popup-mailchimp__mail-field\" type=\"email\" name=\"email\" placeholder=\"Enter your email\" data-instance-data=\"[]\">\n\t\t\t\t\t<\/div>\n\n\t\t\t\t\t\t\t\t\t\t<div class=\"jet-popup-mailchimp__field-container jet-popup-mailchimp__submit-container\">\n\t\t\t\t\t\t<a class=\"jet-popup-mailchimp__submit elementor-button elementor-size-md\" href=\"#\"><span class=\"jet-popup-mailchimp__submit-text\">Subscribe<\/span><\/a>\t\t\t\t\t<\/div>\n\t\t\t\t<\/div>\n\t\t\t\t<div class=\"jet-popup-mailchimp__message\"><div class=\"jet-popup-mailchimp__message-inner\"><span><\/span><\/div><\/div>\n\t\t\t<\/form>\n\t\t<\/div><\/div>\t\t<\/div>\n\t\t\t\t<\/div>\n\t\t\t\t<div class=\"elementor-element elementor-element-ee337a7 elementor-widget elementor-widget-text-editor\" data-id=\"ee337a7\" data-element_type=\"widget\" data-widget_type=\"text-editor.default\">\n\t\t\t\t<div class=\"elementor-widget-container\">\n\t\t\t\t\t\t\t<p>By subscribing you agree to our Privacy Policy<\/p>\t\t\t\t\t\t<\/div>\n\t\t\t\t<\/div>\n\t\t\t\t\t<\/div>\n\t\t<\/div>\n\t\t\t\t\t<\/div>\n\t\t<\/section>\n\t\t\t\t<section class=\"has_eae_slider elementor-section elementor-top-section elementor-element elementor-element-c808bc5 elementor-section-boxed elementor-section-height-default elementor-section-height-default\" data-id=\"c808bc5\" data-element_type=\"section\">\n\t\t\t\t\t\t<div class=\"elementor-container elementor-column-gap-default\">\n\t\t\t\t\t<div class=\"has_eae_slider elementor-column elementor-col-100 elementor-top-column elementor-element elementor-element-ace6f32\" data-id=\"ace6f32\" data-element_type=\"column\">\n\t\t\t<div class=\"elementor-widget-wrap elementor-element-populated\">\n\t\t\t\t\t\t<div class=\"elementor-element elementor-element-6218acb elementor-widget elementor-widget-text-editor\" data-id=\"6218acb\" data-element_type=\"widget\" data-widget_type=\"text-editor.default\">\n\t\t\t\t<div class=\"elementor-widget-container\">\n\t\t\t\t\t\t\t<h3><strong>Implications for Climate Change Solutions<\/strong><\/h3>\n<p><\/p>\n<p>The study&#8217;s crucial insights relate to the challenges of solving global issues like climate change. Effective solutions demand global cooperation and innovative systems surpassing frameworks like the Paris Agreement. However, the study highlights two significant challenges:<\/p>\n<p><\/p>\n<ol>\n<li><strong>Lack of Coordinated Global Society: <\/strong>The absence of a globally coordinated society is a notable obstacle. Current structures mainly consist of sub-global groups, which might fall short of adequately addressing global challenges.<\/li>\n<\/ol>\n<p><\/p>\n<ol start=\"2\">\n<li><strong>Prioritization of Sub-global Interests: <\/strong>Sub-global groups like nations and corporations may prioritize their interests over collective global priorities. This could lead to resource competition and even conflicts between groups, hindering effective responses to climate change.<\/li>\n<\/ol>\n<p><\/p>\n<h3><strong>Future Considerations<\/strong><\/h3>\n<p><\/p>\n<p>The research suggests the need for extensive investigations into the drivers of cultural evolution. Understanding these drivers can potentially lead to strategies to mitigate global environmental competition.\u00a0<\/p>\n<p><\/p>\n<p>While the study offers valuable insights, it also underscores the complexity of humanity&#8217;s evolutionary history and its challenges in navigating contemporary global issues.<\/p>\n<p><\/p>\n<h2><strong>Conclusion<\/strong><\/h2>\n<p><\/p>\n<p>In concluding the study, the researchers emphasize the unique challenges posed by human evolution in building cooperative global governance. Policymakers and researchers are urged to approach global solutions with a clear understanding of these complexities.\u00a0<\/p>\n<p><\/p>\n<p>The study leaves open-ended questions about humanity&#8217;s ability to overcome these challenges, emphasizing the need for further examination and potential modifications to adaptive change processes.\u00a0<\/p>\n<p><\/p>\n<p>Addressing climate change may require technological innovations and a deeper understanding and adaptation of our societal structures in the face of our evolutionary legacy.<\/p>\n<p><\/p>\n<p>References:<\/p>\n<p><\/p>\n<ol>\n<li>National Geographic. (n.d.). Climate Change. Retrieved from<a href=\"https:\/\/education.nationalgeographic.org\/resource\/climate-change\/\" target=\"_blank\" rel=\"noreferrer noopener\"> https:\/\/education.nationalgeographic.org\/resource\/climate-change\/<\/a><\/li>\n\n<li>Waring, T. M., Wood, Z. T., &amp; Szathm\u00e1ry, E. (2023, November 13). Philosophical Transactions of the Royal Society B. Retrieved from <a href=\"https:\/\/royalsocietypublishing.org\/doi\/10.1098\/rstb.2022.0259\" target=\"_blank\" rel=\"noreferrer noopener\">https:\/\/royalsocietypublishing.org\/doi\/10.1098\/rstb.2022.0259<\/a><\/li>\n<\/ol>\n<p><\/p>\n<ol start=\"3\">\n<li>Wolf, M. (2023, October 30). UMaine, UVM researchers conduct first-ever study of cultural adaptation to climate change.University of Maine News. Retrieved from <a href=\"https:\/\/umaine.edu\/news\/blog\/2023\/10\/30\/umaine-uvm-researchers-conduct-first-ever-study-of-cultural-adaptation-to-climate-change\/\" target=\"_blank\" rel=\"noreferrer noopener\">https:\/\/umaine.edu\/news\/blog\/2023\/10\/30\/umaine-uvm-researchers-conduct-first-ever-study-of-cultural-adaptation-to-climate-change\/<\/a><\/li>\n<\/ol>\n<p><\/p>\n<ol start=\"4\">\n<li>United States Environmental Protection Agency. (n.d.). Acid Rain Program. Retrieved from <a href=\"https:\/\/www.epa.gov\/acidrain\/acid-rain-program\" target=\"_blank\" rel=\"noreferrer noopener\">https:\/\/www.epa.gov\/acidrain\/acid-rain-program<\/a><\/li>\n<\/ol>\n<p><\/p>\n<ol start=\"5\">\n<li>Youtube. (n.d.). Global Society. Culture Shock and The Cultural Adaptation Cycle [What It Is and What to Do About It]. Retrieved from <a href=\"https:\/\/youtu.be\/g-ef-xhC_bU?feature=shared\" target=\"_blank\" rel=\"noreferrer noopener\">https:\/\/youtu.be\/g-ef-xhC_bU?feature=shared<\/a><\/li>\n<\/ol>\t\t\t\t\t\t<\/div>\n\t\t\t\t<\/div>\n\t\t\t\t\t<\/div>\n\t\t<\/div>\n\t\t\t\t\t<\/div>\n\t\t<\/section>\n\t\t\t\t<\/div>\n\t\t","protected":false},"excerpt":{"rendered":"<p> <!-- wp:paragraph --> <\/p>\n<p>Aprofunde-se na pesquisa liderada pela Universidade do Maine, lan\u00e7ando luz sobre os desafios e as poss\u00edveis solu\u00e7\u00f5es na interse\u00e7\u00e3o da evolu\u00e7\u00e3o humana e das crises ambientais.<\/p>\n<p><!-- \/wp:paragraph --><\/p>\n","protected":false},"author":1502,"featured_media":31779,"comment_status":"closed","ping_status":"open","sticky":false,"template":"","format":"standard","meta":{"_acf_changed":false,"_monsterinsights_skip_tracking":false,"_monsterinsights_sitenote_active":false,"_monsterinsights_sitenote_note":"","_monsterinsights_sitenote_category":0,"footnotes":""},"categories":[3095],"tags":[],"acf":[],"yoast_head":"<!-- This site is optimized with the Yoast SEO plugin v23.2 - https:\/\/yoast.com\/wordpress\/plugins\/seo\/ -->\n<title>Desafios evolutivos para lidar com as mudan\u00e7as clim\u00e1ticas &#8212; Sustainable Review<\/title>\n<meta name=\"robots\" content=\"index, follow, max-snippet:-1, max-image-preview:large, max-video-preview:-1\" \/>\n<link rel=\"canonical\" href=\"https:\/\/sustainablereview.com\/pt-br\/desafios-evolutivos-para-lidar-com-as-mudancas-climaticas\/\" \/>\n<meta property=\"og:locale\" content=\"pt_BR\" \/>\n<meta property=\"og:type\" content=\"article\" \/>\n<meta property=\"og:title\" content=\"Desafios evolutivos para lidar com as mudan\u00e7as clim\u00e1ticas &#8212; Sustainable Review\" \/>\n<meta property=\"og:description\" content=\"Aprofunde-se na pesquisa liderada pela Universidade do Maine, lan\u00e7ando luz sobre os desafios e as poss\u00edveis solu\u00e7\u00f5es na interse\u00e7\u00e3o da evolu\u00e7\u00e3o humana e das crises ambientais.\" \/>\n<meta property=\"og:url\" content=\"https:\/\/sustainablereview.com\/pt-br\/desafios-evolutivos-para-lidar-com-as-mudancas-climaticas\/\" \/>\n<meta property=\"og:site_name\" content=\"Sustainable Review\" \/>\n<meta property=\"article:published_time\" content=\"2024-01-05T12:49:03+00:00\" \/>\n<meta property=\"article:modified_time\" content=\"2024-08-10T16:52:50+00:00\" \/>\n<meta property=\"og:image\" content=\"https:\/\/sustainablereview.com\/wp-content\/uploads\/2024\/01\/image-47-1024x698.png\" \/>\n\t<meta property=\"og:image:width\" content=\"1024\" \/>\n\t<meta property=\"og:image:height\" content=\"698\" \/>\n\t<meta property=\"og:image:type\" content=\"image\/png\" \/>\n<meta name=\"author\" content=\"Raf Chomsky\" \/>\n<meta name=\"twitter:card\" content=\"summary_large_image\" \/>\n<meta name=\"twitter:creator\" content=\"@sustainreview\" \/>\n<meta name=\"twitter:site\" content=\"@sustainreview\" \/>\n<meta name=\"twitter:label1\" content=\"Escrito por\" \/>\n\t<meta name=\"twitter:data1\" content=\"Raf Chomsky\" \/>\n\t<meta name=\"twitter:label2\" content=\"Est. tempo de leitura\" \/>\n\t<meta name=\"twitter:data2\" content=\"5 minutos\" \/>\n<script type=\"application\/ld+json\" class=\"yoast-schema-graph\">{\"@context\":\"https:\/\/schema.org\",\"@graph\":[{\"@type\":\"Article\",\"@id\":\"https:\/\/sustainablereview.com\/pt-br\/desafios-evolutivos-para-lidar-com-as-mudancas-climaticas\/#article\",\"isPartOf\":{\"@id\":\"https:\/\/sustainablereview.com\/pt-br\/desafios-evolutivos-para-lidar-com-as-mudancas-climaticas\/\"},\"author\":{\"name\":\"Raf Chomsky\",\"@id\":\"https:\/\/sustainablereview.com\/pt-br\/#\/schema\/person\/85320f9ca6ed105ac24fd5721a2ce339\"},\"headline\":\"Desafios evolutivos para lidar com as mudan\u00e7as clim\u00e1ticas\",\"datePublished\":\"2024-01-05T12:49:03+00:00\",\"dateModified\":\"2024-08-10T16:52:50+00:00\",\"mainEntityOfPage\":{\"@id\":\"https:\/\/sustainablereview.com\/pt-br\/desafios-evolutivos-para-lidar-com-as-mudancas-climaticas\/\"},\"wordCount\":1018,\"publisher\":{\"@id\":\"https:\/\/sustainablereview.com\/pt-br\/#organization\"},\"image\":{\"@id\":\"https:\/\/sustainablereview.com\/pt-br\/desafios-evolutivos-para-lidar-com-as-mudancas-climaticas\/#primaryimage\"},\"thumbnailUrl\":\"https:\/\/sustainablereview.com\/wp-content\/uploads\/2024\/01\/image-47.png\",\"articleSection\":[\"Not\u00edcias\"],\"inLanguage\":\"pt-BR\"},{\"@type\":\"WebPage\",\"@id\":\"https:\/\/sustainablereview.com\/pt-br\/desafios-evolutivos-para-lidar-com-as-mudancas-climaticas\/\",\"url\":\"https:\/\/sustainablereview.com\/pt-br\/desafios-evolutivos-para-lidar-com-as-mudancas-climaticas\/\",\"name\":\"Desafios evolutivos para lidar com as mudan\u00e7as clim\u00e1ticas &#8212; Sustainable Review\",\"isPartOf\":{\"@id\":\"https:\/\/sustainablereview.com\/pt-br\/#website\"},\"primaryImageOfPage\":{\"@id\":\"https:\/\/sustainablereview.com\/pt-br\/desafios-evolutivos-para-lidar-com-as-mudancas-climaticas\/#primaryimage\"},\"image\":{\"@id\":\"https:\/\/sustainablereview.com\/pt-br\/desafios-evolutivos-para-lidar-com-as-mudancas-climaticas\/#primaryimage\"},\"thumbnailUrl\":\"https:\/\/sustainablereview.com\/wp-content\/uploads\/2024\/01\/image-47.png\",\"datePublished\":\"2024-01-05T12:49:03+00:00\",\"dateModified\":\"2024-08-10T16:52:50+00:00\",\"breadcrumb\":{\"@id\":\"https:\/\/sustainablereview.com\/pt-br\/desafios-evolutivos-para-lidar-com-as-mudancas-climaticas\/#breadcrumb\"},\"inLanguage\":\"pt-BR\",\"potentialAction\":[{\"@type\":\"ReadAction\",\"target\":[\"https:\/\/sustainablereview.com\/pt-br\/desafios-evolutivos-para-lidar-com-as-mudancas-climaticas\/\"]}]},{\"@type\":\"ImageObject\",\"inLanguage\":\"pt-BR\",\"@id\":\"https:\/\/sustainablereview.com\/pt-br\/desafios-evolutivos-para-lidar-com-as-mudancas-climaticas\/#primaryimage\",\"url\":\"https:\/\/sustainablereview.com\/wp-content\/uploads\/2024\/01\/image-47.png\",\"contentUrl\":\"https:\/\/sustainablereview.com\/wp-content\/uploads\/2024\/01\/image-47.png\",\"width\":1600,\"height\":1091,\"caption\":\"dehydrated clay soil\"},{\"@type\":\"BreadcrumbList\",\"@id\":\"https:\/\/sustainablereview.com\/pt-br\/desafios-evolutivos-para-lidar-com-as-mudancas-climaticas\/#breadcrumb\",\"itemListElement\":[{\"@type\":\"ListItem\",\"position\":1,\"name\":\"In\u00edcio\",\"item\":\"https:\/\/sustainablereview.com\/pt-br\/inicio\/\"},{\"@type\":\"ListItem\",\"position\":2,\"name\":\"Desafios evolutivos para lidar com as mudan\u00e7as clim\u00e1ticas\"}]},{\"@type\":\"WebSite\",\"@id\":\"https:\/\/sustainablereview.com\/pt-br\/#website\",\"url\":\"https:\/\/sustainablereview.com\/pt-br\/\",\"name\":\"Sustainable Review\",\"description\":\"Let us do the &#039;Green-splaining&#039;\",\"publisher\":{\"@id\":\"https:\/\/sustainablereview.com\/pt-br\/#organization\"},\"potentialAction\":[{\"@type\":\"SearchAction\",\"target\":{\"@type\":\"EntryPoint\",\"urlTemplate\":\"https:\/\/sustainablereview.com\/pt-br\/?s={search_term_string}\"},\"query-input\":\"required name=search_term_string\"}],\"inLanguage\":\"pt-BR\"},{\"@type\":\"Organization\",\"@id\":\"https:\/\/sustainablereview.com\/pt-br\/#organization\",\"name\":\"Sustainable Review\",\"url\":\"https:\/\/sustainablereview.com\/pt-br\/\",\"logo\":{\"@type\":\"ImageObject\",\"inLanguage\":\"pt-BR\",\"@id\":\"https:\/\/sustainablereview.com\/pt-br\/#\/schema\/logo\/image\/\",\"url\":\"https:\/\/sustainablereview.com\/wp-content\/uploads\/2020\/06\/static1.squarespace.png\",\"contentUrl\":\"https:\/\/sustainablereview.com\/wp-content\/uploads\/2020\/06\/static1.squarespace.png\",\"width\":800,\"height\":800,\"caption\":\"Sustainable Review\"},\"image\":{\"@id\":\"https:\/\/sustainablereview.com\/pt-br\/#\/schema\/logo\/image\/\"},\"sameAs\":[\"https:\/\/x.com\/sustainreview\"]},{\"@type\":\"Person\",\"@id\":\"https:\/\/sustainablereview.com\/pt-br\/#\/schema\/person\/85320f9ca6ed105ac24fd5721a2ce339\",\"name\":\"Raf Chomsky\",\"image\":{\"@type\":\"ImageObject\",\"inLanguage\":\"pt-BR\",\"@id\":\"https:\/\/sustainablereview.com\/pt-br\/#\/schema\/person\/image\/\",\"url\":\"https:\/\/sustainablereview.com\/wp-content\/litespeed\/avatar\/ad8c67d6aa8afe7c0a7adebd55367f9e.jpg?ver=1777430820\",\"contentUrl\":\"https:\/\/sustainablereview.com\/wp-content\/litespeed\/avatar\/ad8c67d6aa8afe7c0a7adebd55367f9e.jpg?ver=1777430820\",\"caption\":\"Raf Chomsky\"},\"description\":\"Dedicated author deeply engaged in sustainability issues. My writing focuses on practical, impactful solutions and communicates the urgency of environmental responsibility. With a commitment to raising awareness, I aim to inform and inspire readers to embrace sustainable practices in their daily lives.\",\"sameAs\":[\"https:\/\/sustainablereview.com\/\"],\"url\":\"https:\/\/sustainablereview.com\/pt-br\/author\/nonagency\/\"}]}<\/script>\n<!-- \/ Yoast SEO plugin. -->","yoast_head_json":{"title":"Desafios evolutivos para lidar com as mudan\u00e7as clim\u00e1ticas &#8212; Sustainable Review","robots":{"index":"index","follow":"follow","max-snippet":"max-snippet:-1","max-image-preview":"max-image-preview:large","max-video-preview":"max-video-preview:-1"},"canonical":"https:\/\/sustainablereview.com\/pt-br\/desafios-evolutivos-para-lidar-com-as-mudancas-climaticas\/","og_locale":"pt_BR","og_type":"article","og_title":"Desafios evolutivos para lidar com as mudan\u00e7as clim\u00e1ticas &#8212; Sustainable Review","og_description":"Aprofunde-se na pesquisa liderada pela Universidade do Maine, lan\u00e7ando luz sobre os desafios e as poss\u00edveis solu\u00e7\u00f5es na interse\u00e7\u00e3o da evolu\u00e7\u00e3o humana e das crises ambientais.","og_url":"https:\/\/sustainablereview.com\/pt-br\/desafios-evolutivos-para-lidar-com-as-mudancas-climaticas\/","og_site_name":"Sustainable Review","article_published_time":"2024-01-05T12:49:03+00:00","article_modified_time":"2024-08-10T16:52:50+00:00","og_image":[{"width":1024,"height":698,"url":"https:\/\/sustainablereview.com\/wp-content\/uploads\/2024\/01\/image-47-1024x698.png","type":"image\/png"}],"author":"Raf Chomsky","twitter_card":"summary_large_image","twitter_creator":"@sustainreview","twitter_site":"@sustainreview","twitter_misc":{"Escrito por":"Raf Chomsky","Est. tempo de leitura":"5 minutos"},"schema":{"@context":"https:\/\/schema.org","@graph":[{"@type":"Article","@id":"https:\/\/sustainablereview.com\/pt-br\/desafios-evolutivos-para-lidar-com-as-mudancas-climaticas\/#article","isPartOf":{"@id":"https:\/\/sustainablereview.com\/pt-br\/desafios-evolutivos-para-lidar-com-as-mudancas-climaticas\/"},"author":{"name":"Raf Chomsky","@id":"https:\/\/sustainablereview.com\/pt-br\/#\/schema\/person\/85320f9ca6ed105ac24fd5721a2ce339"},"headline":"Desafios evolutivos para lidar com as mudan\u00e7as clim\u00e1ticas","datePublished":"2024-01-05T12:49:03+00:00","dateModified":"2024-08-10T16:52:50+00:00","mainEntityOfPage":{"@id":"https:\/\/sustainablereview.com\/pt-br\/desafios-evolutivos-para-lidar-com-as-mudancas-climaticas\/"},"wordCount":1018,"publisher":{"@id":"https:\/\/sustainablereview.com\/pt-br\/#organization"},"image":{"@id":"https:\/\/sustainablereview.com\/pt-br\/desafios-evolutivos-para-lidar-com-as-mudancas-climaticas\/#primaryimage"},"thumbnailUrl":"https:\/\/sustainablereview.com\/wp-content\/uploads\/2024\/01\/image-47.png","articleSection":["Not\u00edcias"],"inLanguage":"pt-BR"},{"@type":"WebPage","@id":"https:\/\/sustainablereview.com\/pt-br\/desafios-evolutivos-para-lidar-com-as-mudancas-climaticas\/","url":"https:\/\/sustainablereview.com\/pt-br\/desafios-evolutivos-para-lidar-com-as-mudancas-climaticas\/","name":"Desafios evolutivos para lidar com as mudan\u00e7as clim\u00e1ticas &#8212; Sustainable Review","isPartOf":{"@id":"https:\/\/sustainablereview.com\/pt-br\/#website"},"primaryImageOfPage":{"@id":"https:\/\/sustainablereview.com\/pt-br\/desafios-evolutivos-para-lidar-com-as-mudancas-climaticas\/#primaryimage"},"image":{"@id":"https:\/\/sustainablereview.com\/pt-br\/desafios-evolutivos-para-lidar-com-as-mudancas-climaticas\/#primaryimage"},"thumbnailUrl":"https:\/\/sustainablereview.com\/wp-content\/uploads\/2024\/01\/image-47.png","datePublished":"2024-01-05T12:49:03+00:00","dateModified":"2024-08-10T16:52:50+00:00","breadcrumb":{"@id":"https:\/\/sustainablereview.com\/pt-br\/desafios-evolutivos-para-lidar-com-as-mudancas-climaticas\/#breadcrumb"},"inLanguage":"pt-BR","potentialAction":[{"@type":"ReadAction","target":["https:\/\/sustainablereview.com\/pt-br\/desafios-evolutivos-para-lidar-com-as-mudancas-climaticas\/"]}]},{"@type":"ImageObject","inLanguage":"pt-BR","@id":"https:\/\/sustainablereview.com\/pt-br\/desafios-evolutivos-para-lidar-com-as-mudancas-climaticas\/#primaryimage","url":"https:\/\/sustainablereview.com\/wp-content\/uploads\/2024\/01\/image-47.png","contentUrl":"https:\/\/sustainablereview.com\/wp-content\/uploads\/2024\/01\/image-47.png","width":1600,"height":1091,"caption":"dehydrated clay soil"},{"@type":"BreadcrumbList","@id":"https:\/\/sustainablereview.com\/pt-br\/desafios-evolutivos-para-lidar-com-as-mudancas-climaticas\/#breadcrumb","itemListElement":[{"@type":"ListItem","position":1,"name":"In\u00edcio","item":"https:\/\/sustainablereview.com\/pt-br\/inicio\/"},{"@type":"ListItem","position":2,"name":"Desafios evolutivos para lidar com as mudan\u00e7as clim\u00e1ticas"}]},{"@type":"WebSite","@id":"https:\/\/sustainablereview.com\/pt-br\/#website","url":"https:\/\/sustainablereview.com\/pt-br\/","name":"Sustainable Review","description":"Let us do the &#039;Green-splaining&#039;","publisher":{"@id":"https:\/\/sustainablereview.com\/pt-br\/#organization"},"potentialAction":[{"@type":"SearchAction","target":{"@type":"EntryPoint","urlTemplate":"https:\/\/sustainablereview.com\/pt-br\/?s={search_term_string}"},"query-input":"required name=search_term_string"}],"inLanguage":"pt-BR"},{"@type":"Organization","@id":"https:\/\/sustainablereview.com\/pt-br\/#organization","name":"Sustainable Review","url":"https:\/\/sustainablereview.com\/pt-br\/","logo":{"@type":"ImageObject","inLanguage":"pt-BR","@id":"https:\/\/sustainablereview.com\/pt-br\/#\/schema\/logo\/image\/","url":"https:\/\/sustainablereview.com\/wp-content\/uploads\/2020\/06\/static1.squarespace.png","contentUrl":"https:\/\/sustainablereview.com\/wp-content\/uploads\/2020\/06\/static1.squarespace.png","width":800,"height":800,"caption":"Sustainable Review"},"image":{"@id":"https:\/\/sustainablereview.com\/pt-br\/#\/schema\/logo\/image\/"},"sameAs":["https:\/\/x.com\/sustainreview"]},{"@type":"Person","@id":"https:\/\/sustainablereview.com\/pt-br\/#\/schema\/person\/85320f9ca6ed105ac24fd5721a2ce339","name":"Raf Chomsky","image":{"@type":"ImageObject","inLanguage":"pt-BR","@id":"https:\/\/sustainablereview.com\/pt-br\/#\/schema\/person\/image\/","url":"https:\/\/sustainablereview.com\/wp-content\/litespeed\/avatar\/ad8c67d6aa8afe7c0a7adebd55367f9e.jpg?ver=1777430820","contentUrl":"https:\/\/sustainablereview.com\/wp-content\/litespeed\/avatar\/ad8c67d6aa8afe7c0a7adebd55367f9e.jpg?ver=1777430820","caption":"Raf Chomsky"},"description":"Dedicated author deeply engaged in sustainability issues. My writing focuses on practical, impactful solutions and communicates the urgency of environmental responsibility. With a commitment to raising awareness, I aim to inform and inspire readers to embrace sustainable practices in their daily lives.","sameAs":["https:\/\/sustainablereview.com\/"],"url":"https:\/\/sustainablereview.com\/pt-br\/author\/nonagency\/"}]}},"wpml_translations":{"en":"31778","pl":"60389","pt-br":"39084"},"_links":{"self":[{"href":"https:\/\/sustainablereview.com\/pt-br\/wp-json\/wp\/v2\/posts\/39084"}],"collection":[{"href":"https:\/\/sustainablereview.com\/pt-br\/wp-json\/wp\/v2\/posts"}],"about":[{"href":"https:\/\/sustainablereview.com\/pt-br\/wp-json\/wp\/v2\/types\/post"}],"author":[{"embeddable":true,"href":"https:\/\/sustainablereview.com\/pt-br\/wp-json\/wp\/v2\/users\/1502"}],"replies":[{"embeddable":true,"href":"https:\/\/sustainablereview.com\/pt-br\/wp-json\/wp\/v2\/comments?post=39084"}],"version-history":[{"count":1,"href":"https:\/\/sustainablereview.com\/pt-br\/wp-json\/wp\/v2\/posts\/39084\/revisions"}],"predecessor-version":[{"id":39596,"href":"https:\/\/sustainablereview.com\/pt-br\/wp-json\/wp\/v2\/posts\/39084\/revisions\/39596"}],"wp:featuredmedia":[{"embeddable":true,"href":"https:\/\/sustainablereview.com\/pt-br\/wp-json\/wp\/v2\/media\/31779"}],"wp:attachment":[{"href":"https:\/\/sustainablereview.com\/pt-br\/wp-json\/wp\/v2\/media?parent=39084"}],"wp:term":[{"taxonomy":"category","embeddable":true,"href":"https:\/\/sustainablereview.com\/pt-br\/wp-json\/wp\/v2\/categories?post=39084"},{"taxonomy":"post_tag","embeddable":true,"href":"https:\/\/sustainablereview.com\/pt-br\/wp-json\/wp\/v2\/tags?post=39084"}],"curies":[{"name":"wp","href":"https:\/\/api.w.org\/{rel}","templated":true}]}}