{"id":39091,"date":"2023-12-22T00:52:00","date_gmt":"2023-12-22T05:52:00","guid":{"rendered":"https:\/\/sustainablereview.com\/?p=39091"},"modified":"2024-08-10T12:53:11","modified_gmt":"2024-08-10T16:53:11","slug":"cop28-concorda-com-a-transicao-dos-combustiveis-fosseis-mas-nao-chega-a-uma-eliminacao-gradual","status":"publish","type":"post","link":"https:\/\/sustainablereview.com\/pt-br\/cop28-concorda-com-a-transicao-dos-combustiveis-fosseis-mas-nao-chega-a-uma-eliminacao-gradual\/","title":{"rendered":"COP28 chega a um acordo sobre a transi\u00e7\u00e3o dos combust\u00edveis f\u00f3sseis, mas n\u00e3o chega a uma elimina\u00e7\u00e3o gradual"},"content":{"rendered":"\n<p>As na\u00e7\u00f5es que participam da 28\u00aa <a href=\"https:\/\/unfccc.int\/cop28\">Confer\u00eancia das Partes sobre Mudan\u00e7as Clim\u00e1ticas<\/a> da ONU <a href=\"https:\/\/unfccc.int\/cop28\">(COP28)<\/a> em Dubai aprovaram um roteiro para a transi\u00e7\u00e3o dos combust\u00edveis f\u00f3sseis. Embora isso represente um progresso no esfor\u00e7o global para combater a mudan\u00e7a clim\u00e1tica, o acordo n\u00e3o atende \u00e0 demanda de longa data por uma elimina\u00e7\u00e3o completa do petr\u00f3leo, carv\u00e3o e g\u00e1s.<\/p>\n\n\n\n<h2 class=\"wp-block-heading\"><strong>Chefe da ONU defende a elimina\u00e7\u00e3o gradual dos combust\u00edveis f\u00f3sseis<\/strong><\/h2>\n\n\n\n<iframe width=\"723\" height=\"407\" src=\"https:\/\/www.youtube.com\/embed\/R0LUfMTHpYY\" title=\"&quot;This is clearly the beginning of the end of the fossil fuel era&quot; - Simon Stiell | #COP28\" frameborder=\"0\" allow=\"accelerometer; autoplay; clipboard-write; encrypted-media; gyroscope; picture-in-picture; web-share\" allowfullscreen><\/iframe>\n\n\n\n<p>Ant\u00f3nio Guterres, Secret\u00e1rio-Geral das Na\u00e7\u00f5es Unidas, ressalta a necessidade fundamental de acabar com a era dos combust\u00edveis f\u00f3sseis, enfatizando os princ\u00edpios de justi\u00e7a e equidade. Apesar da oposi\u00e7\u00e3o a uma aparente refer\u00eancia a uma elimina\u00e7\u00e3o gradual, Guterres afirma a inevitabilidade dessa transi\u00e7\u00e3o e espera que ela ocorra antes que seja tarde demais.<\/p>\n\n\n\n<h2 class=\"wp-block-heading\"><strong>Negocia\u00e7\u00f5es e resultados da COP28<\/strong><\/h2>\n\n\n\n<p>Os procedimentos da COP28 se estenderam por horas extras devido \u00e0s intensas negocia\u00e7\u00f5es sobre se o documento final deveria solicitar explicitamente uma &#8220;redu\u00e7\u00e3o gradual&#8221; ou &#8220;elimina\u00e7\u00e3o gradual&#8221; dos combust\u00edveis f\u00f3sseis. Essa quest\u00e3o pol\u00eamica tem sido um ponto focal de discord\u00e2ncia entre ativistas, na\u00e7\u00f5es vulner\u00e1veis ao clima e pa\u00edses maiores com interesses particulares.<\/p>\n\n\n\n<h2 class=\"wp-block-heading\"><strong>Principais conquistas e compromissos<\/strong><\/h2>\n\n\n\n<p>1. Compromisso de triplicar a capacidade de energia renov\u00e1vel e dobrar a efici\u00eancia energ\u00e9tica at\u00e9 2030.<\/p>\n\n\n\n<p>2. Progresso na adapta\u00e7\u00e3o e no financiamento, incluindo a operacionaliza\u00e7\u00e3o do <a href=\"https:\/\/news.un.org\/en\/story\/2023\/11\/1144162\">Fundo de Perdas e Danos<\/a>.<\/p>\n\n\n\n<p>3. Um apelo urgente para aumentar o apoio financeiro \u00e0s na\u00e7\u00f5es vulner\u00e1veis que lutam contra o aumento do n\u00edvel do mar e o \u00f4nus da d\u00edvida.<\/p>\n\n\n\n<h2 class=\"wp-block-heading\"><strong>Perspectiva do chefe do clima da ONU<\/strong><\/h2>\n\n\n\n<p>Simon Stiell, chefe do clima da ONU, reconhece o progresso tang\u00edvel na COP28, mas enfatiza que as iniciativas realizadas devem ser vistas como um ponto de partida, n\u00e3o como uma conclus\u00e3o. Ele enfatiza a urg\u00eancia de abordar o principal desafio clim\u00e1tico da humanidade &#8211; a depend\u00eancia de combust\u00edveis f\u00f3sseis.<\/p>\n\n\n\n<h2 class=\"wp-block-heading\"><strong>Destaques e pr\u00f3ximos passos<\/strong><\/h2>\n\n\n\n<p>1. Estabelecimento do Fundo de Perdas e Danos para apoiar os pa\u00edses vulner\u00e1veis ao clima.<\/p>\n\n\n\n<p>2. Compromissos financeiros totalizando US$ 3,5 bilh\u00f5es para reabastecer o Fundo Verde para o Clima.<\/p>\n\n\n\n<p>3. An\u00fancio de financiamento adicional para o Fundo para os Pa\u00edses Menos Desenvolvidos e o Fundo Especial para Mudan\u00e7as Clim\u00e1ticas.<\/p>\n\n\n\n<p>4. O Banco Mundial se compromete com um aumento anual de US$ 9 bilh\u00f5es para projetos relacionados ao clima (2024 e 2025).<\/p>\n\n\n\n<p>5. Compromisso de resfriamento global endossado por 66 pa\u00edses.<\/p>\n\n\n\n<h2 class=\"wp-block-heading\"><strong>Rea\u00e7\u00f5es e planos futuros<\/strong><\/h2>\n\n\n\n<p>Enquanto alguns participantes expressaram aprova\u00e7\u00e3o dos resultados, representantes da sociedade civil, ativistas clim\u00e1ticos e pequenos pa\u00edses insulares em desenvolvimento expressaram insatisfa\u00e7\u00e3o. O Azerbaij\u00e3o foi anunciado como sede da COP29, programada para 11 a 22 de novembro do pr\u00f3ximo ano, ap\u00f3s a retirada da proposta da Arm\u00eania. O Brasil se oferece para sediar a COP30 na Amaz\u00f4nia em 2025.<\/p>\n\n\n\n<h2 class=\"wp-block-heading\"><strong>Rea\u00e7\u00f5es e cr\u00edticas mistas<\/strong><\/h2>\n\n\n\n<p>Apesar dos momentos de aplausos, nem todas as delega\u00e7\u00f5es est\u00e3o satisfeitas com o acordo final. Os pequenos pa\u00edses insulares em desenvolvimento lamentam a percep\u00e7\u00e3o da falta de uma corre\u00e7\u00e3o de curso decisiva e expressam decep\u00e7\u00e3o com o que consideram avan\u00e7os incrementais.<\/p>\n\n\n\n<p>Harjeet Singh, diretor de estrat\u00e9gia pol\u00edtica global da Climate Action Network International, aplaude o maior foco nos combust\u00edveis f\u00f3sseis, mas critica a exist\u00eancia de brechas e a hipocrisia das na\u00e7\u00f5es ricas que est\u00e3o expandindo suas opera\u00e7\u00f5es com combust\u00edveis f\u00f3sseis.<\/p>\n\n\n\n<p>Em resumo, embora a COP28 seja reconhecida como um passo positivo, persistem os desafios para se conseguir uma transi\u00e7\u00e3o r\u00e1pida e equitativa para as fontes de energia renov\u00e1veis.<\/p>\n","protected":false},"excerpt":{"rendered":"<p> <!-- wp:paragraph --> <\/p>\n<p>Mantenha-se informado sobre os \u00faltimos desenvolvimentos clim\u00e1ticos \u00e0 medida que a COP28 tra\u00e7a um roteiro para a transi\u00e7\u00e3o para longe dos combust\u00edveis f\u00f3sseis. Explore os resultados, as principais conquistas e as rea\u00e7\u00f5es \u00e0 decis\u00e3o hist\u00f3rica, lan\u00e7ando luz sobre o esfor\u00e7o global para combater as mudan\u00e7as clim\u00e1ticas. <\/p>\n<p><!-- \/wp:paragraph --><\/p>\n","protected":false},"author":1502,"featured_media":31442,"comment_status":"closed","ping_status":"open","sticky":false,"template":"","format":"standard","meta":{"_acf_changed":false,"_monsterinsights_skip_tracking":false,"_monsterinsights_sitenote_active":false,"_monsterinsights_sitenote_note":"","_monsterinsights_sitenote_category":0,"footnotes":""},"categories":[3095],"tags":[],"acf":[],"yoast_head":"<!-- This site is optimized with the Yoast SEO plugin v23.2 - https:\/\/yoast.com\/wordpress\/plugins\/seo\/ -->\n<title>COP28 chega a um acordo sobre a transi\u00e7\u00e3o dos combust\u00edveis f\u00f3sseis, mas n\u00e3o chega a uma elimina\u00e7\u00e3o gradual &#8212; Sustainable Review<\/title>\n<meta name=\"robots\" content=\"index, follow, max-snippet:-1, max-image-preview:large, max-video-preview:-1\" \/>\n<link rel=\"canonical\" href=\"https:\/\/sustainablereview.com\/pt-br\/cop28-concorda-com-a-transicao-dos-combustiveis-fosseis-mas-nao-chega-a-uma-eliminacao-gradual\/\" \/>\n<meta property=\"og:locale\" content=\"pt_BR\" \/>\n<meta property=\"og:type\" content=\"article\" \/>\n<meta property=\"og:title\" content=\"COP28 chega a um acordo sobre a transi\u00e7\u00e3o dos combust\u00edveis f\u00f3sseis, mas n\u00e3o chega a uma elimina\u00e7\u00e3o gradual &#8212; Sustainable Review\" \/>\n<meta property=\"og:description\" content=\"Mantenha-se informado sobre os \u00faltimos desenvolvimentos clim\u00e1ticos \u00e0 medida que a COP28 tra\u00e7a um roteiro para a transi\u00e7\u00e3o para longe dos combust\u00edveis f\u00f3sseis. Explore os resultados, as principais conquistas e as rea\u00e7\u00f5es \u00e0 decis\u00e3o hist\u00f3rica, lan\u00e7ando luz sobre o esfor\u00e7o global para combater as mudan\u00e7as clim\u00e1ticas.\" \/>\n<meta property=\"og:url\" content=\"https:\/\/sustainablereview.com\/pt-br\/cop28-concorda-com-a-transicao-dos-combustiveis-fosseis-mas-nao-chega-a-uma-eliminacao-gradual\/\" \/>\n<meta property=\"og:site_name\" content=\"Sustainable Review\" \/>\n<meta property=\"article:published_time\" content=\"2023-12-22T05:52:00+00:00\" \/>\n<meta property=\"article:modified_time\" content=\"2024-08-10T16:53:11+00:00\" \/>\n<meta property=\"og:image\" content=\"https:\/\/sustainablereview.com\/wp-content\/uploads\/2023\/12\/Cop28.webp\" \/>\n\t<meta property=\"og:image:width\" content=\"1581\" \/>\n\t<meta property=\"og:image:height\" content=\"1054\" \/>\n\t<meta property=\"og:image:type\" content=\"image\/webp\" \/>\n<meta name=\"author\" content=\"Raf Chomsky\" \/>\n<meta name=\"twitter:card\" content=\"summary_large_image\" \/>\n<meta name=\"twitter:creator\" content=\"@sustainreview\" \/>\n<meta name=\"twitter:site\" content=\"@sustainreview\" \/>\n<meta name=\"twitter:label1\" content=\"Escrito por\" \/>\n\t<meta name=\"twitter:data1\" content=\"Raf Chomsky\" \/>\n\t<meta name=\"twitter:label2\" content=\"Est. tempo de leitura\" \/>\n\t<meta name=\"twitter:data2\" content=\"3 minutos\" \/>\n<script type=\"application\/ld+json\" class=\"yoast-schema-graph\">{\"@context\":\"https:\/\/schema.org\",\"@graph\":[{\"@type\":\"Article\",\"@id\":\"https:\/\/sustainablereview.com\/pt-br\/cop28-concorda-com-a-transicao-dos-combustiveis-fosseis-mas-nao-chega-a-uma-eliminacao-gradual\/#article\",\"isPartOf\":{\"@id\":\"https:\/\/sustainablereview.com\/pt-br\/cop28-concorda-com-a-transicao-dos-combustiveis-fosseis-mas-nao-chega-a-uma-eliminacao-gradual\/\"},\"author\":{\"name\":\"Raf Chomsky\",\"@id\":\"https:\/\/sustainablereview.com\/pt-br\/#\/schema\/person\/85320f9ca6ed105ac24fd5721a2ce339\"},\"headline\":\"COP28 chega a um acordo sobre a transi\u00e7\u00e3o dos combust\u00edveis f\u00f3sseis, mas n\u00e3o chega a uma elimina\u00e7\u00e3o gradual\",\"datePublished\":\"2023-12-22T05:52:00+00:00\",\"dateModified\":\"2024-08-10T16:53:11+00:00\",\"mainEntityOfPage\":{\"@id\":\"https:\/\/sustainablereview.com\/pt-br\/cop28-concorda-com-a-transicao-dos-combustiveis-fosseis-mas-nao-chega-a-uma-eliminacao-gradual\/\"},\"wordCount\":657,\"publisher\":{\"@id\":\"https:\/\/sustainablereview.com\/pt-br\/#organization\"},\"image\":{\"@id\":\"https:\/\/sustainablereview.com\/pt-br\/cop28-concorda-com-a-transicao-dos-combustiveis-fosseis-mas-nao-chega-a-uma-eliminacao-gradual\/#primaryimage\"},\"thumbnailUrl\":\"https:\/\/sustainablereview.com\/wp-content\/uploads\/2023\/12\/Cop28.webp\",\"articleSection\":[\"Not\u00edcias\"],\"inLanguage\":\"pt-BR\"},{\"@type\":\"WebPage\",\"@id\":\"https:\/\/sustainablereview.com\/pt-br\/cop28-concorda-com-a-transicao-dos-combustiveis-fosseis-mas-nao-chega-a-uma-eliminacao-gradual\/\",\"url\":\"https:\/\/sustainablereview.com\/pt-br\/cop28-concorda-com-a-transicao-dos-combustiveis-fosseis-mas-nao-chega-a-uma-eliminacao-gradual\/\",\"name\":\"COP28 chega a um acordo sobre a transi\u00e7\u00e3o dos combust\u00edveis f\u00f3sseis, mas n\u00e3o chega a uma elimina\u00e7\u00e3o gradual &#8212; Sustainable Review\",\"isPartOf\":{\"@id\":\"https:\/\/sustainablereview.com\/pt-br\/#website\"},\"primaryImageOfPage\":{\"@id\":\"https:\/\/sustainablereview.com\/pt-br\/cop28-concorda-com-a-transicao-dos-combustiveis-fosseis-mas-nao-chega-a-uma-eliminacao-gradual\/#primaryimage\"},\"image\":{\"@id\":\"https:\/\/sustainablereview.com\/pt-br\/cop28-concorda-com-a-transicao-dos-combustiveis-fosseis-mas-nao-chega-a-uma-eliminacao-gradual\/#primaryimage\"},\"thumbnailUrl\":\"https:\/\/sustainablereview.com\/wp-content\/uploads\/2023\/12\/Cop28.webp\",\"datePublished\":\"2023-12-22T05:52:00+00:00\",\"dateModified\":\"2024-08-10T16:53:11+00:00\",\"breadcrumb\":{\"@id\":\"https:\/\/sustainablereview.com\/pt-br\/cop28-concorda-com-a-transicao-dos-combustiveis-fosseis-mas-nao-chega-a-uma-eliminacao-gradual\/#breadcrumb\"},\"inLanguage\":\"pt-BR\",\"potentialAction\":[{\"@type\":\"ReadAction\",\"target\":[\"https:\/\/sustainablereview.com\/pt-br\/cop28-concorda-com-a-transicao-dos-combustiveis-fosseis-mas-nao-chega-a-uma-eliminacao-gradual\/\"]}]},{\"@type\":\"ImageObject\",\"inLanguage\":\"pt-BR\",\"@id\":\"https:\/\/sustainablereview.com\/pt-br\/cop28-concorda-com-a-transicao-dos-combustiveis-fosseis-mas-nao-chega-a-uma-eliminacao-gradual\/#primaryimage\",\"url\":\"https:\/\/sustainablereview.com\/wp-content\/uploads\/2023\/12\/Cop28.webp\",\"contentUrl\":\"https:\/\/sustainablereview.com\/wp-content\/uploads\/2023\/12\/Cop28.webp\",\"width\":1581,\"height\":1054,\"caption\":\"people are clapping in front of a giant screen written Dubai 2023 on it\"},{\"@type\":\"BreadcrumbList\",\"@id\":\"https:\/\/sustainablereview.com\/pt-br\/cop28-concorda-com-a-transicao-dos-combustiveis-fosseis-mas-nao-chega-a-uma-eliminacao-gradual\/#breadcrumb\",\"itemListElement\":[{\"@type\":\"ListItem\",\"position\":1,\"name\":\"In\u00edcio\",\"item\":\"https:\/\/sustainablereview.com\/pt-br\/inicio\/\"},{\"@type\":\"ListItem\",\"position\":2,\"name\":\"COP28 chega a um acordo sobre a transi\u00e7\u00e3o dos combust\u00edveis f\u00f3sseis, mas n\u00e3o chega a uma elimina\u00e7\u00e3o gradual\"}]},{\"@type\":\"WebSite\",\"@id\":\"https:\/\/sustainablereview.com\/pt-br\/#website\",\"url\":\"https:\/\/sustainablereview.com\/pt-br\/\",\"name\":\"Sustainable Review\",\"description\":\"Let us do the &#039;Green-splaining&#039;\",\"publisher\":{\"@id\":\"https:\/\/sustainablereview.com\/pt-br\/#organization\"},\"potentialAction\":[{\"@type\":\"SearchAction\",\"target\":{\"@type\":\"EntryPoint\",\"urlTemplate\":\"https:\/\/sustainablereview.com\/pt-br\/?s={search_term_string}\"},\"query-input\":\"required name=search_term_string\"}],\"inLanguage\":\"pt-BR\"},{\"@type\":\"Organization\",\"@id\":\"https:\/\/sustainablereview.com\/pt-br\/#organization\",\"name\":\"Sustainable Review\",\"url\":\"https:\/\/sustainablereview.com\/pt-br\/\",\"logo\":{\"@type\":\"ImageObject\",\"inLanguage\":\"pt-BR\",\"@id\":\"https:\/\/sustainablereview.com\/pt-br\/#\/schema\/logo\/image\/\",\"url\":\"https:\/\/sustainablereview.com\/wp-content\/uploads\/2020\/06\/static1.squarespace.png\",\"contentUrl\":\"https:\/\/sustainablereview.com\/wp-content\/uploads\/2020\/06\/static1.squarespace.png\",\"width\":800,\"height\":800,\"caption\":\"Sustainable Review\"},\"image\":{\"@id\":\"https:\/\/sustainablereview.com\/pt-br\/#\/schema\/logo\/image\/\"},\"sameAs\":[\"https:\/\/x.com\/sustainreview\"]},{\"@type\":\"Person\",\"@id\":\"https:\/\/sustainablereview.com\/pt-br\/#\/schema\/person\/85320f9ca6ed105ac24fd5721a2ce339\",\"name\":\"Raf Chomsky\",\"image\":{\"@type\":\"ImageObject\",\"inLanguage\":\"pt-BR\",\"@id\":\"https:\/\/sustainablereview.com\/pt-br\/#\/schema\/person\/image\/\",\"url\":\"https:\/\/sustainablereview.com\/wp-content\/litespeed\/avatar\/ad8c67d6aa8afe7c0a7adebd55367f9e.jpg?ver=1777430820\",\"contentUrl\":\"https:\/\/sustainablereview.com\/wp-content\/litespeed\/avatar\/ad8c67d6aa8afe7c0a7adebd55367f9e.jpg?ver=1777430820\",\"caption\":\"Raf Chomsky\"},\"description\":\"Dedicated author deeply engaged in sustainability issues. My writing focuses on practical, impactful solutions and communicates the urgency of environmental responsibility. With a commitment to raising awareness, I aim to inform and inspire readers to embrace sustainable practices in their daily lives.\",\"sameAs\":[\"https:\/\/sustainablereview.com\/\"],\"url\":\"https:\/\/sustainablereview.com\/pt-br\/author\/nonagency\/\"}]}<\/script>\n<!-- \/ Yoast SEO plugin. -->","yoast_head_json":{"title":"COP28 chega a um acordo sobre a transi\u00e7\u00e3o dos combust\u00edveis f\u00f3sseis, mas n\u00e3o chega a uma elimina\u00e7\u00e3o gradual &#8212; Sustainable Review","robots":{"index":"index","follow":"follow","max-snippet":"max-snippet:-1","max-image-preview":"max-image-preview:large","max-video-preview":"max-video-preview:-1"},"canonical":"https:\/\/sustainablereview.com\/pt-br\/cop28-concorda-com-a-transicao-dos-combustiveis-fosseis-mas-nao-chega-a-uma-eliminacao-gradual\/","og_locale":"pt_BR","og_type":"article","og_title":"COP28 chega a um acordo sobre a transi\u00e7\u00e3o dos combust\u00edveis f\u00f3sseis, mas n\u00e3o chega a uma elimina\u00e7\u00e3o gradual &#8212; Sustainable Review","og_description":"Mantenha-se informado sobre os \u00faltimos desenvolvimentos clim\u00e1ticos \u00e0 medida que a COP28 tra\u00e7a um roteiro para a transi\u00e7\u00e3o para longe dos combust\u00edveis f\u00f3sseis. Explore os resultados, as principais conquistas e as rea\u00e7\u00f5es \u00e0 decis\u00e3o hist\u00f3rica, lan\u00e7ando luz sobre o esfor\u00e7o global para combater as mudan\u00e7as clim\u00e1ticas.","og_url":"https:\/\/sustainablereview.com\/pt-br\/cop28-concorda-com-a-transicao-dos-combustiveis-fosseis-mas-nao-chega-a-uma-eliminacao-gradual\/","og_site_name":"Sustainable Review","article_published_time":"2023-12-22T05:52:00+00:00","article_modified_time":"2024-08-10T16:53:11+00:00","og_image":[{"width":1581,"height":1054,"url":"https:\/\/sustainablereview.com\/wp-content\/uploads\/2023\/12\/Cop28.webp","type":"image\/webp"}],"author":"Raf Chomsky","twitter_card":"summary_large_image","twitter_creator":"@sustainreview","twitter_site":"@sustainreview","twitter_misc":{"Escrito por":"Raf Chomsky","Est. tempo de leitura":"3 minutos"},"schema":{"@context":"https:\/\/schema.org","@graph":[{"@type":"Article","@id":"https:\/\/sustainablereview.com\/pt-br\/cop28-concorda-com-a-transicao-dos-combustiveis-fosseis-mas-nao-chega-a-uma-eliminacao-gradual\/#article","isPartOf":{"@id":"https:\/\/sustainablereview.com\/pt-br\/cop28-concorda-com-a-transicao-dos-combustiveis-fosseis-mas-nao-chega-a-uma-eliminacao-gradual\/"},"author":{"name":"Raf Chomsky","@id":"https:\/\/sustainablereview.com\/pt-br\/#\/schema\/person\/85320f9ca6ed105ac24fd5721a2ce339"},"headline":"COP28 chega a um acordo sobre a transi\u00e7\u00e3o dos combust\u00edveis f\u00f3sseis, mas n\u00e3o chega a uma elimina\u00e7\u00e3o gradual","datePublished":"2023-12-22T05:52:00+00:00","dateModified":"2024-08-10T16:53:11+00:00","mainEntityOfPage":{"@id":"https:\/\/sustainablereview.com\/pt-br\/cop28-concorda-com-a-transicao-dos-combustiveis-fosseis-mas-nao-chega-a-uma-eliminacao-gradual\/"},"wordCount":657,"publisher":{"@id":"https:\/\/sustainablereview.com\/pt-br\/#organization"},"image":{"@id":"https:\/\/sustainablereview.com\/pt-br\/cop28-concorda-com-a-transicao-dos-combustiveis-fosseis-mas-nao-chega-a-uma-eliminacao-gradual\/#primaryimage"},"thumbnailUrl":"https:\/\/sustainablereview.com\/wp-content\/uploads\/2023\/12\/Cop28.webp","articleSection":["Not\u00edcias"],"inLanguage":"pt-BR"},{"@type":"WebPage","@id":"https:\/\/sustainablereview.com\/pt-br\/cop28-concorda-com-a-transicao-dos-combustiveis-fosseis-mas-nao-chega-a-uma-eliminacao-gradual\/","url":"https:\/\/sustainablereview.com\/pt-br\/cop28-concorda-com-a-transicao-dos-combustiveis-fosseis-mas-nao-chega-a-uma-eliminacao-gradual\/","name":"COP28 chega a um acordo sobre a transi\u00e7\u00e3o dos combust\u00edveis f\u00f3sseis, mas n\u00e3o chega a uma elimina\u00e7\u00e3o gradual &#8212; Sustainable Review","isPartOf":{"@id":"https:\/\/sustainablereview.com\/pt-br\/#website"},"primaryImageOfPage":{"@id":"https:\/\/sustainablereview.com\/pt-br\/cop28-concorda-com-a-transicao-dos-combustiveis-fosseis-mas-nao-chega-a-uma-eliminacao-gradual\/#primaryimage"},"image":{"@id":"https:\/\/sustainablereview.com\/pt-br\/cop28-concorda-com-a-transicao-dos-combustiveis-fosseis-mas-nao-chega-a-uma-eliminacao-gradual\/#primaryimage"},"thumbnailUrl":"https:\/\/sustainablereview.com\/wp-content\/uploads\/2023\/12\/Cop28.webp","datePublished":"2023-12-22T05:52:00+00:00","dateModified":"2024-08-10T16:53:11+00:00","breadcrumb":{"@id":"https:\/\/sustainablereview.com\/pt-br\/cop28-concorda-com-a-transicao-dos-combustiveis-fosseis-mas-nao-chega-a-uma-eliminacao-gradual\/#breadcrumb"},"inLanguage":"pt-BR","potentialAction":[{"@type":"ReadAction","target":["https:\/\/sustainablereview.com\/pt-br\/cop28-concorda-com-a-transicao-dos-combustiveis-fosseis-mas-nao-chega-a-uma-eliminacao-gradual\/"]}]},{"@type":"ImageObject","inLanguage":"pt-BR","@id":"https:\/\/sustainablereview.com\/pt-br\/cop28-concorda-com-a-transicao-dos-combustiveis-fosseis-mas-nao-chega-a-uma-eliminacao-gradual\/#primaryimage","url":"https:\/\/sustainablereview.com\/wp-content\/uploads\/2023\/12\/Cop28.webp","contentUrl":"https:\/\/sustainablereview.com\/wp-content\/uploads\/2023\/12\/Cop28.webp","width":1581,"height":1054,"caption":"people are clapping in front of a giant screen written Dubai 2023 on it"},{"@type":"BreadcrumbList","@id":"https:\/\/sustainablereview.com\/pt-br\/cop28-concorda-com-a-transicao-dos-combustiveis-fosseis-mas-nao-chega-a-uma-eliminacao-gradual\/#breadcrumb","itemListElement":[{"@type":"ListItem","position":1,"name":"In\u00edcio","item":"https:\/\/sustainablereview.com\/pt-br\/inicio\/"},{"@type":"ListItem","position":2,"name":"COP28 chega a um acordo sobre a transi\u00e7\u00e3o dos combust\u00edveis f\u00f3sseis, mas n\u00e3o chega a uma elimina\u00e7\u00e3o gradual"}]},{"@type":"WebSite","@id":"https:\/\/sustainablereview.com\/pt-br\/#website","url":"https:\/\/sustainablereview.com\/pt-br\/","name":"Sustainable Review","description":"Let us do the &#039;Green-splaining&#039;","publisher":{"@id":"https:\/\/sustainablereview.com\/pt-br\/#organization"},"potentialAction":[{"@type":"SearchAction","target":{"@type":"EntryPoint","urlTemplate":"https:\/\/sustainablereview.com\/pt-br\/?s={search_term_string}"},"query-input":"required name=search_term_string"}],"inLanguage":"pt-BR"},{"@type":"Organization","@id":"https:\/\/sustainablereview.com\/pt-br\/#organization","name":"Sustainable Review","url":"https:\/\/sustainablereview.com\/pt-br\/","logo":{"@type":"ImageObject","inLanguage":"pt-BR","@id":"https:\/\/sustainablereview.com\/pt-br\/#\/schema\/logo\/image\/","url":"https:\/\/sustainablereview.com\/wp-content\/uploads\/2020\/06\/static1.squarespace.png","contentUrl":"https:\/\/sustainablereview.com\/wp-content\/uploads\/2020\/06\/static1.squarespace.png","width":800,"height":800,"caption":"Sustainable Review"},"image":{"@id":"https:\/\/sustainablereview.com\/pt-br\/#\/schema\/logo\/image\/"},"sameAs":["https:\/\/x.com\/sustainreview"]},{"@type":"Person","@id":"https:\/\/sustainablereview.com\/pt-br\/#\/schema\/person\/85320f9ca6ed105ac24fd5721a2ce339","name":"Raf Chomsky","image":{"@type":"ImageObject","inLanguage":"pt-BR","@id":"https:\/\/sustainablereview.com\/pt-br\/#\/schema\/person\/image\/","url":"https:\/\/sustainablereview.com\/wp-content\/litespeed\/avatar\/ad8c67d6aa8afe7c0a7adebd55367f9e.jpg?ver=1777430820","contentUrl":"https:\/\/sustainablereview.com\/wp-content\/litespeed\/avatar\/ad8c67d6aa8afe7c0a7adebd55367f9e.jpg?ver=1777430820","caption":"Raf Chomsky"},"description":"Dedicated author deeply engaged in sustainability issues. My writing focuses on practical, impactful solutions and communicates the urgency of environmental responsibility. With a commitment to raising awareness, I aim to inform and inspire readers to embrace sustainable practices in their daily lives.","sameAs":["https:\/\/sustainablereview.com\/"],"url":"https:\/\/sustainablereview.com\/pt-br\/author\/nonagency\/"}]}},"wpml_translations":{"en":"31441","pl":"60396","pt-br":"39091"},"_links":{"self":[{"href":"https:\/\/sustainablereview.com\/pt-br\/wp-json\/wp\/v2\/posts\/39091"}],"collection":[{"href":"https:\/\/sustainablereview.com\/pt-br\/wp-json\/wp\/v2\/posts"}],"about":[{"href":"https:\/\/sustainablereview.com\/pt-br\/wp-json\/wp\/v2\/types\/post"}],"author":[{"embeddable":true,"href":"https:\/\/sustainablereview.com\/pt-br\/wp-json\/wp\/v2\/users\/1502"}],"replies":[{"embeddable":true,"href":"https:\/\/sustainablereview.com\/pt-br\/wp-json\/wp\/v2\/comments?post=39091"}],"version-history":[{"count":1,"href":"https:\/\/sustainablereview.com\/pt-br\/wp-json\/wp\/v2\/posts\/39091\/revisions"}],"predecessor-version":[{"id":39603,"href":"https:\/\/sustainablereview.com\/pt-br\/wp-json\/wp\/v2\/posts\/39091\/revisions\/39603"}],"wp:featuredmedia":[{"embeddable":true,"href":"https:\/\/sustainablereview.com\/pt-br\/wp-json\/wp\/v2\/media\/31442"}],"wp:attachment":[{"href":"https:\/\/sustainablereview.com\/pt-br\/wp-json\/wp\/v2\/media?parent=39091"}],"wp:term":[{"taxonomy":"category","embeddable":true,"href":"https:\/\/sustainablereview.com\/pt-br\/wp-json\/wp\/v2\/categories?post=39091"},{"taxonomy":"post_tag","embeddable":true,"href":"https:\/\/sustainablereview.com\/pt-br\/wp-json\/wp\/v2\/tags?post=39091"}],"curies":[{"name":"wp","href":"https:\/\/api.w.org\/{rel}","templated":true}]}}