{"id":39096,"date":"2023-12-10T04:00:00","date_gmt":"2023-12-10T09:00:00","guid":{"rendered":"https:\/\/sustainablereview.com\/?p=39096"},"modified":"2024-08-10T12:53:26","modified_gmt":"2024-08-10T16:53:26","slug":"migrantes-climaticos-e-politicas-trabalhistas-sob-as-lentes-da-cop28","status":"publish","type":"post","link":"https:\/\/sustainablereview.com\/pt-br\/migrantes-climaticos-e-politicas-trabalhistas-sob-as-lentes-da-cop28\/","title":{"rendered":"Migrantes clim\u00e1ticos e pol\u00edticas trabalhistas sob a \u00f3tica da COP28"},"content":{"rendered":"\n<p><strong>Dubai, 07 de dezembro <\/strong>&#8211; Com o desenrolar da COP28, as aten\u00e7\u00f5es est\u00e3o se voltando para os desafios enfrentados pelos migrantes clim\u00e1ticos e para a necessidade de <a href=\"https:\/\/www.ipsnews.net\/2023\/12\/cop28-climate-migrants-rights-risk-based-labor-polices-spotlight\/\" target=\"_blank\" rel=\"noreferrer noopener\">pol\u00edticas trabalhistas baseadas em riscos<\/a>. Em uma cena surpreendente, pouco antes do in\u00edcio oficial da COP28, em 30 de novembro, trabalhadores migrantes do Nepal e das Filipinas ficaram em longas filas do lado de fora da Expo 2020, o local do evento. <\/p>\n\n\n\n<p>Esses trabalhadores, escalados para v\u00e1rias fun\u00e7\u00f5es de servi\u00e7o durante a confer\u00eancia, enfrentaram condi\u00e7\u00f5es adversas, baixa remunera\u00e7\u00e3o e poss\u00edveis abusos. Muitos, n\u00e3o qualificados e empregados por diferentes empreiteiras, suportaram o sol escaldante para garantir crach\u00e1s de entrada para a zona azul de alta seguran\u00e7a dentro da COP28.<\/p>\n\n\n\n<p>Seu estoicismo, apesar das condi\u00e7\u00f5es desafiadoras, ressalta a dura realidade enfrentada por milhares de migrantes no Oriente M\u00e9dio, conforme destacado por um estudo recente da<a href=\"https:\/\/www.france24.com\/en\/middle-east\/20230821-crimes-beyond-imagination-saudi-border-guards-killed-hundreds-of-migrants-hrw-report-says\" target=\"_blank\" rel=\"noreferrer noopener\"> Human Rights Watch <\/a>(HRW) no Nepal, Bangladesh e Paquist\u00e3o. <\/p>\n\n\n\n<p>O estudo revelou abusos trabalhistas desenfreados, incluindo altas taxas de recrutamento, sal\u00e1rios irregulares e exposi\u00e7\u00e3o ao calor extremo. Os migrantes clim\u00e1ticos, que buscam uma vida melhor, paradoxalmente trabalham em ambientes suscet\u00edveis a condi\u00e7\u00f5es clim\u00e1ticas adversas.<\/p>\n\n\n\n<p>A constru\u00e7\u00e3o da Expo City, local da COP28, testemunhou migrantes trabalhando sob calor extremo, o que levou a problemas de sa\u00fade como insola\u00e7\u00e3o e insufici\u00eancia renal cr\u00f4nica induzida por desidrata\u00e7\u00e3o.<\/p>\n\n\n\n<p>De acordo com <a href=\"https:\/\/www.hrw.org\/about\/people\/michael-page\" target=\"_blank\" rel=\"noreferrer noopener\">Michael Page<\/a>, vice-diretor da HRW, os migrantes entrevistados nos Emirados \u00c1rabes Unidos eram frequentemente expostos ao calor extremo, exacerbado pelas mudan\u00e7as clim\u00e1ticas. O estudo indica uma necessidade premente de a\u00e7\u00f5es robustas de clima e desenvolvimento, destacando a vulnerabilidade dos migrantes aos riscos induzidos pelo clima.<\/p>\n\n\n\n<h2 class=\"wp-block-heading\"><strong>Panorama global da migra\u00e7\u00e3o clim\u00e1tica<\/strong><\/h2>\n\n\n<div class=\"wp-block-image\">\n<figure class=\"aligncenter size-full is-resized\"><img fetchpriority=\"high\" decoding=\"async\" src=\"https:\/\/intltest.sustainablereview.com\/\/wp-content\/uploads\/2023\/12\/image-1.png\" alt=\"people sitting above a train\" class=\"wp-image-31199\" width=\"332\" height=\"320\"\/><\/figure><\/div>\n\n\n<p class=\"has-text-align-center\" style=\"font-size:12px\">Cr\u00e9dito da imagem: nytimes.com<\/p>\n\n\n\n<p>A <a href=\"https:\/\/www.iom.int\/\" target=\"_blank\" rel=\"noreferrer noopener\">Organiza\u00e7\u00e3o Internacional de Migra\u00e7\u00e3o<\/a> (OIM) ressalta o profundo impacto da crise clim\u00e1tica sobre a migra\u00e7\u00e3o, com 31,8 milh\u00f5es de deslocamentos internos em 2022 devido a riscos relacionados ao clima. O Relat\u00f3rio Groundswell do Banco Mundial revela ainda deslocamentos significativos no sul da \u00c1sia, na \u00c1frica Subsaariana, no Oriente M\u00e9dio e no norte da \u00c1frica.<\/p>\n\n\n\n<p>Somente no sul da \u00c1sia, 12,5 milh\u00f5es de pessoas foram deslocadas por causa de desastres clim\u00e1ticos em 2022, o que pode aumentar para mais de 216 milh\u00f5es at\u00e9 2050 se n\u00e3o forem tomadas medidas imediatas. O governo do Nepal identifica os Emirados \u00c1rabes Unidos e o Catar como destinos preferidos dos migrantes nepaleses, com 37.492 chegadas entre meados de julho e meados de outubro.<\/p>\n\n\n\n<h2 class=\"wp-block-heading\"><strong>Reconhecimento global e o caminho a seguir<\/strong><\/h2>\n\n\n\n<p>Na cerim\u00f4nia inaugural da COP28, o Secret\u00e1rio-Geral da ONU, Antonio Guterres, destacou a crise clim\u00e1tica do Nepal, enfatizando a liga\u00e7\u00e3o entre o derretimento das geleiras e a devasta\u00e7\u00e3o clim\u00e1tica global. O primeiro-ministro do Nepal, Pushpa Kamal Dahal, anunciou planos para buscar compensa\u00e7\u00e3o no mecanismo de perdas e danos.<\/p>\n\n\n\n<p>O Nepal reconhece a necessidade de apoio e recursos externos para lidar com o deslocamento e a migra\u00e7\u00e3o induzidos pelo clima. Maheshwar Dhakal, Secret\u00e1rio Adjunto do Minist\u00e9rio de Florestas e Meio Ambiente, afirma que o custo de implementa\u00e7\u00e3o do Programa de A\u00e7\u00e3o Nacional do Nepal, estimado em US$ 50 bilh\u00f5es, requer um financiamento externo substancial.<\/p>\n\n\n\n<h2 class=\"wp-block-heading\"><strong>Urg\u00eancia de pol\u00edticas trabalhistas baseadas em riscos<\/strong><\/h2>\n\n\n\n<p>\u00c0 medida que as negocia\u00e7\u00f5es se desenrolam, os especialistas pedem que os pa\u00edses anfitri\u00f5es, especialmente os Emirados \u00c1rabes Unidos, adotem medidas imediatas. Os trabalhadores migrantes constituem 88% da for\u00e7a de trabalho dos Emirados \u00c1rabes Unidos. A HRW prop\u00f5e uma pol\u00edtica de prote\u00e7\u00e3o trabalhista baseada em riscos para proteger os trabalhadores de condi\u00e7\u00f5es clim\u00e1ticas adversas.<\/p>\n\n\n\n<p>Embora a iniciativa &#8220;Pausa para o meio-dia&#8221; dos Emirados \u00c1rabes Unidos vise restringir o trabalho entre 12 e 15 horas, existem brechas que permitem que os empregadores continuem com trabalhos invi\u00e1veis. A Michael Page defende uma abordagem baseada em riscos, citando o \u00edndice WBGT ( <a href=\"https:\/\/www.nature.com\/articles\/s41597-022-01405-3\" target=\"_blank\" rel=\"noreferrer noopener\">wet bulb globe temperature <\/a>), que considera v\u00e1rios fatores que influenciam a percep\u00e7\u00e3o de calor. A ado\u00e7\u00e3o dessas medidas, adaptadas \u00e0s condi\u00e7\u00f5es locais, garantiria a justi\u00e7a clim\u00e1tica para os trabalhadores vulner\u00e1veis.<\/p>\n\n\n\n<p>\u00c0 medida que o Nepal ganha reconhecimento global por seus desafios clim\u00e1ticos, a COP28 oferece uma plataforma para abordar o deslocamento induzido pelo clima. O apelo por pol\u00edticas trabalhistas baseadas em riscos surge como uma etapa crucial para a prote\u00e7\u00e3o dos direitos dos migrantes clim\u00e1ticos em face do aumento das crises clim\u00e1ticas.<\/p>\n","protected":false},"excerpt":{"rendered":"<p> <!-- wp:paragraph --> <\/p>\n<p>Explore as quest\u00f5es urgentes dos migrantes clim\u00e1ticos e o exame minucioso das pol\u00edticas trabalhistas na COP28. Descubra os desafios enfrentados pelos trabalhadores migrantes, os riscos associados \u00e0s condi\u00e7\u00f5es induzidas pelo clima e a necessidade de a\u00e7\u00e3o imediata.<\/p>\n<p><!-- \/wp:paragraph --><\/p>\n","protected":false},"author":1502,"featured_media":31200,"comment_status":"closed","ping_status":"open","sticky":false,"template":"","format":"standard","meta":{"_acf_changed":false,"_monsterinsights_skip_tracking":false,"_monsterinsights_sitenote_active":false,"_monsterinsights_sitenote_note":"","_monsterinsights_sitenote_category":0,"footnotes":""},"categories":[3095],"tags":[],"acf":[],"yoast_head":"<!-- This site is optimized with the Yoast SEO plugin v23.2 - https:\/\/yoast.com\/wordpress\/plugins\/seo\/ -->\n<title>Migrantes clim\u00e1ticos e pol\u00edticas trabalhistas sob a \u00f3tica da COP28 &#8212; Sustainable Review<\/title>\n<meta name=\"robots\" content=\"index, follow, max-snippet:-1, max-image-preview:large, max-video-preview:-1\" \/>\n<link rel=\"canonical\" href=\"https:\/\/sustainablereview.com\/pt-br\/migrantes-climaticos-e-politicas-trabalhistas-sob-as-lentes-da-cop28\/\" \/>\n<meta property=\"og:locale\" content=\"pt_BR\" \/>\n<meta property=\"og:type\" content=\"article\" \/>\n<meta property=\"og:title\" content=\"Migrantes clim\u00e1ticos e pol\u00edticas trabalhistas sob a \u00f3tica da COP28 &#8212; Sustainable Review\" \/>\n<meta property=\"og:description\" content=\"Explore as quest\u00f5es urgentes dos migrantes clim\u00e1ticos e o exame minucioso das pol\u00edticas trabalhistas na COP28. Descubra os desafios enfrentados pelos trabalhadores migrantes, os riscos associados \u00e0s condi\u00e7\u00f5es induzidas pelo clima e a necessidade de a\u00e7\u00e3o imediata.\" \/>\n<meta property=\"og:url\" content=\"https:\/\/sustainablereview.com\/pt-br\/migrantes-climaticos-e-politicas-trabalhistas-sob-as-lentes-da-cop28\/\" \/>\n<meta property=\"og:site_name\" content=\"Sustainable Review\" \/>\n<meta property=\"article:published_time\" content=\"2023-12-10T09:00:00+00:00\" \/>\n<meta property=\"article:modified_time\" content=\"2024-08-10T16:53:26+00:00\" \/>\n<meta property=\"og:image\" content=\"https:\/\/sustainablereview.com\/wp-content\/uploads\/2023\/12\/pasted-image-0-2023-12-10T093542.015.png\" \/>\n\t<meta property=\"og:image:width\" content=\"1024\" \/>\n\t<meta property=\"og:image:height\" content=\"768\" \/>\n\t<meta property=\"og:image:type\" content=\"image\/png\" \/>\n<meta name=\"author\" content=\"Raf Chomsky\" \/>\n<meta name=\"twitter:card\" content=\"summary_large_image\" \/>\n<meta name=\"twitter:creator\" content=\"@sustainreview\" \/>\n<meta name=\"twitter:site\" content=\"@sustainreview\" \/>\n<meta name=\"twitter:label1\" content=\"Escrito por\" \/>\n\t<meta name=\"twitter:data1\" content=\"Raf Chomsky\" \/>\n\t<meta name=\"twitter:label2\" content=\"Est. tempo de leitura\" \/>\n\t<meta name=\"twitter:data2\" content=\"4 minutos\" \/>\n<script type=\"application\/ld+json\" class=\"yoast-schema-graph\">{\"@context\":\"https:\/\/schema.org\",\"@graph\":[{\"@type\":\"Article\",\"@id\":\"https:\/\/sustainablereview.com\/pt-br\/migrantes-climaticos-e-politicas-trabalhistas-sob-as-lentes-da-cop28\/#article\",\"isPartOf\":{\"@id\":\"https:\/\/sustainablereview.com\/pt-br\/migrantes-climaticos-e-politicas-trabalhistas-sob-as-lentes-da-cop28\/\"},\"author\":{\"name\":\"Raf Chomsky\",\"@id\":\"https:\/\/sustainablereview.com\/pt-br\/#\/schema\/person\/85320f9ca6ed105ac24fd5721a2ce339\"},\"headline\":\"Migrantes clim\u00e1ticos e pol\u00edticas trabalhistas sob a \u00f3tica da COP28\",\"datePublished\":\"2023-12-10T09:00:00+00:00\",\"dateModified\":\"2024-08-10T16:53:26+00:00\",\"mainEntityOfPage\":{\"@id\":\"https:\/\/sustainablereview.com\/pt-br\/migrantes-climaticos-e-politicas-trabalhistas-sob-as-lentes-da-cop28\/\"},\"wordCount\":768,\"publisher\":{\"@id\":\"https:\/\/sustainablereview.com\/pt-br\/#organization\"},\"image\":{\"@id\":\"https:\/\/sustainablereview.com\/pt-br\/migrantes-climaticos-e-politicas-trabalhistas-sob-as-lentes-da-cop28\/#primaryimage\"},\"thumbnailUrl\":\"https:\/\/sustainablereview.com\/wp-content\/uploads\/2023\/12\/pasted-image-0-2023-12-10T093542.015.png\",\"articleSection\":[\"Not\u00edcias\"],\"inLanguage\":\"pt-BR\"},{\"@type\":\"WebPage\",\"@id\":\"https:\/\/sustainablereview.com\/pt-br\/migrantes-climaticos-e-politicas-trabalhistas-sob-as-lentes-da-cop28\/\",\"url\":\"https:\/\/sustainablereview.com\/pt-br\/migrantes-climaticos-e-politicas-trabalhistas-sob-as-lentes-da-cop28\/\",\"name\":\"Migrantes clim\u00e1ticos e pol\u00edticas trabalhistas sob a \u00f3tica da COP28 &#8212; Sustainable Review\",\"isPartOf\":{\"@id\":\"https:\/\/sustainablereview.com\/pt-br\/#website\"},\"primaryImageOfPage\":{\"@id\":\"https:\/\/sustainablereview.com\/pt-br\/migrantes-climaticos-e-politicas-trabalhistas-sob-as-lentes-da-cop28\/#primaryimage\"},\"image\":{\"@id\":\"https:\/\/sustainablereview.com\/pt-br\/migrantes-climaticos-e-politicas-trabalhistas-sob-as-lentes-da-cop28\/#primaryimage\"},\"thumbnailUrl\":\"https:\/\/sustainablereview.com\/wp-content\/uploads\/2023\/12\/pasted-image-0-2023-12-10T093542.015.png\",\"datePublished\":\"2023-12-10T09:00:00+00:00\",\"dateModified\":\"2024-08-10T16:53:26+00:00\",\"breadcrumb\":{\"@id\":\"https:\/\/sustainablereview.com\/pt-br\/migrantes-climaticos-e-politicas-trabalhistas-sob-as-lentes-da-cop28\/#breadcrumb\"},\"inLanguage\":\"pt-BR\",\"potentialAction\":[{\"@type\":\"ReadAction\",\"target\":[\"https:\/\/sustainablereview.com\/pt-br\/migrantes-climaticos-e-politicas-trabalhistas-sob-as-lentes-da-cop28\/\"]}]},{\"@type\":\"ImageObject\",\"inLanguage\":\"pt-BR\",\"@id\":\"https:\/\/sustainablereview.com\/pt-br\/migrantes-climaticos-e-politicas-trabalhistas-sob-as-lentes-da-cop28\/#primaryimage\",\"url\":\"https:\/\/sustainablereview.com\/wp-content\/uploads\/2023\/12\/pasted-image-0-2023-12-10T093542.015.png\",\"contentUrl\":\"https:\/\/sustainablereview.com\/wp-content\/uploads\/2023\/12\/pasted-image-0-2023-12-10T093542.015.png\",\"width\":1024,\"height\":768,\"caption\":\"people gathering around for UN Climate change program\"},{\"@type\":\"BreadcrumbList\",\"@id\":\"https:\/\/sustainablereview.com\/pt-br\/migrantes-climaticos-e-politicas-trabalhistas-sob-as-lentes-da-cop28\/#breadcrumb\",\"itemListElement\":[{\"@type\":\"ListItem\",\"position\":1,\"name\":\"In\u00edcio\",\"item\":\"https:\/\/sustainablereview.com\/pt-br\/inicio\/\"},{\"@type\":\"ListItem\",\"position\":2,\"name\":\"Migrantes clim\u00e1ticos e pol\u00edticas trabalhistas sob a \u00f3tica da COP28\"}]},{\"@type\":\"WebSite\",\"@id\":\"https:\/\/sustainablereview.com\/pt-br\/#website\",\"url\":\"https:\/\/sustainablereview.com\/pt-br\/\",\"name\":\"Sustainable Review\",\"description\":\"Let us do the &#039;Green-splaining&#039;\",\"publisher\":{\"@id\":\"https:\/\/sustainablereview.com\/pt-br\/#organization\"},\"potentialAction\":[{\"@type\":\"SearchAction\",\"target\":{\"@type\":\"EntryPoint\",\"urlTemplate\":\"https:\/\/sustainablereview.com\/pt-br\/?s={search_term_string}\"},\"query-input\":\"required name=search_term_string\"}],\"inLanguage\":\"pt-BR\"},{\"@type\":\"Organization\",\"@id\":\"https:\/\/sustainablereview.com\/pt-br\/#organization\",\"name\":\"Sustainable Review\",\"url\":\"https:\/\/sustainablereview.com\/pt-br\/\",\"logo\":{\"@type\":\"ImageObject\",\"inLanguage\":\"pt-BR\",\"@id\":\"https:\/\/sustainablereview.com\/pt-br\/#\/schema\/logo\/image\/\",\"url\":\"https:\/\/sustainablereview.com\/wp-content\/uploads\/2020\/06\/static1.squarespace.png\",\"contentUrl\":\"https:\/\/sustainablereview.com\/wp-content\/uploads\/2020\/06\/static1.squarespace.png\",\"width\":800,\"height\":800,\"caption\":\"Sustainable Review\"},\"image\":{\"@id\":\"https:\/\/sustainablereview.com\/pt-br\/#\/schema\/logo\/image\/\"},\"sameAs\":[\"https:\/\/x.com\/sustainreview\"]},{\"@type\":\"Person\",\"@id\":\"https:\/\/sustainablereview.com\/pt-br\/#\/schema\/person\/85320f9ca6ed105ac24fd5721a2ce339\",\"name\":\"Raf Chomsky\",\"image\":{\"@type\":\"ImageObject\",\"inLanguage\":\"pt-BR\",\"@id\":\"https:\/\/sustainablereview.com\/pt-br\/#\/schema\/person\/image\/\",\"url\":\"https:\/\/sustainablereview.com\/wp-content\/litespeed\/avatar\/ad8c67d6aa8afe7c0a7adebd55367f9e.jpg?ver=1777430820\",\"contentUrl\":\"https:\/\/sustainablereview.com\/wp-content\/litespeed\/avatar\/ad8c67d6aa8afe7c0a7adebd55367f9e.jpg?ver=1777430820\",\"caption\":\"Raf Chomsky\"},\"description\":\"Dedicated author deeply engaged in sustainability issues. My writing focuses on practical, impactful solutions and communicates the urgency of environmental responsibility. With a commitment to raising awareness, I aim to inform and inspire readers to embrace sustainable practices in their daily lives.\",\"sameAs\":[\"https:\/\/sustainablereview.com\/\"],\"url\":\"https:\/\/sustainablereview.com\/pt-br\/author\/nonagency\/\"}]}<\/script>\n<!-- \/ Yoast SEO plugin. -->","yoast_head_json":{"title":"Migrantes clim\u00e1ticos e pol\u00edticas trabalhistas sob a \u00f3tica da COP28 &#8212; Sustainable Review","robots":{"index":"index","follow":"follow","max-snippet":"max-snippet:-1","max-image-preview":"max-image-preview:large","max-video-preview":"max-video-preview:-1"},"canonical":"https:\/\/sustainablereview.com\/pt-br\/migrantes-climaticos-e-politicas-trabalhistas-sob-as-lentes-da-cop28\/","og_locale":"pt_BR","og_type":"article","og_title":"Migrantes clim\u00e1ticos e pol\u00edticas trabalhistas sob a \u00f3tica da COP28 &#8212; Sustainable Review","og_description":"Explore as quest\u00f5es urgentes dos migrantes clim\u00e1ticos e o exame minucioso das pol\u00edticas trabalhistas na COP28. Descubra os desafios enfrentados pelos trabalhadores migrantes, os riscos associados \u00e0s condi\u00e7\u00f5es induzidas pelo clima e a necessidade de a\u00e7\u00e3o imediata.","og_url":"https:\/\/sustainablereview.com\/pt-br\/migrantes-climaticos-e-politicas-trabalhistas-sob-as-lentes-da-cop28\/","og_site_name":"Sustainable Review","article_published_time":"2023-12-10T09:00:00+00:00","article_modified_time":"2024-08-10T16:53:26+00:00","og_image":[{"width":1024,"height":768,"url":"https:\/\/sustainablereview.com\/wp-content\/uploads\/2023\/12\/pasted-image-0-2023-12-10T093542.015.png","type":"image\/png"}],"author":"Raf Chomsky","twitter_card":"summary_large_image","twitter_creator":"@sustainreview","twitter_site":"@sustainreview","twitter_misc":{"Escrito por":"Raf Chomsky","Est. tempo de leitura":"4 minutos"},"schema":{"@context":"https:\/\/schema.org","@graph":[{"@type":"Article","@id":"https:\/\/sustainablereview.com\/pt-br\/migrantes-climaticos-e-politicas-trabalhistas-sob-as-lentes-da-cop28\/#article","isPartOf":{"@id":"https:\/\/sustainablereview.com\/pt-br\/migrantes-climaticos-e-politicas-trabalhistas-sob-as-lentes-da-cop28\/"},"author":{"name":"Raf Chomsky","@id":"https:\/\/sustainablereview.com\/pt-br\/#\/schema\/person\/85320f9ca6ed105ac24fd5721a2ce339"},"headline":"Migrantes clim\u00e1ticos e pol\u00edticas trabalhistas sob a \u00f3tica da COP28","datePublished":"2023-12-10T09:00:00+00:00","dateModified":"2024-08-10T16:53:26+00:00","mainEntityOfPage":{"@id":"https:\/\/sustainablereview.com\/pt-br\/migrantes-climaticos-e-politicas-trabalhistas-sob-as-lentes-da-cop28\/"},"wordCount":768,"publisher":{"@id":"https:\/\/sustainablereview.com\/pt-br\/#organization"},"image":{"@id":"https:\/\/sustainablereview.com\/pt-br\/migrantes-climaticos-e-politicas-trabalhistas-sob-as-lentes-da-cop28\/#primaryimage"},"thumbnailUrl":"https:\/\/sustainablereview.com\/wp-content\/uploads\/2023\/12\/pasted-image-0-2023-12-10T093542.015.png","articleSection":["Not\u00edcias"],"inLanguage":"pt-BR"},{"@type":"WebPage","@id":"https:\/\/sustainablereview.com\/pt-br\/migrantes-climaticos-e-politicas-trabalhistas-sob-as-lentes-da-cop28\/","url":"https:\/\/sustainablereview.com\/pt-br\/migrantes-climaticos-e-politicas-trabalhistas-sob-as-lentes-da-cop28\/","name":"Migrantes clim\u00e1ticos e pol\u00edticas trabalhistas sob a \u00f3tica da COP28 &#8212; Sustainable Review","isPartOf":{"@id":"https:\/\/sustainablereview.com\/pt-br\/#website"},"primaryImageOfPage":{"@id":"https:\/\/sustainablereview.com\/pt-br\/migrantes-climaticos-e-politicas-trabalhistas-sob-as-lentes-da-cop28\/#primaryimage"},"image":{"@id":"https:\/\/sustainablereview.com\/pt-br\/migrantes-climaticos-e-politicas-trabalhistas-sob-as-lentes-da-cop28\/#primaryimage"},"thumbnailUrl":"https:\/\/sustainablereview.com\/wp-content\/uploads\/2023\/12\/pasted-image-0-2023-12-10T093542.015.png","datePublished":"2023-12-10T09:00:00+00:00","dateModified":"2024-08-10T16:53:26+00:00","breadcrumb":{"@id":"https:\/\/sustainablereview.com\/pt-br\/migrantes-climaticos-e-politicas-trabalhistas-sob-as-lentes-da-cop28\/#breadcrumb"},"inLanguage":"pt-BR","potentialAction":[{"@type":"ReadAction","target":["https:\/\/sustainablereview.com\/pt-br\/migrantes-climaticos-e-politicas-trabalhistas-sob-as-lentes-da-cop28\/"]}]},{"@type":"ImageObject","inLanguage":"pt-BR","@id":"https:\/\/sustainablereview.com\/pt-br\/migrantes-climaticos-e-politicas-trabalhistas-sob-as-lentes-da-cop28\/#primaryimage","url":"https:\/\/sustainablereview.com\/wp-content\/uploads\/2023\/12\/pasted-image-0-2023-12-10T093542.015.png","contentUrl":"https:\/\/sustainablereview.com\/wp-content\/uploads\/2023\/12\/pasted-image-0-2023-12-10T093542.015.png","width":1024,"height":768,"caption":"people gathering around for UN Climate change program"},{"@type":"BreadcrumbList","@id":"https:\/\/sustainablereview.com\/pt-br\/migrantes-climaticos-e-politicas-trabalhistas-sob-as-lentes-da-cop28\/#breadcrumb","itemListElement":[{"@type":"ListItem","position":1,"name":"In\u00edcio","item":"https:\/\/sustainablereview.com\/pt-br\/inicio\/"},{"@type":"ListItem","position":2,"name":"Migrantes clim\u00e1ticos e pol\u00edticas trabalhistas sob a \u00f3tica da COP28"}]},{"@type":"WebSite","@id":"https:\/\/sustainablereview.com\/pt-br\/#website","url":"https:\/\/sustainablereview.com\/pt-br\/","name":"Sustainable Review","description":"Let us do the &#039;Green-splaining&#039;","publisher":{"@id":"https:\/\/sustainablereview.com\/pt-br\/#organization"},"potentialAction":[{"@type":"SearchAction","target":{"@type":"EntryPoint","urlTemplate":"https:\/\/sustainablereview.com\/pt-br\/?s={search_term_string}"},"query-input":"required name=search_term_string"}],"inLanguage":"pt-BR"},{"@type":"Organization","@id":"https:\/\/sustainablereview.com\/pt-br\/#organization","name":"Sustainable Review","url":"https:\/\/sustainablereview.com\/pt-br\/","logo":{"@type":"ImageObject","inLanguage":"pt-BR","@id":"https:\/\/sustainablereview.com\/pt-br\/#\/schema\/logo\/image\/","url":"https:\/\/sustainablereview.com\/wp-content\/uploads\/2020\/06\/static1.squarespace.png","contentUrl":"https:\/\/sustainablereview.com\/wp-content\/uploads\/2020\/06\/static1.squarespace.png","width":800,"height":800,"caption":"Sustainable Review"},"image":{"@id":"https:\/\/sustainablereview.com\/pt-br\/#\/schema\/logo\/image\/"},"sameAs":["https:\/\/x.com\/sustainreview"]},{"@type":"Person","@id":"https:\/\/sustainablereview.com\/pt-br\/#\/schema\/person\/85320f9ca6ed105ac24fd5721a2ce339","name":"Raf Chomsky","image":{"@type":"ImageObject","inLanguage":"pt-BR","@id":"https:\/\/sustainablereview.com\/pt-br\/#\/schema\/person\/image\/","url":"https:\/\/sustainablereview.com\/wp-content\/litespeed\/avatar\/ad8c67d6aa8afe7c0a7adebd55367f9e.jpg?ver=1777430820","contentUrl":"https:\/\/sustainablereview.com\/wp-content\/litespeed\/avatar\/ad8c67d6aa8afe7c0a7adebd55367f9e.jpg?ver=1777430820","caption":"Raf Chomsky"},"description":"Dedicated author deeply engaged in sustainability issues. My writing focuses on practical, impactful solutions and communicates the urgency of environmental responsibility. With a commitment to raising awareness, I aim to inform and inspire readers to embrace sustainable practices in their daily lives.","sameAs":["https:\/\/sustainablereview.com\/"],"url":"https:\/\/sustainablereview.com\/pt-br\/author\/nonagency\/"}]}},"wpml_translations":{"en":"31198","pl":"60401","pt-br":"39096"},"_links":{"self":[{"href":"https:\/\/sustainablereview.com\/pt-br\/wp-json\/wp\/v2\/posts\/39096"}],"collection":[{"href":"https:\/\/sustainablereview.com\/pt-br\/wp-json\/wp\/v2\/posts"}],"about":[{"href":"https:\/\/sustainablereview.com\/pt-br\/wp-json\/wp\/v2\/types\/post"}],"author":[{"embeddable":true,"href":"https:\/\/sustainablereview.com\/pt-br\/wp-json\/wp\/v2\/users\/1502"}],"replies":[{"embeddable":true,"href":"https:\/\/sustainablereview.com\/pt-br\/wp-json\/wp\/v2\/comments?post=39096"}],"version-history":[{"count":1,"href":"https:\/\/sustainablereview.com\/pt-br\/wp-json\/wp\/v2\/posts\/39096\/revisions"}],"predecessor-version":[{"id":39608,"href":"https:\/\/sustainablereview.com\/pt-br\/wp-json\/wp\/v2\/posts\/39096\/revisions\/39608"}],"wp:featuredmedia":[{"embeddable":true,"href":"https:\/\/sustainablereview.com\/pt-br\/wp-json\/wp\/v2\/media\/31200"}],"wp:attachment":[{"href":"https:\/\/sustainablereview.com\/pt-br\/wp-json\/wp\/v2\/media?parent=39096"}],"wp:term":[{"taxonomy":"category","embeddable":true,"href":"https:\/\/sustainablereview.com\/pt-br\/wp-json\/wp\/v2\/categories?post=39096"},{"taxonomy":"post_tag","embeddable":true,"href":"https:\/\/sustainablereview.com\/pt-br\/wp-json\/wp\/v2\/tags?post=39096"}],"curies":[{"name":"wp","href":"https:\/\/api.w.org\/{rel}","templated":true}]}}