{"id":39099,"date":"2023-12-04T04:00:00","date_gmt":"2023-12-04T09:00:00","guid":{"rendered":"https:\/\/sustainablereview.com\/?p=39099"},"modified":"2024-08-10T12:53:34","modified_gmt":"2024-08-10T16:53:34","slug":"cupula-do-clima-da-onu-cop28-inova-com-compromisso-de-420-milhoes-para-o-fundo-climatico","status":"publish","type":"post","link":"https:\/\/sustainablereview.com\/pt-br\/cupula-do-clima-da-onu-cop28-inova-com-compromisso-de-420-milhoes-para-o-fundo-climatico\/","title":{"rendered":"C\u00fapula do Clima da ONU COP28: Compromisso inovador de US$ 420 milh\u00f5es para o Fundo Clim\u00e1tico"},"content":{"rendered":"\n<p>Not\u00edcias das Na\u00e7\u00f5es Unidas sobre Mudan\u00e7as Clim\u00e1ticas, Dubai, Emirados \u00c1rabes Unidos, 29 de novembro de 2023 &#8211; O mundo se prepara para a abertura da Confer\u00eancia das Na\u00e7\u00f5es Unidas sobre Mudan\u00e7as Clim\u00e1ticas COP28 em Dubai, pedindo aos l\u00edderes globais que acelerem a a\u00e7\u00e3o clim\u00e1tica coletiva.<\/p>\n\n\n\n<p>Com o in\u00edcio da confer\u00eancia durante o ano mais quente j\u00e1 registrado, o objetivo \u00e9 abordar os impactos sem precedentes da crise clim\u00e1tica sobre a vida humana e os meios de subsist\u00eancia em todo o mundo.<\/p>\n\n\n\n<p>Os pa\u00edses participantes <a href=\"https:\/\/gulfnews.com\/uae\/environment\/cop28-in-uae-developed-countries-pledge-over-420-million-to-set-up-loss-and-damage-fund-on-day-1-1.99687665\" target=\"_blank\" rel=\"noreferrer noopener\">prometeram<\/a> coletivamente <a href=\"https:\/\/gulfnews.com\/uae\/environment\/cop28-in-uae-developed-countries-pledge-over-420-million-to-set-up-loss-and-damage-fund-on-day-1-1.99687665\" target=\"_blank\" rel=\"noreferrer noopener\">US$ 420 milh\u00f5es<\/a> para um fundo hist\u00f3rico de apoio \u00e0s regi\u00f5es afetadas pelo aquecimento global. O presidente da COP28, Sultan al-Jaber, elogia esse compromisso como uma &#8220;conquista \u00fanica e sem precedentes&#8221; e um in\u00edcio promissor para a c\u00fapula.<\/p>\n\n\n\n<h2 class=\"wp-block-heading\"><strong>Momento decisivo em Dubai<\/strong><\/h2>\n\n\n\n<figure class=\"wp-block-image size-full\"><img fetchpriority=\"high\" decoding=\"async\" width=\"750\" height=\"563\" src=\"https:\/\/intltest.sustainablereview.com\/\/wp-content\/uploads\/2024\/01\/image-59.png\" alt=\"group of people clapping together\" class=\"wp-image-32019\" srcset=\"https:\/\/sustainablereview.com\/wp-content\/uploads\/2024\/01\/image-59.png 750w, https:\/\/sustainablereview.com\/wp-content\/uploads\/2024\/01\/image-59-300x225.png 300w, https:\/\/sustainablereview.com\/wp-content\/uploads\/2024\/01\/image-59-45x34.png 45w\" sizes=\"(min-width: 960px) 75vw, 100vw\" \/><\/figure>\n\n\n\n<p>Cr\u00e9dito da imagem: gulfnews.com<\/p>\n\n\n\n<p>Presidida pelo Dr. Sultan Al Jaber, a COP28 marca a conclus\u00e3o do &#8220;balan\u00e7o global&#8221;, avaliando o progresso na implementa\u00e7\u00e3o do Acordo de Paris de 2015. Os resultados indicam que o mundo n\u00e3o est\u00e1 conseguindo limitar o aumento da temperatura a 1,5\u00b0C at\u00e9 o final deste s\u00e9culo.<\/p>\n\n\n\n<h3 class=\"wp-block-heading\"><strong>Conclus\u00f5es do balan\u00e7o global e planos de a\u00e7\u00e3o clim\u00e1tica<\/strong><\/h3>\n\n\n\n<p>Um relat\u00f3rio recente da <a href=\"https:\/\/unfccc.int\/news\/new-analysis-of-national-climate-plans-insufficient-progress-made-cop28-must-set-stage-for-immediate\" target=\"_blank\" rel=\"noreferrer noopener\">ONU sobre Mudan\u00e7as Clim<\/a> \u00e1ticas revela que os planos nacionais de a\u00e7\u00e3o clim\u00e1tica, conhecidos como contribui\u00e7\u00f5es nacionalmente determinadas (NDCs), projetam coletivamente uma redu\u00e7\u00e3o de 2% nas emiss\u00f5es de gases de efeito estufa at\u00e9 2030, significativamente abaixo da redu\u00e7\u00e3o necess\u00e1ria de 43%. <\/p>\n\n\n\n<p>O levantamento global est\u00e1 posicionado como um catalisador para aumentar a ambi\u00e7\u00e3o no cumprimento das metas do Acordo de Paris, levando as na\u00e7\u00f5es a enviar planos de a\u00e7\u00e3o clim\u00e1tica revisados at\u00e9 2025.<\/p>\n\n\n\n<h3 class=\"wp-block-heading\"><strong>COP28: um ponto de virada para o financiamento clim\u00e1tico<\/strong><\/h3>\n\n\n\n<p>O financiamento clim\u00e1tico est\u00e1 na vanguarda da transforma\u00e7\u00e3o necess\u00e1ria. Reabastecer o Fundo Verde para o Clima, dobrar os recursos financeiros para adapta\u00e7\u00e3o e operacionalizar o fundo de perdas e danos s\u00e3o passos cruciais para atingir a meta de 1,5\u00b0C e, ao mesmo tempo, garantir a inclus\u00e3o.<\/p>\n\n\n\n<p>A COP28 visa garantir o progresso no financiamento clim\u00e1tico, estabelecendo uma base para uma &#8220;Nova Meta Coletiva Quantificada&#8221; mais ambiciosa no pr\u00f3ximo ano.<\/p>\n\n\n\n<h3 class=\"wp-block-heading\"><strong>Contribui\u00e7\u00f5es financeiras apesar das preocupa\u00e7\u00f5es<\/strong><\/h3>\n\n\n\n<p>Em meio a preocupa\u00e7\u00f5es com o pa\u00eds anfitri\u00e3o, os Emirados \u00c1rabes Unidos, uma importante na\u00e7\u00e3o produtora de petr\u00f3leo, compromete-se a contribuir com \u00a3 79 milh\u00f5es (US$ 100 milh\u00f5es) para o fundo. O Reino Unido e os EUA tamb\u00e9m contribu\u00edram significativamente, com promessas de \u00a360 milh\u00f5es (US$ 76 milh\u00f5es) e \u00a313,8 milh\u00f5es (US$ 17,5 milh\u00f5es), respectivamente. Esse apoio financeiro marca uma iniciativa crucial, apesar dos la\u00e7os da na\u00e7\u00e3o anfitri\u00e3 com o setor de combust\u00edveis f\u00f3sseis.<\/p>\n\n\n\n<h3 class=\"wp-block-heading\"><strong>Urg\u00eancia e advert\u00eancias severas<\/strong><\/h3>\n\n\n\n<p>O chefe da ONU, Ant\u00f3nio Guterres, define um tom s\u00e9rio para a c\u00fapula, declarando: &#8220;Estamos vivendo um colapso clim\u00e1tico em tempo real&#8221;. Confirmando as proje\u00e7\u00f5es de que 2023 ser\u00e1 o ano mais quente j\u00e1 registrado, Guterres enfatiza a necessidade urgente de a\u00e7\u00e3o global para lidar com as mudan\u00e7as clim\u00e1ticas.<\/p>\n\n\n\n<h3 class=\"wp-block-heading\"><strong>Momento cr\u00edtico e imperativos cient\u00edficos<\/strong><\/h3>\n\n\n\n<p>A c\u00fapula ocorre em um momento cr\u00edtico, com o aumento das emiss\u00f5es de gases de efeito estufa. Os cientistas enfatizam o imperativo de reduzir essas emiss\u00f5es quase pela metade nos pr\u00f3ximos sete anos, ressaltando a urg\u00eancia de uma a\u00e7\u00e3o clim\u00e1tica pr\u00e1tica e imediata.<\/p>\n\n\n\n<h3 class=\"wp-block-heading\"><strong>Apelo \u00e0 unidade e \u00e0 a\u00e7\u00e3o coletiva<\/strong><\/h3>\n\n\n\n<p>Sultan al-Jaber, chefe da empresa estatal de petr\u00f3leo dos Emirados \u00c1rabes Unidos, faz um discurso apaixonado pedindo uni\u00e3o entre os participantes da c\u00fapula. Ele afirma que o mundo &#8220;chegou a uma encruzilhada&#8221; e pede uma a\u00e7\u00e3o coletiva para enfrentar os desafios da mudan\u00e7a clim\u00e1tica.<\/p>\n\n\n\n<h3 class=\"wp-block-heading\"><strong>Principais eventos e destaques da c\u00fapula<\/strong><\/h3>\n\n\n\n<iframe width=\"560\" height=\"315\" src=\"https:\/\/www.youtube.com\/embed\/Eh9vCQ-EApc?si=lVWaYICoTzSGCUza\" title=\"YouTube video player\" frameborder=\"0\" allow=\"accelerometer; autoplay; clipboard-write; encrypted-media; gyroscope; picture-in-picture; web-share\" allowfullscreen><\/iframe>\n\n\n\n<p>Os principais eventos incluem a C\u00fapula Mundial de A\u00e7\u00e3o Clim\u00e1tica (WCAS), organizada por Sua Alteza Sheikh Mohamed bin Zayed Al Nahyan, Presidente dos Emirados \u00c1rabes Unidos, nos dias 1 e 2 de dezembro. A c\u00fapula permite que os Chefes de Estado ou de Governo preparem o terreno, assumam compromissos clim\u00e1ticos e promovam a\u00e7\u00f5es coordenadas.<\/p>\n\n\n\n<h3 class=\"wp-block-heading\"><strong>Esperan\u00e7a de um progresso significativo<\/strong><\/h3>\n\n\n\n<p>\u00c0 medida que a COP28 avan\u00e7a, a comunidade internacional monitora de perto os resultados e os compromissos assumidos pelos l\u00edderes mundiais. A urg\u00eancia enfatizada por Guterres e o sucesso inicial do fundo clim\u00e1tico oferecem esperan\u00e7a de um progresso significativo no enfrentamento dos desafios urgentes impostos pelo colapso clim\u00e1tico.<\/p>\n\n\n\n<h3 class=\"wp-block-heading\"><strong>Contribui\u00e7\u00e3o esperada do Rei Carlos III<\/strong><\/h3>\n\n\n\n<p>Fique atento a mais atualiza\u00e7\u00f5es da COP28, onde se espera que o Rei Carlos III contribua significativamente para as discuss\u00f5es clim\u00e1ticas em andamento. Seu envolvimento contribui para os esfor\u00e7os coletivos para enfrentar a crise clim\u00e1tica global.<\/p>\n\n\n\n<h3 class=\"wp-block-heading\"><strong>Resultados previstos e envolvimento das partes interessadas<\/strong><\/h3>\n\n\n\n<p>A COP28 prev\u00ea mais de 70.000 delegados, incluindo Estados membros, l\u00edderes empresariais, jovens, cientistas do clima, povos ind\u00edgenas, jornalistas e especialistas. O programa tem\u00e1tico convida a consultas abertas, promovendo o envolvimento das partes interessadas e perspectivas diversas.<\/p>\n\n\n\n<p>\u00c0 medida que a c\u00fapula da COP28 se desenrola, o mundo aguarda a\u00e7\u00f5es e compromissos concretos que definir\u00e3o a trajet\u00f3ria dos esfor\u00e7os globais para combater as mudan\u00e7as clim\u00e1ticas e garantir um<a href=\"https:\/\/intltest.sustainablereview.com\/united-nations-sustainable-development-goals-building-a-sustainable-and-inclusive-future\/\" target=\"_blank\" rel=\"noreferrer noopener\"> futuro sustent\u00e1vel<\/a>. Fique atento \u00e0s atualiza\u00e7\u00f5es sobre esse importante encontro internacional. <\/p>\n","protected":false},"excerpt":{"rendered":"<p><!-- wp:paragraph --> <\/p>\n<p>Descubra as \u00faltimas a\u00e7\u00f5es clim\u00e1ticas na C\u00fapula do Clima da ONU COP28 com um compromisso inovador de US$ 420 milh\u00f5es para o Fundo Clim\u00e1tico. Mantenha-se informado sobre os principais desenvolvimentos, iniciativas globais e compromissos financeiros que est\u00e3o moldando o futuro da resili\u00eancia e sustentabilidade clim\u00e1ticas.<\/p>\n<p><!-- \/wp:paragraph --><\/p>\n","protected":false},"author":1502,"featured_media":31105,"comment_status":"closed","ping_status":"open","sticky":false,"template":"","format":"standard","meta":{"_acf_changed":false,"_monsterinsights_skip_tracking":false,"_monsterinsights_sitenote_active":false,"_monsterinsights_sitenote_note":"","_monsterinsights_sitenote_category":0,"footnotes":""},"categories":[3095],"tags":[],"acf":[],"yoast_head":"<!-- This site is optimized with the Yoast SEO plugin v23.2 - https:\/\/yoast.com\/wordpress\/plugins\/seo\/ -->\n<title>C\u00fapula do Clima da ONU COP28: Compromisso inovador de US$ 420 milh\u00f5es para o Fundo Clim\u00e1tico &#8212; Sustainable Review<\/title>\n<meta name=\"robots\" content=\"index, follow, max-snippet:-1, max-image-preview:large, max-video-preview:-1\" \/>\n<link rel=\"canonical\" href=\"https:\/\/sustainablereview.com\/pt-br\/cupula-do-clima-da-onu-cop28-inova-com-compromisso-de-420-milhoes-para-o-fundo-climatico\/\" \/>\n<meta property=\"og:locale\" content=\"pt_BR\" \/>\n<meta property=\"og:type\" content=\"article\" \/>\n<meta property=\"og:title\" content=\"C\u00fapula do Clima da ONU COP28: Compromisso inovador de US$ 420 milh\u00f5es para o Fundo Clim\u00e1tico &#8212; Sustainable Review\" \/>\n<meta property=\"og:description\" content=\"Descubra as \u00faltimas a\u00e7\u00f5es clim\u00e1ticas na C\u00fapula do Clima da ONU COP28 com um compromisso inovador de US$ 420 milh\u00f5es para o Fundo Clim\u00e1tico. Mantenha-se informado sobre os principais desenvolvimentos, iniciativas globais e compromissos financeiros que est\u00e3o moldando o futuro da resili\u00eancia e sustentabilidade clim\u00e1ticas.\" \/>\n<meta property=\"og:url\" content=\"https:\/\/sustainablereview.com\/pt-br\/cupula-do-clima-da-onu-cop28-inova-com-compromisso-de-420-milhoes-para-o-fundo-climatico\/\" \/>\n<meta property=\"og:site_name\" content=\"Sustainable Review\" \/>\n<meta property=\"article:published_time\" content=\"2023-12-04T09:00:00+00:00\" \/>\n<meta property=\"article:modified_time\" content=\"2024-08-10T16:53:34+00:00\" \/>\n<meta property=\"og:image\" content=\"https:\/\/sustainablereview.com\/wp-content\/uploads\/2023\/12\/COP28.jpg\" \/>\n\t<meta property=\"og:image:width\" content=\"780\" \/>\n\t<meta property=\"og:image:height\" content=\"439\" \/>\n\t<meta property=\"og:image:type\" content=\"image\/jpeg\" \/>\n<meta name=\"author\" content=\"Raf Chomsky\" \/>\n<meta name=\"twitter:card\" content=\"summary_large_image\" \/>\n<meta name=\"twitter:creator\" content=\"@sustainreview\" \/>\n<meta name=\"twitter:site\" content=\"@sustainreview\" \/>\n<meta name=\"twitter:label1\" content=\"Escrito por\" \/>\n\t<meta name=\"twitter:data1\" content=\"Raf Chomsky\" \/>\n\t<meta name=\"twitter:label2\" content=\"Est. tempo de leitura\" \/>\n\t<meta name=\"twitter:data2\" content=\"5 minutos\" \/>\n<script type=\"application\/ld+json\" class=\"yoast-schema-graph\">{\"@context\":\"https:\/\/schema.org\",\"@graph\":[{\"@type\":\"Article\",\"@id\":\"https:\/\/sustainablereview.com\/pt-br\/cupula-do-clima-da-onu-cop28-inova-com-compromisso-de-420-milhoes-para-o-fundo-climatico\/#article\",\"isPartOf\":{\"@id\":\"https:\/\/sustainablereview.com\/pt-br\/cupula-do-clima-da-onu-cop28-inova-com-compromisso-de-420-milhoes-para-o-fundo-climatico\/\"},\"author\":{\"name\":\"Raf Chomsky\",\"@id\":\"https:\/\/sustainablereview.com\/pt-br\/#\/schema\/person\/85320f9ca6ed105ac24fd5721a2ce339\"},\"headline\":\"C\u00fapula do Clima da ONU COP28: Compromisso inovador de US$ 420 milh\u00f5es para o Fundo Clim\u00e1tico\",\"datePublished\":\"2023-12-04T09:00:00+00:00\",\"dateModified\":\"2024-08-10T16:53:34+00:00\",\"mainEntityOfPage\":{\"@id\":\"https:\/\/sustainablereview.com\/pt-br\/cupula-do-clima-da-onu-cop28-inova-com-compromisso-de-420-milhoes-para-o-fundo-climatico\/\"},\"wordCount\":941,\"publisher\":{\"@id\":\"https:\/\/sustainablereview.com\/pt-br\/#organization\"},\"image\":{\"@id\":\"https:\/\/sustainablereview.com\/pt-br\/cupula-do-clima-da-onu-cop28-inova-com-compromisso-de-420-milhoes-para-o-fundo-climatico\/#primaryimage\"},\"thumbnailUrl\":\"https:\/\/sustainablereview.com\/wp-content\/uploads\/2023\/12\/COP28.jpg\",\"articleSection\":[\"Not\u00edcias\"],\"inLanguage\":\"pt-BR\"},{\"@type\":\"WebPage\",\"@id\":\"https:\/\/sustainablereview.com\/pt-br\/cupula-do-clima-da-onu-cop28-inova-com-compromisso-de-420-milhoes-para-o-fundo-climatico\/\",\"url\":\"https:\/\/sustainablereview.com\/pt-br\/cupula-do-clima-da-onu-cop28-inova-com-compromisso-de-420-milhoes-para-o-fundo-climatico\/\",\"name\":\"C\u00fapula do Clima da ONU COP28: Compromisso inovador de US$ 420 milh\u00f5es para o Fundo Clim\u00e1tico &#8212; Sustainable Review\",\"isPartOf\":{\"@id\":\"https:\/\/sustainablereview.com\/pt-br\/#website\"},\"primaryImageOfPage\":{\"@id\":\"https:\/\/sustainablereview.com\/pt-br\/cupula-do-clima-da-onu-cop28-inova-com-compromisso-de-420-milhoes-para-o-fundo-climatico\/#primaryimage\"},\"image\":{\"@id\":\"https:\/\/sustainablereview.com\/pt-br\/cupula-do-clima-da-onu-cop28-inova-com-compromisso-de-420-milhoes-para-o-fundo-climatico\/#primaryimage\"},\"thumbnailUrl\":\"https:\/\/sustainablereview.com\/wp-content\/uploads\/2023\/12\/COP28.jpg\",\"datePublished\":\"2023-12-04T09:00:00+00:00\",\"dateModified\":\"2024-08-10T16:53:34+00:00\",\"breadcrumb\":{\"@id\":\"https:\/\/sustainablereview.com\/pt-br\/cupula-do-clima-da-onu-cop28-inova-com-compromisso-de-420-milhoes-para-o-fundo-climatico\/#breadcrumb\"},\"inLanguage\":\"pt-BR\",\"potentialAction\":[{\"@type\":\"ReadAction\",\"target\":[\"https:\/\/sustainablereview.com\/pt-br\/cupula-do-clima-da-onu-cop28-inova-com-compromisso-de-420-milhoes-para-o-fundo-climatico\/\"]}]},{\"@type\":\"ImageObject\",\"inLanguage\":\"pt-BR\",\"@id\":\"https:\/\/sustainablereview.com\/pt-br\/cupula-do-clima-da-onu-cop28-inova-com-compromisso-de-420-milhoes-para-o-fundo-climatico\/#primaryimage\",\"url\":\"https:\/\/sustainablereview.com\/wp-content\/uploads\/2023\/12\/COP28.jpg\",\"contentUrl\":\"https:\/\/sustainablereview.com\/wp-content\/uploads\/2023\/12\/COP28.jpg\",\"width\":780,\"height\":439},{\"@type\":\"BreadcrumbList\",\"@id\":\"https:\/\/sustainablereview.com\/pt-br\/cupula-do-clima-da-onu-cop28-inova-com-compromisso-de-420-milhoes-para-o-fundo-climatico\/#breadcrumb\",\"itemListElement\":[{\"@type\":\"ListItem\",\"position\":1,\"name\":\"In\u00edcio\",\"item\":\"https:\/\/sustainablereview.com\/pt-br\/inicio\/\"},{\"@type\":\"ListItem\",\"position\":2,\"name\":\"C\u00fapula do Clima da ONU COP28: Compromisso inovador de US$ 420 milh\u00f5es para o Fundo Clim\u00e1tico\"}]},{\"@type\":\"WebSite\",\"@id\":\"https:\/\/sustainablereview.com\/pt-br\/#website\",\"url\":\"https:\/\/sustainablereview.com\/pt-br\/\",\"name\":\"Sustainable Review\",\"description\":\"Let us do the &#039;Green-splaining&#039;\",\"publisher\":{\"@id\":\"https:\/\/sustainablereview.com\/pt-br\/#organization\"},\"potentialAction\":[{\"@type\":\"SearchAction\",\"target\":{\"@type\":\"EntryPoint\",\"urlTemplate\":\"https:\/\/sustainablereview.com\/pt-br\/?s={search_term_string}\"},\"query-input\":\"required name=search_term_string\"}],\"inLanguage\":\"pt-BR\"},{\"@type\":\"Organization\",\"@id\":\"https:\/\/sustainablereview.com\/pt-br\/#organization\",\"name\":\"Sustainable Review\",\"url\":\"https:\/\/sustainablereview.com\/pt-br\/\",\"logo\":{\"@type\":\"ImageObject\",\"inLanguage\":\"pt-BR\",\"@id\":\"https:\/\/sustainablereview.com\/pt-br\/#\/schema\/logo\/image\/\",\"url\":\"https:\/\/sustainablereview.com\/wp-content\/uploads\/2020\/06\/static1.squarespace.png\",\"contentUrl\":\"https:\/\/sustainablereview.com\/wp-content\/uploads\/2020\/06\/static1.squarespace.png\",\"width\":800,\"height\":800,\"caption\":\"Sustainable Review\"},\"image\":{\"@id\":\"https:\/\/sustainablereview.com\/pt-br\/#\/schema\/logo\/image\/\"},\"sameAs\":[\"https:\/\/x.com\/sustainreview\"]},{\"@type\":\"Person\",\"@id\":\"https:\/\/sustainablereview.com\/pt-br\/#\/schema\/person\/85320f9ca6ed105ac24fd5721a2ce339\",\"name\":\"Raf Chomsky\",\"image\":{\"@type\":\"ImageObject\",\"inLanguage\":\"pt-BR\",\"@id\":\"https:\/\/sustainablereview.com\/pt-br\/#\/schema\/person\/image\/\",\"url\":\"https:\/\/sustainablereview.com\/wp-content\/litespeed\/avatar\/ad8c67d6aa8afe7c0a7adebd55367f9e.jpg?ver=1777430820\",\"contentUrl\":\"https:\/\/sustainablereview.com\/wp-content\/litespeed\/avatar\/ad8c67d6aa8afe7c0a7adebd55367f9e.jpg?ver=1777430820\",\"caption\":\"Raf Chomsky\"},\"description\":\"Dedicated author deeply engaged in sustainability issues. My writing focuses on practical, impactful solutions and communicates the urgency of environmental responsibility. With a commitment to raising awareness, I aim to inform and inspire readers to embrace sustainable practices in their daily lives.\",\"sameAs\":[\"https:\/\/sustainablereview.com\/\"],\"url\":\"https:\/\/sustainablereview.com\/pt-br\/author\/nonagency\/\"}]}<\/script>\n<!-- \/ Yoast SEO plugin. -->","yoast_head_json":{"title":"C\u00fapula do Clima da ONU COP28: Compromisso inovador de US$ 420 milh\u00f5es para o Fundo Clim\u00e1tico &#8212; Sustainable Review","robots":{"index":"index","follow":"follow","max-snippet":"max-snippet:-1","max-image-preview":"max-image-preview:large","max-video-preview":"max-video-preview:-1"},"canonical":"https:\/\/sustainablereview.com\/pt-br\/cupula-do-clima-da-onu-cop28-inova-com-compromisso-de-420-milhoes-para-o-fundo-climatico\/","og_locale":"pt_BR","og_type":"article","og_title":"C\u00fapula do Clima da ONU COP28: Compromisso inovador de US$ 420 milh\u00f5es para o Fundo Clim\u00e1tico &#8212; Sustainable Review","og_description":"Descubra as \u00faltimas a\u00e7\u00f5es clim\u00e1ticas na C\u00fapula do Clima da ONU COP28 com um compromisso inovador de US$ 420 milh\u00f5es para o Fundo Clim\u00e1tico. Mantenha-se informado sobre os principais desenvolvimentos, iniciativas globais e compromissos financeiros que est\u00e3o moldando o futuro da resili\u00eancia e sustentabilidade clim\u00e1ticas.","og_url":"https:\/\/sustainablereview.com\/pt-br\/cupula-do-clima-da-onu-cop28-inova-com-compromisso-de-420-milhoes-para-o-fundo-climatico\/","og_site_name":"Sustainable Review","article_published_time":"2023-12-04T09:00:00+00:00","article_modified_time":"2024-08-10T16:53:34+00:00","og_image":[{"width":780,"height":439,"url":"https:\/\/sustainablereview.com\/wp-content\/uploads\/2023\/12\/COP28.jpg","type":"image\/jpeg"}],"author":"Raf Chomsky","twitter_card":"summary_large_image","twitter_creator":"@sustainreview","twitter_site":"@sustainreview","twitter_misc":{"Escrito por":"Raf Chomsky","Est. tempo de leitura":"5 minutos"},"schema":{"@context":"https:\/\/schema.org","@graph":[{"@type":"Article","@id":"https:\/\/sustainablereview.com\/pt-br\/cupula-do-clima-da-onu-cop28-inova-com-compromisso-de-420-milhoes-para-o-fundo-climatico\/#article","isPartOf":{"@id":"https:\/\/sustainablereview.com\/pt-br\/cupula-do-clima-da-onu-cop28-inova-com-compromisso-de-420-milhoes-para-o-fundo-climatico\/"},"author":{"name":"Raf Chomsky","@id":"https:\/\/sustainablereview.com\/pt-br\/#\/schema\/person\/85320f9ca6ed105ac24fd5721a2ce339"},"headline":"C\u00fapula do Clima da ONU COP28: Compromisso inovador de US$ 420 milh\u00f5es para o Fundo Clim\u00e1tico","datePublished":"2023-12-04T09:00:00+00:00","dateModified":"2024-08-10T16:53:34+00:00","mainEntityOfPage":{"@id":"https:\/\/sustainablereview.com\/pt-br\/cupula-do-clima-da-onu-cop28-inova-com-compromisso-de-420-milhoes-para-o-fundo-climatico\/"},"wordCount":941,"publisher":{"@id":"https:\/\/sustainablereview.com\/pt-br\/#organization"},"image":{"@id":"https:\/\/sustainablereview.com\/pt-br\/cupula-do-clima-da-onu-cop28-inova-com-compromisso-de-420-milhoes-para-o-fundo-climatico\/#primaryimage"},"thumbnailUrl":"https:\/\/sustainablereview.com\/wp-content\/uploads\/2023\/12\/COP28.jpg","articleSection":["Not\u00edcias"],"inLanguage":"pt-BR"},{"@type":"WebPage","@id":"https:\/\/sustainablereview.com\/pt-br\/cupula-do-clima-da-onu-cop28-inova-com-compromisso-de-420-milhoes-para-o-fundo-climatico\/","url":"https:\/\/sustainablereview.com\/pt-br\/cupula-do-clima-da-onu-cop28-inova-com-compromisso-de-420-milhoes-para-o-fundo-climatico\/","name":"C\u00fapula do Clima da ONU COP28: Compromisso inovador de US$ 420 milh\u00f5es para o Fundo Clim\u00e1tico &#8212; Sustainable Review","isPartOf":{"@id":"https:\/\/sustainablereview.com\/pt-br\/#website"},"primaryImageOfPage":{"@id":"https:\/\/sustainablereview.com\/pt-br\/cupula-do-clima-da-onu-cop28-inova-com-compromisso-de-420-milhoes-para-o-fundo-climatico\/#primaryimage"},"image":{"@id":"https:\/\/sustainablereview.com\/pt-br\/cupula-do-clima-da-onu-cop28-inova-com-compromisso-de-420-milhoes-para-o-fundo-climatico\/#primaryimage"},"thumbnailUrl":"https:\/\/sustainablereview.com\/wp-content\/uploads\/2023\/12\/COP28.jpg","datePublished":"2023-12-04T09:00:00+00:00","dateModified":"2024-08-10T16:53:34+00:00","breadcrumb":{"@id":"https:\/\/sustainablereview.com\/pt-br\/cupula-do-clima-da-onu-cop28-inova-com-compromisso-de-420-milhoes-para-o-fundo-climatico\/#breadcrumb"},"inLanguage":"pt-BR","potentialAction":[{"@type":"ReadAction","target":["https:\/\/sustainablereview.com\/pt-br\/cupula-do-clima-da-onu-cop28-inova-com-compromisso-de-420-milhoes-para-o-fundo-climatico\/"]}]},{"@type":"ImageObject","inLanguage":"pt-BR","@id":"https:\/\/sustainablereview.com\/pt-br\/cupula-do-clima-da-onu-cop28-inova-com-compromisso-de-420-milhoes-para-o-fundo-climatico\/#primaryimage","url":"https:\/\/sustainablereview.com\/wp-content\/uploads\/2023\/12\/COP28.jpg","contentUrl":"https:\/\/sustainablereview.com\/wp-content\/uploads\/2023\/12\/COP28.jpg","width":780,"height":439},{"@type":"BreadcrumbList","@id":"https:\/\/sustainablereview.com\/pt-br\/cupula-do-clima-da-onu-cop28-inova-com-compromisso-de-420-milhoes-para-o-fundo-climatico\/#breadcrumb","itemListElement":[{"@type":"ListItem","position":1,"name":"In\u00edcio","item":"https:\/\/sustainablereview.com\/pt-br\/inicio\/"},{"@type":"ListItem","position":2,"name":"C\u00fapula do Clima da ONU COP28: Compromisso inovador de US$ 420 milh\u00f5es para o Fundo Clim\u00e1tico"}]},{"@type":"WebSite","@id":"https:\/\/sustainablereview.com\/pt-br\/#website","url":"https:\/\/sustainablereview.com\/pt-br\/","name":"Sustainable Review","description":"Let us do the &#039;Green-splaining&#039;","publisher":{"@id":"https:\/\/sustainablereview.com\/pt-br\/#organization"},"potentialAction":[{"@type":"SearchAction","target":{"@type":"EntryPoint","urlTemplate":"https:\/\/sustainablereview.com\/pt-br\/?s={search_term_string}"},"query-input":"required name=search_term_string"}],"inLanguage":"pt-BR"},{"@type":"Organization","@id":"https:\/\/sustainablereview.com\/pt-br\/#organization","name":"Sustainable Review","url":"https:\/\/sustainablereview.com\/pt-br\/","logo":{"@type":"ImageObject","inLanguage":"pt-BR","@id":"https:\/\/sustainablereview.com\/pt-br\/#\/schema\/logo\/image\/","url":"https:\/\/sustainablereview.com\/wp-content\/uploads\/2020\/06\/static1.squarespace.png","contentUrl":"https:\/\/sustainablereview.com\/wp-content\/uploads\/2020\/06\/static1.squarespace.png","width":800,"height":800,"caption":"Sustainable Review"},"image":{"@id":"https:\/\/sustainablereview.com\/pt-br\/#\/schema\/logo\/image\/"},"sameAs":["https:\/\/x.com\/sustainreview"]},{"@type":"Person","@id":"https:\/\/sustainablereview.com\/pt-br\/#\/schema\/person\/85320f9ca6ed105ac24fd5721a2ce339","name":"Raf Chomsky","image":{"@type":"ImageObject","inLanguage":"pt-BR","@id":"https:\/\/sustainablereview.com\/pt-br\/#\/schema\/person\/image\/","url":"https:\/\/sustainablereview.com\/wp-content\/litespeed\/avatar\/ad8c67d6aa8afe7c0a7adebd55367f9e.jpg?ver=1777430820","contentUrl":"https:\/\/sustainablereview.com\/wp-content\/litespeed\/avatar\/ad8c67d6aa8afe7c0a7adebd55367f9e.jpg?ver=1777430820","caption":"Raf Chomsky"},"description":"Dedicated author deeply engaged in sustainability issues. My writing focuses on practical, impactful solutions and communicates the urgency of environmental responsibility. With a commitment to raising awareness, I aim to inform and inspire readers to embrace sustainable practices in their daily lives.","sameAs":["https:\/\/sustainablereview.com\/"],"url":"https:\/\/sustainablereview.com\/pt-br\/author\/nonagency\/"}]}},"wpml_translations":{"en":"31053","pl":"60404","pt-br":"39099"},"_links":{"self":[{"href":"https:\/\/sustainablereview.com\/pt-br\/wp-json\/wp\/v2\/posts\/39099"}],"collection":[{"href":"https:\/\/sustainablereview.com\/pt-br\/wp-json\/wp\/v2\/posts"}],"about":[{"href":"https:\/\/sustainablereview.com\/pt-br\/wp-json\/wp\/v2\/types\/post"}],"author":[{"embeddable":true,"href":"https:\/\/sustainablereview.com\/pt-br\/wp-json\/wp\/v2\/users\/1502"}],"replies":[{"embeddable":true,"href":"https:\/\/sustainablereview.com\/pt-br\/wp-json\/wp\/v2\/comments?post=39099"}],"version-history":[{"count":1,"href":"https:\/\/sustainablereview.com\/pt-br\/wp-json\/wp\/v2\/posts\/39099\/revisions"}],"predecessor-version":[{"id":39611,"href":"https:\/\/sustainablereview.com\/pt-br\/wp-json\/wp\/v2\/posts\/39099\/revisions\/39611"}],"wp:featuredmedia":[{"embeddable":true,"href":"https:\/\/sustainablereview.com\/pt-br\/wp-json\/wp\/v2\/media\/31105"}],"wp:attachment":[{"href":"https:\/\/sustainablereview.com\/pt-br\/wp-json\/wp\/v2\/media?parent=39099"}],"wp:term":[{"taxonomy":"category","embeddable":true,"href":"https:\/\/sustainablereview.com\/pt-br\/wp-json\/wp\/v2\/categories?post=39099"},{"taxonomy":"post_tag","embeddable":true,"href":"https:\/\/sustainablereview.com\/pt-br\/wp-json\/wp\/v2\/tags?post=39099"}],"curies":[{"name":"wp","href":"https:\/\/api.w.org\/{rel}","templated":true}]}}