{"id":39227,"date":"2023-07-27T14:02:39","date_gmt":"2023-07-27T18:02:39","guid":{"rendered":"https:\/\/sustainablereview.com\/?p=39227"},"modified":"2024-08-10T12:59:19","modified_gmt":"2024-08-10T16:59:19","slug":"o-concreto-e-sustentavel","status":"publish","type":"post","link":"https:\/\/sustainablereview.com\/pt-br\/o-concreto-e-sustentavel\/","title":{"rendered":"O concreto \u00e9 sustent\u00e1vel?"},"content":{"rendered":"\n<p>O concreto \u00e9 um dos materiais de constru\u00e7\u00e3o mais usados no mundo. Usamos concreto para construir casas, edif\u00edcios, estradas e pontes. \u00c9 praticamente inevit\u00e1vel.<\/p>\n\n\n\n<p>Mas voc\u00ea sabia que a produ\u00e7\u00e3o do cimento Portland, o componente aglutinante que forma o concreto, emite grandes quantidades de di\u00f3xido de carbono e outros poluentes perigosos?<\/p>\n\n\n\n<p>Continue lendo para voc\u00ea se aprofundar nos impactos ambientais do cimento e do concreto e nas <a href=\"https:\/\/sustainablereview.com\/pt-br\/contabilizacao-das-emissoes-de-gases-de-efeito-estufa-para-o-crescimento-dos-negocios\/\">iniciativas de sustentabilidade<\/a> do setor para reduzir sua pegada de carbono.<\/p>\n\n\n\n<h2 class=\"wp-block-heading\">Entendendo a diferen\u00e7a entre concreto e cimento<\/h2>\n\n\n\n<p>O concreto \u00e9 um material de constru\u00e7\u00e3o endurecido que se forma a partir de uma mistura de cimento (geralmente cimento Portland), \u00e1gua e agregados, como pedras britadas, areia, esc\u00f3ria e cascalho.<\/p>\n\n\n\n<p>O cimento Portland, um dos principais ingredientes do concreto, \u00e9 composto por uma mistura de argila, calc\u00e1rio e outros p\u00f3s finos mo\u00eddos que atuam como aglutinante quando misturados com \u00e1gua e agregados. Essa combina\u00e7\u00e3o ou mistura de concreto endurece e seca para formar um material de constru\u00e7\u00e3o dur\u00e1vel com o qual todos n\u00f3s estamos familiarizados.<\/p>\n\n\n\n<p>Devido \u00e0 sua resist\u00eancia, custo-benef\u00edcio e versatilidade, o concreto \u00e9 amplamente utilizado para construir a base estrutural de casas, escrit\u00f3rios e edif\u00edcios comerciais, bem como estradas, pontes, represas e outros projetos de infraestrutura.<\/p>\n\n\n\n<figure class=\"wp-block-table\"><table class=\"has-fixed-layout\"><thead><tr><th>CONCRETO<\/th><th>CIMENTO<\/th><\/tr><\/thead><tbody><tr><td>Um material de constru\u00e7\u00e3o para a constru\u00e7\u00e3o de funda\u00e7\u00f5es estruturais, lajes, estradas, cal\u00e7adas, p\u00e1tios, alvenaria, etc.<\/td><td>Um elemento de liga\u00e7\u00e3o no concreto<\/td><\/tr><tr><td>Feito de uma mistura de cimento, \u00e1gua e agregados (areia, pedra britada, cascalho)<\/td><td>Feito de uma mistura de ferro, alum\u00ednio, c\u00e1lcio e outras subst\u00e2ncias encontradas em calc\u00e1rio, conchas e areias de s\u00edlica<\/td><\/tr><tr><td>Flex\u00edvel e se molda em qualquer molde<\/td><td>Endurece quando combinado com \u00e1gua<\/td><\/tr><tr><td>Extremamente dur\u00e1vel e amplamente utilizado como material de constru\u00e7\u00e3o em aplica\u00e7\u00f5es residenciais e comerciais<\/td><td>Pode ser usado sozinho em pequenas aplica\u00e7\u00f5es, como rejunte, superf\u00edcies de alvenaria, etc.<\/td><\/tr><\/tbody><\/table><\/figure>\n\n\n\n<h2 class=\"wp-block-heading\">Os impactos ambientais do concreto<\/h2>\n\n\n\n<p>Infelizmente, a constru\u00e7\u00e3o do mundo moderno traz consigo enormes impactos ambientais e amea\u00e7as iminentes de esgotamento de nossos recursos naturais.<\/p>\n\n\n\n<p>O concreto \u00e9 o <a href=\"https:\/\/dspace.mit.edu\/handle\/1721.1\/33030\">segundo material mais consumido no mundo, depois da \u00e1gua<\/a>, e com esse fato vem o consumo alarmante de energia, combust\u00edvel e \u00e1gua e as emiss\u00f5es de di\u00f3xido de carbono durante o processo de fabrica\u00e7\u00e3o.<\/p>\n\n\n\n<h3 class=\"wp-block-heading\">Emiss\u00f5es de di\u00f3xido de carbono durante a produ\u00e7\u00e3o de cimento<\/h3>\n\n\n\n<p>O concreto em si tem um longo ciclo de vida e durabilidade que o tornam um material de constru\u00e7\u00e3o sustent\u00e1vel e eficiente em termos de energia. Entretanto, \u00e9 na fabrica\u00e7\u00e3o do principal componente do concreto, o cimento, que reside o verdadeiro problema.<\/p>\n\n\n\n<p>A produ\u00e7\u00e3o de cimento \u00e9 o terceiro maior produtor mundial de CO2 produzido pelo homem e que causa o aquecimento global. O cimento Portland, o principal componente de liga\u00e7\u00e3o de quase todo o concreto moderno, requer uma enorme quantidade de energia para ser produzido.<\/p>\n\n\n\n<figure class=\"wp-block-image\"><img decoding=\"async\" src=\"https:\/\/lh4.googleusercontent.com\/JaVwkzRNUcsVk6oAxrtHqrjK2jt5lsPIOTqBT-L_5Yw4rZH3QNpixeHFWxqCNcMQfLtGwbKNbEhlTTtQXzikUc6ok6Ug7KFTcke-xL-2FDHv7EiXq8X7eR28M00ShP1a36m83fBE8O_3bf0o_7dmV2U\" alt=\"CO2 emission chart\"\/><\/figure>\n\n\n\n<p class=\"has-text-align-center\" style=\"font-size:12px\"><a href=\"https:\/\/www.greenspec.co.uk\/building-design\/environmental-impacts-of-concrete\/\">Fonte da imagem<\/a><\/p>\n\n\n\n<p>A maior parte da emiss\u00e3o de carbono vem da queima de combust\u00edveis f\u00f3sseis (carv\u00e3o) para gerar calor e iniciar o processo de fabrica\u00e7\u00e3o do cimento. A mistura de calc\u00e1rio, minerais e mat\u00e9rias-primas \u00e9 aquecida em um forno que funciona ininterruptamente a uma temperatura de aproximadamente 1.500\u00b0C, formando pellets ou <a href=\"https:\/\/en.wikipedia.org\/wiki\/Cement_clinker\">cl\u00ednqueres de cimento<\/a> e produzindo uma enorme emiss\u00e3o de CO2 no processo.<\/p>\n\n\n\n<h3 class=\"wp-block-heading\">Outros aspectos negativos (e igualmente alarmantes) de nossa forte depend\u00eancia do concreto:<\/h3>\n\n\n\n<ul>\n<li><strong><em>O papel do concreto no efeito de ilha de calor urbana.<\/em><\/strong> O efeito de ilha de calor urbana \u00e9 um problema ambiental que ocorre em cidades nas quais a temperatura do ar \u00e9 mais alta do que nas \u00e1reas rurais pr\u00f3ximas. Esse calor sufocante nas \u00e1reas urbanas \u00e9 ampliado por edif\u00edcios, pavimentos, cal\u00e7adas e outras superf\u00edcies e estruturas, que s\u00e3o feitas, em grande parte ou parcialmente, de concreto. O betume <a href=\"https:\/\/www.theguardian.com\/sustainable-business\/2017\/feb\/21\/urban-heat-islands-cooling-things-down-with-trees-green-roads-and-fewer-cars#:~:text=The%20urban%20heat%20island%20effect%20occurs%20because%20the%20dense%20dark,then%20release%20it%20at%20night.\">ou o concreto asf\u00e1ltico nas estradas, cal\u00e7adas e materiais de constru\u00e7\u00e3o usados nas cidades<\/a> absorvem e armazenam o calor durante o dia e o liberam \u00e0 noite. Os espa\u00e7os verdes substitu\u00eddos por estruturas modernas, juntamente com o aumento da atividade humana, dos ve\u00edculos e do uso excessivo de sistemas de ar condicionado, contribuem para o efeito de ilha de calor urbana, que representa in\u00fameras amea\u00e7as n\u00e3o apenas ao meio ambiente, mas tamb\u00e9m \u00e0 sa\u00fade humana.<\/li>\n<\/ul>\n\n\n\n<ul>\n<li><strong><em>Desmatamento e destrui\u00e7\u00e3o do habitat para extra\u00e7\u00e3o de mat\u00e9ria-prima.<\/em><\/strong> O processo de aquecimento e calcina\u00e7\u00e3o do forno para criar o cimento Portland, que emite grandes quantidades de CO2, s\u00e3o as atividades mais poluentes do setor de concreto. A minera\u00e7\u00e3o para extrair mat\u00e9rias-primas, como areia e cascalho para o concreto, tamb\u00e9m leva \u00e0 degrada\u00e7\u00e3o da terra e \u00e0 polui\u00e7\u00e3o da \u00e1gua. Al\u00e9m disso, a r\u00e1pida urbaniza\u00e7\u00e3o resulta em <a href=\"https:\/\/ugc.berkeley.edu\/background-content\/urbanization\/#:~:text=Urban%20areas%20can%20grow%20from,alter%20species%20ranges%20and%20interactions.\">desmatamento e perda de habitat<\/a>. As florestas e os espa\u00e7os verdes s\u00e3o substitu\u00eddos por <a href=\"https:\/\/sustainablereview.com\/pt-br\/vida-sustentavel-superpopulacao\/\">paisagens urbanas<\/a> cobertas por cal\u00e7adas ou edif\u00edcios. Isso reduz a biodiversidade, pois muitas esp\u00e9cies naturais n\u00e3o conseguem se adaptar ao ambiente urbano.<\/li>\n<\/ul>\n\n\n\n<ul>\n<li><strong><em>Consumo de \u00e1gua e polui\u00e7\u00e3o do ar na produ\u00e7\u00e3o de concreto<\/em><\/strong><em>.<\/em> O setor de concreto n\u00e3o \u00e9 not\u00f3rio apenas por seu consumo de energia e emiss\u00f5es de gases de efeito estufa; ele tamb\u00e9m \u00e9 respons\u00e1vel por cerca de 9% da retirada de \u00e1gua industrial em todo o mundo. At\u00e9 2050, 75% das capta\u00e7\u00f5es de \u00e1gua para a produ\u00e7\u00e3o de concreto ser\u00e3o feitas em regi\u00f5es que j\u00e1 enfrentam estresse h\u00eddrico. Al\u00e9m de consumir muita \u00e1gua, a produ\u00e7\u00e3o de cimento polui o ar com subst\u00e2ncias t\u00f3xicas, como o di\u00f3xido de enxofre e o mon\u00f3xido de carbono, que podem causar ou agravar problemas respirat\u00f3rios.<\/li>\n<\/ul>\n\n\n\n<h2 class=\"wp-block-heading\">Estrat\u00e9gias de mitiga\u00e7\u00e3o para o uso sustent\u00e1vel do concreto<\/h2>\n\n\n\n<p>Quase todos os est\u00e1gios da produ\u00e7\u00e3o de concreto s\u00e3o destrutivos para o meio ambiente &#8211; desde a minera\u00e7\u00e3o e a extra\u00e7\u00e3o de mat\u00e9rias-primas at\u00e9 os processos qu\u00edmicos e de aquecimento para transformar as mat\u00e9rias-primas em pellets de cimento.<\/p>\n\n\n\n<p>No entanto, o setor de constru\u00e7\u00e3o ainda n\u00e3o encontrou um material de constru\u00e7\u00e3o alternativo que tenha a mesma longevidade, resili\u00eancia, qualidades t\u00e9rmicas e flexibilidade de projeto do concreto. Portanto, o que os inovadores est\u00e3o procurando \u00e9 reduzir a pegada de carbono durante o processo de fabrica\u00e7\u00e3o do concreto.<\/p>\n\n\n\n<h3 class=\"wp-block-heading\">Concreto tradicional versus concreto sustent\u00e1vel Concreto sustent\u00e1vel<\/h3>\n\n\n\n<p>Os impactos ambientais da fabrica\u00e7\u00e3o do concreto tradicional, que \u00e9 composto principalmente de cimento Portland, \u00e1gua e agregados, j\u00e1 foram discutidos acima. Agora, o que \u00e9 concreto sustent\u00e1vel?<\/p>\n\n\n\n<p>O concreto sustent\u00e1vel difere do concreto tradicional em termos dos materiais usados e dos processos de produ\u00e7\u00e3o.<\/p>\n\n\n\n<p>O concreto sustent\u00e1vel incorpora o uso de materiais e processos ecologicamente corretos em toda a sua produ\u00e7\u00e3o para reduzir a pegada ambiental. Os principais componentes do concreto sustent\u00e1vel s\u00e3o os <a href=\"https:\/\/www.cement.org\/cement-concrete\/concrete-materials\/supplementary-cementing-materials\">Materiais Ciment\u00edcios Suplementares<\/a> (SCMs), que envolvem o uso de cinzas volantes, cimento de esc\u00f3ria e s\u00edlica ativa.<\/p>\n\n\n\n<figure class=\"wp-block-image\"><img decoding=\"async\" src=\"https:\/\/lh5.googleusercontent.com\/DIU-UuVEDqaIbF5Bb7LsiwMOXdiVZobMvRcMKIq8OUtJmt9BaaO9yX61rb377OaRKtFtzMHv5i70hugc5ixvTbNWHLo1affLji6bSO8pB38KOgSTwqRl_TKpqJ_VunTVvY0IW_D2tDZpdXhWYQRkrXY\" alt=\"different type of concrete powder\"\/><\/figure>\n\n\n\n<p class=\"has-text-align-center\" style=\"font-size:12px\"><a href=\"https:\/\/www.cement.org\/cement-concrete\/concrete-materials\/supplementary-cementing-materials\">Fonte da imagem<\/a><\/p>\n\n\n\n<p>O reaproveitamento desses subprodutos residuais em vez da extra\u00e7\u00e3o de calc\u00e1rio e outras mat\u00e9rias-primas para a produ\u00e7\u00e3o de concreto \u00e9 mais respons\u00e1vel do ponto de vista ambiental e eficiente em termos de recursos. O reaproveitamento e a reciclagem de res\u00edduos de usinas de energia, sider\u00fargicas e outras instala\u00e7\u00f5es de fabrica\u00e7\u00e3o tamb\u00e9m diminuem a pegada de carbono da produ\u00e7\u00e3o de cimento, pois a demanda por cimento \u00e9 reduzida.<\/p>\n\n\n\n<p>Os construtores residenciais e comerciais tamb\u00e9m podem usar agregados reciclados de res\u00edduos de constru\u00e7\u00e3o ou demoli\u00e7\u00e3o para adicionar \u00e0 mistura de concreto e empregar aditivos ecol\u00f3gicos para diminuir a quantidade de cimento necess\u00e1ria na mistura.<\/p>\n\n\n\n<p>Al\u00e9m disso, os inovadores criaram m\u00e9todos sustent\u00e1veis de produ\u00e7\u00e3o de concreto para reduzir as emiss\u00f5es de di\u00f3xido de carbono durante a fabrica\u00e7\u00e3o do cimento. Esses m\u00e9todos avan\u00e7ados de produ\u00e7\u00e3o envolvem a captura de CO2 gerado durante a produ\u00e7\u00e3o de cimento e seu armazenamento no subsolo para evitar sua libera\u00e7\u00e3o na atmosfera.<\/p>\n\n\n\n<p>A integra\u00e7\u00e3o do concreto sustent\u00e1vel no planejamento da constru\u00e7\u00e3o, no desenvolvimento e nos processos de constru\u00e7\u00e3o contribui para a redu\u00e7\u00e3o das emiss\u00f5es de CO2, a degrada\u00e7\u00e3o da terra e a polui\u00e7\u00e3o da \u00e1gua, a conserva\u00e7\u00e3o dos recursos naturais e melhores estrat\u00e9gias de redu\u00e7\u00e3o de res\u00edduos.<\/p>\n\n\n\n<h2 class=\"wp-block-heading\">Os desafios e as barreiras<\/h2>\n\n\n\n<p>Apesar dos benef\u00edcios ambientais do concreto sustent\u00e1vel, \u00e9 mais f\u00e1cil falar do que fazer para incentivar todo um setor a usar amplamente o concreto ecol\u00f3gico.<\/p>\n\n\n\n<p>Um dos maiores desafios \u00e9 que os custos iniciais dos materiais de concreto sustent\u00e1vel e das t\u00e9cnicas de produ\u00e7\u00e3o podem, \u00e0s vezes, ser mais altos do que os do concreto tradicional. Portanto, al\u00e9m da resist\u00eancia do setor de constru\u00e7\u00e3o \u00e0 mudan\u00e7a, os custos iniciais mais altos da ado\u00e7\u00e3o do concreto sustent\u00e1vel tornam ainda mais dif\u00edcil convenc\u00ea-los de que vale a pena investir.<\/p>\n\n\n\n<p>Outro desafio de inserir o concreto sustent\u00e1vel no setor \u00e9 convencer empreiteiros e clientes a usar materiais reciclados ou apoiar o aumento da ado\u00e7\u00e3o do concreto sem cimento. Mas isso pode ser devido \u00e0 falta de conhecimento das vantagens e aplica\u00e7\u00f5es do concreto sustent\u00e1vel.<\/p>\n\n\n\n<h2 class=\"wp-block-heading\">Perspectivas e possibilidades futuras<\/h2>\n\n\n\n<p><a href=\"https:\/\/sustainablereview.com\/pt-br\/agricultura-organica-vs-sustentavel\/\">As parcerias<\/a> entre empresas de constru\u00e7\u00e3o e organiza\u00e7\u00f5es ambientais podem superar as limita\u00e7\u00f5es t\u00e9cnicas e ampliar as solu\u00e7\u00f5es de concreto sustent\u00e1vel.<\/p>\n\n\n\n<p>Por exemplo, <a href=\"https:\/\/www.usgbc.org\/leed\">os sistemas de classifica\u00e7\u00e3o LEED do U.S. Green Building Council<\/a> promovem pr\u00e1ticas ambientalmente respons\u00e1veis e eficientes em termos de recursos para constru\u00e7\u00f5es residenciais e comerciais. Essa parceria tamb\u00e9m pode pavimentar o caminho para a integra\u00e7\u00e3o do concreto sustent\u00e1vel no planejamento e desenvolvimento urbano.<\/p>\n\n\n\n<p>Muitas empresas de concreto sustent\u00e1vel tamb\u00e9m est\u00e3o incorporando o di\u00f3xido de carbono capturado em sua produ\u00e7\u00e3o de concreto para reduzir a emiss\u00e3o de carbono. J\u00e1 as empresas de fabrica\u00e7\u00e3o de cimento, como a CarbonCure Technologies Inc. e a CEMEX S.A.B. de C.V., est\u00e3o adotando o &#8220;<a href=\"https:\/\/www.globalbankingandfinance.com\/top-green-cement-manufacturing-companies-in-world-2021-imarc-group\/\">Cimento Verde<\/a><em>&#8221; <\/em>usando subprodutos industriais para reduzir as emiss\u00f5es de gases de efeito estufa e conservar os recursos naturais.<\/p>\n\n\n\n<h2 class=\"wp-block-heading\">Considera\u00e7\u00f5es finais<\/h2>\n\n\n\n<p>Usamos concreto para construir casas, pr\u00e9dios e estradas. Portanto, a demanda do mercado por concreto tradicional n\u00e3o vai diminuir t\u00e3o cedo.<\/p>\n\n\n\n<p>No entanto, ao incorporar alternativas de concreto verde ou ecol\u00f3gico, produ\u00e7\u00e3o de cimento com baixo teor de carbono e reciclagem e reaproveitamento de res\u00edduos de concreto, podemos dar os passos ben\u00e9ficos em dire\u00e7\u00e3o a um setor de constru\u00e7\u00e3o mais sustent\u00e1vel.<\/p>\n\n\n\n<p>Mas para realmente fazer a diferen\u00e7a, n\u00f3s, como sociedade, devemos repensar como estamos construindo nossos mundos modernos e mudar para uma cultura de conserva\u00e7\u00e3o de energia e recursos.<\/p>\n","protected":false},"excerpt":{"rendered":"<p><!-- wp:paragraph --><\/p>\n<p>A produ\u00e7\u00e3o de concreto emite CO2 e apresenta desafios ambientais. O setor busca iniciativas de sustentabilidade para reduzir a pegada de carbono.<\/p>\n<p><!-- \/wp:paragraph --><\/p>\n","protected":false},"author":1502,"featured_media":25916,"comment_status":"closed","ping_status":"open","sticky":false,"template":"","format":"standard","meta":{"_acf_changed":false,"_monsterinsights_skip_tracking":false,"_monsterinsights_sitenote_active":false,"_monsterinsights_sitenote_note":"","_monsterinsights_sitenote_category":0,"footnotes":""},"categories":[3101],"tags":[],"acf":[],"yoast_head":"<!-- This site is optimized with the Yoast SEO plugin v23.2 - https:\/\/yoast.com\/wordpress\/plugins\/seo\/ -->\n<title>O concreto \u00e9 sustent\u00e1vel? &#8212; Sustainable Review<\/title>\n<meta name=\"robots\" content=\"index, follow, max-snippet:-1, max-image-preview:large, max-video-preview:-1\" \/>\n<link rel=\"canonical\" href=\"https:\/\/sustainablereview.com\/pt-br\/o-concreto-e-sustentavel\/\" \/>\n<meta property=\"og:locale\" content=\"pt_BR\" \/>\n<meta property=\"og:type\" content=\"article\" \/>\n<meta property=\"og:title\" content=\"O concreto \u00e9 sustent\u00e1vel? &#8212; Sustainable Review\" \/>\n<meta property=\"og:description\" content=\"A produ\u00e7\u00e3o de concreto emite CO2 e apresenta desafios ambientais. O setor busca iniciativas de sustentabilidade para reduzir a pegada de carbono.\" \/>\n<meta property=\"og:url\" content=\"https:\/\/sustainablereview.com\/pt-br\/o-concreto-e-sustentavel\/\" \/>\n<meta property=\"og:site_name\" content=\"Sustainable Review\" \/>\n<meta property=\"article:published_time\" content=\"2023-07-27T18:02:39+00:00\" \/>\n<meta property=\"article:modified_time\" content=\"2024-08-10T16:59:19+00:00\" \/>\n<meta property=\"og:image\" content=\"https:\/\/sustainablereview.com\/wp-content\/uploads\/2023\/07\/taylor-smith-PJMKu7RQNJ8-unsplash.jpg\" \/>\n\t<meta property=\"og:image:width\" content=\"1920\" \/>\n\t<meta property=\"og:image:height\" content=\"1280\" \/>\n\t<meta property=\"og:image:type\" content=\"image\/jpeg\" \/>\n<meta name=\"author\" content=\"Raf Chomsky\" \/>\n<meta name=\"twitter:card\" content=\"summary_large_image\" \/>\n<meta name=\"twitter:creator\" content=\"@sustainreview\" \/>\n<meta name=\"twitter:site\" content=\"@sustainreview\" \/>\n<meta name=\"twitter:label1\" content=\"Escrito por\" \/>\n\t<meta name=\"twitter:data1\" content=\"Raf Chomsky\" \/>\n\t<meta name=\"twitter:label2\" content=\"Est. tempo de leitura\" \/>\n\t<meta name=\"twitter:data2\" content=\"9 minutos\" \/>\n<script type=\"application\/ld+json\" class=\"yoast-schema-graph\">{\"@context\":\"https:\/\/schema.org\",\"@graph\":[{\"@type\":\"Article\",\"@id\":\"https:\/\/sustainablereview.com\/pt-br\/o-concreto-e-sustentavel\/#article\",\"isPartOf\":{\"@id\":\"https:\/\/sustainablereview.com\/pt-br\/o-concreto-e-sustentavel\/\"},\"author\":{\"name\":\"Raf Chomsky\",\"@id\":\"https:\/\/sustainablereview.com\/pt-br\/#\/schema\/person\/85320f9ca6ed105ac24fd5721a2ce339\"},\"headline\":\"O concreto \u00e9 sustent\u00e1vel?\",\"datePublished\":\"2023-07-27T18:02:39+00:00\",\"dateModified\":\"2024-08-10T16:59:19+00:00\",\"mainEntityOfPage\":{\"@id\":\"https:\/\/sustainablereview.com\/pt-br\/o-concreto-e-sustentavel\/\"},\"wordCount\":1856,\"publisher\":{\"@id\":\"https:\/\/sustainablereview.com\/pt-br\/#organization\"},\"image\":{\"@id\":\"https:\/\/sustainablereview.com\/pt-br\/o-concreto-e-sustentavel\/#primaryimage\"},\"thumbnailUrl\":\"https:\/\/sustainablereview.com\/wp-content\/uploads\/2023\/07\/taylor-smith-PJMKu7RQNJ8-unsplash.jpg\",\"articleSection\":[\"Ci\u00eancia\"],\"inLanguage\":\"pt-BR\"},{\"@type\":\"WebPage\",\"@id\":\"https:\/\/sustainablereview.com\/pt-br\/o-concreto-e-sustentavel\/\",\"url\":\"https:\/\/sustainablereview.com\/pt-br\/o-concreto-e-sustentavel\/\",\"name\":\"O concreto \u00e9 sustent\u00e1vel? &#8212; Sustainable Review\",\"isPartOf\":{\"@id\":\"https:\/\/sustainablereview.com\/pt-br\/#website\"},\"primaryImageOfPage\":{\"@id\":\"https:\/\/sustainablereview.com\/pt-br\/o-concreto-e-sustentavel\/#primaryimage\"},\"image\":{\"@id\":\"https:\/\/sustainablereview.com\/pt-br\/o-concreto-e-sustentavel\/#primaryimage\"},\"thumbnailUrl\":\"https:\/\/sustainablereview.com\/wp-content\/uploads\/2023\/07\/taylor-smith-PJMKu7RQNJ8-unsplash.jpg\",\"datePublished\":\"2023-07-27T18:02:39+00:00\",\"dateModified\":\"2024-08-10T16:59:19+00:00\",\"breadcrumb\":{\"@id\":\"https:\/\/sustainablereview.com\/pt-br\/o-concreto-e-sustentavel\/#breadcrumb\"},\"inLanguage\":\"pt-BR\",\"potentialAction\":[{\"@type\":\"ReadAction\",\"target\":[\"https:\/\/sustainablereview.com\/pt-br\/o-concreto-e-sustentavel\/\"]}]},{\"@type\":\"ImageObject\",\"inLanguage\":\"pt-BR\",\"@id\":\"https:\/\/sustainablereview.com\/pt-br\/o-concreto-e-sustentavel\/#primaryimage\",\"url\":\"https:\/\/sustainablereview.com\/wp-content\/uploads\/2023\/07\/taylor-smith-PJMKu7RQNJ8-unsplash.jpg\",\"contentUrl\":\"https:\/\/sustainablereview.com\/wp-content\/uploads\/2023\/07\/taylor-smith-PJMKu7RQNJ8-unsplash.jpg\",\"width\":1920,\"height\":1280,\"caption\":\"connected concrete pillarr\"},{\"@type\":\"BreadcrumbList\",\"@id\":\"https:\/\/sustainablereview.com\/pt-br\/o-concreto-e-sustentavel\/#breadcrumb\",\"itemListElement\":[{\"@type\":\"ListItem\",\"position\":1,\"name\":\"In\u00edcio\",\"item\":\"https:\/\/sustainablereview.com\/pt-br\/inicio\/\"},{\"@type\":\"ListItem\",\"position\":2,\"name\":\"O concreto \u00e9 sustent\u00e1vel?\"}]},{\"@type\":\"WebSite\",\"@id\":\"https:\/\/sustainablereview.com\/pt-br\/#website\",\"url\":\"https:\/\/sustainablereview.com\/pt-br\/\",\"name\":\"Sustainable Review\",\"description\":\"Let us do the &#039;Green-splaining&#039;\",\"publisher\":{\"@id\":\"https:\/\/sustainablereview.com\/pt-br\/#organization\"},\"potentialAction\":[{\"@type\":\"SearchAction\",\"target\":{\"@type\":\"EntryPoint\",\"urlTemplate\":\"https:\/\/sustainablereview.com\/pt-br\/?s={search_term_string}\"},\"query-input\":\"required name=search_term_string\"}],\"inLanguage\":\"pt-BR\"},{\"@type\":\"Organization\",\"@id\":\"https:\/\/sustainablereview.com\/pt-br\/#organization\",\"name\":\"Sustainable Review\",\"url\":\"https:\/\/sustainablereview.com\/pt-br\/\",\"logo\":{\"@type\":\"ImageObject\",\"inLanguage\":\"pt-BR\",\"@id\":\"https:\/\/sustainablereview.com\/pt-br\/#\/schema\/logo\/image\/\",\"url\":\"https:\/\/sustainablereview.com\/wp-content\/uploads\/2020\/06\/static1.squarespace.png\",\"contentUrl\":\"https:\/\/sustainablereview.com\/wp-content\/uploads\/2020\/06\/static1.squarespace.png\",\"width\":800,\"height\":800,\"caption\":\"Sustainable Review\"},\"image\":{\"@id\":\"https:\/\/sustainablereview.com\/pt-br\/#\/schema\/logo\/image\/\"},\"sameAs\":[\"https:\/\/x.com\/sustainreview\"]},{\"@type\":\"Person\",\"@id\":\"https:\/\/sustainablereview.com\/pt-br\/#\/schema\/person\/85320f9ca6ed105ac24fd5721a2ce339\",\"name\":\"Raf Chomsky\",\"image\":{\"@type\":\"ImageObject\",\"inLanguage\":\"pt-BR\",\"@id\":\"https:\/\/sustainablereview.com\/pt-br\/#\/schema\/person\/image\/\",\"url\":\"https:\/\/sustainablereview.com\/wp-content\/litespeed\/avatar\/ad8c67d6aa8afe7c0a7adebd55367f9e.jpg?ver=1776825976\",\"contentUrl\":\"https:\/\/sustainablereview.com\/wp-content\/litespeed\/avatar\/ad8c67d6aa8afe7c0a7adebd55367f9e.jpg?ver=1776825976\",\"caption\":\"Raf Chomsky\"},\"description\":\"Dedicated author deeply engaged in sustainability issues. My writing focuses on practical, impactful solutions and communicates the urgency of environmental responsibility. With a commitment to raising awareness, I aim to inform and inspire readers to embrace sustainable practices in their daily lives.\",\"sameAs\":[\"https:\/\/sustainablereview.com\/\"],\"url\":\"https:\/\/sustainablereview.com\/pt-br\/author\/nonagency\/\"}]}<\/script>\n<!-- \/ Yoast SEO plugin. -->","yoast_head_json":{"title":"O concreto \u00e9 sustent\u00e1vel? &#8212; Sustainable Review","robots":{"index":"index","follow":"follow","max-snippet":"max-snippet:-1","max-image-preview":"max-image-preview:large","max-video-preview":"max-video-preview:-1"},"canonical":"https:\/\/sustainablereview.com\/pt-br\/o-concreto-e-sustentavel\/","og_locale":"pt_BR","og_type":"article","og_title":"O concreto \u00e9 sustent\u00e1vel? &#8212; Sustainable Review","og_description":"A produ\u00e7\u00e3o de concreto emite CO2 e apresenta desafios ambientais. O setor busca iniciativas de sustentabilidade para reduzir a pegada de carbono.","og_url":"https:\/\/sustainablereview.com\/pt-br\/o-concreto-e-sustentavel\/","og_site_name":"Sustainable Review","article_published_time":"2023-07-27T18:02:39+00:00","article_modified_time":"2024-08-10T16:59:19+00:00","og_image":[{"width":1920,"height":1280,"url":"https:\/\/sustainablereview.com\/wp-content\/uploads\/2023\/07\/taylor-smith-PJMKu7RQNJ8-unsplash.jpg","type":"image\/jpeg"}],"author":"Raf Chomsky","twitter_card":"summary_large_image","twitter_creator":"@sustainreview","twitter_site":"@sustainreview","twitter_misc":{"Escrito por":"Raf Chomsky","Est. tempo de leitura":"9 minutos"},"schema":{"@context":"https:\/\/schema.org","@graph":[{"@type":"Article","@id":"https:\/\/sustainablereview.com\/pt-br\/o-concreto-e-sustentavel\/#article","isPartOf":{"@id":"https:\/\/sustainablereview.com\/pt-br\/o-concreto-e-sustentavel\/"},"author":{"name":"Raf Chomsky","@id":"https:\/\/sustainablereview.com\/pt-br\/#\/schema\/person\/85320f9ca6ed105ac24fd5721a2ce339"},"headline":"O concreto \u00e9 sustent\u00e1vel?","datePublished":"2023-07-27T18:02:39+00:00","dateModified":"2024-08-10T16:59:19+00:00","mainEntityOfPage":{"@id":"https:\/\/sustainablereview.com\/pt-br\/o-concreto-e-sustentavel\/"},"wordCount":1856,"publisher":{"@id":"https:\/\/sustainablereview.com\/pt-br\/#organization"},"image":{"@id":"https:\/\/sustainablereview.com\/pt-br\/o-concreto-e-sustentavel\/#primaryimage"},"thumbnailUrl":"https:\/\/sustainablereview.com\/wp-content\/uploads\/2023\/07\/taylor-smith-PJMKu7RQNJ8-unsplash.jpg","articleSection":["Ci\u00eancia"],"inLanguage":"pt-BR"},{"@type":"WebPage","@id":"https:\/\/sustainablereview.com\/pt-br\/o-concreto-e-sustentavel\/","url":"https:\/\/sustainablereview.com\/pt-br\/o-concreto-e-sustentavel\/","name":"O concreto \u00e9 sustent\u00e1vel? &#8212; Sustainable Review","isPartOf":{"@id":"https:\/\/sustainablereview.com\/pt-br\/#website"},"primaryImageOfPage":{"@id":"https:\/\/sustainablereview.com\/pt-br\/o-concreto-e-sustentavel\/#primaryimage"},"image":{"@id":"https:\/\/sustainablereview.com\/pt-br\/o-concreto-e-sustentavel\/#primaryimage"},"thumbnailUrl":"https:\/\/sustainablereview.com\/wp-content\/uploads\/2023\/07\/taylor-smith-PJMKu7RQNJ8-unsplash.jpg","datePublished":"2023-07-27T18:02:39+00:00","dateModified":"2024-08-10T16:59:19+00:00","breadcrumb":{"@id":"https:\/\/sustainablereview.com\/pt-br\/o-concreto-e-sustentavel\/#breadcrumb"},"inLanguage":"pt-BR","potentialAction":[{"@type":"ReadAction","target":["https:\/\/sustainablereview.com\/pt-br\/o-concreto-e-sustentavel\/"]}]},{"@type":"ImageObject","inLanguage":"pt-BR","@id":"https:\/\/sustainablereview.com\/pt-br\/o-concreto-e-sustentavel\/#primaryimage","url":"https:\/\/sustainablereview.com\/wp-content\/uploads\/2023\/07\/taylor-smith-PJMKu7RQNJ8-unsplash.jpg","contentUrl":"https:\/\/sustainablereview.com\/wp-content\/uploads\/2023\/07\/taylor-smith-PJMKu7RQNJ8-unsplash.jpg","width":1920,"height":1280,"caption":"connected concrete pillarr"},{"@type":"BreadcrumbList","@id":"https:\/\/sustainablereview.com\/pt-br\/o-concreto-e-sustentavel\/#breadcrumb","itemListElement":[{"@type":"ListItem","position":1,"name":"In\u00edcio","item":"https:\/\/sustainablereview.com\/pt-br\/inicio\/"},{"@type":"ListItem","position":2,"name":"O concreto \u00e9 sustent\u00e1vel?"}]},{"@type":"WebSite","@id":"https:\/\/sustainablereview.com\/pt-br\/#website","url":"https:\/\/sustainablereview.com\/pt-br\/","name":"Sustainable Review","description":"Let us do the &#039;Green-splaining&#039;","publisher":{"@id":"https:\/\/sustainablereview.com\/pt-br\/#organization"},"potentialAction":[{"@type":"SearchAction","target":{"@type":"EntryPoint","urlTemplate":"https:\/\/sustainablereview.com\/pt-br\/?s={search_term_string}"},"query-input":"required name=search_term_string"}],"inLanguage":"pt-BR"},{"@type":"Organization","@id":"https:\/\/sustainablereview.com\/pt-br\/#organization","name":"Sustainable Review","url":"https:\/\/sustainablereview.com\/pt-br\/","logo":{"@type":"ImageObject","inLanguage":"pt-BR","@id":"https:\/\/sustainablereview.com\/pt-br\/#\/schema\/logo\/image\/","url":"https:\/\/sustainablereview.com\/wp-content\/uploads\/2020\/06\/static1.squarespace.png","contentUrl":"https:\/\/sustainablereview.com\/wp-content\/uploads\/2020\/06\/static1.squarespace.png","width":800,"height":800,"caption":"Sustainable Review"},"image":{"@id":"https:\/\/sustainablereview.com\/pt-br\/#\/schema\/logo\/image\/"},"sameAs":["https:\/\/x.com\/sustainreview"]},{"@type":"Person","@id":"https:\/\/sustainablereview.com\/pt-br\/#\/schema\/person\/85320f9ca6ed105ac24fd5721a2ce339","name":"Raf Chomsky","image":{"@type":"ImageObject","inLanguage":"pt-BR","@id":"https:\/\/sustainablereview.com\/pt-br\/#\/schema\/person\/image\/","url":"https:\/\/sustainablereview.com\/wp-content\/litespeed\/avatar\/ad8c67d6aa8afe7c0a7adebd55367f9e.jpg?ver=1776825976","contentUrl":"https:\/\/sustainablereview.com\/wp-content\/litespeed\/avatar\/ad8c67d6aa8afe7c0a7adebd55367f9e.jpg?ver=1776825976","caption":"Raf Chomsky"},"description":"Dedicated author deeply engaged in sustainability issues. My writing focuses on practical, impactful solutions and communicates the urgency of environmental responsibility. With a commitment to raising awareness, I aim to inform and inspire readers to embrace sustainable practices in their daily lives.","sameAs":["https:\/\/sustainablereview.com\/"],"url":"https:\/\/sustainablereview.com\/pt-br\/author\/nonagency\/"}]}},"wpml_translations":{"en":"25908","pl":"60532","pt-br":"39227"},"_links":{"self":[{"href":"https:\/\/sustainablereview.com\/pt-br\/wp-json\/wp\/v2\/posts\/39227"}],"collection":[{"href":"https:\/\/sustainablereview.com\/pt-br\/wp-json\/wp\/v2\/posts"}],"about":[{"href":"https:\/\/sustainablereview.com\/pt-br\/wp-json\/wp\/v2\/types\/post"}],"author":[{"embeddable":true,"href":"https:\/\/sustainablereview.com\/pt-br\/wp-json\/wp\/v2\/users\/1502"}],"replies":[{"embeddable":true,"href":"https:\/\/sustainablereview.com\/pt-br\/wp-json\/wp\/v2\/comments?post=39227"}],"version-history":[{"count":2,"href":"https:\/\/sustainablereview.com\/pt-br\/wp-json\/wp\/v2\/posts\/39227\/revisions"}],"predecessor-version":[{"id":59181,"href":"https:\/\/sustainablereview.com\/pt-br\/wp-json\/wp\/v2\/posts\/39227\/revisions\/59181"}],"wp:featuredmedia":[{"embeddable":true,"href":"https:\/\/sustainablereview.com\/pt-br\/wp-json\/wp\/v2\/media\/25916"}],"wp:attachment":[{"href":"https:\/\/sustainablereview.com\/pt-br\/wp-json\/wp\/v2\/media?parent=39227"}],"wp:term":[{"taxonomy":"category","embeddable":true,"href":"https:\/\/sustainablereview.com\/pt-br\/wp-json\/wp\/v2\/categories?post=39227"},{"taxonomy":"post_tag","embeddable":true,"href":"https:\/\/sustainablereview.com\/pt-br\/wp-json\/wp\/v2\/tags?post=39227"}],"curies":[{"name":"wp","href":"https:\/\/api.w.org\/{rel}","templated":true}]}}