{"id":39232,"date":"2023-07-27T12:58:54","date_gmt":"2023-07-27T16:58:54","guid":{"rendered":"https:\/\/sustainablereview.com\/?p=39232"},"modified":"2024-08-10T12:59:32","modified_gmt":"2024-08-10T16:59:32","slug":"a-onda-de-calor-global-cobra-seu-preco-desde-as-temperaturas-extremas-dos-vales-da-morte-ate-as-dificuldades-da-europa-e-a-tempestade-que-se-forma-na-asia","status":"publish","type":"post","link":"https:\/\/sustainablereview.com\/pt-br\/a-onda-de-calor-global-cobra-seu-preco-desde-as-temperaturas-extremas-dos-vales-da-morte-ate-as-dificuldades-da-europa-e-a-tempestade-que-se-forma-na-asia\/","title":{"rendered":"A onda de calor global cobra seu pre\u00e7o: Das temperaturas extremas do Vale da Morte \u00e0s dificuldades da Europa e \u00e0 tempestade em forma\u00e7\u00e3o na \u00c1sia"},"content":{"rendered":"\n<p>\u00c0 medida que as temperaturas batem recordes em todo o mundo, \u00e9 um lembrete poderoso de que a mudan\u00e7a clim\u00e1tica \u00e9 um problema global urgente que exige a\u00e7\u00e3o.<\/p>\n\n\n\n<p>Atualmente, o mundo est\u00e1 passando por uma onda de calor sem precedentes, com regi\u00f5es como o Vale da Morte, na Calif\u00f3rnia, e Phoenix, no Arizona, registrando temperaturas recordes, enquanto os pa\u00edses europeus est\u00e3o come\u00e7ando a ter uma tr\u00e9gua.<\/p>\n\n\n\n<p>Essas condi\u00e7\u00f5es clim\u00e1ticas extremas, intensificadas pelas mudan\u00e7as clim\u00e1ticas, est\u00e3o causando cada vez mais perdas de vidas e efeitos negativos no meio ambiente.<\/p>\n\n\n\n<p>O Vale da Morte, notoriamente conhecido como o local mais quente do planeta, registrou temperaturas acima de 50 \u00b0C (122 \u00b0F) por v\u00e1rios dias consecutivos, resultando na morte de pelo menos um caminhante. O inferno continuou em Furnace Creek, onde as temperaturas chegaram a sufocantes 128 F (53,3 C).<\/p>\n\n\n\n<p>Furnace Creek foi o local onde ocorreu a <a href=\"https:\/\/public.wmo.int\/en\/media\/news\/wmo-monitoring-potential-new-temperature-records\">temperatura mais alta j\u00e1 registrada<\/a> na Terra, 56,7 \u00b0C (134 \u00b0F) em julho de 1913. Em meio \u00e0 crise do aquecimento global, essas temperaturas extremas est\u00e3o se tornando cada vez mais prov\u00e1veis, alertou Randy Ceverny, da Organiza\u00e7\u00e3o Meteorol\u00f3gica Mundial.<\/p>\n\n\n\n<p>Phoenix, no Arizona, tamb\u00e9m tem enfrentado calor extremo, quebrando seu pr\u00f3prio recorde de dias consecutivos acima de 43,3\u00baC. A previs\u00e3o \u00e9 de que a cidade continue extremamente quente nos pr\u00f3ximos dias, com temperaturas que devem chegar a cerca de 5\u00b0C acima da m\u00e9dia sazonal.<\/p>\n\n\n\n<h2 class=\"wp-block-heading\">Ondas de calor diminuem, tuf\u00f5es se intensificam e a crescente amea\u00e7a da mudan\u00e7a clim\u00e1tica<\/h2>\n\n\n\n<p>No entanto, do outro lado do Atl\u00e2ntico, a intensa onda de calor que atinge o sul da Europa est\u00e1 come\u00e7ando a diminuir. Prev\u00ea-se que as regi\u00f5es da Gr\u00e9cia e da It\u00e1lia que suportaram temperaturas bem acima de 40 \u00b0C na \u00faltima semana ter\u00e3o algum al\u00edvio quando uma frente fria come\u00e7ar a passar pela regi\u00e3o, com previs\u00e3o de queda de 10 a 15 \u00b0C na \u00c1ustria e na Rep\u00fablica Tcheca.<\/p>\n\n\n\n<p>Enquanto isso, no Pac\u00edfico ocidental, o tuf\u00e3o Doksuri n\u00e3o \u00e9 mais uma tempestade tropical e deve se intensificar, trazendo chuvas significativas para o norte das Filipinas. A trajet\u00f3ria potencial da tempestade pode se estender at\u00e9 o oeste de Hong Kong, mas seu curso mais prov\u00e1vel \u00e9 atrav\u00e9s de Taiwan.<\/p>\n\n\n\n<p>Essa onda de calor global coincide com outros fen\u00f4menos clim\u00e1ticos extremos. Somente nos EUA, as fortes chuvas na Pensilv\u00e2nia levaram a inunda\u00e7\u00f5es fatais, enquanto as preocupa\u00e7\u00f5es com deslizamentos de terra aumentaram em Vermont devido \u00e0s chuvas cont\u00ednuas.<\/p>\n\n\n\n<p>As ondas de calor, embora menos impressionantes visualmente do que outros desastres naturais, t\u00eam se mostrado mortais. No m\u00eas passado, ondas de calor em partes do sul e do meio-oeste resultaram em <a href=\"https:\/\/abcnews.go.com\/Health\/wireStory\/heat-waves-killed-14-southern-us-becoming-frequent-100531967\">mais de uma d\u00fazia de mortes<\/a>. Esse clima extremo serviu como um lembrete brutal dos impactos da mudan\u00e7a clim\u00e1tica causada pelo homem.<\/p>\n","protected":false},"excerpt":{"rendered":"<p><!-- wp:paragraph --><\/p>\n<p>Onda de calor global bate recordes, destacando a necessidade urgente de a\u00e7\u00e3o clim\u00e1tica. Death Valley, Phoenix e o sul da Europa experimentam temperaturas extremas, enquanto tuf\u00f5es se intensificam no Pac\u00edfico ocidental. As mudan\u00e7as clim\u00e1ticas causam perda de vidas e efeitos ambientais em todo o mundo.<\/p>\n<p><!-- \/wp:paragraph --><\/p>\n","protected":false},"author":1502,"featured_media":25881,"comment_status":"closed","ping_status":"open","sticky":false,"template":"","format":"standard","meta":{"_acf_changed":false,"_monsterinsights_skip_tracking":false,"_monsterinsights_sitenote_active":false,"_monsterinsights_sitenote_note":"","_monsterinsights_sitenote_category":0,"footnotes":""},"categories":[3095],"tags":[],"acf":[],"yoast_head":"<!-- This site is optimized with the Yoast SEO plugin v23.2 - https:\/\/yoast.com\/wordpress\/plugins\/seo\/ -->\n<title>A onda de calor global cobra seu pre\u00e7o: Das temperaturas extremas do Vale da Morte \u00e0s dificuldades da Europa e \u00e0 tempestade em forma\u00e7\u00e3o na \u00c1sia &#8212; Sustainable Review<\/title>\n<meta name=\"robots\" content=\"index, follow, max-snippet:-1, max-image-preview:large, max-video-preview:-1\" \/>\n<link rel=\"canonical\" href=\"https:\/\/sustainablereview.com\/pt-br\/a-onda-de-calor-global-cobra-seu-preco-desde-as-temperaturas-extremas-dos-vales-da-morte-ate-as-dificuldades-da-europa-e-a-tempestade-que-se-forma-na-asia\/\" \/>\n<meta property=\"og:locale\" content=\"pt_BR\" \/>\n<meta property=\"og:type\" content=\"article\" \/>\n<meta property=\"og:title\" content=\"A onda de calor global cobra seu pre\u00e7o: Das temperaturas extremas do Vale da Morte \u00e0s dificuldades da Europa e \u00e0 tempestade em forma\u00e7\u00e3o na \u00c1sia &#8212; Sustainable Review\" \/>\n<meta property=\"og:description\" content=\"Onda de calor global bate recordes, destacando a necessidade urgente de a\u00e7\u00e3o clim\u00e1tica. Death Valley, Phoenix e o sul da Europa experimentam temperaturas extremas, enquanto tuf\u00f5es se intensificam no Pac\u00edfico ocidental. As mudan\u00e7as clim\u00e1ticas causam perda de vidas e efeitos ambientais em todo o mundo.\" \/>\n<meta property=\"og:url\" content=\"https:\/\/sustainablereview.com\/pt-br\/a-onda-de-calor-global-cobra-seu-preco-desde-as-temperaturas-extremas-dos-vales-da-morte-ate-as-dificuldades-da-europa-e-a-tempestade-que-se-forma-na-asia\/\" \/>\n<meta property=\"og:site_name\" content=\"Sustainable Review\" \/>\n<meta property=\"article:published_time\" content=\"2023-07-27T16:58:54+00:00\" \/>\n<meta property=\"article:modified_time\" content=\"2024-08-10T16:59:32+00:00\" \/>\n<meta property=\"og:image\" content=\"https:\/\/sustainablereview.com\/wp-content\/uploads\/2023\/07\/Untitled-design-53.jpg\" \/>\n\t<meta property=\"og:image:width\" content=\"1024\" \/>\n\t<meta property=\"og:image:height\" content=\"683\" \/>\n\t<meta property=\"og:image:type\" content=\"image\/jpeg\" \/>\n<meta name=\"author\" content=\"Raf Chomsky\" \/>\n<meta name=\"twitter:card\" content=\"summary_large_image\" \/>\n<meta name=\"twitter:creator\" content=\"@sustainreview\" \/>\n<meta name=\"twitter:site\" content=\"@sustainreview\" \/>\n<meta name=\"twitter:label1\" content=\"Escrito por\" \/>\n\t<meta name=\"twitter:data1\" content=\"Raf Chomsky\" \/>\n\t<meta name=\"twitter:label2\" content=\"Est. tempo de leitura\" \/>\n\t<meta name=\"twitter:data2\" content=\"2 minutos\" \/>\n<script type=\"application\/ld+json\" class=\"yoast-schema-graph\">{\"@context\":\"https:\/\/schema.org\",\"@graph\":[{\"@type\":\"Article\",\"@id\":\"https:\/\/sustainablereview.com\/pt-br\/a-onda-de-calor-global-cobra-seu-preco-desde-as-temperaturas-extremas-dos-vales-da-morte-ate-as-dificuldades-da-europa-e-a-tempestade-que-se-forma-na-asia\/#article\",\"isPartOf\":{\"@id\":\"https:\/\/sustainablereview.com\/pt-br\/a-onda-de-calor-global-cobra-seu-preco-desde-as-temperaturas-extremas-dos-vales-da-morte-ate-as-dificuldades-da-europa-e-a-tempestade-que-se-forma-na-asia\/\"},\"author\":{\"name\":\"Raf Chomsky\",\"@id\":\"https:\/\/sustainablereview.com\/pt-br\/#\/schema\/person\/85320f9ca6ed105ac24fd5721a2ce339\"},\"headline\":\"A onda de calor global cobra seu pre\u00e7o: Das temperaturas extremas do Vale da Morte \u00e0s dificuldades da Europa e \u00e0 tempestade em forma\u00e7\u00e3o na \u00c1sia\",\"datePublished\":\"2023-07-27T16:58:54+00:00\",\"dateModified\":\"2024-08-10T16:59:32+00:00\",\"mainEntityOfPage\":{\"@id\":\"https:\/\/sustainablereview.com\/pt-br\/a-onda-de-calor-global-cobra-seu-preco-desde-as-temperaturas-extremas-dos-vales-da-morte-ate-as-dificuldades-da-europa-e-a-tempestade-que-se-forma-na-asia\/\"},\"wordCount\":518,\"publisher\":{\"@id\":\"https:\/\/sustainablereview.com\/pt-br\/#organization\"},\"image\":{\"@id\":\"https:\/\/sustainablereview.com\/pt-br\/a-onda-de-calor-global-cobra-seu-preco-desde-as-temperaturas-extremas-dos-vales-da-morte-ate-as-dificuldades-da-europa-e-a-tempestade-que-se-forma-na-asia\/#primaryimage\"},\"thumbnailUrl\":\"https:\/\/sustainablereview.com\/wp-content\/uploads\/2023\/07\/Untitled-design-53.jpg\",\"articleSection\":[\"Not\u00edcias\"],\"inLanguage\":\"pt-BR\"},{\"@type\":\"WebPage\",\"@id\":\"https:\/\/sustainablereview.com\/pt-br\/a-onda-de-calor-global-cobra-seu-preco-desde-as-temperaturas-extremas-dos-vales-da-morte-ate-as-dificuldades-da-europa-e-a-tempestade-que-se-forma-na-asia\/\",\"url\":\"https:\/\/sustainablereview.com\/pt-br\/a-onda-de-calor-global-cobra-seu-preco-desde-as-temperaturas-extremas-dos-vales-da-morte-ate-as-dificuldades-da-europa-e-a-tempestade-que-se-forma-na-asia\/\",\"name\":\"A onda de calor global cobra seu pre\u00e7o: Das temperaturas extremas do Vale da Morte \u00e0s dificuldades da Europa e \u00e0 tempestade em forma\u00e7\u00e3o na \u00c1sia &#8212; Sustainable Review\",\"isPartOf\":{\"@id\":\"https:\/\/sustainablereview.com\/pt-br\/#website\"},\"primaryImageOfPage\":{\"@id\":\"https:\/\/sustainablereview.com\/pt-br\/a-onda-de-calor-global-cobra-seu-preco-desde-as-temperaturas-extremas-dos-vales-da-morte-ate-as-dificuldades-da-europa-e-a-tempestade-que-se-forma-na-asia\/#primaryimage\"},\"image\":{\"@id\":\"https:\/\/sustainablereview.com\/pt-br\/a-onda-de-calor-global-cobra-seu-preco-desde-as-temperaturas-extremas-dos-vales-da-morte-ate-as-dificuldades-da-europa-e-a-tempestade-que-se-forma-na-asia\/#primaryimage\"},\"thumbnailUrl\":\"https:\/\/sustainablereview.com\/wp-content\/uploads\/2023\/07\/Untitled-design-53.jpg\",\"datePublished\":\"2023-07-27T16:58:54+00:00\",\"dateModified\":\"2024-08-10T16:59:32+00:00\",\"breadcrumb\":{\"@id\":\"https:\/\/sustainablereview.com\/pt-br\/a-onda-de-calor-global-cobra-seu-preco-desde-as-temperaturas-extremas-dos-vales-da-morte-ate-as-dificuldades-da-europa-e-a-tempestade-que-se-forma-na-asia\/#breadcrumb\"},\"inLanguage\":\"pt-BR\",\"potentialAction\":[{\"@type\":\"ReadAction\",\"target\":[\"https:\/\/sustainablereview.com\/pt-br\/a-onda-de-calor-global-cobra-seu-preco-desde-as-temperaturas-extremas-dos-vales-da-morte-ate-as-dificuldades-da-europa-e-a-tempestade-que-se-forma-na-asia\/\"]}]},{\"@type\":\"ImageObject\",\"inLanguage\":\"pt-BR\",\"@id\":\"https:\/\/sustainablereview.com\/pt-br\/a-onda-de-calor-global-cobra-seu-preco-desde-as-temperaturas-extremas-dos-vales-da-morte-ate-as-dificuldades-da-europa-e-a-tempestade-que-se-forma-na-asia\/#primaryimage\",\"url\":\"https:\/\/sustainablereview.com\/wp-content\/uploads\/2023\/07\/Untitled-design-53.jpg\",\"contentUrl\":\"https:\/\/sustainablereview.com\/wp-content\/uploads\/2023\/07\/Untitled-design-53.jpg\",\"width\":1024,\"height\":683,\"caption\":\"kid washing his face with a bottle of water during heatwave\"},{\"@type\":\"BreadcrumbList\",\"@id\":\"https:\/\/sustainablereview.com\/pt-br\/a-onda-de-calor-global-cobra-seu-preco-desde-as-temperaturas-extremas-dos-vales-da-morte-ate-as-dificuldades-da-europa-e-a-tempestade-que-se-forma-na-asia\/#breadcrumb\",\"itemListElement\":[{\"@type\":\"ListItem\",\"position\":1,\"name\":\"In\u00edcio\",\"item\":\"https:\/\/sustainablereview.com\/pt-br\/inicio\/\"},{\"@type\":\"ListItem\",\"position\":2,\"name\":\"A onda de calor global cobra seu pre\u00e7o: Das temperaturas extremas do Vale da Morte \u00e0s dificuldades da Europa e \u00e0 tempestade em forma\u00e7\u00e3o na \u00c1sia\"}]},{\"@type\":\"WebSite\",\"@id\":\"https:\/\/sustainablereview.com\/pt-br\/#website\",\"url\":\"https:\/\/sustainablereview.com\/pt-br\/\",\"name\":\"Sustainable Review\",\"description\":\"Let us do the &#039;Green-splaining&#039;\",\"publisher\":{\"@id\":\"https:\/\/sustainablereview.com\/pt-br\/#organization\"},\"potentialAction\":[{\"@type\":\"SearchAction\",\"target\":{\"@type\":\"EntryPoint\",\"urlTemplate\":\"https:\/\/sustainablereview.com\/pt-br\/?s={search_term_string}\"},\"query-input\":\"required name=search_term_string\"}],\"inLanguage\":\"pt-BR\"},{\"@type\":\"Organization\",\"@id\":\"https:\/\/sustainablereview.com\/pt-br\/#organization\",\"name\":\"Sustainable Review\",\"url\":\"https:\/\/sustainablereview.com\/pt-br\/\",\"logo\":{\"@type\":\"ImageObject\",\"inLanguage\":\"pt-BR\",\"@id\":\"https:\/\/sustainablereview.com\/pt-br\/#\/schema\/logo\/image\/\",\"url\":\"https:\/\/sustainablereview.com\/wp-content\/uploads\/2020\/06\/static1.squarespace.png\",\"contentUrl\":\"https:\/\/sustainablereview.com\/wp-content\/uploads\/2020\/06\/static1.squarespace.png\",\"width\":800,\"height\":800,\"caption\":\"Sustainable Review\"},\"image\":{\"@id\":\"https:\/\/sustainablereview.com\/pt-br\/#\/schema\/logo\/image\/\"},\"sameAs\":[\"https:\/\/x.com\/sustainreview\"]},{\"@type\":\"Person\",\"@id\":\"https:\/\/sustainablereview.com\/pt-br\/#\/schema\/person\/85320f9ca6ed105ac24fd5721a2ce339\",\"name\":\"Raf Chomsky\",\"image\":{\"@type\":\"ImageObject\",\"inLanguage\":\"pt-BR\",\"@id\":\"https:\/\/sustainablereview.com\/pt-br\/#\/schema\/person\/image\/\",\"url\":\"https:\/\/sustainablereview.com\/wp-content\/litespeed\/avatar\/ad8c67d6aa8afe7c0a7adebd55367f9e.jpg?ver=1777430820\",\"contentUrl\":\"https:\/\/sustainablereview.com\/wp-content\/litespeed\/avatar\/ad8c67d6aa8afe7c0a7adebd55367f9e.jpg?ver=1777430820\",\"caption\":\"Raf Chomsky\"},\"description\":\"Dedicated author deeply engaged in sustainability issues. My writing focuses on practical, impactful solutions and communicates the urgency of environmental responsibility. With a commitment to raising awareness, I aim to inform and inspire readers to embrace sustainable practices in their daily lives.\",\"sameAs\":[\"https:\/\/sustainablereview.com\/\"],\"url\":\"https:\/\/sustainablereview.com\/pt-br\/author\/nonagency\/\"}]}<\/script>\n<!-- \/ Yoast SEO plugin. -->","yoast_head_json":{"title":"A onda de calor global cobra seu pre\u00e7o: Das temperaturas extremas do Vale da Morte \u00e0s dificuldades da Europa e \u00e0 tempestade em forma\u00e7\u00e3o na \u00c1sia &#8212; Sustainable Review","robots":{"index":"index","follow":"follow","max-snippet":"max-snippet:-1","max-image-preview":"max-image-preview:large","max-video-preview":"max-video-preview:-1"},"canonical":"https:\/\/sustainablereview.com\/pt-br\/a-onda-de-calor-global-cobra-seu-preco-desde-as-temperaturas-extremas-dos-vales-da-morte-ate-as-dificuldades-da-europa-e-a-tempestade-que-se-forma-na-asia\/","og_locale":"pt_BR","og_type":"article","og_title":"A onda de calor global cobra seu pre\u00e7o: Das temperaturas extremas do Vale da Morte \u00e0s dificuldades da Europa e \u00e0 tempestade em forma\u00e7\u00e3o na \u00c1sia &#8212; Sustainable Review","og_description":"Onda de calor global bate recordes, destacando a necessidade urgente de a\u00e7\u00e3o clim\u00e1tica. Death Valley, Phoenix e o sul da Europa experimentam temperaturas extremas, enquanto tuf\u00f5es se intensificam no Pac\u00edfico ocidental. As mudan\u00e7as clim\u00e1ticas causam perda de vidas e efeitos ambientais em todo o mundo.","og_url":"https:\/\/sustainablereview.com\/pt-br\/a-onda-de-calor-global-cobra-seu-preco-desde-as-temperaturas-extremas-dos-vales-da-morte-ate-as-dificuldades-da-europa-e-a-tempestade-que-se-forma-na-asia\/","og_site_name":"Sustainable Review","article_published_time":"2023-07-27T16:58:54+00:00","article_modified_time":"2024-08-10T16:59:32+00:00","og_image":[{"width":1024,"height":683,"url":"https:\/\/sustainablereview.com\/wp-content\/uploads\/2023\/07\/Untitled-design-53.jpg","type":"image\/jpeg"}],"author":"Raf Chomsky","twitter_card":"summary_large_image","twitter_creator":"@sustainreview","twitter_site":"@sustainreview","twitter_misc":{"Escrito por":"Raf Chomsky","Est. tempo de leitura":"2 minutos"},"schema":{"@context":"https:\/\/schema.org","@graph":[{"@type":"Article","@id":"https:\/\/sustainablereview.com\/pt-br\/a-onda-de-calor-global-cobra-seu-preco-desde-as-temperaturas-extremas-dos-vales-da-morte-ate-as-dificuldades-da-europa-e-a-tempestade-que-se-forma-na-asia\/#article","isPartOf":{"@id":"https:\/\/sustainablereview.com\/pt-br\/a-onda-de-calor-global-cobra-seu-preco-desde-as-temperaturas-extremas-dos-vales-da-morte-ate-as-dificuldades-da-europa-e-a-tempestade-que-se-forma-na-asia\/"},"author":{"name":"Raf Chomsky","@id":"https:\/\/sustainablereview.com\/pt-br\/#\/schema\/person\/85320f9ca6ed105ac24fd5721a2ce339"},"headline":"A onda de calor global cobra seu pre\u00e7o: Das temperaturas extremas do Vale da Morte \u00e0s dificuldades da Europa e \u00e0 tempestade em forma\u00e7\u00e3o na \u00c1sia","datePublished":"2023-07-27T16:58:54+00:00","dateModified":"2024-08-10T16:59:32+00:00","mainEntityOfPage":{"@id":"https:\/\/sustainablereview.com\/pt-br\/a-onda-de-calor-global-cobra-seu-preco-desde-as-temperaturas-extremas-dos-vales-da-morte-ate-as-dificuldades-da-europa-e-a-tempestade-que-se-forma-na-asia\/"},"wordCount":518,"publisher":{"@id":"https:\/\/sustainablereview.com\/pt-br\/#organization"},"image":{"@id":"https:\/\/sustainablereview.com\/pt-br\/a-onda-de-calor-global-cobra-seu-preco-desde-as-temperaturas-extremas-dos-vales-da-morte-ate-as-dificuldades-da-europa-e-a-tempestade-que-se-forma-na-asia\/#primaryimage"},"thumbnailUrl":"https:\/\/sustainablereview.com\/wp-content\/uploads\/2023\/07\/Untitled-design-53.jpg","articleSection":["Not\u00edcias"],"inLanguage":"pt-BR"},{"@type":"WebPage","@id":"https:\/\/sustainablereview.com\/pt-br\/a-onda-de-calor-global-cobra-seu-preco-desde-as-temperaturas-extremas-dos-vales-da-morte-ate-as-dificuldades-da-europa-e-a-tempestade-que-se-forma-na-asia\/","url":"https:\/\/sustainablereview.com\/pt-br\/a-onda-de-calor-global-cobra-seu-preco-desde-as-temperaturas-extremas-dos-vales-da-morte-ate-as-dificuldades-da-europa-e-a-tempestade-que-se-forma-na-asia\/","name":"A onda de calor global cobra seu pre\u00e7o: Das temperaturas extremas do Vale da Morte \u00e0s dificuldades da Europa e \u00e0 tempestade em forma\u00e7\u00e3o na \u00c1sia &#8212; Sustainable Review","isPartOf":{"@id":"https:\/\/sustainablereview.com\/pt-br\/#website"},"primaryImageOfPage":{"@id":"https:\/\/sustainablereview.com\/pt-br\/a-onda-de-calor-global-cobra-seu-preco-desde-as-temperaturas-extremas-dos-vales-da-morte-ate-as-dificuldades-da-europa-e-a-tempestade-que-se-forma-na-asia\/#primaryimage"},"image":{"@id":"https:\/\/sustainablereview.com\/pt-br\/a-onda-de-calor-global-cobra-seu-preco-desde-as-temperaturas-extremas-dos-vales-da-morte-ate-as-dificuldades-da-europa-e-a-tempestade-que-se-forma-na-asia\/#primaryimage"},"thumbnailUrl":"https:\/\/sustainablereview.com\/wp-content\/uploads\/2023\/07\/Untitled-design-53.jpg","datePublished":"2023-07-27T16:58:54+00:00","dateModified":"2024-08-10T16:59:32+00:00","breadcrumb":{"@id":"https:\/\/sustainablereview.com\/pt-br\/a-onda-de-calor-global-cobra-seu-preco-desde-as-temperaturas-extremas-dos-vales-da-morte-ate-as-dificuldades-da-europa-e-a-tempestade-que-se-forma-na-asia\/#breadcrumb"},"inLanguage":"pt-BR","potentialAction":[{"@type":"ReadAction","target":["https:\/\/sustainablereview.com\/pt-br\/a-onda-de-calor-global-cobra-seu-preco-desde-as-temperaturas-extremas-dos-vales-da-morte-ate-as-dificuldades-da-europa-e-a-tempestade-que-se-forma-na-asia\/"]}]},{"@type":"ImageObject","inLanguage":"pt-BR","@id":"https:\/\/sustainablereview.com\/pt-br\/a-onda-de-calor-global-cobra-seu-preco-desde-as-temperaturas-extremas-dos-vales-da-morte-ate-as-dificuldades-da-europa-e-a-tempestade-que-se-forma-na-asia\/#primaryimage","url":"https:\/\/sustainablereview.com\/wp-content\/uploads\/2023\/07\/Untitled-design-53.jpg","contentUrl":"https:\/\/sustainablereview.com\/wp-content\/uploads\/2023\/07\/Untitled-design-53.jpg","width":1024,"height":683,"caption":"kid washing his face with a bottle of water during heatwave"},{"@type":"BreadcrumbList","@id":"https:\/\/sustainablereview.com\/pt-br\/a-onda-de-calor-global-cobra-seu-preco-desde-as-temperaturas-extremas-dos-vales-da-morte-ate-as-dificuldades-da-europa-e-a-tempestade-que-se-forma-na-asia\/#breadcrumb","itemListElement":[{"@type":"ListItem","position":1,"name":"In\u00edcio","item":"https:\/\/sustainablereview.com\/pt-br\/inicio\/"},{"@type":"ListItem","position":2,"name":"A onda de calor global cobra seu pre\u00e7o: Das temperaturas extremas do Vale da Morte \u00e0s dificuldades da Europa e \u00e0 tempestade em forma\u00e7\u00e3o na \u00c1sia"}]},{"@type":"WebSite","@id":"https:\/\/sustainablereview.com\/pt-br\/#website","url":"https:\/\/sustainablereview.com\/pt-br\/","name":"Sustainable Review","description":"Let us do the &#039;Green-splaining&#039;","publisher":{"@id":"https:\/\/sustainablereview.com\/pt-br\/#organization"},"potentialAction":[{"@type":"SearchAction","target":{"@type":"EntryPoint","urlTemplate":"https:\/\/sustainablereview.com\/pt-br\/?s={search_term_string}"},"query-input":"required name=search_term_string"}],"inLanguage":"pt-BR"},{"@type":"Organization","@id":"https:\/\/sustainablereview.com\/pt-br\/#organization","name":"Sustainable Review","url":"https:\/\/sustainablereview.com\/pt-br\/","logo":{"@type":"ImageObject","inLanguage":"pt-BR","@id":"https:\/\/sustainablereview.com\/pt-br\/#\/schema\/logo\/image\/","url":"https:\/\/sustainablereview.com\/wp-content\/uploads\/2020\/06\/static1.squarespace.png","contentUrl":"https:\/\/sustainablereview.com\/wp-content\/uploads\/2020\/06\/static1.squarespace.png","width":800,"height":800,"caption":"Sustainable Review"},"image":{"@id":"https:\/\/sustainablereview.com\/pt-br\/#\/schema\/logo\/image\/"},"sameAs":["https:\/\/x.com\/sustainreview"]},{"@type":"Person","@id":"https:\/\/sustainablereview.com\/pt-br\/#\/schema\/person\/85320f9ca6ed105ac24fd5721a2ce339","name":"Raf Chomsky","image":{"@type":"ImageObject","inLanguage":"pt-BR","@id":"https:\/\/sustainablereview.com\/pt-br\/#\/schema\/person\/image\/","url":"https:\/\/sustainablereview.com\/wp-content\/litespeed\/avatar\/ad8c67d6aa8afe7c0a7adebd55367f9e.jpg?ver=1777430820","contentUrl":"https:\/\/sustainablereview.com\/wp-content\/litespeed\/avatar\/ad8c67d6aa8afe7c0a7adebd55367f9e.jpg?ver=1777430820","caption":"Raf Chomsky"},"description":"Dedicated author deeply engaged in sustainability issues. My writing focuses on practical, impactful solutions and communicates the urgency of environmental responsibility. With a commitment to raising awareness, I aim to inform and inspire readers to embrace sustainable practices in their daily lives.","sameAs":["https:\/\/sustainablereview.com\/"],"url":"https:\/\/sustainablereview.com\/pt-br\/author\/nonagency\/"}]}},"wpml_translations":{"en":"25880","pl":"60537","pt-br":"39232"},"_links":{"self":[{"href":"https:\/\/sustainablereview.com\/pt-br\/wp-json\/wp\/v2\/posts\/39232"}],"collection":[{"href":"https:\/\/sustainablereview.com\/pt-br\/wp-json\/wp\/v2\/posts"}],"about":[{"href":"https:\/\/sustainablereview.com\/pt-br\/wp-json\/wp\/v2\/types\/post"}],"author":[{"embeddable":true,"href":"https:\/\/sustainablereview.com\/pt-br\/wp-json\/wp\/v2\/users\/1502"}],"replies":[{"embeddable":true,"href":"https:\/\/sustainablereview.com\/pt-br\/wp-json\/wp\/v2\/comments?post=39232"}],"version-history":[{"count":1,"href":"https:\/\/sustainablereview.com\/pt-br\/wp-json\/wp\/v2\/posts\/39232\/revisions"}],"predecessor-version":[{"id":39744,"href":"https:\/\/sustainablereview.com\/pt-br\/wp-json\/wp\/v2\/posts\/39232\/revisions\/39744"}],"wp:featuredmedia":[{"embeddable":true,"href":"https:\/\/sustainablereview.com\/pt-br\/wp-json\/wp\/v2\/media\/25881"}],"wp:attachment":[{"href":"https:\/\/sustainablereview.com\/pt-br\/wp-json\/wp\/v2\/media?parent=39232"}],"wp:term":[{"taxonomy":"category","embeddable":true,"href":"https:\/\/sustainablereview.com\/pt-br\/wp-json\/wp\/v2\/categories?post=39232"},{"taxonomy":"post_tag","embeddable":true,"href":"https:\/\/sustainablereview.com\/pt-br\/wp-json\/wp\/v2\/tags?post=39232"}],"curies":[{"name":"wp","href":"https:\/\/api.w.org\/{rel}","templated":true}]}}