{"id":39233,"date":"2023-07-27T12:49:13","date_gmt":"2023-07-27T16:49:13","guid":{"rendered":"https:\/\/sustainablereview.com\/?p=39233"},"modified":"2024-08-10T12:59:35","modified_gmt":"2024-08-10T16:59:35","slug":"crise-dos-incendios-florestais-um-alerta-da-grecia","status":"publish","type":"post","link":"https:\/\/sustainablereview.com\/pt-br\/crise-dos-incendios-florestais-um-alerta-da-grecia\/","title":{"rendered":"Crise de inc\u00eandios florestais: Um alerta da Gr\u00e9cia"},"content":{"rendered":"\n<p>Esfor\u00e7os de evacua\u00e7\u00e3o sem precedentes em meio a uma onda de calor hist\u00f3rica e inc\u00eandios florestais violentos na Gr\u00e9cia.<\/p>\n\n\n\n<p>O surto de inc\u00eandios florestais na ilha grega de Rodes, o pior da hist\u00f3ria do pa\u00eds, for\u00e7ou a evacua\u00e7\u00e3o de milhares de turistas e residentes, deixando-os com lembran\u00e7as aterrorizantes e temores sobre o futuro.<\/p>\n\n\n\n<p>Um inc\u00eandio violento, deflagrado pela onda de calor recorde da Gr\u00e9cia, est\u00e1 devastando as regi\u00f5es central e sul de Rodes, um importante ponto tur\u00edstico. As pessoas atingidas pelo inc\u00eandio compartilharam hist\u00f3rias de caos e medo, com algumas evacuando a p\u00e9 ou providenciando seu pr\u00f3prio transporte ap\u00f3s serem instru\u00eddas a sair.<\/p>\n\n\n\n<p>Deixados \u00e0 pr\u00f3pria sorte, muitos levaram apenas suas carteiras de identidade e itens essenciais, abandonando todo o resto. Como parte do processo de evacua\u00e7\u00e3o, cerca de 16.000 pessoas foram transportadas por terra e 3.000 por mar.<\/p>\n\n\n\n<p>O inc\u00eandio agora est\u00e1 colocando em risco as regi\u00f5es de Kiotari e Lardos, perto do s\u00edtio arqueol\u00f3gico de Lindos. Para acomodar os evacuados, foram preparadas instala\u00e7\u00f5es, incluindo hot\u00e9is, escolas, centros esportivos e centros de confer\u00eancia, nas partes mais seguras da ilha. O governo grego anunciou que o Minist\u00e9rio das Rela\u00e7\u00f5es Exteriores criar\u00e1 um servi\u00e7o de assist\u00eancia para ajudar os turistas que retornam a seus pa\u00edses.<\/p>\n\n\n\n<h2 class=\"wp-block-heading\">Turismo gravemente afetado, ajuda global mobilizada<\/h2>\n\n\n\n<p>A escalada da crise levou a companhia a\u00e9rea brit\u00e2nica Jet2 e o grupo de f\u00e9rias TUI a cancelar todos os voos e ofertas de f\u00e9rias para Rodes at\u00e9 que a situa\u00e7\u00e3o se estabilize. Enquanto isso, o Minist\u00e9rio da Prote\u00e7\u00e3o Civil da Gr\u00e9cia emitiu um alerta vermelho para inc\u00eandios florestais em 13 departamentos, incluindo Atenas, onde a Acr\u00f3pole e outros s\u00edtios arqueol\u00f3gicos revisaram seus hor\u00e1rios de visita devido ao aumento das temperaturas.<\/p>\n\n\n\n<p>Kostas Lagouvardos, diretor de pesquisa do Observat\u00f3rio Nacional de Atenas, destacou a natureza sem precedentes dessa crise, afirmando que a onda de calor pode ultrapassar 15 a 16 dias, superando o recorde anterior de 12 dias em 1987. A intensa onda de calor que est\u00e1 varrendo a Europa faz parte de uma tend\u00eancia preocupante de eventos clim\u00e1ticos extremos, que, segundo os cientistas, provavelmente se intensificar\u00e1 com o aquecimento do planeta.<\/p>\n\n\n\n<p>A crise dos inc\u00eandios florestais n\u00e3o s\u00f3 interrompeu o turismo, mas tamb\u00e9m representou uma amea\u00e7a significativa ao ambiente natural de Rodes, com o potencial de devastar a pr\u00f3spera vida selvagem da ilha. O impacto vai al\u00e9m da amea\u00e7a imediata \u00e0 vida e \u00e0 propriedade, revelando a dura realidade do aquecimento global e proporcionando um duro alerta para uma a\u00e7\u00e3o clim\u00e1tica eficaz.<\/p>\n\n\n\n<p>Enquanto a luta contra o inc\u00eandio continua, a ilha fica marcada e seu futuro \u00e9 incerto.<\/p>\n","protected":false},"excerpt":{"rendered":"<p><!-- wp:paragraph --><\/p>\n<p>A Gr\u00e9cia enfrenta inc\u00eandios florestais hist\u00f3ricos em meio a uma onda de calor recorde, for\u00e7ando evacua\u00e7\u00f5es em massa e interrompendo o turismo. A ajuda global se mobilizou enquanto a crise destaca a necessidade urgente de a\u00e7\u00e3o clim\u00e1tica.<\/p>\n<p><!-- \/wp:paragraph --><\/p>\n","protected":false},"author":1502,"featured_media":25878,"comment_status":"closed","ping_status":"open","sticky":false,"template":"","format":"standard","meta":{"_acf_changed":false,"_monsterinsights_skip_tracking":false,"_monsterinsights_sitenote_active":false,"_monsterinsights_sitenote_note":"","_monsterinsights_sitenote_category":0,"footnotes":""},"categories":[3095],"tags":[],"acf":[],"yoast_head":"<!-- This site is optimized with the Yoast SEO plugin v23.2 - https:\/\/yoast.com\/wordpress\/plugins\/seo\/ -->\n<title>Crise de inc\u00eandios florestais: Um alerta da Gr\u00e9cia &#8212; Sustainable Review<\/title>\n<meta name=\"robots\" content=\"index, follow, max-snippet:-1, max-image-preview:large, max-video-preview:-1\" \/>\n<link rel=\"canonical\" href=\"https:\/\/sustainablereview.com\/pt-br\/crise-dos-incendios-florestais-um-alerta-da-grecia\/\" \/>\n<meta property=\"og:locale\" content=\"pt_BR\" \/>\n<meta property=\"og:type\" content=\"article\" \/>\n<meta property=\"og:title\" content=\"Crise de inc\u00eandios florestais: Um alerta da Gr\u00e9cia &#8212; Sustainable Review\" \/>\n<meta property=\"og:description\" content=\"A Gr\u00e9cia enfrenta inc\u00eandios florestais hist\u00f3ricos em meio a uma onda de calor recorde, for\u00e7ando evacua\u00e7\u00f5es em massa e interrompendo o turismo. A ajuda global se mobilizou enquanto a crise destaca a necessidade urgente de a\u00e7\u00e3o clim\u00e1tica.\" \/>\n<meta property=\"og:url\" content=\"https:\/\/sustainablereview.com\/pt-br\/crise-dos-incendios-florestais-um-alerta-da-grecia\/\" \/>\n<meta property=\"og:site_name\" content=\"Sustainable Review\" \/>\n<meta property=\"article:published_time\" content=\"2023-07-27T16:49:13+00:00\" \/>\n<meta property=\"article:modified_time\" content=\"2024-08-10T16:59:35+00:00\" \/>\n<meta property=\"og:image\" content=\"https:\/\/sustainablereview.com\/wp-content\/uploads\/2023\/07\/4000.jpg\" \/>\n\t<meta property=\"og:image:width\" content=\"1240\" \/>\n\t<meta property=\"og:image:height\" content=\"744\" \/>\n\t<meta property=\"og:image:type\" content=\"image\/jpeg\" \/>\n<meta name=\"author\" content=\"Raf Chomsky\" \/>\n<meta name=\"twitter:card\" content=\"summary_large_image\" \/>\n<meta name=\"twitter:creator\" content=\"@sustainreview\" \/>\n<meta name=\"twitter:site\" content=\"@sustainreview\" \/>\n<meta name=\"twitter:label1\" content=\"Escrito por\" \/>\n\t<meta name=\"twitter:data1\" content=\"Raf Chomsky\" \/>\n\t<meta name=\"twitter:label2\" content=\"Est. tempo de leitura\" \/>\n\t<meta name=\"twitter:data2\" content=\"2 minutos\" \/>\n<script type=\"application\/ld+json\" class=\"yoast-schema-graph\">{\"@context\":\"https:\/\/schema.org\",\"@graph\":[{\"@type\":\"Article\",\"@id\":\"https:\/\/sustainablereview.com\/pt-br\/crise-dos-incendios-florestais-um-alerta-da-grecia\/#article\",\"isPartOf\":{\"@id\":\"https:\/\/sustainablereview.com\/pt-br\/crise-dos-incendios-florestais-um-alerta-da-grecia\/\"},\"author\":{\"name\":\"Raf Chomsky\",\"@id\":\"https:\/\/sustainablereview.com\/pt-br\/#\/schema\/person\/85320f9ca6ed105ac24fd5721a2ce339\"},\"headline\":\"Crise de inc\u00eandios florestais: Um alerta da Gr\u00e9cia\",\"datePublished\":\"2023-07-27T16:49:13+00:00\",\"dateModified\":\"2024-08-10T16:59:35+00:00\",\"mainEntityOfPage\":{\"@id\":\"https:\/\/sustainablereview.com\/pt-br\/crise-dos-incendios-florestais-um-alerta-da-grecia\/\"},\"wordCount\":487,\"publisher\":{\"@id\":\"https:\/\/sustainablereview.com\/pt-br\/#organization\"},\"image\":{\"@id\":\"https:\/\/sustainablereview.com\/pt-br\/crise-dos-incendios-florestais-um-alerta-da-grecia\/#primaryimage\"},\"thumbnailUrl\":\"https:\/\/sustainablereview.com\/wp-content\/uploads\/2023\/07\/4000.jpg\",\"articleSection\":[\"Not\u00edcias\"],\"inLanguage\":\"pt-BR\"},{\"@type\":\"WebPage\",\"@id\":\"https:\/\/sustainablereview.com\/pt-br\/crise-dos-incendios-florestais-um-alerta-da-grecia\/\",\"url\":\"https:\/\/sustainablereview.com\/pt-br\/crise-dos-incendios-florestais-um-alerta-da-grecia\/\",\"name\":\"Crise de inc\u00eandios florestais: Um alerta da Gr\u00e9cia &#8212; Sustainable Review\",\"isPartOf\":{\"@id\":\"https:\/\/sustainablereview.com\/pt-br\/#website\"},\"primaryImageOfPage\":{\"@id\":\"https:\/\/sustainablereview.com\/pt-br\/crise-dos-incendios-florestais-um-alerta-da-grecia\/#primaryimage\"},\"image\":{\"@id\":\"https:\/\/sustainablereview.com\/pt-br\/crise-dos-incendios-florestais-um-alerta-da-grecia\/#primaryimage\"},\"thumbnailUrl\":\"https:\/\/sustainablereview.com\/wp-content\/uploads\/2023\/07\/4000.jpg\",\"datePublished\":\"2023-07-27T16:49:13+00:00\",\"dateModified\":\"2024-08-10T16:59:35+00:00\",\"breadcrumb\":{\"@id\":\"https:\/\/sustainablereview.com\/pt-br\/crise-dos-incendios-florestais-um-alerta-da-grecia\/#breadcrumb\"},\"inLanguage\":\"pt-BR\",\"potentialAction\":[{\"@type\":\"ReadAction\",\"target\":[\"https:\/\/sustainablereview.com\/pt-br\/crise-dos-incendios-florestais-um-alerta-da-grecia\/\"]}]},{\"@type\":\"ImageObject\",\"inLanguage\":\"pt-BR\",\"@id\":\"https:\/\/sustainablereview.com\/pt-br\/crise-dos-incendios-florestais-um-alerta-da-grecia\/#primaryimage\",\"url\":\"https:\/\/sustainablereview.com\/wp-content\/uploads\/2023\/07\/4000.jpg\",\"contentUrl\":\"https:\/\/sustainablereview.com\/wp-content\/uploads\/2023\/07\/4000.jpg\",\"width\":1240,\"height\":744,\"caption\":\"evacuation efforts amid historic heat wave and raging wildfires in Greece.\"},{\"@type\":\"BreadcrumbList\",\"@id\":\"https:\/\/sustainablereview.com\/pt-br\/crise-dos-incendios-florestais-um-alerta-da-grecia\/#breadcrumb\",\"itemListElement\":[{\"@type\":\"ListItem\",\"position\":1,\"name\":\"In\u00edcio\",\"item\":\"https:\/\/sustainablereview.com\/pt-br\/inicio\/\"},{\"@type\":\"ListItem\",\"position\":2,\"name\":\"Crise de inc\u00eandios florestais: Um alerta da Gr\u00e9cia\"}]},{\"@type\":\"WebSite\",\"@id\":\"https:\/\/sustainablereview.com\/pt-br\/#website\",\"url\":\"https:\/\/sustainablereview.com\/pt-br\/\",\"name\":\"Sustainable Review\",\"description\":\"Let us do the &#039;Green-splaining&#039;\",\"publisher\":{\"@id\":\"https:\/\/sustainablereview.com\/pt-br\/#organization\"},\"potentialAction\":[{\"@type\":\"SearchAction\",\"target\":{\"@type\":\"EntryPoint\",\"urlTemplate\":\"https:\/\/sustainablereview.com\/pt-br\/?s={search_term_string}\"},\"query-input\":\"required name=search_term_string\"}],\"inLanguage\":\"pt-BR\"},{\"@type\":\"Organization\",\"@id\":\"https:\/\/sustainablereview.com\/pt-br\/#organization\",\"name\":\"Sustainable Review\",\"url\":\"https:\/\/sustainablereview.com\/pt-br\/\",\"logo\":{\"@type\":\"ImageObject\",\"inLanguage\":\"pt-BR\",\"@id\":\"https:\/\/sustainablereview.com\/pt-br\/#\/schema\/logo\/image\/\",\"url\":\"https:\/\/sustainablereview.com\/wp-content\/uploads\/2020\/06\/static1.squarespace.png\",\"contentUrl\":\"https:\/\/sustainablereview.com\/wp-content\/uploads\/2020\/06\/static1.squarespace.png\",\"width\":800,\"height\":800,\"caption\":\"Sustainable Review\"},\"image\":{\"@id\":\"https:\/\/sustainablereview.com\/pt-br\/#\/schema\/logo\/image\/\"},\"sameAs\":[\"https:\/\/x.com\/sustainreview\"]},{\"@type\":\"Person\",\"@id\":\"https:\/\/sustainablereview.com\/pt-br\/#\/schema\/person\/85320f9ca6ed105ac24fd5721a2ce339\",\"name\":\"Raf Chomsky\",\"image\":{\"@type\":\"ImageObject\",\"inLanguage\":\"pt-BR\",\"@id\":\"https:\/\/sustainablereview.com\/pt-br\/#\/schema\/person\/image\/\",\"url\":\"https:\/\/sustainablereview.com\/wp-content\/litespeed\/avatar\/ad8c67d6aa8afe7c0a7adebd55367f9e.jpg?ver=1777430820\",\"contentUrl\":\"https:\/\/sustainablereview.com\/wp-content\/litespeed\/avatar\/ad8c67d6aa8afe7c0a7adebd55367f9e.jpg?ver=1777430820\",\"caption\":\"Raf Chomsky\"},\"description\":\"Dedicated author deeply engaged in sustainability issues. My writing focuses on practical, impactful solutions and communicates the urgency of environmental responsibility. With a commitment to raising awareness, I aim to inform and inspire readers to embrace sustainable practices in their daily lives.\",\"sameAs\":[\"https:\/\/sustainablereview.com\/\"],\"url\":\"https:\/\/sustainablereview.com\/pt-br\/author\/nonagency\/\"}]}<\/script>\n<!-- \/ Yoast SEO plugin. -->","yoast_head_json":{"title":"Crise de inc\u00eandios florestais: Um alerta da Gr\u00e9cia &#8212; Sustainable Review","robots":{"index":"index","follow":"follow","max-snippet":"max-snippet:-1","max-image-preview":"max-image-preview:large","max-video-preview":"max-video-preview:-1"},"canonical":"https:\/\/sustainablereview.com\/pt-br\/crise-dos-incendios-florestais-um-alerta-da-grecia\/","og_locale":"pt_BR","og_type":"article","og_title":"Crise de inc\u00eandios florestais: Um alerta da Gr\u00e9cia &#8212; Sustainable Review","og_description":"A Gr\u00e9cia enfrenta inc\u00eandios florestais hist\u00f3ricos em meio a uma onda de calor recorde, for\u00e7ando evacua\u00e7\u00f5es em massa e interrompendo o turismo. A ajuda global se mobilizou enquanto a crise destaca a necessidade urgente de a\u00e7\u00e3o clim\u00e1tica.","og_url":"https:\/\/sustainablereview.com\/pt-br\/crise-dos-incendios-florestais-um-alerta-da-grecia\/","og_site_name":"Sustainable Review","article_published_time":"2023-07-27T16:49:13+00:00","article_modified_time":"2024-08-10T16:59:35+00:00","og_image":[{"width":1240,"height":744,"url":"https:\/\/sustainablereview.com\/wp-content\/uploads\/2023\/07\/4000.jpg","type":"image\/jpeg"}],"author":"Raf Chomsky","twitter_card":"summary_large_image","twitter_creator":"@sustainreview","twitter_site":"@sustainreview","twitter_misc":{"Escrito por":"Raf Chomsky","Est. tempo de leitura":"2 minutos"},"schema":{"@context":"https:\/\/schema.org","@graph":[{"@type":"Article","@id":"https:\/\/sustainablereview.com\/pt-br\/crise-dos-incendios-florestais-um-alerta-da-grecia\/#article","isPartOf":{"@id":"https:\/\/sustainablereview.com\/pt-br\/crise-dos-incendios-florestais-um-alerta-da-grecia\/"},"author":{"name":"Raf Chomsky","@id":"https:\/\/sustainablereview.com\/pt-br\/#\/schema\/person\/85320f9ca6ed105ac24fd5721a2ce339"},"headline":"Crise de inc\u00eandios florestais: Um alerta da Gr\u00e9cia","datePublished":"2023-07-27T16:49:13+00:00","dateModified":"2024-08-10T16:59:35+00:00","mainEntityOfPage":{"@id":"https:\/\/sustainablereview.com\/pt-br\/crise-dos-incendios-florestais-um-alerta-da-grecia\/"},"wordCount":487,"publisher":{"@id":"https:\/\/sustainablereview.com\/pt-br\/#organization"},"image":{"@id":"https:\/\/sustainablereview.com\/pt-br\/crise-dos-incendios-florestais-um-alerta-da-grecia\/#primaryimage"},"thumbnailUrl":"https:\/\/sustainablereview.com\/wp-content\/uploads\/2023\/07\/4000.jpg","articleSection":["Not\u00edcias"],"inLanguage":"pt-BR"},{"@type":"WebPage","@id":"https:\/\/sustainablereview.com\/pt-br\/crise-dos-incendios-florestais-um-alerta-da-grecia\/","url":"https:\/\/sustainablereview.com\/pt-br\/crise-dos-incendios-florestais-um-alerta-da-grecia\/","name":"Crise de inc\u00eandios florestais: Um alerta da Gr\u00e9cia &#8212; Sustainable Review","isPartOf":{"@id":"https:\/\/sustainablereview.com\/pt-br\/#website"},"primaryImageOfPage":{"@id":"https:\/\/sustainablereview.com\/pt-br\/crise-dos-incendios-florestais-um-alerta-da-grecia\/#primaryimage"},"image":{"@id":"https:\/\/sustainablereview.com\/pt-br\/crise-dos-incendios-florestais-um-alerta-da-grecia\/#primaryimage"},"thumbnailUrl":"https:\/\/sustainablereview.com\/wp-content\/uploads\/2023\/07\/4000.jpg","datePublished":"2023-07-27T16:49:13+00:00","dateModified":"2024-08-10T16:59:35+00:00","breadcrumb":{"@id":"https:\/\/sustainablereview.com\/pt-br\/crise-dos-incendios-florestais-um-alerta-da-grecia\/#breadcrumb"},"inLanguage":"pt-BR","potentialAction":[{"@type":"ReadAction","target":["https:\/\/sustainablereview.com\/pt-br\/crise-dos-incendios-florestais-um-alerta-da-grecia\/"]}]},{"@type":"ImageObject","inLanguage":"pt-BR","@id":"https:\/\/sustainablereview.com\/pt-br\/crise-dos-incendios-florestais-um-alerta-da-grecia\/#primaryimage","url":"https:\/\/sustainablereview.com\/wp-content\/uploads\/2023\/07\/4000.jpg","contentUrl":"https:\/\/sustainablereview.com\/wp-content\/uploads\/2023\/07\/4000.jpg","width":1240,"height":744,"caption":"evacuation efforts amid historic heat wave and raging wildfires in Greece."},{"@type":"BreadcrumbList","@id":"https:\/\/sustainablereview.com\/pt-br\/crise-dos-incendios-florestais-um-alerta-da-grecia\/#breadcrumb","itemListElement":[{"@type":"ListItem","position":1,"name":"In\u00edcio","item":"https:\/\/sustainablereview.com\/pt-br\/inicio\/"},{"@type":"ListItem","position":2,"name":"Crise de inc\u00eandios florestais: Um alerta da Gr\u00e9cia"}]},{"@type":"WebSite","@id":"https:\/\/sustainablereview.com\/pt-br\/#website","url":"https:\/\/sustainablereview.com\/pt-br\/","name":"Sustainable Review","description":"Let us do the &#039;Green-splaining&#039;","publisher":{"@id":"https:\/\/sustainablereview.com\/pt-br\/#organization"},"potentialAction":[{"@type":"SearchAction","target":{"@type":"EntryPoint","urlTemplate":"https:\/\/sustainablereview.com\/pt-br\/?s={search_term_string}"},"query-input":"required name=search_term_string"}],"inLanguage":"pt-BR"},{"@type":"Organization","@id":"https:\/\/sustainablereview.com\/pt-br\/#organization","name":"Sustainable Review","url":"https:\/\/sustainablereview.com\/pt-br\/","logo":{"@type":"ImageObject","inLanguage":"pt-BR","@id":"https:\/\/sustainablereview.com\/pt-br\/#\/schema\/logo\/image\/","url":"https:\/\/sustainablereview.com\/wp-content\/uploads\/2020\/06\/static1.squarespace.png","contentUrl":"https:\/\/sustainablereview.com\/wp-content\/uploads\/2020\/06\/static1.squarespace.png","width":800,"height":800,"caption":"Sustainable Review"},"image":{"@id":"https:\/\/sustainablereview.com\/pt-br\/#\/schema\/logo\/image\/"},"sameAs":["https:\/\/x.com\/sustainreview"]},{"@type":"Person","@id":"https:\/\/sustainablereview.com\/pt-br\/#\/schema\/person\/85320f9ca6ed105ac24fd5721a2ce339","name":"Raf Chomsky","image":{"@type":"ImageObject","inLanguage":"pt-BR","@id":"https:\/\/sustainablereview.com\/pt-br\/#\/schema\/person\/image\/","url":"https:\/\/sustainablereview.com\/wp-content\/litespeed\/avatar\/ad8c67d6aa8afe7c0a7adebd55367f9e.jpg?ver=1777430820","contentUrl":"https:\/\/sustainablereview.com\/wp-content\/litespeed\/avatar\/ad8c67d6aa8afe7c0a7adebd55367f9e.jpg?ver=1777430820","caption":"Raf Chomsky"},"description":"Dedicated author deeply engaged in sustainability issues. My writing focuses on practical, impactful solutions and communicates the urgency of environmental responsibility. With a commitment to raising awareness, I aim to inform and inspire readers to embrace sustainable practices in their daily lives.","sameAs":["https:\/\/sustainablereview.com\/"],"url":"https:\/\/sustainablereview.com\/pt-br\/author\/nonagency\/"}]}},"wpml_translations":{"en":"25877","pl":"60538","pt-br":"39233"},"_links":{"self":[{"href":"https:\/\/sustainablereview.com\/pt-br\/wp-json\/wp\/v2\/posts\/39233"}],"collection":[{"href":"https:\/\/sustainablereview.com\/pt-br\/wp-json\/wp\/v2\/posts"}],"about":[{"href":"https:\/\/sustainablereview.com\/pt-br\/wp-json\/wp\/v2\/types\/post"}],"author":[{"embeddable":true,"href":"https:\/\/sustainablereview.com\/pt-br\/wp-json\/wp\/v2\/users\/1502"}],"replies":[{"embeddable":true,"href":"https:\/\/sustainablereview.com\/pt-br\/wp-json\/wp\/v2\/comments?post=39233"}],"version-history":[{"count":1,"href":"https:\/\/sustainablereview.com\/pt-br\/wp-json\/wp\/v2\/posts\/39233\/revisions"}],"predecessor-version":[{"id":39745,"href":"https:\/\/sustainablereview.com\/pt-br\/wp-json\/wp\/v2\/posts\/39233\/revisions\/39745"}],"wp:featuredmedia":[{"embeddable":true,"href":"https:\/\/sustainablereview.com\/pt-br\/wp-json\/wp\/v2\/media\/25878"}],"wp:attachment":[{"href":"https:\/\/sustainablereview.com\/pt-br\/wp-json\/wp\/v2\/media?parent=39233"}],"wp:term":[{"taxonomy":"category","embeddable":true,"href":"https:\/\/sustainablereview.com\/pt-br\/wp-json\/wp\/v2\/categories?post=39233"},{"taxonomy":"post_tag","embeddable":true,"href":"https:\/\/sustainablereview.com\/pt-br\/wp-json\/wp\/v2\/tags?post=39233"}],"curies":[{"name":"wp","href":"https:\/\/api.w.org\/{rel}","templated":true}]}}