{"id":39234,"date":"2023-07-27T12:41:31","date_gmt":"2023-07-27T16:41:31","guid":{"rendered":"https:\/\/sustainablereview.com\/?p=39234"},"modified":"2024-08-10T12:59:37","modified_gmt":"2024-08-10T16:59:37","slug":"a-onda-de-calor-global-continua-a-mudanca-climatica-e-a-necessidade-urgente-de-eliminar-os-combustiveis-fosseis","status":"publish","type":"post","link":"https:\/\/sustainablereview.com\/pt-br\/a-onda-de-calor-global-continua-a-mudanca-climatica-e-a-necessidade-urgente-de-eliminar-os-combustiveis-fosseis\/","title":{"rendered":"A onda de calor global continua: Mudan\u00e7as clim\u00e1ticas e a necessidade urgente de uma elimina\u00e7\u00e3o gradual dos combust\u00edveis f\u00f3sseis"},"content":{"rendered":"\n<p>A intensifica\u00e7\u00e3o das mudan\u00e7as clim\u00e1ticas alimenta as temperaturas extremas em todo o mundo.<\/p>\n\n\n\n<p>A onda de calor mortal que est\u00e1 batendo recordes em todo o mundo deve persistir at\u00e9 agosto, alerta John Nairn, consultor s\u00eanior de calor extremo da Organiza\u00e7\u00e3o Meteorol\u00f3gica Mundial (OMM).<\/p>\n\n\n\n<p>A previs\u00e3o vem na esteira de um ver\u00e3o definido por altas temperaturas implac\u00e1veis na Am\u00e9rica do Norte, \u00c1sia, norte da \u00c1frica e Mediterr\u00e2neo, com graus acima de 40 Celsius (104 Fahrenheit) por um longo per\u00edodo.<\/p>\n\n\n\n<p>Ondas de calor intensas est\u00e3o se tornando mais frequentes e predominantes em todas as esta\u00e7\u00f5es. &#8220;Estamos observando uma tend\u00eancia de aumento das temperaturas globais que contribuir\u00e1 para que as ondas de calor aumentem em intensidade e frequ\u00eancia&#8221;, afirmou Nairn. &#8220;Temos indica\u00e7\u00f5es bastante claras de que elas j\u00e1 est\u00e3o crescendo na primavera.&#8221;<\/p>\n\n\n\n<p>Esse clima escaldante tem prejudicado gravemente milh\u00f5es de vidas em todo o mundo, provocando crises de sa\u00fade e causando mortes. Atualmente, o sul da Europa est\u00e1 enfrentando uma onda de calor recorde em meio \u00e0 alta temporada de turismo de ver\u00e3o, um alerta severo para as autoridades sobre o aumento do risco de problemas de sa\u00fade. Nos Estados Unidos, um calor perigoso se estende do sul da Calif\u00f3rnia at\u00e9 o extremo sul, enquanto o Oriente M\u00e9dio tamb\u00e9m sofre com as condi\u00e7\u00f5es de calor escaldante.<\/p>\n\n\n\n<h2 class=\"wp-block-heading\">A necessidade urgente de uma elimina\u00e7\u00e3o global dos combust\u00edveis f\u00f3sseis<\/h2>\n\n\n\n<p>A preocupa\u00e7\u00e3o global est\u00e1 aumentando n\u00e3o apenas com o impacto imediato do calor, mas tamb\u00e9m com sua indica\u00e7\u00e3o clara de um mundo que est\u00e1 sofrendo com as mudan\u00e7as clim\u00e1ticas. Espera-se que nas pr\u00f3ximas negocia\u00e7\u00f5es clim\u00e1ticas da ONU haja uma press\u00e3o renovada sobre as na\u00e7\u00f5es para que eliminem gradualmente o consumo de combust\u00edveis f\u00f3sseis, uma das principais causas dessas altera\u00e7\u00f5es clim\u00e1ticas prejudiciais. A Uni\u00e3o Europeia, com 27 membros, lidera o apelo por um acordo internacional sobre essa quest\u00e3o fundamental.<\/p>\n\n\n\n<p>&#8220;H\u00e1 evid\u00eancias muito fortes de que, se elimin\u00e1ssemos os combust\u00edveis f\u00f3sseis, reduzir\u00edamos uma das principais contribui\u00e7\u00f5es para o que estamos vendo&#8221;, observou Nairn, enfatizando os poss\u00edveis benef\u00edcios de tal a\u00e7\u00e3o. Entretanto, a oposi\u00e7\u00e3o a essa proposta vem de pa\u00edses com recursos significativos de petr\u00f3leo e g\u00e1s.<\/p>\n\n\n\n<p>Apesar dos desafios, a urg\u00eancia da situa\u00e7\u00e3o \u00e9 clara. A cont\u00ednua onda de calor global serve como um forte lembrete das crescentes amea\u00e7as impostas pelas mudan\u00e7as clim\u00e1ticas, exigindo a\u00e7\u00f5es r\u00e1pidas e decisivas. Como conclui Nairn, &#8220;N\u00e3o podemos reverter a situa\u00e7\u00e3o rapidamente, mas certamente podemos agir&#8221;.<\/p>\n","protected":false},"excerpt":{"rendered":"<p><!-- wp:paragraph --><\/p>\n<p>A onda de calor mortal deve persistir at\u00e9 agosto, destacando a urg\u00eancia de eliminar gradualmente os combust\u00edveis f\u00f3sseis para combater as mudan\u00e7as clim\u00e1ticas, alerta o consultor da OMM.<\/p>\n<p><!-- \/wp:paragraph --><\/p>\n","protected":false},"author":1502,"featured_media":25874,"comment_status":"closed","ping_status":"open","sticky":false,"template":"","format":"standard","meta":{"_acf_changed":false,"_monsterinsights_skip_tracking":false,"_monsterinsights_sitenote_active":false,"_monsterinsights_sitenote_note":"","_monsterinsights_sitenote_category":0,"footnotes":""},"categories":[3095],"tags":[],"acf":[],"yoast_head":"<!-- This site is optimized with the Yoast SEO plugin v23.2 - https:\/\/yoast.com\/wordpress\/plugins\/seo\/ -->\n<title>A onda de calor global continua: Mudan\u00e7as clim\u00e1ticas e a necessidade urgente de uma elimina\u00e7\u00e3o gradual dos combust\u00edveis f\u00f3sseis &#8212; Sustainable Review<\/title>\n<meta name=\"robots\" content=\"index, follow, max-snippet:-1, max-image-preview:large, max-video-preview:-1\" \/>\n<link rel=\"canonical\" href=\"https:\/\/sustainablereview.com\/pt-br\/a-onda-de-calor-global-continua-a-mudanca-climatica-e-a-necessidade-urgente-de-eliminar-os-combustiveis-fosseis\/\" \/>\n<meta property=\"og:locale\" content=\"pt_BR\" \/>\n<meta property=\"og:type\" content=\"article\" \/>\n<meta property=\"og:title\" content=\"A onda de calor global continua: Mudan\u00e7as clim\u00e1ticas e a necessidade urgente de uma elimina\u00e7\u00e3o gradual dos combust\u00edveis f\u00f3sseis &#8212; Sustainable Review\" \/>\n<meta property=\"og:description\" content=\"A onda de calor mortal deve persistir at\u00e9 agosto, destacando a urg\u00eancia de eliminar gradualmente os combust\u00edveis f\u00f3sseis para combater as mudan\u00e7as clim\u00e1ticas, alerta o consultor da OMM.\" \/>\n<meta property=\"og:url\" content=\"https:\/\/sustainablereview.com\/pt-br\/a-onda-de-calor-global-continua-a-mudanca-climatica-e-a-necessidade-urgente-de-eliminar-os-combustiveis-fosseis\/\" \/>\n<meta property=\"og:site_name\" content=\"Sustainable Review\" \/>\n<meta property=\"article:published_time\" content=\"2023-07-27T16:41:31+00:00\" \/>\n<meta property=\"article:modified_time\" content=\"2024-08-10T16:59:37+00:00\" \/>\n<meta property=\"og:image\" content=\"https:\/\/sustainablereview.com\/wp-content\/uploads\/2023\/07\/heat-wave.jpg\" \/>\n\t<meta property=\"og:image:width\" content=\"1600\" \/>\n\t<meta property=\"og:image:height\" content=\"1067\" \/>\n\t<meta property=\"og:image:type\" content=\"image\/jpeg\" \/>\n<meta name=\"author\" content=\"Raf Chomsky\" \/>\n<meta name=\"twitter:card\" content=\"summary_large_image\" \/>\n<meta name=\"twitter:creator\" content=\"@sustainreview\" \/>\n<meta name=\"twitter:site\" content=\"@sustainreview\" \/>\n<meta name=\"twitter:label1\" content=\"Escrito por\" \/>\n\t<meta name=\"twitter:data1\" content=\"Raf Chomsky\" \/>\n\t<meta name=\"twitter:label2\" content=\"Est. tempo de leitura\" \/>\n\t<meta name=\"twitter:data2\" content=\"2 minutos\" \/>\n<script type=\"application\/ld+json\" class=\"yoast-schema-graph\">{\"@context\":\"https:\/\/schema.org\",\"@graph\":[{\"@type\":\"Article\",\"@id\":\"https:\/\/sustainablereview.com\/pt-br\/a-onda-de-calor-global-continua-a-mudanca-climatica-e-a-necessidade-urgente-de-eliminar-os-combustiveis-fosseis\/#article\",\"isPartOf\":{\"@id\":\"https:\/\/sustainablereview.com\/pt-br\/a-onda-de-calor-global-continua-a-mudanca-climatica-e-a-necessidade-urgente-de-eliminar-os-combustiveis-fosseis\/\"},\"author\":{\"name\":\"Raf Chomsky\",\"@id\":\"https:\/\/sustainablereview.com\/pt-br\/#\/schema\/person\/85320f9ca6ed105ac24fd5721a2ce339\"},\"headline\":\"A onda de calor global continua: Mudan\u00e7as clim\u00e1ticas e a necessidade urgente de uma elimina\u00e7\u00e3o gradual dos combust\u00edveis f\u00f3sseis\",\"datePublished\":\"2023-07-27T16:41:31+00:00\",\"dateModified\":\"2024-08-10T16:59:37+00:00\",\"mainEntityOfPage\":{\"@id\":\"https:\/\/sustainablereview.com\/pt-br\/a-onda-de-calor-global-continua-a-mudanca-climatica-e-a-necessidade-urgente-de-eliminar-os-combustiveis-fosseis\/\"},\"wordCount\":480,\"publisher\":{\"@id\":\"https:\/\/sustainablereview.com\/pt-br\/#organization\"},\"image\":{\"@id\":\"https:\/\/sustainablereview.com\/pt-br\/a-onda-de-calor-global-continua-a-mudanca-climatica-e-a-necessidade-urgente-de-eliminar-os-combustiveis-fosseis\/#primaryimage\"},\"thumbnailUrl\":\"https:\/\/sustainablereview.com\/wp-content\/uploads\/2023\/07\/heat-wave.jpg\",\"articleSection\":[\"Not\u00edcias\"],\"inLanguage\":\"pt-BR\"},{\"@type\":\"WebPage\",\"@id\":\"https:\/\/sustainablereview.com\/pt-br\/a-onda-de-calor-global-continua-a-mudanca-climatica-e-a-necessidade-urgente-de-eliminar-os-combustiveis-fosseis\/\",\"url\":\"https:\/\/sustainablereview.com\/pt-br\/a-onda-de-calor-global-continua-a-mudanca-climatica-e-a-necessidade-urgente-de-eliminar-os-combustiveis-fosseis\/\",\"name\":\"A onda de calor global continua: Mudan\u00e7as clim\u00e1ticas e a necessidade urgente de uma elimina\u00e7\u00e3o gradual dos combust\u00edveis f\u00f3sseis &#8212; Sustainable Review\",\"isPartOf\":{\"@id\":\"https:\/\/sustainablereview.com\/pt-br\/#website\"},\"primaryImageOfPage\":{\"@id\":\"https:\/\/sustainablereview.com\/pt-br\/a-onda-de-calor-global-continua-a-mudanca-climatica-e-a-necessidade-urgente-de-eliminar-os-combustiveis-fosseis\/#primaryimage\"},\"image\":{\"@id\":\"https:\/\/sustainablereview.com\/pt-br\/a-onda-de-calor-global-continua-a-mudanca-climatica-e-a-necessidade-urgente-de-eliminar-os-combustiveis-fosseis\/#primaryimage\"},\"thumbnailUrl\":\"https:\/\/sustainablereview.com\/wp-content\/uploads\/2023\/07\/heat-wave.jpg\",\"datePublished\":\"2023-07-27T16:41:31+00:00\",\"dateModified\":\"2024-08-10T16:59:37+00:00\",\"breadcrumb\":{\"@id\":\"https:\/\/sustainablereview.com\/pt-br\/a-onda-de-calor-global-continua-a-mudanca-climatica-e-a-necessidade-urgente-de-eliminar-os-combustiveis-fosseis\/#breadcrumb\"},\"inLanguage\":\"pt-BR\",\"potentialAction\":[{\"@type\":\"ReadAction\",\"target\":[\"https:\/\/sustainablereview.com\/pt-br\/a-onda-de-calor-global-continua-a-mudanca-climatica-e-a-necessidade-urgente-de-eliminar-os-combustiveis-fosseis\/\"]}]},{\"@type\":\"ImageObject\",\"inLanguage\":\"pt-BR\",\"@id\":\"https:\/\/sustainablereview.com\/pt-br\/a-onda-de-calor-global-continua-a-mudanca-climatica-e-a-necessidade-urgente-de-eliminar-os-combustiveis-fosseis\/#primaryimage\",\"url\":\"https:\/\/sustainablereview.com\/wp-content\/uploads\/2023\/07\/heat-wave.jpg\",\"contentUrl\":\"https:\/\/sustainablereview.com\/wp-content\/uploads\/2023\/07\/heat-wave.jpg\",\"width\":1600,\"height\":1067,\"caption\":\"person washing face and hair with water\"},{\"@type\":\"BreadcrumbList\",\"@id\":\"https:\/\/sustainablereview.com\/pt-br\/a-onda-de-calor-global-continua-a-mudanca-climatica-e-a-necessidade-urgente-de-eliminar-os-combustiveis-fosseis\/#breadcrumb\",\"itemListElement\":[{\"@type\":\"ListItem\",\"position\":1,\"name\":\"In\u00edcio\",\"item\":\"https:\/\/sustainablereview.com\/pt-br\/inicio\/\"},{\"@type\":\"ListItem\",\"position\":2,\"name\":\"A onda de calor global continua: Mudan\u00e7as clim\u00e1ticas e a necessidade urgente de uma elimina\u00e7\u00e3o gradual dos combust\u00edveis f\u00f3sseis\"}]},{\"@type\":\"WebSite\",\"@id\":\"https:\/\/sustainablereview.com\/pt-br\/#website\",\"url\":\"https:\/\/sustainablereview.com\/pt-br\/\",\"name\":\"Sustainable Review\",\"description\":\"Let us do the &#039;Green-splaining&#039;\",\"publisher\":{\"@id\":\"https:\/\/sustainablereview.com\/pt-br\/#organization\"},\"potentialAction\":[{\"@type\":\"SearchAction\",\"target\":{\"@type\":\"EntryPoint\",\"urlTemplate\":\"https:\/\/sustainablereview.com\/pt-br\/?s={search_term_string}\"},\"query-input\":\"required name=search_term_string\"}],\"inLanguage\":\"pt-BR\"},{\"@type\":\"Organization\",\"@id\":\"https:\/\/sustainablereview.com\/pt-br\/#organization\",\"name\":\"Sustainable Review\",\"url\":\"https:\/\/sustainablereview.com\/pt-br\/\",\"logo\":{\"@type\":\"ImageObject\",\"inLanguage\":\"pt-BR\",\"@id\":\"https:\/\/sustainablereview.com\/pt-br\/#\/schema\/logo\/image\/\",\"url\":\"https:\/\/sustainablereview.com\/wp-content\/uploads\/2020\/06\/static1.squarespace.png\",\"contentUrl\":\"https:\/\/sustainablereview.com\/wp-content\/uploads\/2020\/06\/static1.squarespace.png\",\"width\":800,\"height\":800,\"caption\":\"Sustainable Review\"},\"image\":{\"@id\":\"https:\/\/sustainablereview.com\/pt-br\/#\/schema\/logo\/image\/\"},\"sameAs\":[\"https:\/\/x.com\/sustainreview\"]},{\"@type\":\"Person\",\"@id\":\"https:\/\/sustainablereview.com\/pt-br\/#\/schema\/person\/85320f9ca6ed105ac24fd5721a2ce339\",\"name\":\"Raf Chomsky\",\"image\":{\"@type\":\"ImageObject\",\"inLanguage\":\"pt-BR\",\"@id\":\"https:\/\/sustainablereview.com\/pt-br\/#\/schema\/person\/image\/\",\"url\":\"https:\/\/sustainablereview.com\/wp-content\/litespeed\/avatar\/ad8c67d6aa8afe7c0a7adebd55367f9e.jpg?ver=1777430820\",\"contentUrl\":\"https:\/\/sustainablereview.com\/wp-content\/litespeed\/avatar\/ad8c67d6aa8afe7c0a7adebd55367f9e.jpg?ver=1777430820\",\"caption\":\"Raf Chomsky\"},\"description\":\"Dedicated author deeply engaged in sustainability issues. My writing focuses on practical, impactful solutions and communicates the urgency of environmental responsibility. With a commitment to raising awareness, I aim to inform and inspire readers to embrace sustainable practices in their daily lives.\",\"sameAs\":[\"https:\/\/sustainablereview.com\/\"],\"url\":\"https:\/\/sustainablereview.com\/pt-br\/author\/nonagency\/\"}]}<\/script>\n<!-- \/ Yoast SEO plugin. -->","yoast_head_json":{"title":"A onda de calor global continua: Mudan\u00e7as clim\u00e1ticas e a necessidade urgente de uma elimina\u00e7\u00e3o gradual dos combust\u00edveis f\u00f3sseis &#8212; Sustainable Review","robots":{"index":"index","follow":"follow","max-snippet":"max-snippet:-1","max-image-preview":"max-image-preview:large","max-video-preview":"max-video-preview:-1"},"canonical":"https:\/\/sustainablereview.com\/pt-br\/a-onda-de-calor-global-continua-a-mudanca-climatica-e-a-necessidade-urgente-de-eliminar-os-combustiveis-fosseis\/","og_locale":"pt_BR","og_type":"article","og_title":"A onda de calor global continua: Mudan\u00e7as clim\u00e1ticas e a necessidade urgente de uma elimina\u00e7\u00e3o gradual dos combust\u00edveis f\u00f3sseis &#8212; Sustainable Review","og_description":"A onda de calor mortal deve persistir at\u00e9 agosto, destacando a urg\u00eancia de eliminar gradualmente os combust\u00edveis f\u00f3sseis para combater as mudan\u00e7as clim\u00e1ticas, alerta o consultor da OMM.","og_url":"https:\/\/sustainablereview.com\/pt-br\/a-onda-de-calor-global-continua-a-mudanca-climatica-e-a-necessidade-urgente-de-eliminar-os-combustiveis-fosseis\/","og_site_name":"Sustainable Review","article_published_time":"2023-07-27T16:41:31+00:00","article_modified_time":"2024-08-10T16:59:37+00:00","og_image":[{"width":1600,"height":1067,"url":"https:\/\/sustainablereview.com\/wp-content\/uploads\/2023\/07\/heat-wave.jpg","type":"image\/jpeg"}],"author":"Raf Chomsky","twitter_card":"summary_large_image","twitter_creator":"@sustainreview","twitter_site":"@sustainreview","twitter_misc":{"Escrito por":"Raf Chomsky","Est. tempo de leitura":"2 minutos"},"schema":{"@context":"https:\/\/schema.org","@graph":[{"@type":"Article","@id":"https:\/\/sustainablereview.com\/pt-br\/a-onda-de-calor-global-continua-a-mudanca-climatica-e-a-necessidade-urgente-de-eliminar-os-combustiveis-fosseis\/#article","isPartOf":{"@id":"https:\/\/sustainablereview.com\/pt-br\/a-onda-de-calor-global-continua-a-mudanca-climatica-e-a-necessidade-urgente-de-eliminar-os-combustiveis-fosseis\/"},"author":{"name":"Raf Chomsky","@id":"https:\/\/sustainablereview.com\/pt-br\/#\/schema\/person\/85320f9ca6ed105ac24fd5721a2ce339"},"headline":"A onda de calor global continua: Mudan\u00e7as clim\u00e1ticas e a necessidade urgente de uma elimina\u00e7\u00e3o gradual dos combust\u00edveis f\u00f3sseis","datePublished":"2023-07-27T16:41:31+00:00","dateModified":"2024-08-10T16:59:37+00:00","mainEntityOfPage":{"@id":"https:\/\/sustainablereview.com\/pt-br\/a-onda-de-calor-global-continua-a-mudanca-climatica-e-a-necessidade-urgente-de-eliminar-os-combustiveis-fosseis\/"},"wordCount":480,"publisher":{"@id":"https:\/\/sustainablereview.com\/pt-br\/#organization"},"image":{"@id":"https:\/\/sustainablereview.com\/pt-br\/a-onda-de-calor-global-continua-a-mudanca-climatica-e-a-necessidade-urgente-de-eliminar-os-combustiveis-fosseis\/#primaryimage"},"thumbnailUrl":"https:\/\/sustainablereview.com\/wp-content\/uploads\/2023\/07\/heat-wave.jpg","articleSection":["Not\u00edcias"],"inLanguage":"pt-BR"},{"@type":"WebPage","@id":"https:\/\/sustainablereview.com\/pt-br\/a-onda-de-calor-global-continua-a-mudanca-climatica-e-a-necessidade-urgente-de-eliminar-os-combustiveis-fosseis\/","url":"https:\/\/sustainablereview.com\/pt-br\/a-onda-de-calor-global-continua-a-mudanca-climatica-e-a-necessidade-urgente-de-eliminar-os-combustiveis-fosseis\/","name":"A onda de calor global continua: Mudan\u00e7as clim\u00e1ticas e a necessidade urgente de uma elimina\u00e7\u00e3o gradual dos combust\u00edveis f\u00f3sseis &#8212; Sustainable Review","isPartOf":{"@id":"https:\/\/sustainablereview.com\/pt-br\/#website"},"primaryImageOfPage":{"@id":"https:\/\/sustainablereview.com\/pt-br\/a-onda-de-calor-global-continua-a-mudanca-climatica-e-a-necessidade-urgente-de-eliminar-os-combustiveis-fosseis\/#primaryimage"},"image":{"@id":"https:\/\/sustainablereview.com\/pt-br\/a-onda-de-calor-global-continua-a-mudanca-climatica-e-a-necessidade-urgente-de-eliminar-os-combustiveis-fosseis\/#primaryimage"},"thumbnailUrl":"https:\/\/sustainablereview.com\/wp-content\/uploads\/2023\/07\/heat-wave.jpg","datePublished":"2023-07-27T16:41:31+00:00","dateModified":"2024-08-10T16:59:37+00:00","breadcrumb":{"@id":"https:\/\/sustainablereview.com\/pt-br\/a-onda-de-calor-global-continua-a-mudanca-climatica-e-a-necessidade-urgente-de-eliminar-os-combustiveis-fosseis\/#breadcrumb"},"inLanguage":"pt-BR","potentialAction":[{"@type":"ReadAction","target":["https:\/\/sustainablereview.com\/pt-br\/a-onda-de-calor-global-continua-a-mudanca-climatica-e-a-necessidade-urgente-de-eliminar-os-combustiveis-fosseis\/"]}]},{"@type":"ImageObject","inLanguage":"pt-BR","@id":"https:\/\/sustainablereview.com\/pt-br\/a-onda-de-calor-global-continua-a-mudanca-climatica-e-a-necessidade-urgente-de-eliminar-os-combustiveis-fosseis\/#primaryimage","url":"https:\/\/sustainablereview.com\/wp-content\/uploads\/2023\/07\/heat-wave.jpg","contentUrl":"https:\/\/sustainablereview.com\/wp-content\/uploads\/2023\/07\/heat-wave.jpg","width":1600,"height":1067,"caption":"person washing face and hair with water"},{"@type":"BreadcrumbList","@id":"https:\/\/sustainablereview.com\/pt-br\/a-onda-de-calor-global-continua-a-mudanca-climatica-e-a-necessidade-urgente-de-eliminar-os-combustiveis-fosseis\/#breadcrumb","itemListElement":[{"@type":"ListItem","position":1,"name":"In\u00edcio","item":"https:\/\/sustainablereview.com\/pt-br\/inicio\/"},{"@type":"ListItem","position":2,"name":"A onda de calor global continua: Mudan\u00e7as clim\u00e1ticas e a necessidade urgente de uma elimina\u00e7\u00e3o gradual dos combust\u00edveis f\u00f3sseis"}]},{"@type":"WebSite","@id":"https:\/\/sustainablereview.com\/pt-br\/#website","url":"https:\/\/sustainablereview.com\/pt-br\/","name":"Sustainable Review","description":"Let us do the &#039;Green-splaining&#039;","publisher":{"@id":"https:\/\/sustainablereview.com\/pt-br\/#organization"},"potentialAction":[{"@type":"SearchAction","target":{"@type":"EntryPoint","urlTemplate":"https:\/\/sustainablereview.com\/pt-br\/?s={search_term_string}"},"query-input":"required name=search_term_string"}],"inLanguage":"pt-BR"},{"@type":"Organization","@id":"https:\/\/sustainablereview.com\/pt-br\/#organization","name":"Sustainable Review","url":"https:\/\/sustainablereview.com\/pt-br\/","logo":{"@type":"ImageObject","inLanguage":"pt-BR","@id":"https:\/\/sustainablereview.com\/pt-br\/#\/schema\/logo\/image\/","url":"https:\/\/sustainablereview.com\/wp-content\/uploads\/2020\/06\/static1.squarespace.png","contentUrl":"https:\/\/sustainablereview.com\/wp-content\/uploads\/2020\/06\/static1.squarespace.png","width":800,"height":800,"caption":"Sustainable Review"},"image":{"@id":"https:\/\/sustainablereview.com\/pt-br\/#\/schema\/logo\/image\/"},"sameAs":["https:\/\/x.com\/sustainreview"]},{"@type":"Person","@id":"https:\/\/sustainablereview.com\/pt-br\/#\/schema\/person\/85320f9ca6ed105ac24fd5721a2ce339","name":"Raf Chomsky","image":{"@type":"ImageObject","inLanguage":"pt-BR","@id":"https:\/\/sustainablereview.com\/pt-br\/#\/schema\/person\/image\/","url":"https:\/\/sustainablereview.com\/wp-content\/litespeed\/avatar\/ad8c67d6aa8afe7c0a7adebd55367f9e.jpg?ver=1777430820","contentUrl":"https:\/\/sustainablereview.com\/wp-content\/litespeed\/avatar\/ad8c67d6aa8afe7c0a7adebd55367f9e.jpg?ver=1777430820","caption":"Raf Chomsky"},"description":"Dedicated author deeply engaged in sustainability issues. My writing focuses on practical, impactful solutions and communicates the urgency of environmental responsibility. With a commitment to raising awareness, I aim to inform and inspire readers to embrace sustainable practices in their daily lives.","sameAs":["https:\/\/sustainablereview.com\/"],"url":"https:\/\/sustainablereview.com\/pt-br\/author\/nonagency\/"}]}},"wpml_translations":{"en":"25873","pl":"60539","pt-br":"39234"},"_links":{"self":[{"href":"https:\/\/sustainablereview.com\/pt-br\/wp-json\/wp\/v2\/posts\/39234"}],"collection":[{"href":"https:\/\/sustainablereview.com\/pt-br\/wp-json\/wp\/v2\/posts"}],"about":[{"href":"https:\/\/sustainablereview.com\/pt-br\/wp-json\/wp\/v2\/types\/post"}],"author":[{"embeddable":true,"href":"https:\/\/sustainablereview.com\/pt-br\/wp-json\/wp\/v2\/users\/1502"}],"replies":[{"embeddable":true,"href":"https:\/\/sustainablereview.com\/pt-br\/wp-json\/wp\/v2\/comments?post=39234"}],"version-history":[{"count":1,"href":"https:\/\/sustainablereview.com\/pt-br\/wp-json\/wp\/v2\/posts\/39234\/revisions"}],"predecessor-version":[{"id":39746,"href":"https:\/\/sustainablereview.com\/pt-br\/wp-json\/wp\/v2\/posts\/39234\/revisions\/39746"}],"wp:featuredmedia":[{"embeddable":true,"href":"https:\/\/sustainablereview.com\/pt-br\/wp-json\/wp\/v2\/media\/25874"}],"wp:attachment":[{"href":"https:\/\/sustainablereview.com\/pt-br\/wp-json\/wp\/v2\/media?parent=39234"}],"wp:term":[{"taxonomy":"category","embeddable":true,"href":"https:\/\/sustainablereview.com\/pt-br\/wp-json\/wp\/v2\/categories?post=39234"},{"taxonomy":"post_tag","embeddable":true,"href":"https:\/\/sustainablereview.com\/pt-br\/wp-json\/wp\/v2\/tags?post=39234"}],"curies":[{"name":"wp","href":"https:\/\/api.w.org\/{rel}","templated":true}]}}