{"id":39250,"date":"2023-07-15T03:07:50","date_gmt":"2023-07-15T07:07:50","guid":{"rendered":"https:\/\/sustainablereview.com\/?p=39250"},"modified":"2024-08-10T13:00:24","modified_gmt":"2024-08-10T17:00:24","slug":"nova-delhi-sofre-o-dia-de-julho-mais-umido-em-mais-de-40-anos-em-meio-a-enchentes-mortais-no-norte-da-india","status":"publish","type":"post","link":"https:\/\/sustainablereview.com\/pt-br\/nova-delhi-sofre-o-dia-de-julho-mais-umido-em-mais-de-40-anos-em-meio-a-enchentes-mortais-no-norte-da-india\/","title":{"rendered":"Nova D\u00e9lhi sofre o dia de julho mais \u00famido em mais de 40 anos em meio a inunda\u00e7\u00f5es mortais no norte da \u00cdndia"},"content":{"rendered":"\n<p>Chuvas fortes em Himachal Pradesh causam mortes; Delhi registra 153 mm de precipita\u00e7\u00e3o, a maior em um \u00fanico dia em julho desde 1982<\/p>\n\n\n\n<p>Em uma reviravolta desastrosa, chuvas fortes provocaram inunda\u00e7\u00f5es repentinas e deslizamentos de terra mortais no norte da \u00cdndia no fim de semana, resultando em pelo menos 22 mortes e causando danos significativos. A maioria das v\u00edtimas relatadas era do estado de Himachal Pradesh, no norte do pa\u00eds.<\/p>\n\n\n\n<p>Simultaneamente, a capital indiana, Nova D\u00e9lhi, registrou o dia mais chuvoso de julho em mais de 40 anos, de acordo com o Departamento de Meteorologia da \u00cdndia. A cidade recebeu 153 mil\u00edmetros (6 polegadas) de chuva no domingo, uma quantidade recorde n\u00e3o vista desde 1982.<\/p>\n\n\n\n<p>O Departamento de Meteorologia emitiu alertas vermelhos no domingo, o mais alto n\u00edvel de amea\u00e7a, para v\u00e1rios estados do norte, incluindo Himachal Pradesh, Uttarakhand, Punjab e Haryana. Avisos sobre poss\u00edveis deslizamentos de terra tamb\u00e9m foram emitidos em Uttarakhand e Himachal Pradesh, destacando os s\u00e9rios riscos apresentados pela chuva torrencial.<\/p>\n\n\n\n<p>O Departamento de Meteorologia alertou que &#8220;chuvas isoladas de fortes a muito fortes&#8221; continuar\u00e3o a afetar as regi\u00f5es do norte de Punjab, Haryana, Chandigarh, Delhi, Rajasthan e Uttar Pradesh nos pr\u00f3ximos cinco dias, a partir de segunda-feira.<\/p>\n\n\n\n<h2 class=\"wp-block-heading\">Resposta \u00e0 crise<\/h2>\n\n\n\n<p>Em resposta \u00e0 crise atual, o ministro-chefe de Himachal Pradesh, Sukhvinder Singh Sukhu, pediu aos residentes que ficassem em casa nas pr\u00f3ximas 24 horas. Ao abordar a terr\u00edvel situa\u00e7\u00e3o, Sukhu disse: &#8220;Apelo a todos para que fiquem seguros e permane\u00e7am dentro de suas casas. As escolas e faculdades tamb\u00e9m foram fechadas, pois n\u00e3o h\u00e1 como viajar&#8221;.<\/p>\n\n\n\n<p>As opera\u00e7\u00f5es de resgate est\u00e3o em pleno andamento em Himachal Pradesh. No in\u00edcio da segunda-feira, voc\u00ea testemunhou o resgate bem-sucedido de 27 pessoas de um hotel no distrito de Kullu, que foi cercado pelas \u00e1guas do rio Beas.<\/p>\n\n\n\n<p>Esse evento clim\u00e1tico extremo ocorre no momento em que a \u00cdndia se encontra no meio da esta\u00e7\u00e3o das mon\u00e7\u00f5es, que normalmente vai de abril a setembro. No m\u00eas passado, graves inunda\u00e7\u00f5es ap\u00f3s chuvas intensas e a chegada do ciclone Biparjoy afetaram quase meio milh\u00e3o de pessoas no nordeste da \u00cdndia, causando destrui\u00e7\u00e3o generalizada.<\/p>\n\n\n\n<p>Os padr\u00f5es clim\u00e1ticos extremos simult\u00e2neos de inunda\u00e7\u00f5es e ondas de calor ressaltam a vulnerabilidade aguda da na\u00e7\u00e3o mais populosa do mundo aos impactos da crise clim\u00e1tica.<\/p>\n\n\n\n<h2 class=\"wp-block-heading\">Grande parte da rodovia nacional desmorona<\/h2>\n\n\n\n<p>As fortes chuvas em Himachal Pradesh provocaram deslizamentos de terra e inunda\u00e7\u00f5es generalizadas, resultando em grandes danos \u00e0 infraestrutura, como estradas, casas e ve\u00edculos. V\u00e1rias pontes e vias p\u00fablicas foram varridas devido ao fluxo excessivo de \u00e1gua.<\/p>\n\n\n\n<p>Um caso alarmante foi observado perto de Rohtang, onde uma se\u00e7\u00e3o significativa da rodovia nacional cedeu hoje, resultando na imobiliza\u00e7\u00e3o de centenas de ve\u00edculos ao longo da rota.<\/p>\n\n\n\n<p>As autoridades afirmaram que est\u00e3o sendo feitos esfor\u00e7os para remover os detritos e reparar os danos. Consequentemente, as viagens entre Kullu e Manali foram afetadas devido ao trabalho de reconstru\u00e7\u00e3o em andamento.<\/p>\n\n\n\n<p>Em uma resposta adicional \u00e0 crise, Sukhvinder Singh Sukhu instruiu todos os membros da Assembleia Legislativa a permanecerem em seus respectivos c\u00edrculos eleitorais e prestarem assist\u00eancia \u00e0s pessoas necessitadas.<\/p>\n","protected":false},"excerpt":{"rendered":"<p><!-- wp:paragraph --><\/p>\n<p>Inunda\u00e7\u00f5es mortais em Himachal Pradesh, a maior precipita\u00e7\u00e3o de julho em Delhi desde 1982. Opera\u00e7\u00f5es de resgate em andamento, infraestrutura danificada. Vulnerabilidade clim\u00e1tica exposta.<\/p>\n<p><!-- \/wp:paragraph --><\/p>\n","protected":false},"author":1502,"featured_media":25559,"comment_status":"closed","ping_status":"open","sticky":false,"template":"","format":"standard","meta":{"_acf_changed":false,"_monsterinsights_skip_tracking":false,"_monsterinsights_sitenote_active":false,"_monsterinsights_sitenote_note":"","_monsterinsights_sitenote_category":0,"footnotes":""},"categories":[3095],"tags":[],"acf":[],"yoast_head":"<!-- This site is optimized with the Yoast SEO plugin v23.2 - https:\/\/yoast.com\/wordpress\/plugins\/seo\/ -->\n<title>Nova D\u00e9lhi sofre o dia de julho mais \u00famido em mais de 40 anos em meio a inunda\u00e7\u00f5es mortais no norte da \u00cdndia &#8212; Sustainable Review<\/title>\n<meta name=\"robots\" content=\"index, follow, max-snippet:-1, max-image-preview:large, max-video-preview:-1\" \/>\n<link rel=\"canonical\" href=\"https:\/\/sustainablereview.com\/pt-br\/nova-delhi-sofre-o-dia-de-julho-mais-umido-em-mais-de-40-anos-em-meio-a-enchentes-mortais-no-norte-da-india\/\" \/>\n<meta property=\"og:locale\" content=\"pt_BR\" \/>\n<meta property=\"og:type\" content=\"article\" \/>\n<meta property=\"og:title\" content=\"Nova D\u00e9lhi sofre o dia de julho mais \u00famido em mais de 40 anos em meio a inunda\u00e7\u00f5es mortais no norte da \u00cdndia &#8212; Sustainable Review\" \/>\n<meta property=\"og:description\" content=\"Inunda\u00e7\u00f5es mortais em Himachal Pradesh, a maior precipita\u00e7\u00e3o de julho em Delhi desde 1982. Opera\u00e7\u00f5es de resgate em andamento, infraestrutura danificada. Vulnerabilidade clim\u00e1tica exposta.\" \/>\n<meta property=\"og:url\" content=\"https:\/\/sustainablereview.com\/pt-br\/nova-delhi-sofre-o-dia-de-julho-mais-umido-em-mais-de-40-anos-em-meio-a-enchentes-mortais-no-norte-da-india\/\" \/>\n<meta property=\"og:site_name\" content=\"Sustainable Review\" \/>\n<meta property=\"article:published_time\" content=\"2023-07-15T07:07:50+00:00\" \/>\n<meta property=\"article:modified_time\" content=\"2024-08-10T17:00:24+00:00\" \/>\n<meta property=\"og:image\" content=\"https:\/\/sustainablereview.com\/wp-content\/uploads\/2023\/07\/PTI07_09_2023_000158A.jpg\" \/>\n\t<meta property=\"og:image:width\" content=\"1200\" \/>\n\t<meta property=\"og:image:height\" content=\"675\" \/>\n\t<meta property=\"og:image:type\" content=\"image\/jpeg\" \/>\n<meta name=\"author\" content=\"Raf Chomsky\" \/>\n<meta name=\"twitter:card\" content=\"summary_large_image\" \/>\n<meta name=\"twitter:creator\" content=\"@sustainreview\" \/>\n<meta name=\"twitter:site\" content=\"@sustainreview\" \/>\n<meta name=\"twitter:label1\" content=\"Escrito por\" \/>\n\t<meta name=\"twitter:data1\" content=\"Raf Chomsky\" \/>\n\t<meta name=\"twitter:label2\" content=\"Est. tempo de leitura\" \/>\n\t<meta name=\"twitter:data2\" content=\"3 minutos\" \/>\n<script type=\"application\/ld+json\" class=\"yoast-schema-graph\">{\"@context\":\"https:\/\/schema.org\",\"@graph\":[{\"@type\":\"Article\",\"@id\":\"https:\/\/sustainablereview.com\/pt-br\/nova-delhi-sofre-o-dia-de-julho-mais-umido-em-mais-de-40-anos-em-meio-a-enchentes-mortais-no-norte-da-india\/#article\",\"isPartOf\":{\"@id\":\"https:\/\/sustainablereview.com\/pt-br\/nova-delhi-sofre-o-dia-de-julho-mais-umido-em-mais-de-40-anos-em-meio-a-enchentes-mortais-no-norte-da-india\/\"},\"author\":{\"name\":\"Raf Chomsky\",\"@id\":\"https:\/\/sustainablereview.com\/pt-br\/#\/schema\/person\/85320f9ca6ed105ac24fd5721a2ce339\"},\"headline\":\"Nova D\u00e9lhi sofre o dia de julho mais \u00famido em mais de 40 anos em meio a inunda\u00e7\u00f5es mortais no norte da \u00cdndia\",\"datePublished\":\"2023-07-15T07:07:50+00:00\",\"dateModified\":\"2024-08-10T17:00:24+00:00\",\"mainEntityOfPage\":{\"@id\":\"https:\/\/sustainablereview.com\/pt-br\/nova-delhi-sofre-o-dia-de-julho-mais-umido-em-mais-de-40-anos-em-meio-a-enchentes-mortais-no-norte-da-india\/\"},\"wordCount\":571,\"publisher\":{\"@id\":\"https:\/\/sustainablereview.com\/pt-br\/#organization\"},\"image\":{\"@id\":\"https:\/\/sustainablereview.com\/pt-br\/nova-delhi-sofre-o-dia-de-julho-mais-umido-em-mais-de-40-anos-em-meio-a-enchentes-mortais-no-norte-da-india\/#primaryimage\"},\"thumbnailUrl\":\"https:\/\/sustainablereview.com\/wp-content\/uploads\/2023\/07\/PTI07_09_2023_000158A.jpg\",\"articleSection\":[\"Not\u00edcias\"],\"inLanguage\":\"pt-BR\"},{\"@type\":\"WebPage\",\"@id\":\"https:\/\/sustainablereview.com\/pt-br\/nova-delhi-sofre-o-dia-de-julho-mais-umido-em-mais-de-40-anos-em-meio-a-enchentes-mortais-no-norte-da-india\/\",\"url\":\"https:\/\/sustainablereview.com\/pt-br\/nova-delhi-sofre-o-dia-de-julho-mais-umido-em-mais-de-40-anos-em-meio-a-enchentes-mortais-no-norte-da-india\/\",\"name\":\"Nova D\u00e9lhi sofre o dia de julho mais \u00famido em mais de 40 anos em meio a inunda\u00e7\u00f5es mortais no norte da \u00cdndia &#8212; Sustainable Review\",\"isPartOf\":{\"@id\":\"https:\/\/sustainablereview.com\/pt-br\/#website\"},\"primaryImageOfPage\":{\"@id\":\"https:\/\/sustainablereview.com\/pt-br\/nova-delhi-sofre-o-dia-de-julho-mais-umido-em-mais-de-40-anos-em-meio-a-enchentes-mortais-no-norte-da-india\/#primaryimage\"},\"image\":{\"@id\":\"https:\/\/sustainablereview.com\/pt-br\/nova-delhi-sofre-o-dia-de-julho-mais-umido-em-mais-de-40-anos-em-meio-a-enchentes-mortais-no-norte-da-india\/#primaryimage\"},\"thumbnailUrl\":\"https:\/\/sustainablereview.com\/wp-content\/uploads\/2023\/07\/PTI07_09_2023_000158A.jpg\",\"datePublished\":\"2023-07-15T07:07:50+00:00\",\"dateModified\":\"2024-08-10T17:00:24+00:00\",\"breadcrumb\":{\"@id\":\"https:\/\/sustainablereview.com\/pt-br\/nova-delhi-sofre-o-dia-de-julho-mais-umido-em-mais-de-40-anos-em-meio-a-enchentes-mortais-no-norte-da-india\/#breadcrumb\"},\"inLanguage\":\"pt-BR\",\"potentialAction\":[{\"@type\":\"ReadAction\",\"target\":[\"https:\/\/sustainablereview.com\/pt-br\/nova-delhi-sofre-o-dia-de-julho-mais-umido-em-mais-de-40-anos-em-meio-a-enchentes-mortais-no-norte-da-india\/\"]}]},{\"@type\":\"ImageObject\",\"inLanguage\":\"pt-BR\",\"@id\":\"https:\/\/sustainablereview.com\/pt-br\/nova-delhi-sofre-o-dia-de-julho-mais-umido-em-mais-de-40-anos-em-meio-a-enchentes-mortais-no-norte-da-india\/#primaryimage\",\"url\":\"https:\/\/sustainablereview.com\/wp-content\/uploads\/2023\/07\/PTI07_09_2023_000158A.jpg\",\"contentUrl\":\"https:\/\/sustainablereview.com\/wp-content\/uploads\/2023\/07\/PTI07_09_2023_000158A.jpg\",\"width\":1200,\"height\":675,\"caption\":\"flood in hilly area\"},{\"@type\":\"BreadcrumbList\",\"@id\":\"https:\/\/sustainablereview.com\/pt-br\/nova-delhi-sofre-o-dia-de-julho-mais-umido-em-mais-de-40-anos-em-meio-a-enchentes-mortais-no-norte-da-india\/#breadcrumb\",\"itemListElement\":[{\"@type\":\"ListItem\",\"position\":1,\"name\":\"In\u00edcio\",\"item\":\"https:\/\/sustainablereview.com\/pt-br\/inicio\/\"},{\"@type\":\"ListItem\",\"position\":2,\"name\":\"Nova D\u00e9lhi sofre o dia de julho mais \u00famido em mais de 40 anos em meio a inunda\u00e7\u00f5es mortais no norte da \u00cdndia\"}]},{\"@type\":\"WebSite\",\"@id\":\"https:\/\/sustainablereview.com\/pt-br\/#website\",\"url\":\"https:\/\/sustainablereview.com\/pt-br\/\",\"name\":\"Sustainable Review\",\"description\":\"Let us do the &#039;Green-splaining&#039;\",\"publisher\":{\"@id\":\"https:\/\/sustainablereview.com\/pt-br\/#organization\"},\"potentialAction\":[{\"@type\":\"SearchAction\",\"target\":{\"@type\":\"EntryPoint\",\"urlTemplate\":\"https:\/\/sustainablereview.com\/pt-br\/?s={search_term_string}\"},\"query-input\":\"required name=search_term_string\"}],\"inLanguage\":\"pt-BR\"},{\"@type\":\"Organization\",\"@id\":\"https:\/\/sustainablereview.com\/pt-br\/#organization\",\"name\":\"Sustainable Review\",\"url\":\"https:\/\/sustainablereview.com\/pt-br\/\",\"logo\":{\"@type\":\"ImageObject\",\"inLanguage\":\"pt-BR\",\"@id\":\"https:\/\/sustainablereview.com\/pt-br\/#\/schema\/logo\/image\/\",\"url\":\"https:\/\/sustainablereview.com\/wp-content\/uploads\/2020\/06\/static1.squarespace.png\",\"contentUrl\":\"https:\/\/sustainablereview.com\/wp-content\/uploads\/2020\/06\/static1.squarespace.png\",\"width\":800,\"height\":800,\"caption\":\"Sustainable Review\"},\"image\":{\"@id\":\"https:\/\/sustainablereview.com\/pt-br\/#\/schema\/logo\/image\/\"},\"sameAs\":[\"https:\/\/x.com\/sustainreview\"]},{\"@type\":\"Person\",\"@id\":\"https:\/\/sustainablereview.com\/pt-br\/#\/schema\/person\/85320f9ca6ed105ac24fd5721a2ce339\",\"name\":\"Raf Chomsky\",\"image\":{\"@type\":\"ImageObject\",\"inLanguage\":\"pt-BR\",\"@id\":\"https:\/\/sustainablereview.com\/pt-br\/#\/schema\/person\/image\/\",\"url\":\"https:\/\/sustainablereview.com\/wp-content\/litespeed\/avatar\/ad8c67d6aa8afe7c0a7adebd55367f9e.jpg?ver=1777430820\",\"contentUrl\":\"https:\/\/sustainablereview.com\/wp-content\/litespeed\/avatar\/ad8c67d6aa8afe7c0a7adebd55367f9e.jpg?ver=1777430820\",\"caption\":\"Raf Chomsky\"},\"description\":\"Dedicated author deeply engaged in sustainability issues. My writing focuses on practical, impactful solutions and communicates the urgency of environmental responsibility. With a commitment to raising awareness, I aim to inform and inspire readers to embrace sustainable practices in their daily lives.\",\"sameAs\":[\"https:\/\/sustainablereview.com\/\"],\"url\":\"https:\/\/sustainablereview.com\/pt-br\/author\/nonagency\/\"}]}<\/script>\n<!-- \/ Yoast SEO plugin. -->","yoast_head_json":{"title":"Nova D\u00e9lhi sofre o dia de julho mais \u00famido em mais de 40 anos em meio a inunda\u00e7\u00f5es mortais no norte da \u00cdndia &#8212; Sustainable Review","robots":{"index":"index","follow":"follow","max-snippet":"max-snippet:-1","max-image-preview":"max-image-preview:large","max-video-preview":"max-video-preview:-1"},"canonical":"https:\/\/sustainablereview.com\/pt-br\/nova-delhi-sofre-o-dia-de-julho-mais-umido-em-mais-de-40-anos-em-meio-a-enchentes-mortais-no-norte-da-india\/","og_locale":"pt_BR","og_type":"article","og_title":"Nova D\u00e9lhi sofre o dia de julho mais \u00famido em mais de 40 anos em meio a inunda\u00e7\u00f5es mortais no norte da \u00cdndia &#8212; Sustainable Review","og_description":"Inunda\u00e7\u00f5es mortais em Himachal Pradesh, a maior precipita\u00e7\u00e3o de julho em Delhi desde 1982. Opera\u00e7\u00f5es de resgate em andamento, infraestrutura danificada. Vulnerabilidade clim\u00e1tica exposta.","og_url":"https:\/\/sustainablereview.com\/pt-br\/nova-delhi-sofre-o-dia-de-julho-mais-umido-em-mais-de-40-anos-em-meio-a-enchentes-mortais-no-norte-da-india\/","og_site_name":"Sustainable Review","article_published_time":"2023-07-15T07:07:50+00:00","article_modified_time":"2024-08-10T17:00:24+00:00","og_image":[{"width":1200,"height":675,"url":"https:\/\/sustainablereview.com\/wp-content\/uploads\/2023\/07\/PTI07_09_2023_000158A.jpg","type":"image\/jpeg"}],"author":"Raf Chomsky","twitter_card":"summary_large_image","twitter_creator":"@sustainreview","twitter_site":"@sustainreview","twitter_misc":{"Escrito por":"Raf Chomsky","Est. tempo de leitura":"3 minutos"},"schema":{"@context":"https:\/\/schema.org","@graph":[{"@type":"Article","@id":"https:\/\/sustainablereview.com\/pt-br\/nova-delhi-sofre-o-dia-de-julho-mais-umido-em-mais-de-40-anos-em-meio-a-enchentes-mortais-no-norte-da-india\/#article","isPartOf":{"@id":"https:\/\/sustainablereview.com\/pt-br\/nova-delhi-sofre-o-dia-de-julho-mais-umido-em-mais-de-40-anos-em-meio-a-enchentes-mortais-no-norte-da-india\/"},"author":{"name":"Raf Chomsky","@id":"https:\/\/sustainablereview.com\/pt-br\/#\/schema\/person\/85320f9ca6ed105ac24fd5721a2ce339"},"headline":"Nova D\u00e9lhi sofre o dia de julho mais \u00famido em mais de 40 anos em meio a inunda\u00e7\u00f5es mortais no norte da \u00cdndia","datePublished":"2023-07-15T07:07:50+00:00","dateModified":"2024-08-10T17:00:24+00:00","mainEntityOfPage":{"@id":"https:\/\/sustainablereview.com\/pt-br\/nova-delhi-sofre-o-dia-de-julho-mais-umido-em-mais-de-40-anos-em-meio-a-enchentes-mortais-no-norte-da-india\/"},"wordCount":571,"publisher":{"@id":"https:\/\/sustainablereview.com\/pt-br\/#organization"},"image":{"@id":"https:\/\/sustainablereview.com\/pt-br\/nova-delhi-sofre-o-dia-de-julho-mais-umido-em-mais-de-40-anos-em-meio-a-enchentes-mortais-no-norte-da-india\/#primaryimage"},"thumbnailUrl":"https:\/\/sustainablereview.com\/wp-content\/uploads\/2023\/07\/PTI07_09_2023_000158A.jpg","articleSection":["Not\u00edcias"],"inLanguage":"pt-BR"},{"@type":"WebPage","@id":"https:\/\/sustainablereview.com\/pt-br\/nova-delhi-sofre-o-dia-de-julho-mais-umido-em-mais-de-40-anos-em-meio-a-enchentes-mortais-no-norte-da-india\/","url":"https:\/\/sustainablereview.com\/pt-br\/nova-delhi-sofre-o-dia-de-julho-mais-umido-em-mais-de-40-anos-em-meio-a-enchentes-mortais-no-norte-da-india\/","name":"Nova D\u00e9lhi sofre o dia de julho mais \u00famido em mais de 40 anos em meio a inunda\u00e7\u00f5es mortais no norte da \u00cdndia &#8212; Sustainable Review","isPartOf":{"@id":"https:\/\/sustainablereview.com\/pt-br\/#website"},"primaryImageOfPage":{"@id":"https:\/\/sustainablereview.com\/pt-br\/nova-delhi-sofre-o-dia-de-julho-mais-umido-em-mais-de-40-anos-em-meio-a-enchentes-mortais-no-norte-da-india\/#primaryimage"},"image":{"@id":"https:\/\/sustainablereview.com\/pt-br\/nova-delhi-sofre-o-dia-de-julho-mais-umido-em-mais-de-40-anos-em-meio-a-enchentes-mortais-no-norte-da-india\/#primaryimage"},"thumbnailUrl":"https:\/\/sustainablereview.com\/wp-content\/uploads\/2023\/07\/PTI07_09_2023_000158A.jpg","datePublished":"2023-07-15T07:07:50+00:00","dateModified":"2024-08-10T17:00:24+00:00","breadcrumb":{"@id":"https:\/\/sustainablereview.com\/pt-br\/nova-delhi-sofre-o-dia-de-julho-mais-umido-em-mais-de-40-anos-em-meio-a-enchentes-mortais-no-norte-da-india\/#breadcrumb"},"inLanguage":"pt-BR","potentialAction":[{"@type":"ReadAction","target":["https:\/\/sustainablereview.com\/pt-br\/nova-delhi-sofre-o-dia-de-julho-mais-umido-em-mais-de-40-anos-em-meio-a-enchentes-mortais-no-norte-da-india\/"]}]},{"@type":"ImageObject","inLanguage":"pt-BR","@id":"https:\/\/sustainablereview.com\/pt-br\/nova-delhi-sofre-o-dia-de-julho-mais-umido-em-mais-de-40-anos-em-meio-a-enchentes-mortais-no-norte-da-india\/#primaryimage","url":"https:\/\/sustainablereview.com\/wp-content\/uploads\/2023\/07\/PTI07_09_2023_000158A.jpg","contentUrl":"https:\/\/sustainablereview.com\/wp-content\/uploads\/2023\/07\/PTI07_09_2023_000158A.jpg","width":1200,"height":675,"caption":"flood in hilly area"},{"@type":"BreadcrumbList","@id":"https:\/\/sustainablereview.com\/pt-br\/nova-delhi-sofre-o-dia-de-julho-mais-umido-em-mais-de-40-anos-em-meio-a-enchentes-mortais-no-norte-da-india\/#breadcrumb","itemListElement":[{"@type":"ListItem","position":1,"name":"In\u00edcio","item":"https:\/\/sustainablereview.com\/pt-br\/inicio\/"},{"@type":"ListItem","position":2,"name":"Nova D\u00e9lhi sofre o dia de julho mais \u00famido em mais de 40 anos em meio a inunda\u00e7\u00f5es mortais no norte da \u00cdndia"}]},{"@type":"WebSite","@id":"https:\/\/sustainablereview.com\/pt-br\/#website","url":"https:\/\/sustainablereview.com\/pt-br\/","name":"Sustainable Review","description":"Let us do the &#039;Green-splaining&#039;","publisher":{"@id":"https:\/\/sustainablereview.com\/pt-br\/#organization"},"potentialAction":[{"@type":"SearchAction","target":{"@type":"EntryPoint","urlTemplate":"https:\/\/sustainablereview.com\/pt-br\/?s={search_term_string}"},"query-input":"required name=search_term_string"}],"inLanguage":"pt-BR"},{"@type":"Organization","@id":"https:\/\/sustainablereview.com\/pt-br\/#organization","name":"Sustainable Review","url":"https:\/\/sustainablereview.com\/pt-br\/","logo":{"@type":"ImageObject","inLanguage":"pt-BR","@id":"https:\/\/sustainablereview.com\/pt-br\/#\/schema\/logo\/image\/","url":"https:\/\/sustainablereview.com\/wp-content\/uploads\/2020\/06\/static1.squarespace.png","contentUrl":"https:\/\/sustainablereview.com\/wp-content\/uploads\/2020\/06\/static1.squarespace.png","width":800,"height":800,"caption":"Sustainable Review"},"image":{"@id":"https:\/\/sustainablereview.com\/pt-br\/#\/schema\/logo\/image\/"},"sameAs":["https:\/\/x.com\/sustainreview"]},{"@type":"Person","@id":"https:\/\/sustainablereview.com\/pt-br\/#\/schema\/person\/85320f9ca6ed105ac24fd5721a2ce339","name":"Raf Chomsky","image":{"@type":"ImageObject","inLanguage":"pt-BR","@id":"https:\/\/sustainablereview.com\/pt-br\/#\/schema\/person\/image\/","url":"https:\/\/sustainablereview.com\/wp-content\/litespeed\/avatar\/ad8c67d6aa8afe7c0a7adebd55367f9e.jpg?ver=1777430820","contentUrl":"https:\/\/sustainablereview.com\/wp-content\/litespeed\/avatar\/ad8c67d6aa8afe7c0a7adebd55367f9e.jpg?ver=1777430820","caption":"Raf Chomsky"},"description":"Dedicated author deeply engaged in sustainability issues. My writing focuses on practical, impactful solutions and communicates the urgency of environmental responsibility. With a commitment to raising awareness, I aim to inform and inspire readers to embrace sustainable practices in their daily lives.","sameAs":["https:\/\/sustainablereview.com\/"],"url":"https:\/\/sustainablereview.com\/pt-br\/author\/nonagency\/"}]}},"wpml_translations":{"en":"25556","pl":"60555","pt-br":"39250"},"_links":{"self":[{"href":"https:\/\/sustainablereview.com\/pt-br\/wp-json\/wp\/v2\/posts\/39250"}],"collection":[{"href":"https:\/\/sustainablereview.com\/pt-br\/wp-json\/wp\/v2\/posts"}],"about":[{"href":"https:\/\/sustainablereview.com\/pt-br\/wp-json\/wp\/v2\/types\/post"}],"author":[{"embeddable":true,"href":"https:\/\/sustainablereview.com\/pt-br\/wp-json\/wp\/v2\/users\/1502"}],"replies":[{"embeddable":true,"href":"https:\/\/sustainablereview.com\/pt-br\/wp-json\/wp\/v2\/comments?post=39250"}],"version-history":[{"count":1,"href":"https:\/\/sustainablereview.com\/pt-br\/wp-json\/wp\/v2\/posts\/39250\/revisions"}],"predecessor-version":[{"id":39762,"href":"https:\/\/sustainablereview.com\/pt-br\/wp-json\/wp\/v2\/posts\/39250\/revisions\/39762"}],"wp:featuredmedia":[{"embeddable":true,"href":"https:\/\/sustainablereview.com\/pt-br\/wp-json\/wp\/v2\/media\/25559"}],"wp:attachment":[{"href":"https:\/\/sustainablereview.com\/pt-br\/wp-json\/wp\/v2\/media?parent=39250"}],"wp:term":[{"taxonomy":"category","embeddable":true,"href":"https:\/\/sustainablereview.com\/pt-br\/wp-json\/wp\/v2\/categories?post=39250"},{"taxonomy":"post_tag","embeddable":true,"href":"https:\/\/sustainablereview.com\/pt-br\/wp-json\/wp\/v2\/tags?post=39250"}],"curies":[{"name":"wp","href":"https:\/\/api.w.org\/{rel}","templated":true}]}}