{"id":39287,"date":"2023-06-09T08:53:07","date_gmt":"2023-06-09T12:53:07","guid":{"rendered":"https:\/\/sustainablereview.com\/?p=39287"},"modified":"2024-08-10T13:02:10","modified_gmt":"2024-08-10T17:02:10","slug":"incendios-florestais-no-canada-cobrem-a-cidade-de-nova-york-com-fumaca-insalubre-aumentando-as-preocupacoes-com-a-qualidade-do-ar","status":"publish","type":"post","link":"https:\/\/sustainablereview.com\/pt-br\/incendios-florestais-no-canada-cobrem-a-cidade-de-nova-york-com-fumaca-insalubre-aumentando-as-preocupacoes-com-a-qualidade-do-ar\/","title":{"rendered":"Inc\u00eandios florestais canadenses cobrem a cidade de Nova York com fuma\u00e7a insalubre, aumentando as preocupa\u00e7\u00f5es com a qualidade do ar"},"content":{"rendered":"\n<p><strong>Moradores experimentam neblina sem precedentes e c\u00e9u vermelho enquanto a fuma\u00e7a de inc\u00eandios distantes toma conta da cidade<\/strong><\/p>\n\n\n\n<p>Uma fuma\u00e7a e uma n\u00e9voa sem precedentes envolveram os c\u00e9us da cidade de Nova York em decorr\u00eancia dos inc\u00eandios florestais no Canad\u00e1, levantando preocupa\u00e7\u00f5es sobre a qualidade do ar e apresentando riscos \u00e0 sa\u00fade dos residentes.<\/p>\n\n\n\n<p>A fuma\u00e7a ondulante, origin\u00e1ria de centenas de quil\u00f4metros de dist\u00e2ncia, tornou o c\u00e9u da tarde laranja e obscureceu o ic\u00f4nico horizonte da cidade.<\/p>\n\n\n\n<h2 class=\"wp-block-heading\">A fuma\u00e7a do inc\u00eandio florestal canadense envolve a cidade de Nova York, provocando uma qualidade de ar insalubre<\/h2>\n\n\n\n<p>Os efeitos dos inc\u00eandios florestais no Canad\u00e1 foram sentidos na \u00e1rea metropolitana da cidade de Nova York, com a qualidade do ar se deteriorando a n\u00edveis insalubres. Conforme relatado pelo New York Times, as part\u00edculas e os poluentes das chamas distantes contribu\u00edram para uma densa n\u00e9voa que cobriu a cidade, reduzindo a visibilidade e lan\u00e7ando um brilho sinistro sobre a paisagem urbana.<\/p>\n\n\n\n<h2 class=\"wp-block-heading\">Preocupa\u00e7\u00f5es com a sa\u00fade aumentam \u00e0 medida que os moradores de Nova York enfrentam a atmosfera de fuma\u00e7a<\/h2>\n\n\n\n<p>A fuma\u00e7a, composta de part\u00edculas finas e poluentes, pode ser particularmente prejudicial para pessoas com problemas respirat\u00f3rios, idosos e crian\u00e7as. O ar enfuma\u00e7ado levou as autoridades locais a emitirem alertas de sa\u00fade, pedindo aos residentes que tomem precau\u00e7\u00f5es e evitem atividades prolongadas ao ar livre. M\u00e1scaras foram recomendadas para pessoas com sensibilidade ou problemas respirat\u00f3rios pr\u00e9-existentes.<\/p>\n\n\n\n<h2 class=\"wp-block-heading\">Fen\u00f4meno incomum torna o c\u00e9u de Nova York vermelho<\/h2>\n\n\n\n<p>A extens\u00e3o da fuma\u00e7a dos inc\u00eandios florestais canadenses ficou bem evidente quando os nova-iorquinos testemunharam uma transforma\u00e7\u00e3o incomum nos c\u00e9us da cidade.<\/p>\n\n\n\n<p>V\u00eddeos e fotos que circularam nas m\u00eddias sociais capturaram o c\u00e9u normalmente azul se transformando em um tom profundo de vermelho, lembrando uma paisagem surreal de fic\u00e7\u00e3o cient\u00edfica.<\/p>\n\n\n\n<h2 class=\"wp-block-heading\">Cientistas associam os inc\u00eandios florestais canadenses \u00e0 mudan\u00e7a clim\u00e1tica<\/h2>\n\n\n\n<p>Os <a href=\"https:\/\/www.canada.ca\/en\/public-safety-canada\/campaigns\/wildfires.html\" target=\"_blank\" rel=\"noreferrer noopener\">inc\u00eandios florestais<\/a> devastadores <a href=\"https:\/\/www.canada.ca\/en\/public-safety-canada\/campaigns\/wildfires.html\" target=\"_blank\" rel=\"noreferrer noopener\">no Canad\u00e1<\/a> n\u00e3o est\u00e3o ocorrendo isoladamente, mas fazem parte de uma tend\u00eancia maior que os cientistas atribuem \u00e0s mudan\u00e7as clim\u00e1ticas.<\/p>\n\n\n\n<p>Conforme relatado pela Fortune, o aumento das temperaturas e as condi\u00e7\u00f5es de seca prolongada tornaram as florestas mais suscet\u00edveis a inc\u00eandios, resultando em temporadas de inc\u00eandios mais longas e mais severas.<\/p>\n\n\n\n<p>Esse incidente mais recente serve como um lembrete da necessidade urgente de lidar com as mudan\u00e7as clim\u00e1ticas e implementar medidas para mitigar seus efeitos.<\/p>\n\n\n\n<h2 class=\"wp-block-heading\">Esfor\u00e7os colaborativos para enfrentar os inc\u00eandios florestais e os desafios da qualidade do ar<\/h2>\n\n\n\n<p>Em meio \u00e0 neblina e \u00e0 preocupa\u00e7\u00e3o com a qualidade do ar, as autoridades da cidade de Nova York est\u00e3o colaborando com as autoridades canadenses para monitorar a situa\u00e7\u00e3o e avaliar o impacto dos inc\u00eandios florestais.<\/p>\n\n\n\n<p>O Departamento de Prote\u00e7\u00e3o Ambiental e Sa\u00fade de Nova York, em coordena\u00e7\u00e3o com outras ag\u00eancias, est\u00e1 monitorando de perto os dados de qualidade do ar e emitindo atualiza\u00e7\u00f5es regulares para o p\u00fablico.<\/p>\n\n\n\n<p>Embora ainda n\u00e3o se saiba por quanto tempo a fuma\u00e7a permanecer\u00e1 sobre a cidade, as autoridades est\u00e3o trabalhando ativamente para garantir a seguran\u00e7a e o bem-estar dos residentes. A colabora\u00e7\u00e3o entre as entidades nacionais e locais ressalta a necessidade de coopera\u00e7\u00e3o internacional para enfrentar os desafios compartilhados pelas mudan\u00e7as clim\u00e1ticas e suas consequ\u00eancias.<\/p>\n\n\n\n<p>\u00c0 medida que os nova-iorquinos acordam para mais um dia envolto em fuma\u00e7a, o foco na abordagem das mudan\u00e7as clim\u00e1ticas se intensifica.<\/p>\n\n\n\n<p>Os eventos dos \u00faltimos dias servem como um lembrete de que as consequ\u00eancias de inc\u00eandios florestais, eventos clim\u00e1ticos extremos e deteriora\u00e7\u00e3o da qualidade do ar n\u00e3o se limitam a terras distantes, mas t\u00eam impactos tang\u00edveis em centros urbanos como a cidade de Nova York.<\/p>\n","protected":false},"excerpt":{"rendered":"<p><!-- wp:paragraph --><\/p>\n<p>A cidade de Nova York enfrentou uma qualidade de ar perigosa enquanto os inc\u00eandios florestais canadenses tomavam conta dos c\u00e9us, enfatizando o impacto da mudan\u00e7a clim\u00e1tica. A colabora\u00e7\u00e3o \u00e9 fundamental para enfrentar esses desafios e proteger a sa\u00fade p\u00fablica.<\/p>\n<p><!-- \/wp:paragraph --><\/p>\n","protected":false},"author":1503,"featured_media":24605,"comment_status":"open","ping_status":"open","sticky":false,"template":"","format":"standard","meta":{"_acf_changed":false,"_monsterinsights_skip_tracking":false,"_monsterinsights_sitenote_active":false,"_monsterinsights_sitenote_note":"","_monsterinsights_sitenote_category":0,"footnotes":""},"categories":[3095],"tags":[],"acf":[],"yoast_head":"<!-- This site is optimized with the Yoast SEO plugin v23.2 - https:\/\/yoast.com\/wordpress\/plugins\/seo\/ -->\n<title>Inc\u00eandios florestais canadenses cobrem a cidade de Nova York com fuma\u00e7a insalubre, aumentando as preocupa\u00e7\u00f5es com a qualidade do ar &#8212; Sustainable Review<\/title>\n<meta name=\"robots\" content=\"index, follow, max-snippet:-1, max-image-preview:large, max-video-preview:-1\" \/>\n<link rel=\"canonical\" href=\"https:\/\/sustainablereview.com\/pt-br\/incendios-florestais-no-canada-cobrem-a-cidade-de-nova-york-com-fumaca-insalubre-aumentando-as-preocupacoes-com-a-qualidade-do-ar\/\" \/>\n<meta property=\"og:locale\" content=\"pt_BR\" \/>\n<meta property=\"og:type\" content=\"article\" \/>\n<meta property=\"og:title\" content=\"Inc\u00eandios florestais canadenses cobrem a cidade de Nova York com fuma\u00e7a insalubre, aumentando as preocupa\u00e7\u00f5es com a qualidade do ar &#8212; Sustainable Review\" \/>\n<meta property=\"og:description\" content=\"A cidade de Nova York enfrentou uma qualidade de ar perigosa enquanto os inc\u00eandios florestais canadenses tomavam conta dos c\u00e9us, enfatizando o impacto da mudan\u00e7a clim\u00e1tica. A colabora\u00e7\u00e3o \u00e9 fundamental para enfrentar esses desafios e proteger a sa\u00fade p\u00fablica.\" \/>\n<meta property=\"og:url\" content=\"https:\/\/sustainablereview.com\/pt-br\/incendios-florestais-no-canada-cobrem-a-cidade-de-nova-york-com-fumaca-insalubre-aumentando-as-preocupacoes-com-a-qualidade-do-ar\/\" \/>\n<meta property=\"og:site_name\" content=\"Sustainable Review\" \/>\n<meta property=\"article:published_time\" content=\"2023-06-09T12:53:07+00:00\" \/>\n<meta property=\"article:modified_time\" content=\"2024-08-10T17:02:10+00:00\" \/>\n<meta property=\"og:image\" content=\"https:\/\/sustainablereview.com\/wp-content\/uploads\/2023\/06\/wildfire-.png\" \/>\n\t<meta property=\"og:image:width\" content=\"1500\" \/>\n\t<meta property=\"og:image:height\" content=\"1000\" \/>\n\t<meta property=\"og:image:type\" content=\"image\/png\" \/>\n<meta name=\"author\" content=\"Natalia Kolkowska\" \/>\n<meta name=\"twitter:card\" content=\"summary_large_image\" \/>\n<meta name=\"twitter:creator\" content=\"@sustainreview\" \/>\n<meta name=\"twitter:site\" content=\"@sustainreview\" \/>\n<meta name=\"twitter:label1\" content=\"Escrito por\" \/>\n\t<meta name=\"twitter:data1\" content=\"Natalia Kolkowska\" \/>\n\t<meta name=\"twitter:label2\" content=\"Est. tempo de leitura\" \/>\n\t<meta name=\"twitter:data2\" content=\"3 minutos\" \/>\n<script type=\"application\/ld+json\" class=\"yoast-schema-graph\">{\"@context\":\"https:\/\/schema.org\",\"@graph\":[{\"@type\":\"Article\",\"@id\":\"https:\/\/sustainablereview.com\/pt-br\/incendios-florestais-no-canada-cobrem-a-cidade-de-nova-york-com-fumaca-insalubre-aumentando-as-preocupacoes-com-a-qualidade-do-ar\/#article\",\"isPartOf\":{\"@id\":\"https:\/\/sustainablereview.com\/pt-br\/incendios-florestais-no-canada-cobrem-a-cidade-de-nova-york-com-fumaca-insalubre-aumentando-as-preocupacoes-com-a-qualidade-do-ar\/\"},\"author\":{\"name\":\"Natalia Kolkowska\",\"@id\":\"https:\/\/sustainablereview.com\/pt-br\/#\/schema\/person\/f3da3ce404089cdcb3a997a73fe0ee39\"},\"headline\":\"Inc\u00eandios florestais canadenses cobrem a cidade de Nova York com fuma\u00e7a insalubre, aumentando as preocupa\u00e7\u00f5es com a qualidade do ar\",\"datePublished\":\"2023-06-09T12:53:07+00:00\",\"dateModified\":\"2024-08-10T17:02:10+00:00\",\"mainEntityOfPage\":{\"@id\":\"https:\/\/sustainablereview.com\/pt-br\/incendios-florestais-no-canada-cobrem-a-cidade-de-nova-york-com-fumaca-insalubre-aumentando-as-preocupacoes-com-a-qualidade-do-ar\/\"},\"wordCount\":691,\"commentCount\":0,\"publisher\":{\"@id\":\"https:\/\/sustainablereview.com\/pt-br\/#organization\"},\"image\":{\"@id\":\"https:\/\/sustainablereview.com\/pt-br\/incendios-florestais-no-canada-cobrem-a-cidade-de-nova-york-com-fumaca-insalubre-aumentando-as-preocupacoes-com-a-qualidade-do-ar\/#primaryimage\"},\"thumbnailUrl\":\"https:\/\/sustainablereview.com\/wp-content\/uploads\/2023\/06\/wildfire-.png\",\"articleSection\":[\"Not\u00edcias\"],\"inLanguage\":\"pt-BR\",\"potentialAction\":[{\"@type\":\"CommentAction\",\"name\":\"Comment\",\"target\":[\"https:\/\/sustainablereview.com\/pt-br\/incendios-florestais-no-canada-cobrem-a-cidade-de-nova-york-com-fumaca-insalubre-aumentando-as-preocupacoes-com-a-qualidade-do-ar\/#respond\"]}]},{\"@type\":\"WebPage\",\"@id\":\"https:\/\/sustainablereview.com\/pt-br\/incendios-florestais-no-canada-cobrem-a-cidade-de-nova-york-com-fumaca-insalubre-aumentando-as-preocupacoes-com-a-qualidade-do-ar\/\",\"url\":\"https:\/\/sustainablereview.com\/pt-br\/incendios-florestais-no-canada-cobrem-a-cidade-de-nova-york-com-fumaca-insalubre-aumentando-as-preocupacoes-com-a-qualidade-do-ar\/\",\"name\":\"Inc\u00eandios florestais canadenses cobrem a cidade de Nova York com fuma\u00e7a insalubre, aumentando as preocupa\u00e7\u00f5es com a qualidade do ar &#8212; Sustainable Review\",\"isPartOf\":{\"@id\":\"https:\/\/sustainablereview.com\/pt-br\/#website\"},\"primaryImageOfPage\":{\"@id\":\"https:\/\/sustainablereview.com\/pt-br\/incendios-florestais-no-canada-cobrem-a-cidade-de-nova-york-com-fumaca-insalubre-aumentando-as-preocupacoes-com-a-qualidade-do-ar\/#primaryimage\"},\"image\":{\"@id\":\"https:\/\/sustainablereview.com\/pt-br\/incendios-florestais-no-canada-cobrem-a-cidade-de-nova-york-com-fumaca-insalubre-aumentando-as-preocupacoes-com-a-qualidade-do-ar\/#primaryimage\"},\"thumbnailUrl\":\"https:\/\/sustainablereview.com\/wp-content\/uploads\/2023\/06\/wildfire-.png\",\"datePublished\":\"2023-06-09T12:53:07+00:00\",\"dateModified\":\"2024-08-10T17:02:10+00:00\",\"breadcrumb\":{\"@id\":\"https:\/\/sustainablereview.com\/pt-br\/incendios-florestais-no-canada-cobrem-a-cidade-de-nova-york-com-fumaca-insalubre-aumentando-as-preocupacoes-com-a-qualidade-do-ar\/#breadcrumb\"},\"inLanguage\":\"pt-BR\",\"potentialAction\":[{\"@type\":\"ReadAction\",\"target\":[\"https:\/\/sustainablereview.com\/pt-br\/incendios-florestais-no-canada-cobrem-a-cidade-de-nova-york-com-fumaca-insalubre-aumentando-as-preocupacoes-com-a-qualidade-do-ar\/\"]}]},{\"@type\":\"ImageObject\",\"inLanguage\":\"pt-BR\",\"@id\":\"https:\/\/sustainablereview.com\/pt-br\/incendios-florestais-no-canada-cobrem-a-cidade-de-nova-york-com-fumaca-insalubre-aumentando-as-preocupacoes-com-a-qualidade-do-ar\/#primaryimage\",\"url\":\"https:\/\/sustainablereview.com\/wp-content\/uploads\/2023\/06\/wildfire-.png\",\"contentUrl\":\"https:\/\/sustainablereview.com\/wp-content\/uploads\/2023\/06\/wildfire-.png\",\"width\":1500,\"height\":1000,\"caption\":\"wildfire smoke air quality\"},{\"@type\":\"BreadcrumbList\",\"@id\":\"https:\/\/sustainablereview.com\/pt-br\/incendios-florestais-no-canada-cobrem-a-cidade-de-nova-york-com-fumaca-insalubre-aumentando-as-preocupacoes-com-a-qualidade-do-ar\/#breadcrumb\",\"itemListElement\":[{\"@type\":\"ListItem\",\"position\":1,\"name\":\"In\u00edcio\",\"item\":\"https:\/\/sustainablereview.com\/pt-br\/inicio\/\"},{\"@type\":\"ListItem\",\"position\":2,\"name\":\"Inc\u00eandios florestais canadenses cobrem a cidade de Nova York com fuma\u00e7a insalubre, aumentando as preocupa\u00e7\u00f5es com a qualidade do ar\"}]},{\"@type\":\"WebSite\",\"@id\":\"https:\/\/sustainablereview.com\/pt-br\/#website\",\"url\":\"https:\/\/sustainablereview.com\/pt-br\/\",\"name\":\"Sustainable Review\",\"description\":\"Let us do the &#039;Green-splaining&#039;\",\"publisher\":{\"@id\":\"https:\/\/sustainablereview.com\/pt-br\/#organization\"},\"potentialAction\":[{\"@type\":\"SearchAction\",\"target\":{\"@type\":\"EntryPoint\",\"urlTemplate\":\"https:\/\/sustainablereview.com\/pt-br\/?s={search_term_string}\"},\"query-input\":\"required name=search_term_string\"}],\"inLanguage\":\"pt-BR\"},{\"@type\":\"Organization\",\"@id\":\"https:\/\/sustainablereview.com\/pt-br\/#organization\",\"name\":\"Sustainable Review\",\"url\":\"https:\/\/sustainablereview.com\/pt-br\/\",\"logo\":{\"@type\":\"ImageObject\",\"inLanguage\":\"pt-BR\",\"@id\":\"https:\/\/sustainablereview.com\/pt-br\/#\/schema\/logo\/image\/\",\"url\":\"https:\/\/sustainablereview.com\/wp-content\/uploads\/2020\/06\/static1.squarespace.png\",\"contentUrl\":\"https:\/\/sustainablereview.com\/wp-content\/uploads\/2020\/06\/static1.squarespace.png\",\"width\":800,\"height\":800,\"caption\":\"Sustainable Review\"},\"image\":{\"@id\":\"https:\/\/sustainablereview.com\/pt-br\/#\/schema\/logo\/image\/\"},\"sameAs\":[\"https:\/\/x.com\/sustainreview\"]},{\"@type\":\"Person\",\"@id\":\"https:\/\/sustainablereview.com\/pt-br\/#\/schema\/person\/f3da3ce404089cdcb3a997a73fe0ee39\",\"name\":\"Natalia Kolkowska\",\"image\":{\"@type\":\"ImageObject\",\"inLanguage\":\"pt-BR\",\"@id\":\"https:\/\/sustainablereview.com\/pt-br\/#\/schema\/person\/image\/\",\"url\":\"https:\/\/sustainablereview.com\/wp-content\/litespeed\/avatar\/4bf69f7abcb9581afd399378714db547.jpg?ver=1777479195\",\"contentUrl\":\"https:\/\/sustainablereview.com\/wp-content\/litespeed\/avatar\/4bf69f7abcb9581afd399378714db547.jpg?ver=1777479195\",\"caption\":\"Natalia Kolkowska\"},\"description\":\"Natalia is a linguist, a writer, and a huge bookworm hungry for new experiences and knowledge. She's vegan (for the planet and the animals), trying to live a sustainable lifestyle. She loves to explore new places, cultures, and customs. She's passionate about helping others grow and hopes her work will make a positive impact on the world.\",\"url\":\"https:\/\/sustainablereview.com\/pt-br\/author\/nataliak\/\"}]}<\/script>\n<!-- \/ Yoast SEO plugin. -->","yoast_head_json":{"title":"Inc\u00eandios florestais canadenses cobrem a cidade de Nova York com fuma\u00e7a insalubre, aumentando as preocupa\u00e7\u00f5es com a qualidade do ar &#8212; Sustainable Review","robots":{"index":"index","follow":"follow","max-snippet":"max-snippet:-1","max-image-preview":"max-image-preview:large","max-video-preview":"max-video-preview:-1"},"canonical":"https:\/\/sustainablereview.com\/pt-br\/incendios-florestais-no-canada-cobrem-a-cidade-de-nova-york-com-fumaca-insalubre-aumentando-as-preocupacoes-com-a-qualidade-do-ar\/","og_locale":"pt_BR","og_type":"article","og_title":"Inc\u00eandios florestais canadenses cobrem a cidade de Nova York com fuma\u00e7a insalubre, aumentando as preocupa\u00e7\u00f5es com a qualidade do ar &#8212; Sustainable Review","og_description":"A cidade de Nova York enfrentou uma qualidade de ar perigosa enquanto os inc\u00eandios florestais canadenses tomavam conta dos c\u00e9us, enfatizando o impacto da mudan\u00e7a clim\u00e1tica. A colabora\u00e7\u00e3o \u00e9 fundamental para enfrentar esses desafios e proteger a sa\u00fade p\u00fablica.","og_url":"https:\/\/sustainablereview.com\/pt-br\/incendios-florestais-no-canada-cobrem-a-cidade-de-nova-york-com-fumaca-insalubre-aumentando-as-preocupacoes-com-a-qualidade-do-ar\/","og_site_name":"Sustainable Review","article_published_time":"2023-06-09T12:53:07+00:00","article_modified_time":"2024-08-10T17:02:10+00:00","og_image":[{"width":1500,"height":1000,"url":"https:\/\/sustainablereview.com\/wp-content\/uploads\/2023\/06\/wildfire-.png","type":"image\/png"}],"author":"Natalia Kolkowska","twitter_card":"summary_large_image","twitter_creator":"@sustainreview","twitter_site":"@sustainreview","twitter_misc":{"Escrito por":"Natalia Kolkowska","Est. tempo de leitura":"3 minutos"},"schema":{"@context":"https:\/\/schema.org","@graph":[{"@type":"Article","@id":"https:\/\/sustainablereview.com\/pt-br\/incendios-florestais-no-canada-cobrem-a-cidade-de-nova-york-com-fumaca-insalubre-aumentando-as-preocupacoes-com-a-qualidade-do-ar\/#article","isPartOf":{"@id":"https:\/\/sustainablereview.com\/pt-br\/incendios-florestais-no-canada-cobrem-a-cidade-de-nova-york-com-fumaca-insalubre-aumentando-as-preocupacoes-com-a-qualidade-do-ar\/"},"author":{"name":"Natalia Kolkowska","@id":"https:\/\/sustainablereview.com\/pt-br\/#\/schema\/person\/f3da3ce404089cdcb3a997a73fe0ee39"},"headline":"Inc\u00eandios florestais canadenses cobrem a cidade de Nova York com fuma\u00e7a insalubre, aumentando as preocupa\u00e7\u00f5es com a qualidade do ar","datePublished":"2023-06-09T12:53:07+00:00","dateModified":"2024-08-10T17:02:10+00:00","mainEntityOfPage":{"@id":"https:\/\/sustainablereview.com\/pt-br\/incendios-florestais-no-canada-cobrem-a-cidade-de-nova-york-com-fumaca-insalubre-aumentando-as-preocupacoes-com-a-qualidade-do-ar\/"},"wordCount":691,"commentCount":0,"publisher":{"@id":"https:\/\/sustainablereview.com\/pt-br\/#organization"},"image":{"@id":"https:\/\/sustainablereview.com\/pt-br\/incendios-florestais-no-canada-cobrem-a-cidade-de-nova-york-com-fumaca-insalubre-aumentando-as-preocupacoes-com-a-qualidade-do-ar\/#primaryimage"},"thumbnailUrl":"https:\/\/sustainablereview.com\/wp-content\/uploads\/2023\/06\/wildfire-.png","articleSection":["Not\u00edcias"],"inLanguage":"pt-BR","potentialAction":[{"@type":"CommentAction","name":"Comment","target":["https:\/\/sustainablereview.com\/pt-br\/incendios-florestais-no-canada-cobrem-a-cidade-de-nova-york-com-fumaca-insalubre-aumentando-as-preocupacoes-com-a-qualidade-do-ar\/#respond"]}]},{"@type":"WebPage","@id":"https:\/\/sustainablereview.com\/pt-br\/incendios-florestais-no-canada-cobrem-a-cidade-de-nova-york-com-fumaca-insalubre-aumentando-as-preocupacoes-com-a-qualidade-do-ar\/","url":"https:\/\/sustainablereview.com\/pt-br\/incendios-florestais-no-canada-cobrem-a-cidade-de-nova-york-com-fumaca-insalubre-aumentando-as-preocupacoes-com-a-qualidade-do-ar\/","name":"Inc\u00eandios florestais canadenses cobrem a cidade de Nova York com fuma\u00e7a insalubre, aumentando as preocupa\u00e7\u00f5es com a qualidade do ar &#8212; Sustainable Review","isPartOf":{"@id":"https:\/\/sustainablereview.com\/pt-br\/#website"},"primaryImageOfPage":{"@id":"https:\/\/sustainablereview.com\/pt-br\/incendios-florestais-no-canada-cobrem-a-cidade-de-nova-york-com-fumaca-insalubre-aumentando-as-preocupacoes-com-a-qualidade-do-ar\/#primaryimage"},"image":{"@id":"https:\/\/sustainablereview.com\/pt-br\/incendios-florestais-no-canada-cobrem-a-cidade-de-nova-york-com-fumaca-insalubre-aumentando-as-preocupacoes-com-a-qualidade-do-ar\/#primaryimage"},"thumbnailUrl":"https:\/\/sustainablereview.com\/wp-content\/uploads\/2023\/06\/wildfire-.png","datePublished":"2023-06-09T12:53:07+00:00","dateModified":"2024-08-10T17:02:10+00:00","breadcrumb":{"@id":"https:\/\/sustainablereview.com\/pt-br\/incendios-florestais-no-canada-cobrem-a-cidade-de-nova-york-com-fumaca-insalubre-aumentando-as-preocupacoes-com-a-qualidade-do-ar\/#breadcrumb"},"inLanguage":"pt-BR","potentialAction":[{"@type":"ReadAction","target":["https:\/\/sustainablereview.com\/pt-br\/incendios-florestais-no-canada-cobrem-a-cidade-de-nova-york-com-fumaca-insalubre-aumentando-as-preocupacoes-com-a-qualidade-do-ar\/"]}]},{"@type":"ImageObject","inLanguage":"pt-BR","@id":"https:\/\/sustainablereview.com\/pt-br\/incendios-florestais-no-canada-cobrem-a-cidade-de-nova-york-com-fumaca-insalubre-aumentando-as-preocupacoes-com-a-qualidade-do-ar\/#primaryimage","url":"https:\/\/sustainablereview.com\/wp-content\/uploads\/2023\/06\/wildfire-.png","contentUrl":"https:\/\/sustainablereview.com\/wp-content\/uploads\/2023\/06\/wildfire-.png","width":1500,"height":1000,"caption":"wildfire smoke air quality"},{"@type":"BreadcrumbList","@id":"https:\/\/sustainablereview.com\/pt-br\/incendios-florestais-no-canada-cobrem-a-cidade-de-nova-york-com-fumaca-insalubre-aumentando-as-preocupacoes-com-a-qualidade-do-ar\/#breadcrumb","itemListElement":[{"@type":"ListItem","position":1,"name":"In\u00edcio","item":"https:\/\/sustainablereview.com\/pt-br\/inicio\/"},{"@type":"ListItem","position":2,"name":"Inc\u00eandios florestais canadenses cobrem a cidade de Nova York com fuma\u00e7a insalubre, aumentando as preocupa\u00e7\u00f5es com a qualidade do ar"}]},{"@type":"WebSite","@id":"https:\/\/sustainablereview.com\/pt-br\/#website","url":"https:\/\/sustainablereview.com\/pt-br\/","name":"Sustainable Review","description":"Let us do the &#039;Green-splaining&#039;","publisher":{"@id":"https:\/\/sustainablereview.com\/pt-br\/#organization"},"potentialAction":[{"@type":"SearchAction","target":{"@type":"EntryPoint","urlTemplate":"https:\/\/sustainablereview.com\/pt-br\/?s={search_term_string}"},"query-input":"required name=search_term_string"}],"inLanguage":"pt-BR"},{"@type":"Organization","@id":"https:\/\/sustainablereview.com\/pt-br\/#organization","name":"Sustainable Review","url":"https:\/\/sustainablereview.com\/pt-br\/","logo":{"@type":"ImageObject","inLanguage":"pt-BR","@id":"https:\/\/sustainablereview.com\/pt-br\/#\/schema\/logo\/image\/","url":"https:\/\/sustainablereview.com\/wp-content\/uploads\/2020\/06\/static1.squarespace.png","contentUrl":"https:\/\/sustainablereview.com\/wp-content\/uploads\/2020\/06\/static1.squarespace.png","width":800,"height":800,"caption":"Sustainable Review"},"image":{"@id":"https:\/\/sustainablereview.com\/pt-br\/#\/schema\/logo\/image\/"},"sameAs":["https:\/\/x.com\/sustainreview"]},{"@type":"Person","@id":"https:\/\/sustainablereview.com\/pt-br\/#\/schema\/person\/f3da3ce404089cdcb3a997a73fe0ee39","name":"Natalia Kolkowska","image":{"@type":"ImageObject","inLanguage":"pt-BR","@id":"https:\/\/sustainablereview.com\/pt-br\/#\/schema\/person\/image\/","url":"https:\/\/sustainablereview.com\/wp-content\/litespeed\/avatar\/4bf69f7abcb9581afd399378714db547.jpg?ver=1777479195","contentUrl":"https:\/\/sustainablereview.com\/wp-content\/litespeed\/avatar\/4bf69f7abcb9581afd399378714db547.jpg?ver=1777479195","caption":"Natalia Kolkowska"},"description":"Natalia is a linguist, a writer, and a huge bookworm hungry for new experiences and knowledge. She's vegan (for the planet and the animals), trying to live a sustainable lifestyle. She loves to explore new places, cultures, and customs. She's passionate about helping others grow and hopes her work will make a positive impact on the world.","url":"https:\/\/sustainablereview.com\/pt-br\/author\/nataliak\/"}]}},"wpml_translations":{"en":"24602","pl":"60592","pt-br":"39287"},"_links":{"self":[{"href":"https:\/\/sustainablereview.com\/pt-br\/wp-json\/wp\/v2\/posts\/39287"}],"collection":[{"href":"https:\/\/sustainablereview.com\/pt-br\/wp-json\/wp\/v2\/posts"}],"about":[{"href":"https:\/\/sustainablereview.com\/pt-br\/wp-json\/wp\/v2\/types\/post"}],"author":[{"embeddable":true,"href":"https:\/\/sustainablereview.com\/pt-br\/wp-json\/wp\/v2\/users\/1503"}],"replies":[{"embeddable":true,"href":"https:\/\/sustainablereview.com\/pt-br\/wp-json\/wp\/v2\/comments?post=39287"}],"version-history":[{"count":1,"href":"https:\/\/sustainablereview.com\/pt-br\/wp-json\/wp\/v2\/posts\/39287\/revisions"}],"predecessor-version":[{"id":39799,"href":"https:\/\/sustainablereview.com\/pt-br\/wp-json\/wp\/v2\/posts\/39287\/revisions\/39799"}],"wp:featuredmedia":[{"embeddable":true,"href":"https:\/\/sustainablereview.com\/pt-br\/wp-json\/wp\/v2\/media\/24605"}],"wp:attachment":[{"href":"https:\/\/sustainablereview.com\/pt-br\/wp-json\/wp\/v2\/media?parent=39287"}],"wp:term":[{"taxonomy":"category","embeddable":true,"href":"https:\/\/sustainablereview.com\/pt-br\/wp-json\/wp\/v2\/categories?post=39287"},{"taxonomy":"post_tag","embeddable":true,"href":"https:\/\/sustainablereview.com\/pt-br\/wp-json\/wp\/v2\/tags?post=39287"}],"curies":[{"name":"wp","href":"https:\/\/api.w.org\/{rel}","templated":true}]}}