{"id":39292,"date":"2023-06-01T04:15:51","date_gmt":"2023-06-01T08:15:51","guid":{"rendered":"https:\/\/sustainablereview.com\/?p=39292"},"modified":"2024-08-10T13:02:24","modified_gmt":"2024-08-10T17:02:24","slug":"mclaren-pede-que-a-formula-1-adote-a-sustentabilidade-com-mudancas-no-limite-de-custos","status":"publish","type":"post","link":"https:\/\/sustainablereview.com\/pt-br\/mclaren-pede-que-a-formula-1-adote-a-sustentabilidade-com-mudancas-no-limite-de-custos\/","title":{"rendered":"McLaren pede que a F\u00f3rmula 1 adote a sustentabilidade com mudan\u00e7as no limite de custos"},"content":{"rendered":"\n<p>McLaren pede modifica\u00e7\u00f5es nas regras para promover a responsabilidade ambiental na F1<\/p>\n\n\n\n<p>A McLaren, uma das principais equipes da F\u00f3rmula 1, assumiu uma postura proativa na defesa da sustentabilidade e da responsabilidade financeira no esporte.<\/p>\n\n\n\n<p>O CEO da equipe, Zak Brown, apresentou recentemente um caso convincente de modifica\u00e7\u00e3o dos regulamentos existentes para promover um futuro mais ecol\u00f3gico e financeiramente sustent\u00e1vel para a F\u00f3rmula 1.<\/p>\n\n\n\n<p>Brown acredita que, com a remo\u00e7\u00e3o de certas barreiras e a introdu\u00e7\u00e3o de mudan\u00e7as no limite de custos, a F\u00f3rmula 1 pode se tornar pioneira na promo\u00e7\u00e3o da <a href=\"https:\/\/sustainablereview.com\/pt-br\/sustentabilidade-101-termos-e-definicoes\/\">sustentabilidade<\/a> e, ao mesmo tempo, manter sua vantagem competitiva.<\/p>\n\n\n\n<h2 class=\"wp-block-heading\">Uma mudan\u00e7a em dire\u00e7\u00e3o \u00e0 responsabilidade ambiental<\/h2>\n\n\n\n<p>Em sua proposta, a McLaren enfatiza a necessidade de <a href=\"https:\/\/www.formula1.com\/en\/latest\/article.formula-1-committed-to-delivering-positive-lasting-change-on-sustainability.sam71bzRTMZEabE8icbh1.html\">a F\u00f3rmula 1 adotar a responsabilidade ambiental<\/a>. A equipe sugere que as pr\u00e1ticas sustent\u00e1veis devem ser um tema central em todos os aspectos do esporte, incluindo fabrica\u00e7\u00e3o, log\u00edstica e opera\u00e7\u00f5es.<\/p>\n\n\n\n<p>Ao incentivar o uso de fontes de energia renov\u00e1veis, promover iniciativas de compensa\u00e7\u00e3o de carbono e reduzir a produ\u00e7\u00e3o de res\u00edduos, a F\u00f3rmula 1 pode reduzir significativamente sua pegada de carbono e contribuir para a luta global contra as mudan\u00e7as clim\u00e1ticas.<\/p>\n\n\n\n<h2 class=\"wp-block-heading\">Remo\u00e7\u00e3o de regras para impulsionar a sustentabilidade<\/h2>\n\n\n\n<p>A McLaren tamb\u00e9m pede a remo\u00e7\u00e3o de certas regras que impedem o progresso em dire\u00e7\u00e3o \u00e0 sustentabilidade. Uma das principais \u00e1reas de foco \u00e9 o uso de pe\u00e7as padronizadas, o que poderia ajudar a reduzir os custos e o impacto ambiental, minimizando a necessidade de excesso de fabrica\u00e7\u00e3o.<\/p>\n\n\n\n<p>Al\u00e9m disso, a McLaren defende regulamenta\u00e7\u00f5es simplificadas que permitam \u00e0s equipes explorar tecnologias alternativas de trem de for\u00e7a, como sistemas el\u00e9tricos ou h\u00edbridos, sem comprometer a seguran\u00e7a ou o desempenho.<\/p>\n\n\n\n<h2 class=\"wp-block-heading\">Sustentabilidade financeira e mudan\u00e7as no limite de custos<\/h2>\n\n\n\n<p>Em linha com sua agenda de sustentabilidade, a McLaren prop\u00f5e modifica\u00e7\u00f5es nos regulamentos de limite de custo da F\u00f3rmula 1.<\/p>\n\n\n\n<p>A equipe argumenta que, ao reduzir ainda mais o limite de gastos, as equipes ser\u00e3o incentivadas a operar dentro de suas possibilidades, promovendo um ambiente financeiramente mais sustent\u00e1vel.<\/p>\n\n\n\n<p>Brown acredita que um limite de custo mais r\u00edgido nivelaria o campo de jogo, permitindo que equipes menores permane\u00e7am competitivas e atraiam novos investidores, al\u00e9m de reduzir a carga financeira geral do esporte.<\/p>\n\n\n\n<h2 class=\"wp-block-heading\">Apoio de todo o setor e perspectivas futuras<\/h2>\n\n\n\n<p>O apelo da McLaren por sustentabilidade recebeu amplo apoio de dentro e de fora do esporte.<\/p>\n\n\n\n<p>V\u00e1rias outras equipes expressaram sua vontade de explorar as mudan\u00e7as propostas, reconhecendo a import\u00e2ncia da responsabilidade ambiental e da estabilidade financeira.<\/p>\n\n\n\n<p>Se a F\u00f3rmula 1 adotar essas modifica\u00e7\u00f5es, poder\u00e1 estabelecer um novo padr\u00e3o para o automobilismo e inspirar outros setores a seguir o exemplo.<\/p>\n\n\n\n<p>Com o crescente foco global na <a href=\"https:\/\/sustainablereview.com\/pt-br\/as-melhores-licoes-de-sustentabilidade-do-japao\/\">sustentabilidade<\/a>, a F\u00f3rmula 1 tem a oportunidade de liderar o caminho adotando as propostas da McLaren e defendendo pr\u00e1ticas ecologicamente corretas.<\/p>\n\n\n\n<p>Os \u00f3rg\u00e3os dirigentes e as partes interessadas do esporte precisar\u00e3o considerar cuidadosamente os poss\u00edveis benef\u00edcios e desafios da implementa\u00e7\u00e3o dessas mudan\u00e7as.<\/p>\n\n\n\n<p>Ao priorizar a sustentabilidade e a responsabilidade financeira, a F\u00f3rmula 1 pode se posicionar como um modelo para o futuro, atraindo novos f\u00e3s, patrocinadores e parceiros que compartilham esses valores.<\/p>\n","protected":false},"excerpt":{"rendered":"<p><!-- wp:paragraph --><\/p>\n<p>A McLaren pede que a F\u00f3rmula 1 priorize a sustentabilidade, remova barreiras e modifique os limites de custo para reduzir a pegada de carbono e promover a sustentabilidade financeira.<\/p>\n<p><!-- \/wp:paragraph --><\/p>\n","protected":false},"author":1503,"featured_media":24385,"comment_status":"open","ping_status":"open","sticky":false,"template":"","format":"standard","meta":{"_acf_changed":false,"_monsterinsights_skip_tracking":false,"_monsterinsights_sitenote_active":false,"_monsterinsights_sitenote_note":"","_monsterinsights_sitenote_category":0,"footnotes":""},"categories":[3095],"tags":[],"acf":[],"yoast_head":"<!-- This site is optimized with the Yoast SEO plugin v23.2 - https:\/\/yoast.com\/wordpress\/plugins\/seo\/ -->\n<title>McLaren pede que a F\u00f3rmula 1 adote a sustentabilidade com mudan\u00e7as no limite de custos &#8212; Sustainable Review<\/title>\n<meta name=\"robots\" content=\"index, follow, max-snippet:-1, max-image-preview:large, max-video-preview:-1\" \/>\n<link rel=\"canonical\" href=\"https:\/\/sustainablereview.com\/pt-br\/mclaren-pede-que-a-formula-1-adote-a-sustentabilidade-com-mudancas-no-limite-de-custos\/\" \/>\n<meta property=\"og:locale\" content=\"pt_BR\" \/>\n<meta property=\"og:type\" content=\"article\" \/>\n<meta property=\"og:title\" content=\"McLaren pede que a F\u00f3rmula 1 adote a sustentabilidade com mudan\u00e7as no limite de custos &#8212; Sustainable Review\" \/>\n<meta property=\"og:description\" content=\"A McLaren pede que a F\u00f3rmula 1 priorize a sustentabilidade, remova barreiras e modifique os limites de custo para reduzir a pegada de carbono e promover a sustentabilidade financeira.\" \/>\n<meta property=\"og:url\" content=\"https:\/\/sustainablereview.com\/pt-br\/mclaren-pede-que-a-formula-1-adote-a-sustentabilidade-com-mudancas-no-limite-de-custos\/\" \/>\n<meta property=\"og:site_name\" content=\"Sustainable Review\" \/>\n<meta property=\"article:published_time\" content=\"2023-06-01T08:15:51+00:00\" \/>\n<meta property=\"article:modified_time\" content=\"2024-08-10T17:02:24+00:00\" \/>\n<meta property=\"og:image\" content=\"https:\/\/sustainablereview.com\/wp-content\/uploads\/2023\/06\/hIaOPjYCEj4-.jpg\" \/>\n\t<meta property=\"og:image:width\" content=\"1920\" \/>\n\t<meta property=\"og:image:height\" content=\"1124\" \/>\n\t<meta property=\"og:image:type\" content=\"image\/jpeg\" \/>\n<meta name=\"author\" content=\"Natalia Kolkowska\" \/>\n<meta name=\"twitter:card\" content=\"summary_large_image\" \/>\n<meta name=\"twitter:creator\" content=\"@sustainreview\" \/>\n<meta name=\"twitter:site\" content=\"@sustainreview\" \/>\n<meta name=\"twitter:label1\" content=\"Escrito por\" \/>\n\t<meta name=\"twitter:data1\" content=\"Natalia Kolkowska\" \/>\n\t<meta name=\"twitter:label2\" content=\"Est. tempo de leitura\" \/>\n\t<meta name=\"twitter:data2\" content=\"3 minutos\" \/>\n<script type=\"application\/ld+json\" class=\"yoast-schema-graph\">{\"@context\":\"https:\/\/schema.org\",\"@graph\":[{\"@type\":\"Article\",\"@id\":\"https:\/\/sustainablereview.com\/pt-br\/mclaren-pede-que-a-formula-1-adote-a-sustentabilidade-com-mudancas-no-limite-de-custos\/#article\",\"isPartOf\":{\"@id\":\"https:\/\/sustainablereview.com\/pt-br\/mclaren-pede-que-a-formula-1-adote-a-sustentabilidade-com-mudancas-no-limite-de-custos\/\"},\"author\":{\"name\":\"Natalia Kolkowska\",\"@id\":\"https:\/\/sustainablereview.com\/pt-br\/#\/schema\/person\/f3da3ce404089cdcb3a997a73fe0ee39\"},\"headline\":\"McLaren pede que a F\u00f3rmula 1 adote a sustentabilidade com mudan\u00e7as no limite de custos\",\"datePublished\":\"2023-06-01T08:15:51+00:00\",\"dateModified\":\"2024-08-10T17:02:24+00:00\",\"mainEntityOfPage\":{\"@id\":\"https:\/\/sustainablereview.com\/pt-br\/mclaren-pede-que-a-formula-1-adote-a-sustentabilidade-com-mudancas-no-limite-de-custos\/\"},\"wordCount\":575,\"commentCount\":0,\"publisher\":{\"@id\":\"https:\/\/sustainablereview.com\/pt-br\/#organization\"},\"image\":{\"@id\":\"https:\/\/sustainablereview.com\/pt-br\/mclaren-pede-que-a-formula-1-adote-a-sustentabilidade-com-mudancas-no-limite-de-custos\/#primaryimage\"},\"thumbnailUrl\":\"https:\/\/sustainablereview.com\/wp-content\/uploads\/2023\/06\/hIaOPjYCEj4-.jpg\",\"articleSection\":[\"Not\u00edcias\"],\"inLanguage\":\"pt-BR\",\"potentialAction\":[{\"@type\":\"CommentAction\",\"name\":\"Comment\",\"target\":[\"https:\/\/sustainablereview.com\/pt-br\/mclaren-pede-que-a-formula-1-adote-a-sustentabilidade-com-mudancas-no-limite-de-custos\/#respond\"]}]},{\"@type\":\"WebPage\",\"@id\":\"https:\/\/sustainablereview.com\/pt-br\/mclaren-pede-que-a-formula-1-adote-a-sustentabilidade-com-mudancas-no-limite-de-custos\/\",\"url\":\"https:\/\/sustainablereview.com\/pt-br\/mclaren-pede-que-a-formula-1-adote-a-sustentabilidade-com-mudancas-no-limite-de-custos\/\",\"name\":\"McLaren pede que a F\u00f3rmula 1 adote a sustentabilidade com mudan\u00e7as no limite de custos &#8212; Sustainable Review\",\"isPartOf\":{\"@id\":\"https:\/\/sustainablereview.com\/pt-br\/#website\"},\"primaryImageOfPage\":{\"@id\":\"https:\/\/sustainablereview.com\/pt-br\/mclaren-pede-que-a-formula-1-adote-a-sustentabilidade-com-mudancas-no-limite-de-custos\/#primaryimage\"},\"image\":{\"@id\":\"https:\/\/sustainablereview.com\/pt-br\/mclaren-pede-que-a-formula-1-adote-a-sustentabilidade-com-mudancas-no-limite-de-custos\/#primaryimage\"},\"thumbnailUrl\":\"https:\/\/sustainablereview.com\/wp-content\/uploads\/2023\/06\/hIaOPjYCEj4-.jpg\",\"datePublished\":\"2023-06-01T08:15:51+00:00\",\"dateModified\":\"2024-08-10T17:02:24+00:00\",\"breadcrumb\":{\"@id\":\"https:\/\/sustainablereview.com\/pt-br\/mclaren-pede-que-a-formula-1-adote-a-sustentabilidade-com-mudancas-no-limite-de-custos\/#breadcrumb\"},\"inLanguage\":\"pt-BR\",\"potentialAction\":[{\"@type\":\"ReadAction\",\"target\":[\"https:\/\/sustainablereview.com\/pt-br\/mclaren-pede-que-a-formula-1-adote-a-sustentabilidade-com-mudancas-no-limite-de-custos\/\"]}]},{\"@type\":\"ImageObject\",\"inLanguage\":\"pt-BR\",\"@id\":\"https:\/\/sustainablereview.com\/pt-br\/mclaren-pede-que-a-formula-1-adote-a-sustentabilidade-com-mudancas-no-limite-de-custos\/#primaryimage\",\"url\":\"https:\/\/sustainablereview.com\/wp-content\/uploads\/2023\/06\/hIaOPjYCEj4-.jpg\",\"contentUrl\":\"https:\/\/sustainablereview.com\/wp-content\/uploads\/2023\/06\/hIaOPjYCEj4-.jpg\",\"width\":1920,\"height\":1124,\"caption\":\"white and red f 1 car on road\"},{\"@type\":\"BreadcrumbList\",\"@id\":\"https:\/\/sustainablereview.com\/pt-br\/mclaren-pede-que-a-formula-1-adote-a-sustentabilidade-com-mudancas-no-limite-de-custos\/#breadcrumb\",\"itemListElement\":[{\"@type\":\"ListItem\",\"position\":1,\"name\":\"In\u00edcio\",\"item\":\"https:\/\/sustainablereview.com\/pt-br\/inicio\/\"},{\"@type\":\"ListItem\",\"position\":2,\"name\":\"McLaren pede que a F\u00f3rmula 1 adote a sustentabilidade com mudan\u00e7as no limite de custos\"}]},{\"@type\":\"WebSite\",\"@id\":\"https:\/\/sustainablereview.com\/pt-br\/#website\",\"url\":\"https:\/\/sustainablereview.com\/pt-br\/\",\"name\":\"Sustainable Review\",\"description\":\"Let us do the &#039;Green-splaining&#039;\",\"publisher\":{\"@id\":\"https:\/\/sustainablereview.com\/pt-br\/#organization\"},\"potentialAction\":[{\"@type\":\"SearchAction\",\"target\":{\"@type\":\"EntryPoint\",\"urlTemplate\":\"https:\/\/sustainablereview.com\/pt-br\/?s={search_term_string}\"},\"query-input\":\"required name=search_term_string\"}],\"inLanguage\":\"pt-BR\"},{\"@type\":\"Organization\",\"@id\":\"https:\/\/sustainablereview.com\/pt-br\/#organization\",\"name\":\"Sustainable Review\",\"url\":\"https:\/\/sustainablereview.com\/pt-br\/\",\"logo\":{\"@type\":\"ImageObject\",\"inLanguage\":\"pt-BR\",\"@id\":\"https:\/\/sustainablereview.com\/pt-br\/#\/schema\/logo\/image\/\",\"url\":\"https:\/\/sustainablereview.com\/wp-content\/uploads\/2020\/06\/static1.squarespace.png\",\"contentUrl\":\"https:\/\/sustainablereview.com\/wp-content\/uploads\/2020\/06\/static1.squarespace.png\",\"width\":800,\"height\":800,\"caption\":\"Sustainable Review\"},\"image\":{\"@id\":\"https:\/\/sustainablereview.com\/pt-br\/#\/schema\/logo\/image\/\"},\"sameAs\":[\"https:\/\/x.com\/sustainreview\"]},{\"@type\":\"Person\",\"@id\":\"https:\/\/sustainablereview.com\/pt-br\/#\/schema\/person\/f3da3ce404089cdcb3a997a73fe0ee39\",\"name\":\"Natalia Kolkowska\",\"image\":{\"@type\":\"ImageObject\",\"inLanguage\":\"pt-BR\",\"@id\":\"https:\/\/sustainablereview.com\/pt-br\/#\/schema\/person\/image\/\",\"url\":\"https:\/\/sustainablereview.com\/wp-content\/litespeed\/avatar\/4bf69f7abcb9581afd399378714db547.jpg?ver=1777479195\",\"contentUrl\":\"https:\/\/sustainablereview.com\/wp-content\/litespeed\/avatar\/4bf69f7abcb9581afd399378714db547.jpg?ver=1777479195\",\"caption\":\"Natalia Kolkowska\"},\"description\":\"Natalia is a linguist, a writer, and a huge bookworm hungry for new experiences and knowledge. She's vegan (for the planet and the animals), trying to live a sustainable lifestyle. She loves to explore new places, cultures, and customs. She's passionate about helping others grow and hopes her work will make a positive impact on the world.\",\"url\":\"https:\/\/sustainablereview.com\/pt-br\/author\/nataliak\/\"}]}<\/script>\n<!-- \/ Yoast SEO plugin. -->","yoast_head_json":{"title":"McLaren pede que a F\u00f3rmula 1 adote a sustentabilidade com mudan\u00e7as no limite de custos &#8212; Sustainable Review","robots":{"index":"index","follow":"follow","max-snippet":"max-snippet:-1","max-image-preview":"max-image-preview:large","max-video-preview":"max-video-preview:-1"},"canonical":"https:\/\/sustainablereview.com\/pt-br\/mclaren-pede-que-a-formula-1-adote-a-sustentabilidade-com-mudancas-no-limite-de-custos\/","og_locale":"pt_BR","og_type":"article","og_title":"McLaren pede que a F\u00f3rmula 1 adote a sustentabilidade com mudan\u00e7as no limite de custos &#8212; Sustainable Review","og_description":"A McLaren pede que a F\u00f3rmula 1 priorize a sustentabilidade, remova barreiras e modifique os limites de custo para reduzir a pegada de carbono e promover a sustentabilidade financeira.","og_url":"https:\/\/sustainablereview.com\/pt-br\/mclaren-pede-que-a-formula-1-adote-a-sustentabilidade-com-mudancas-no-limite-de-custos\/","og_site_name":"Sustainable Review","article_published_time":"2023-06-01T08:15:51+00:00","article_modified_time":"2024-08-10T17:02:24+00:00","og_image":[{"width":1920,"height":1124,"url":"https:\/\/sustainablereview.com\/wp-content\/uploads\/2023\/06\/hIaOPjYCEj4-.jpg","type":"image\/jpeg"}],"author":"Natalia Kolkowska","twitter_card":"summary_large_image","twitter_creator":"@sustainreview","twitter_site":"@sustainreview","twitter_misc":{"Escrito por":"Natalia Kolkowska","Est. tempo de leitura":"3 minutos"},"schema":{"@context":"https:\/\/schema.org","@graph":[{"@type":"Article","@id":"https:\/\/sustainablereview.com\/pt-br\/mclaren-pede-que-a-formula-1-adote-a-sustentabilidade-com-mudancas-no-limite-de-custos\/#article","isPartOf":{"@id":"https:\/\/sustainablereview.com\/pt-br\/mclaren-pede-que-a-formula-1-adote-a-sustentabilidade-com-mudancas-no-limite-de-custos\/"},"author":{"name":"Natalia Kolkowska","@id":"https:\/\/sustainablereview.com\/pt-br\/#\/schema\/person\/f3da3ce404089cdcb3a997a73fe0ee39"},"headline":"McLaren pede que a F\u00f3rmula 1 adote a sustentabilidade com mudan\u00e7as no limite de custos","datePublished":"2023-06-01T08:15:51+00:00","dateModified":"2024-08-10T17:02:24+00:00","mainEntityOfPage":{"@id":"https:\/\/sustainablereview.com\/pt-br\/mclaren-pede-que-a-formula-1-adote-a-sustentabilidade-com-mudancas-no-limite-de-custos\/"},"wordCount":575,"commentCount":0,"publisher":{"@id":"https:\/\/sustainablereview.com\/pt-br\/#organization"},"image":{"@id":"https:\/\/sustainablereview.com\/pt-br\/mclaren-pede-que-a-formula-1-adote-a-sustentabilidade-com-mudancas-no-limite-de-custos\/#primaryimage"},"thumbnailUrl":"https:\/\/sustainablereview.com\/wp-content\/uploads\/2023\/06\/hIaOPjYCEj4-.jpg","articleSection":["Not\u00edcias"],"inLanguage":"pt-BR","potentialAction":[{"@type":"CommentAction","name":"Comment","target":["https:\/\/sustainablereview.com\/pt-br\/mclaren-pede-que-a-formula-1-adote-a-sustentabilidade-com-mudancas-no-limite-de-custos\/#respond"]}]},{"@type":"WebPage","@id":"https:\/\/sustainablereview.com\/pt-br\/mclaren-pede-que-a-formula-1-adote-a-sustentabilidade-com-mudancas-no-limite-de-custos\/","url":"https:\/\/sustainablereview.com\/pt-br\/mclaren-pede-que-a-formula-1-adote-a-sustentabilidade-com-mudancas-no-limite-de-custos\/","name":"McLaren pede que a F\u00f3rmula 1 adote a sustentabilidade com mudan\u00e7as no limite de custos &#8212; Sustainable Review","isPartOf":{"@id":"https:\/\/sustainablereview.com\/pt-br\/#website"},"primaryImageOfPage":{"@id":"https:\/\/sustainablereview.com\/pt-br\/mclaren-pede-que-a-formula-1-adote-a-sustentabilidade-com-mudancas-no-limite-de-custos\/#primaryimage"},"image":{"@id":"https:\/\/sustainablereview.com\/pt-br\/mclaren-pede-que-a-formula-1-adote-a-sustentabilidade-com-mudancas-no-limite-de-custos\/#primaryimage"},"thumbnailUrl":"https:\/\/sustainablereview.com\/wp-content\/uploads\/2023\/06\/hIaOPjYCEj4-.jpg","datePublished":"2023-06-01T08:15:51+00:00","dateModified":"2024-08-10T17:02:24+00:00","breadcrumb":{"@id":"https:\/\/sustainablereview.com\/pt-br\/mclaren-pede-que-a-formula-1-adote-a-sustentabilidade-com-mudancas-no-limite-de-custos\/#breadcrumb"},"inLanguage":"pt-BR","potentialAction":[{"@type":"ReadAction","target":["https:\/\/sustainablereview.com\/pt-br\/mclaren-pede-que-a-formula-1-adote-a-sustentabilidade-com-mudancas-no-limite-de-custos\/"]}]},{"@type":"ImageObject","inLanguage":"pt-BR","@id":"https:\/\/sustainablereview.com\/pt-br\/mclaren-pede-que-a-formula-1-adote-a-sustentabilidade-com-mudancas-no-limite-de-custos\/#primaryimage","url":"https:\/\/sustainablereview.com\/wp-content\/uploads\/2023\/06\/hIaOPjYCEj4-.jpg","contentUrl":"https:\/\/sustainablereview.com\/wp-content\/uploads\/2023\/06\/hIaOPjYCEj4-.jpg","width":1920,"height":1124,"caption":"white and red f 1 car on road"},{"@type":"BreadcrumbList","@id":"https:\/\/sustainablereview.com\/pt-br\/mclaren-pede-que-a-formula-1-adote-a-sustentabilidade-com-mudancas-no-limite-de-custos\/#breadcrumb","itemListElement":[{"@type":"ListItem","position":1,"name":"In\u00edcio","item":"https:\/\/sustainablereview.com\/pt-br\/inicio\/"},{"@type":"ListItem","position":2,"name":"McLaren pede que a F\u00f3rmula 1 adote a sustentabilidade com mudan\u00e7as no limite de custos"}]},{"@type":"WebSite","@id":"https:\/\/sustainablereview.com\/pt-br\/#website","url":"https:\/\/sustainablereview.com\/pt-br\/","name":"Sustainable Review","description":"Let us do the &#039;Green-splaining&#039;","publisher":{"@id":"https:\/\/sustainablereview.com\/pt-br\/#organization"},"potentialAction":[{"@type":"SearchAction","target":{"@type":"EntryPoint","urlTemplate":"https:\/\/sustainablereview.com\/pt-br\/?s={search_term_string}"},"query-input":"required name=search_term_string"}],"inLanguage":"pt-BR"},{"@type":"Organization","@id":"https:\/\/sustainablereview.com\/pt-br\/#organization","name":"Sustainable Review","url":"https:\/\/sustainablereview.com\/pt-br\/","logo":{"@type":"ImageObject","inLanguage":"pt-BR","@id":"https:\/\/sustainablereview.com\/pt-br\/#\/schema\/logo\/image\/","url":"https:\/\/sustainablereview.com\/wp-content\/uploads\/2020\/06\/static1.squarespace.png","contentUrl":"https:\/\/sustainablereview.com\/wp-content\/uploads\/2020\/06\/static1.squarespace.png","width":800,"height":800,"caption":"Sustainable Review"},"image":{"@id":"https:\/\/sustainablereview.com\/pt-br\/#\/schema\/logo\/image\/"},"sameAs":["https:\/\/x.com\/sustainreview"]},{"@type":"Person","@id":"https:\/\/sustainablereview.com\/pt-br\/#\/schema\/person\/f3da3ce404089cdcb3a997a73fe0ee39","name":"Natalia Kolkowska","image":{"@type":"ImageObject","inLanguage":"pt-BR","@id":"https:\/\/sustainablereview.com\/pt-br\/#\/schema\/person\/image\/","url":"https:\/\/sustainablereview.com\/wp-content\/litespeed\/avatar\/4bf69f7abcb9581afd399378714db547.jpg?ver=1777479195","contentUrl":"https:\/\/sustainablereview.com\/wp-content\/litespeed\/avatar\/4bf69f7abcb9581afd399378714db547.jpg?ver=1777479195","caption":"Natalia Kolkowska"},"description":"Natalia is a linguist, a writer, and a huge bookworm hungry for new experiences and knowledge. She's vegan (for the planet and the animals), trying to live a sustainable lifestyle. She loves to explore new places, cultures, and customs. She's passionate about helping others grow and hopes her work will make a positive impact on the world.","url":"https:\/\/sustainablereview.com\/pt-br\/author\/nataliak\/"}]}},"wpml_translations":{"en":"24383","pl":"60597","pt-br":"39292"},"_links":{"self":[{"href":"https:\/\/sustainablereview.com\/pt-br\/wp-json\/wp\/v2\/posts\/39292"}],"collection":[{"href":"https:\/\/sustainablereview.com\/pt-br\/wp-json\/wp\/v2\/posts"}],"about":[{"href":"https:\/\/sustainablereview.com\/pt-br\/wp-json\/wp\/v2\/types\/post"}],"author":[{"embeddable":true,"href":"https:\/\/sustainablereview.com\/pt-br\/wp-json\/wp\/v2\/users\/1503"}],"replies":[{"embeddable":true,"href":"https:\/\/sustainablereview.com\/pt-br\/wp-json\/wp\/v2\/comments?post=39292"}],"version-history":[{"count":2,"href":"https:\/\/sustainablereview.com\/pt-br\/wp-json\/wp\/v2\/posts\/39292\/revisions"}],"predecessor-version":[{"id":59226,"href":"https:\/\/sustainablereview.com\/pt-br\/wp-json\/wp\/v2\/posts\/39292\/revisions\/59226"}],"wp:featuredmedia":[{"embeddable":true,"href":"https:\/\/sustainablereview.com\/pt-br\/wp-json\/wp\/v2\/media\/24385"}],"wp:attachment":[{"href":"https:\/\/sustainablereview.com\/pt-br\/wp-json\/wp\/v2\/media?parent=39292"}],"wp:term":[{"taxonomy":"category","embeddable":true,"href":"https:\/\/sustainablereview.com\/pt-br\/wp-json\/wp\/v2\/categories?post=39292"},{"taxonomy":"post_tag","embeddable":true,"href":"https:\/\/sustainablereview.com\/pt-br\/wp-json\/wp\/v2\/tags?post=39292"}],"curies":[{"name":"wp","href":"https:\/\/api.w.org\/{rel}","templated":true}]}}