{"id":39315,"date":"2023-05-22T07:40:59","date_gmt":"2023-05-22T11:40:59","guid":{"rendered":"https:\/\/sustainablereview.com\/?p=39315"},"modified":"2024-08-10T13:03:30","modified_gmt":"2024-08-10T17:03:30","slug":"para-criticar-ou-para-se-alegrar-a-alemanha-fecha-suas-ultimas-usinas-nucleares","status":"publish","type":"post","link":"https:\/\/sustainablereview.com\/pt-br\/para-criticar-ou-para-se-alegrar-a-alemanha-fecha-suas-ultimas-usinas-nucleares\/","title":{"rendered":"Criticar ou se alegrar? Alemanha fecha suas \u00faltimas usinas nucleares"},"content":{"rendered":"\n<p><strong>O pa\u00eds (e o mundo) est\u00e1 mais uma vez dividido quando as tr\u00eas \u00faltimas usinas nucleares alem\u00e3s saem da rede. <\/strong><\/p>\n\n\n\n<p>Ap\u00f3s 60 anos de peti\u00e7\u00f5es, os ativistas alem\u00e3es antiat\u00f4micos comemoram a decis\u00e3o do pa\u00eds de acabar com sua depend\u00eancia da energia nuclear. Ao mesmo tempo, aqueles que apoiam a tecnologia lamentam os efeitos econ\u00f4micos e ambientais resultantes.<\/p>\n\n\n\n<p>Tr\u00eas usinas nucleares, Isar 2, Emsland e Neckarwestheim 2, pararam de funcionar oficialmente em 15 de abril de 2023.<\/p>\n\n\n\n<p>Os cr\u00edticos da decis\u00e3o alem\u00e3 de abandonar a energia nuclear argumentam que, embora ela possa ter efeitos ambientais positivos, sua atual depend\u00eancia de fontes de energia renov\u00e1veis \u00e9 insuficiente para substituir a energia perdida dessas usinas.<\/p>\n\n\n\n<p>Assim, muitos ambientalistas e cientistas do clima temem que a decis\u00e3o possa ter consequ\u00eancias negativas a longo prazo, pois a Alemanha ser\u00e1 for\u00e7ada a depender de outras fontes, inclusive combust\u00edveis f\u00f3sseis.<\/p>\n\n\n\n<p>De acordo com o governo, manter as usinas antigas em funcionamento seria insustent\u00e1vel. Os defensores da decis\u00e3o (por exemplo, o Partido Verde) destacam os custos da energia nuclear em compara\u00e7\u00e3o com a e\u00f3lica e a solar.<\/p>\n\n\n\n<p>Eles acreditam que o dinheiro economizado com o fechamento das usinas pode ser investido em fontes de energia mais eficientes e sustent\u00e1veis. Eles argumentam que essa medida ajudar\u00e1 a reduzir a pegada de carbono geral da Alemanha, tornando-a l\u00edder na luta contra as mudan\u00e7as clim\u00e1ticas.<\/p>\n\n\n\n<p>Outras controv\u00e9rsias decorrem do fato de que os maiores cr\u00edticos da medida incluem o Partido Conservador, conhecido por bloquear a expans\u00e3o da infraestrutura de energia renov\u00e1vel no passado.<\/p>\n\n\n\n<p>No entanto, eles n\u00e3o est\u00e3o sozinhos em suas cr\u00edticas. Muitos economistas e empres\u00e1rios est\u00e3o preocupados com os custos associados a uma transi\u00e7\u00e3o t\u00e3o cara. Eles temem que os pre\u00e7os mais altos da energia prejudiquem as empresas e reduzam o crescimento econ\u00f4mico.<\/p>\n\n\n\n<p>A guerra na Europa complicou ainda mais a quest\u00e3o. Ap\u00f3s a agress\u00e3o russa contra a Ucr\u00e2nia, a Alemanha foi for\u00e7ada a reduzir rapidamente sua depend\u00eancia do g\u00e1s natural russo. Isso interrompeu a depend\u00eancia cada vez maior de energias renov\u00e1veis, aumentando as emiss\u00f5es de CO2 do pa\u00eds.<\/p>\n\n\n\n<p>Como resultado, os benef\u00edcios clim\u00e1ticos da mudan\u00e7a n\u00e3o s\u00e3o universalmente aceitos. Um grupo de cientistas conceituados <a href=\"https:\/\/www.replanet.ngo\/rethinknuclear\">publicou uma carta aberta<\/a> em 14 de abril de 2023, pedindo que as usinas nucleares permanecessem abertas.<\/p>\n\n\n\n<p>Em \u00faltima an\u00e1lise, ambos os lados t\u00eam argumentos v\u00e1lidos, e h\u00e1 muito o que criticar (ou se alegrar!) sobre a decis\u00e3o. Resta saber se a medida ousada da Alemanha realmente levar\u00e1 \u00e0 melhoria da sustentabilidade ou apenas causar\u00e1 mais debates fr\u00edvolos entre os partidos pol\u00edticos.<\/p>\n\n\n\n<figure class=\"wp-block-image size-large\"><img fetchpriority=\"high\" decoding=\"async\" width=\"855\" height=\"1024\" src=\"https:\/\/intltest.sustainablereview.com\/\/wp-content\/uploads\/2023\/05\/npps-germany-map-clew-updatejan2020-855x1024.png\" alt=\"\" class=\"wp-image-24130\" srcset=\"https:\/\/sustainablereview.com\/wp-content\/uploads\/2023\/05\/npps-germany-map-clew-updatejan2020-855x1024.png 855w, https:\/\/sustainablereview.com\/wp-content\/uploads\/2023\/05\/npps-germany-map-clew-updatejan2020-251x300.png 251w, https:\/\/sustainablereview.com\/wp-content\/uploads\/2023\/05\/npps-germany-map-clew-updatejan2020-768x920.png 768w, https:\/\/sustainablereview.com\/wp-content\/uploads\/2023\/05\/npps-germany-map-clew-updatejan2020-45x54.png 45w, https:\/\/sustainablereview.com\/wp-content\/uploads\/2023\/05\/npps-germany-map-clew-updatejan2020.png 1200w\" sizes=\"(min-width: 960px) 75vw, 100vw\" \/><\/figure>\n\n\n\n<p><\/p>\n","protected":false},"excerpt":{"rendered":"<p><!-- wp:paragraph --><\/p>\n<p>A Alemanha fechou suas tr\u00eas \u00faltimas usinas nucleares, causando divis\u00e3o entre seus cidad\u00e3os. Os ativistas antinucleares comemoram a decis\u00e3o, enquanto os defensores expressam preocupa\u00e7\u00e3o com as consequ\u00eancias econ\u00f4micas e ambientais. Os cr\u00edticos argumentam que as fontes de energia renov\u00e1vel s\u00e3o insuficientes, o que pode levar \u00e0 depend\u00eancia de combust\u00edveis f\u00f3sseis. A medida \u00e9 vista como um passo para reduzir a pegada de carbono da Alemanha, mas os c\u00e9ticos se preocupam com os custos e o poss\u00edvel impacto negativo sobre as empresas. O conflito \u00e9 intensificado pela necessidade de reduzir a depend\u00eancia do g\u00e1s russo em meio \u00e0 guerra na Europa. A sustentabilidade e a efic\u00e1cia da decis\u00e3o em longo prazo permanecem incertas.<\/p>\n<p><!-- \/wp:paragraph --><\/p>\n","protected":false},"author":1503,"featured_media":24013,"comment_status":"open","ping_status":"open","sticky":false,"template":"","format":"standard","meta":{"_acf_changed":false,"_monsterinsights_skip_tracking":false,"_monsterinsights_sitenote_active":false,"_monsterinsights_sitenote_note":"","_monsterinsights_sitenote_category":0,"footnotes":""},"categories":[3095],"tags":[],"acf":[],"yoast_head":"<!-- This site is optimized with the Yoast SEO plugin v23.2 - https:\/\/yoast.com\/wordpress\/plugins\/seo\/ -->\n<title>Criticar ou se alegrar? Alemanha fecha suas \u00faltimas usinas nucleares &#8212; Sustainable Review<\/title>\n<meta name=\"robots\" content=\"index, follow, max-snippet:-1, max-image-preview:large, max-video-preview:-1\" \/>\n<link rel=\"canonical\" href=\"https:\/\/sustainablereview.com\/pt-br\/para-criticar-ou-para-se-alegrar-a-alemanha-fecha-suas-ultimas-usinas-nucleares\/\" \/>\n<meta property=\"og:locale\" content=\"pt_BR\" \/>\n<meta property=\"og:type\" content=\"article\" \/>\n<meta property=\"og:title\" content=\"Criticar ou se alegrar? Alemanha fecha suas \u00faltimas usinas nucleares &#8212; Sustainable Review\" \/>\n<meta property=\"og:description\" content=\"A Alemanha fechou suas tr\u00eas \u00faltimas usinas nucleares, causando divis\u00e3o entre seus cidad\u00e3os. Os ativistas antinucleares comemoram a decis\u00e3o, enquanto os defensores expressam preocupa\u00e7\u00e3o com as consequ\u00eancias econ\u00f4micas e ambientais. Os cr\u00edticos argumentam que as fontes de energia renov\u00e1vel s\u00e3o insuficientes, o que pode levar \u00e0 depend\u00eancia de combust\u00edveis f\u00f3sseis. A medida \u00e9 vista como um passo para reduzir a pegada de carbono da Alemanha, mas os c\u00e9ticos se preocupam com os custos e o poss\u00edvel impacto negativo sobre as empresas. O conflito \u00e9 intensificado pela necessidade de reduzir a depend\u00eancia do g\u00e1s russo em meio \u00e0 guerra na Europa. A sustentabilidade e a efic\u00e1cia da decis\u00e3o em longo prazo permanecem incertas.\" \/>\n<meta property=\"og:url\" content=\"https:\/\/sustainablereview.com\/pt-br\/para-criticar-ou-para-se-alegrar-a-alemanha-fecha-suas-ultimas-usinas-nucleares\/\" \/>\n<meta property=\"og:site_name\" content=\"Sustainable Review\" \/>\n<meta property=\"article:published_time\" content=\"2023-05-22T11:40:59+00:00\" \/>\n<meta property=\"article:modified_time\" content=\"2024-08-10T17:03:30+00:00\" \/>\n<meta property=\"og:image\" content=\"https:\/\/sustainablereview.com\/wp-content\/uploads\/2023\/05\/atomic-sky-1.jpg\" \/>\n\t<meta property=\"og:image:width\" content=\"1500\" \/>\n\t<meta property=\"og:image:height\" content=\"1000\" \/>\n\t<meta property=\"og:image:type\" content=\"image\/jpeg\" \/>\n<meta name=\"author\" content=\"Natalia Kolkowska\" \/>\n<meta name=\"twitter:card\" content=\"summary_large_image\" \/>\n<meta name=\"twitter:creator\" content=\"@sustainreview\" \/>\n<meta name=\"twitter:site\" content=\"@sustainreview\" \/>\n<meta name=\"twitter:label1\" content=\"Escrito por\" \/>\n\t<meta name=\"twitter:data1\" content=\"Natalia Kolkowska\" \/>\n\t<meta name=\"twitter:label2\" content=\"Est. tempo de leitura\" \/>\n\t<meta name=\"twitter:data2\" content=\"2 minutos\" \/>\n<script type=\"application\/ld+json\" class=\"yoast-schema-graph\">{\"@context\":\"https:\/\/schema.org\",\"@graph\":[{\"@type\":\"Article\",\"@id\":\"https:\/\/sustainablereview.com\/pt-br\/para-criticar-ou-para-se-alegrar-a-alemanha-fecha-suas-ultimas-usinas-nucleares\/#article\",\"isPartOf\":{\"@id\":\"https:\/\/sustainablereview.com\/pt-br\/para-criticar-ou-para-se-alegrar-a-alemanha-fecha-suas-ultimas-usinas-nucleares\/\"},\"author\":{\"name\":\"Natalia Kolkowska\",\"@id\":\"https:\/\/sustainablereview.com\/pt-br\/#\/schema\/person\/f3da3ce404089cdcb3a997a73fe0ee39\"},\"headline\":\"Criticar ou se alegrar? Alemanha fecha suas \u00faltimas usinas nucleares\",\"datePublished\":\"2023-05-22T11:40:59+00:00\",\"dateModified\":\"2024-08-10T17:03:30+00:00\",\"mainEntityOfPage\":{\"@id\":\"https:\/\/sustainablereview.com\/pt-br\/para-criticar-ou-para-se-alegrar-a-alemanha-fecha-suas-ultimas-usinas-nucleares\/\"},\"wordCount\":482,\"commentCount\":0,\"publisher\":{\"@id\":\"https:\/\/sustainablereview.com\/pt-br\/#organization\"},\"image\":{\"@id\":\"https:\/\/sustainablereview.com\/pt-br\/para-criticar-ou-para-se-alegrar-a-alemanha-fecha-suas-ultimas-usinas-nucleares\/#primaryimage\"},\"thumbnailUrl\":\"https:\/\/sustainablereview.com\/wp-content\/uploads\/2023\/05\/atomic-sky-1.jpg\",\"articleSection\":[\"Not\u00edcias\"],\"inLanguage\":\"pt-BR\",\"potentialAction\":[{\"@type\":\"CommentAction\",\"name\":\"Comment\",\"target\":[\"https:\/\/sustainablereview.com\/pt-br\/para-criticar-ou-para-se-alegrar-a-alemanha-fecha-suas-ultimas-usinas-nucleares\/#respond\"]}]},{\"@type\":\"WebPage\",\"@id\":\"https:\/\/sustainablereview.com\/pt-br\/para-criticar-ou-para-se-alegrar-a-alemanha-fecha-suas-ultimas-usinas-nucleares\/\",\"url\":\"https:\/\/sustainablereview.com\/pt-br\/para-criticar-ou-para-se-alegrar-a-alemanha-fecha-suas-ultimas-usinas-nucleares\/\",\"name\":\"Criticar ou se alegrar? Alemanha fecha suas \u00faltimas usinas nucleares &#8212; Sustainable Review\",\"isPartOf\":{\"@id\":\"https:\/\/sustainablereview.com\/pt-br\/#website\"},\"primaryImageOfPage\":{\"@id\":\"https:\/\/sustainablereview.com\/pt-br\/para-criticar-ou-para-se-alegrar-a-alemanha-fecha-suas-ultimas-usinas-nucleares\/#primaryimage\"},\"image\":{\"@id\":\"https:\/\/sustainablereview.com\/pt-br\/para-criticar-ou-para-se-alegrar-a-alemanha-fecha-suas-ultimas-usinas-nucleares\/#primaryimage\"},\"thumbnailUrl\":\"https:\/\/sustainablereview.com\/wp-content\/uploads\/2023\/05\/atomic-sky-1.jpg\",\"datePublished\":\"2023-05-22T11:40:59+00:00\",\"dateModified\":\"2024-08-10T17:03:30+00:00\",\"breadcrumb\":{\"@id\":\"https:\/\/sustainablereview.com\/pt-br\/para-criticar-ou-para-se-alegrar-a-alemanha-fecha-suas-ultimas-usinas-nucleares\/#breadcrumb\"},\"inLanguage\":\"pt-BR\",\"potentialAction\":[{\"@type\":\"ReadAction\",\"target\":[\"https:\/\/sustainablereview.com\/pt-br\/para-criticar-ou-para-se-alegrar-a-alemanha-fecha-suas-ultimas-usinas-nucleares\/\"]}]},{\"@type\":\"ImageObject\",\"inLanguage\":\"pt-BR\",\"@id\":\"https:\/\/sustainablereview.com\/pt-br\/para-criticar-ou-para-se-alegrar-a-alemanha-fecha-suas-ultimas-usinas-nucleares\/#primaryimage\",\"url\":\"https:\/\/sustainablereview.com\/wp-content\/uploads\/2023\/05\/atomic-sky-1.jpg\",\"contentUrl\":\"https:\/\/sustainablereview.com\/wp-content\/uploads\/2023\/05\/atomic-sky-1.jpg\",\"width\":1500,\"height\":1000},{\"@type\":\"BreadcrumbList\",\"@id\":\"https:\/\/sustainablereview.com\/pt-br\/para-criticar-ou-para-se-alegrar-a-alemanha-fecha-suas-ultimas-usinas-nucleares\/#breadcrumb\",\"itemListElement\":[{\"@type\":\"ListItem\",\"position\":1,\"name\":\"In\u00edcio\",\"item\":\"https:\/\/sustainablereview.com\/pt-br\/inicio\/\"},{\"@type\":\"ListItem\",\"position\":2,\"name\":\"Criticar ou se alegrar? Alemanha fecha suas \u00faltimas usinas nucleares\"}]},{\"@type\":\"WebSite\",\"@id\":\"https:\/\/sustainablereview.com\/pt-br\/#website\",\"url\":\"https:\/\/sustainablereview.com\/pt-br\/\",\"name\":\"Sustainable Review\",\"description\":\"Let us do the &#039;Green-splaining&#039;\",\"publisher\":{\"@id\":\"https:\/\/sustainablereview.com\/pt-br\/#organization\"},\"potentialAction\":[{\"@type\":\"SearchAction\",\"target\":{\"@type\":\"EntryPoint\",\"urlTemplate\":\"https:\/\/sustainablereview.com\/pt-br\/?s={search_term_string}\"},\"query-input\":\"required name=search_term_string\"}],\"inLanguage\":\"pt-BR\"},{\"@type\":\"Organization\",\"@id\":\"https:\/\/sustainablereview.com\/pt-br\/#organization\",\"name\":\"Sustainable Review\",\"url\":\"https:\/\/sustainablereview.com\/pt-br\/\",\"logo\":{\"@type\":\"ImageObject\",\"inLanguage\":\"pt-BR\",\"@id\":\"https:\/\/sustainablereview.com\/pt-br\/#\/schema\/logo\/image\/\",\"url\":\"https:\/\/sustainablereview.com\/wp-content\/uploads\/2020\/06\/static1.squarespace.png\",\"contentUrl\":\"https:\/\/sustainablereview.com\/wp-content\/uploads\/2020\/06\/static1.squarespace.png\",\"width\":800,\"height\":800,\"caption\":\"Sustainable Review\"},\"image\":{\"@id\":\"https:\/\/sustainablereview.com\/pt-br\/#\/schema\/logo\/image\/\"},\"sameAs\":[\"https:\/\/x.com\/sustainreview\"]},{\"@type\":\"Person\",\"@id\":\"https:\/\/sustainablereview.com\/pt-br\/#\/schema\/person\/f3da3ce404089cdcb3a997a73fe0ee39\",\"name\":\"Natalia Kolkowska\",\"image\":{\"@type\":\"ImageObject\",\"inLanguage\":\"pt-BR\",\"@id\":\"https:\/\/sustainablereview.com\/pt-br\/#\/schema\/person\/image\/\",\"url\":\"https:\/\/sustainablereview.com\/wp-content\/litespeed\/avatar\/4bf69f7abcb9581afd399378714db547.jpg?ver=1777479195\",\"contentUrl\":\"https:\/\/sustainablereview.com\/wp-content\/litespeed\/avatar\/4bf69f7abcb9581afd399378714db547.jpg?ver=1777479195\",\"caption\":\"Natalia Kolkowska\"},\"description\":\"Natalia is a linguist, a writer, and a huge bookworm hungry for new experiences and knowledge. She's vegan (for the planet and the animals), trying to live a sustainable lifestyle. She loves to explore new places, cultures, and customs. She's passionate about helping others grow and hopes her work will make a positive impact on the world.\",\"url\":\"https:\/\/sustainablereview.com\/pt-br\/author\/nataliak\/\"}]}<\/script>\n<!-- \/ Yoast SEO plugin. -->","yoast_head_json":{"title":"Criticar ou se alegrar? Alemanha fecha suas \u00faltimas usinas nucleares &#8212; Sustainable Review","robots":{"index":"index","follow":"follow","max-snippet":"max-snippet:-1","max-image-preview":"max-image-preview:large","max-video-preview":"max-video-preview:-1"},"canonical":"https:\/\/sustainablereview.com\/pt-br\/para-criticar-ou-para-se-alegrar-a-alemanha-fecha-suas-ultimas-usinas-nucleares\/","og_locale":"pt_BR","og_type":"article","og_title":"Criticar ou se alegrar? Alemanha fecha suas \u00faltimas usinas nucleares &#8212; Sustainable Review","og_description":"A Alemanha fechou suas tr\u00eas \u00faltimas usinas nucleares, causando divis\u00e3o entre seus cidad\u00e3os. Os ativistas antinucleares comemoram a decis\u00e3o, enquanto os defensores expressam preocupa\u00e7\u00e3o com as consequ\u00eancias econ\u00f4micas e ambientais. Os cr\u00edticos argumentam que as fontes de energia renov\u00e1vel s\u00e3o insuficientes, o que pode levar \u00e0 depend\u00eancia de combust\u00edveis f\u00f3sseis. A medida \u00e9 vista como um passo para reduzir a pegada de carbono da Alemanha, mas os c\u00e9ticos se preocupam com os custos e o poss\u00edvel impacto negativo sobre as empresas. O conflito \u00e9 intensificado pela necessidade de reduzir a depend\u00eancia do g\u00e1s russo em meio \u00e0 guerra na Europa. A sustentabilidade e a efic\u00e1cia da decis\u00e3o em longo prazo permanecem incertas.","og_url":"https:\/\/sustainablereview.com\/pt-br\/para-criticar-ou-para-se-alegrar-a-alemanha-fecha-suas-ultimas-usinas-nucleares\/","og_site_name":"Sustainable Review","article_published_time":"2023-05-22T11:40:59+00:00","article_modified_time":"2024-08-10T17:03:30+00:00","og_image":[{"width":1500,"height":1000,"url":"https:\/\/sustainablereview.com\/wp-content\/uploads\/2023\/05\/atomic-sky-1.jpg","type":"image\/jpeg"}],"author":"Natalia Kolkowska","twitter_card":"summary_large_image","twitter_creator":"@sustainreview","twitter_site":"@sustainreview","twitter_misc":{"Escrito por":"Natalia Kolkowska","Est. tempo de leitura":"2 minutos"},"schema":{"@context":"https:\/\/schema.org","@graph":[{"@type":"Article","@id":"https:\/\/sustainablereview.com\/pt-br\/para-criticar-ou-para-se-alegrar-a-alemanha-fecha-suas-ultimas-usinas-nucleares\/#article","isPartOf":{"@id":"https:\/\/sustainablereview.com\/pt-br\/para-criticar-ou-para-se-alegrar-a-alemanha-fecha-suas-ultimas-usinas-nucleares\/"},"author":{"name":"Natalia Kolkowska","@id":"https:\/\/sustainablereview.com\/pt-br\/#\/schema\/person\/f3da3ce404089cdcb3a997a73fe0ee39"},"headline":"Criticar ou se alegrar? Alemanha fecha suas \u00faltimas usinas nucleares","datePublished":"2023-05-22T11:40:59+00:00","dateModified":"2024-08-10T17:03:30+00:00","mainEntityOfPage":{"@id":"https:\/\/sustainablereview.com\/pt-br\/para-criticar-ou-para-se-alegrar-a-alemanha-fecha-suas-ultimas-usinas-nucleares\/"},"wordCount":482,"commentCount":0,"publisher":{"@id":"https:\/\/sustainablereview.com\/pt-br\/#organization"},"image":{"@id":"https:\/\/sustainablereview.com\/pt-br\/para-criticar-ou-para-se-alegrar-a-alemanha-fecha-suas-ultimas-usinas-nucleares\/#primaryimage"},"thumbnailUrl":"https:\/\/sustainablereview.com\/wp-content\/uploads\/2023\/05\/atomic-sky-1.jpg","articleSection":["Not\u00edcias"],"inLanguage":"pt-BR","potentialAction":[{"@type":"CommentAction","name":"Comment","target":["https:\/\/sustainablereview.com\/pt-br\/para-criticar-ou-para-se-alegrar-a-alemanha-fecha-suas-ultimas-usinas-nucleares\/#respond"]}]},{"@type":"WebPage","@id":"https:\/\/sustainablereview.com\/pt-br\/para-criticar-ou-para-se-alegrar-a-alemanha-fecha-suas-ultimas-usinas-nucleares\/","url":"https:\/\/sustainablereview.com\/pt-br\/para-criticar-ou-para-se-alegrar-a-alemanha-fecha-suas-ultimas-usinas-nucleares\/","name":"Criticar ou se alegrar? Alemanha fecha suas \u00faltimas usinas nucleares &#8212; Sustainable Review","isPartOf":{"@id":"https:\/\/sustainablereview.com\/pt-br\/#website"},"primaryImageOfPage":{"@id":"https:\/\/sustainablereview.com\/pt-br\/para-criticar-ou-para-se-alegrar-a-alemanha-fecha-suas-ultimas-usinas-nucleares\/#primaryimage"},"image":{"@id":"https:\/\/sustainablereview.com\/pt-br\/para-criticar-ou-para-se-alegrar-a-alemanha-fecha-suas-ultimas-usinas-nucleares\/#primaryimage"},"thumbnailUrl":"https:\/\/sustainablereview.com\/wp-content\/uploads\/2023\/05\/atomic-sky-1.jpg","datePublished":"2023-05-22T11:40:59+00:00","dateModified":"2024-08-10T17:03:30+00:00","breadcrumb":{"@id":"https:\/\/sustainablereview.com\/pt-br\/para-criticar-ou-para-se-alegrar-a-alemanha-fecha-suas-ultimas-usinas-nucleares\/#breadcrumb"},"inLanguage":"pt-BR","potentialAction":[{"@type":"ReadAction","target":["https:\/\/sustainablereview.com\/pt-br\/para-criticar-ou-para-se-alegrar-a-alemanha-fecha-suas-ultimas-usinas-nucleares\/"]}]},{"@type":"ImageObject","inLanguage":"pt-BR","@id":"https:\/\/sustainablereview.com\/pt-br\/para-criticar-ou-para-se-alegrar-a-alemanha-fecha-suas-ultimas-usinas-nucleares\/#primaryimage","url":"https:\/\/sustainablereview.com\/wp-content\/uploads\/2023\/05\/atomic-sky-1.jpg","contentUrl":"https:\/\/sustainablereview.com\/wp-content\/uploads\/2023\/05\/atomic-sky-1.jpg","width":1500,"height":1000},{"@type":"BreadcrumbList","@id":"https:\/\/sustainablereview.com\/pt-br\/para-criticar-ou-para-se-alegrar-a-alemanha-fecha-suas-ultimas-usinas-nucleares\/#breadcrumb","itemListElement":[{"@type":"ListItem","position":1,"name":"In\u00edcio","item":"https:\/\/sustainablereview.com\/pt-br\/inicio\/"},{"@type":"ListItem","position":2,"name":"Criticar ou se alegrar? Alemanha fecha suas \u00faltimas usinas nucleares"}]},{"@type":"WebSite","@id":"https:\/\/sustainablereview.com\/pt-br\/#website","url":"https:\/\/sustainablereview.com\/pt-br\/","name":"Sustainable Review","description":"Let us do the &#039;Green-splaining&#039;","publisher":{"@id":"https:\/\/sustainablereview.com\/pt-br\/#organization"},"potentialAction":[{"@type":"SearchAction","target":{"@type":"EntryPoint","urlTemplate":"https:\/\/sustainablereview.com\/pt-br\/?s={search_term_string}"},"query-input":"required name=search_term_string"}],"inLanguage":"pt-BR"},{"@type":"Organization","@id":"https:\/\/sustainablereview.com\/pt-br\/#organization","name":"Sustainable Review","url":"https:\/\/sustainablereview.com\/pt-br\/","logo":{"@type":"ImageObject","inLanguage":"pt-BR","@id":"https:\/\/sustainablereview.com\/pt-br\/#\/schema\/logo\/image\/","url":"https:\/\/sustainablereview.com\/wp-content\/uploads\/2020\/06\/static1.squarespace.png","contentUrl":"https:\/\/sustainablereview.com\/wp-content\/uploads\/2020\/06\/static1.squarespace.png","width":800,"height":800,"caption":"Sustainable Review"},"image":{"@id":"https:\/\/sustainablereview.com\/pt-br\/#\/schema\/logo\/image\/"},"sameAs":["https:\/\/x.com\/sustainreview"]},{"@type":"Person","@id":"https:\/\/sustainablereview.com\/pt-br\/#\/schema\/person\/f3da3ce404089cdcb3a997a73fe0ee39","name":"Natalia Kolkowska","image":{"@type":"ImageObject","inLanguage":"pt-BR","@id":"https:\/\/sustainablereview.com\/pt-br\/#\/schema\/person\/image\/","url":"https:\/\/sustainablereview.com\/wp-content\/litespeed\/avatar\/4bf69f7abcb9581afd399378714db547.jpg?ver=1777479195","contentUrl":"https:\/\/sustainablereview.com\/wp-content\/litespeed\/avatar\/4bf69f7abcb9581afd399378714db547.jpg?ver=1777479195","caption":"Natalia Kolkowska"},"description":"Natalia is a linguist, a writer, and a huge bookworm hungry for new experiences and knowledge. She's vegan (for the planet and the animals), trying to live a sustainable lifestyle. She loves to explore new places, cultures, and customs. She's passionate about helping others grow and hopes her work will make a positive impact on the world.","url":"https:\/\/sustainablereview.com\/pt-br\/author\/nataliak\/"}]}},"wpml_translations":{"en":"24011","pl":"60620","pt-br":"39315"},"_links":{"self":[{"href":"https:\/\/sustainablereview.com\/pt-br\/wp-json\/wp\/v2\/posts\/39315"}],"collection":[{"href":"https:\/\/sustainablereview.com\/pt-br\/wp-json\/wp\/v2\/posts"}],"about":[{"href":"https:\/\/sustainablereview.com\/pt-br\/wp-json\/wp\/v2\/types\/post"}],"author":[{"embeddable":true,"href":"https:\/\/sustainablereview.com\/pt-br\/wp-json\/wp\/v2\/users\/1503"}],"replies":[{"embeddable":true,"href":"https:\/\/sustainablereview.com\/pt-br\/wp-json\/wp\/v2\/comments?post=39315"}],"version-history":[{"count":1,"href":"https:\/\/sustainablereview.com\/pt-br\/wp-json\/wp\/v2\/posts\/39315\/revisions"}],"predecessor-version":[{"id":39827,"href":"https:\/\/sustainablereview.com\/pt-br\/wp-json\/wp\/v2\/posts\/39315\/revisions\/39827"}],"wp:featuredmedia":[{"embeddable":true,"href":"https:\/\/sustainablereview.com\/pt-br\/wp-json\/wp\/v2\/media\/24013"}],"wp:attachment":[{"href":"https:\/\/sustainablereview.com\/pt-br\/wp-json\/wp\/v2\/media?parent=39315"}],"wp:term":[{"taxonomy":"category","embeddable":true,"href":"https:\/\/sustainablereview.com\/pt-br\/wp-json\/wp\/v2\/categories?post=39315"},{"taxonomy":"post_tag","embeddable":true,"href":"https:\/\/sustainablereview.com\/pt-br\/wp-json\/wp\/v2\/tags?post=39315"}],"curies":[{"name":"wp","href":"https:\/\/api.w.org\/{rel}","templated":true}]}}