{"id":39402,"date":"2021-04-29T12:10:41","date_gmt":"2021-04-29T16:10:41","guid":{"rendered":"https:\/\/sustainablereview.com\/?p=39402"},"modified":"2024-08-10T13:07:26","modified_gmt":"2024-08-10T17:07:26","slug":"risco-de-mudanca-climatica-vida-selvagem","status":"publish","type":"post","link":"https:\/\/sustainablereview.com\/pt-br\/risco-de-mudanca-climatica-vida-selvagem\/","title":{"rendered":"O risco da mudan\u00e7a clim\u00e1tica n\u00e3o \u00e9 a maior amea\u00e7a \u00e0 vida selvagem"},"content":{"rendered":"\t\t<div data-elementor-type=\"wp-post\" data-elementor-id=\"39402\" class=\"elementor elementor-39402 elementor-6561\" data-elementor-post-type=\"post\">\n\t\t\t\t\t\t<section class=\"has_eae_slider elementor-section elementor-top-section elementor-element elementor-element-12b3e26 elementor-section-boxed elementor-section-height-default elementor-section-height-default\" data-id=\"12b3e26\" data-element_type=\"section\">\n\t\t\t\t\t\t<div class=\"elementor-container elementor-column-gap-default\">\n\t\t\t\t\t<div class=\"has_eae_slider elementor-column elementor-col-100 elementor-top-column elementor-element elementor-element-2791641\" data-id=\"2791641\" data-element_type=\"column\">\n\t\t\t<div class=\"elementor-widget-wrap elementor-element-populated\">\n\t\t\t\t\t\t<div class=\"elementor-element elementor-element-9b7bd20 elementor-widget elementor-widget-text-editor\" data-id=\"9b7bd20\" data-element_type=\"widget\" data-widget_type=\"text-editor.default\">\n\t\t\t\t<div class=\"elementor-widget-container\">\n\t\t\t\t\t\t\t<p id=\"9e1d\">Could there be a greater risk to wildlife than climate change? According to one study, over-exploitation and agricultural activity posed a much greater risk to threatened species.<\/p>\t\t\t\t\t\t<\/div>\n\t\t\t\t<\/div>\n\t\t\t\t\t<\/div>\n\t\t<\/div>\n\t\t\t\t\t<\/div>\n\t\t<\/section>\n\t\t\t\t<section class=\"has_eae_slider elementor-section elementor-top-section elementor-element elementor-element-05b1db9 elementor-section-boxed elementor-section-height-default elementor-section-height-default\" data-id=\"05b1db9\" data-element_type=\"section\" data-settings=\"{&quot;background_background&quot;:&quot;classic&quot;}\">\n\t\t\t\t\t\t<div class=\"elementor-container elementor-column-gap-default\">\n\t\t\t\t\t<div class=\"has_eae_slider elementor-column elementor-col-100 elementor-top-column elementor-element elementor-element-33b2ff4\" data-id=\"33b2ff4\" data-element_type=\"column\">\n\t\t\t<div class=\"elementor-widget-wrap elementor-element-populated\">\n\t\t\t\t\t\t<div class=\"elementor-element elementor-element-c930e68 elementor-widget elementor-widget-text-editor\" data-id=\"c930e68\" data-element_type=\"widget\" data-widget_type=\"text-editor.default\">\n\t\t\t\t<div class=\"elementor-widget-container\">\n\t\t\t\t\t\t\t<h5>Busy? Try the speed read.<\/h5>\n<p><strong>The report<\/strong>: A 2016 study of over 8,000 threatened or near-threatened species found that over-exploitation and agricultural activity posed a much greater threat to biodiversity than climate change.<\/p>\n<p><strong>Why it matters<\/strong>: Climate change is long-term and abstract. But it also gets all the breaking news coverage. In reality, harsh trends like deforestation and poaching pose immediate threats to wildlife. They need urgent attention, too.<\/p>\n<p>These tangible problems deserve similar attention to carbon emissions. Most ESG funds pour cash into (trendy) clean energy while critical species face extinction from other causes.<\/p>\n<p><strong>Sustainable suggestion: <\/strong>Environmental solutions should be more well-rounded. How can we work more cooperatively with intersecting threats like wildfire risk mitigation and ecological restoration, for example.<\/p>\n<p id=\"be12\">A forestry organization may want to clean-up deadwood to prevent harsher wildfires, but a conservation group will sue them for cutting down a sacred forest. A conservation group may want to support hunting an invasive species , but an animal rights group will publicly condemn them.<\/p>\n<p id=\"be12\">Organizations with differing philosophies should work more closely through coalitions and associations to understand their perspectives.<\/p>\n<p id=\"be12\"><strong style=\"color: var(--text-color); background-color: var( --e-global-color-fe3afc2 ); font-family: var(--font-family); font-size: var(--font-size-lg);\">Bottom line: <\/strong><span style=\"color: var(--text-color); background-color: var( --e-global-color-fe3afc2 ); font-family: var(--font-family); font-size: var(--font-size-lg); font-weight: var(--font-weight-normal);\">Climate change is important, and intersects with basically every ecological issue. Not arguing we should take it less seriously. But that behemoth threat will be much easier to manage if we knock off smaller issues that we see, touch and feel.<\/span><\/p>\n<p>We need smarter farming, more responsible animal agriculture, accountability for commercial hunting, fishing and logging. We need more stringent land protection in sensitive areas of the developing world. It&#8217;s as important as climate change.<\/p>\n<p><strong>Dig deeper \u2192 3 min<\/strong><\/p>\t\t\t\t\t\t<\/div>\n\t\t\t\t<\/div>\n\t\t\t\t\t<\/div>\n\t\t<\/div>\n\t\t\t\t\t<\/div>\n\t\t<\/section>\n\t\t\t\t<section class=\"has_eae_slider elementor-section elementor-top-section elementor-element elementor-element-71a68a1a elementor-section-boxed elementor-section-height-default elementor-section-height-default\" data-id=\"71a68a1a\" data-element_type=\"section\">\n\t\t\t\t\t\t<div class=\"elementor-container elementor-column-gap-default\">\n\t\t\t\t\t<div class=\"has_eae_slider elementor-column elementor-col-100 elementor-top-column elementor-element elementor-element-7df68f13\" data-id=\"7df68f13\" data-element_type=\"column\">\n\t\t\t<div class=\"elementor-widget-wrap elementor-element-populated\">\n\t\t\t\t\t\t<div class=\"elementor-element elementor-element-32830af2 elementor-widget elementor-widget-text-editor\" data-id=\"32830af2\" data-element_type=\"widget\" data-widget_type=\"text-editor.default\">\n\t\t\t\t<div class=\"elementor-widget-container\">\n\t\t\t\t\t\t\t<p><\/p>\n<p><\/p>\n<p><\/p>\n<p><\/p>\n<p><\/p>\n<h2 style=\"margin-top: var(--el-spacing); margin-bottom: var(--el-spacing);\">Risks beyond climate change<\/h2>\n<p id=\"9e1d\" style=\"margin-top: var(--el-spacing); margin-bottom: var(--el-spacing);\">For the past few weeks, I\u2019ve been jogging around my hometown. With less people commuting to work, the streets are generally quieter in this buzzing NYC-NJ suburb. Still, never in my life have I noticed more roadkill. I see mostly squirrels and deer.<\/p>\n<p id=\"3d41\" style=\"margin-top: var(--el-spacing); margin-bottom: var(--el-spacing);\">Here\u2019s my non-scientific theory based on the oh-so-unreliable anecdotal evidence:<\/p>\n<p id=\"e0d6\" style=\"margin-top: var(--el-spacing); margin-bottom: var(--el-spacing);\">These cute deciduous creatures are more active in the Springtime. They are mating and interacting more than any other time of year. In the process of gathering, they cross more roads than usual to conduct their instinctual flower-blooming business.<\/p>\n<p id=\"80e2\" style=\"margin-top: var(--el-spacing); margin-bottom: var(--el-spacing);\">With concrete yellow lines standing where trees stood just a geological millisecond ago, animals willingly put themselves in regular danger without realizing the harm. How can evolutionary instinct catch up with such unprecedented changes to natural habitats?<\/p>\n<p id=\"c0c8\" style=\"margin-top: var(--el-spacing); margin-bottom: 0px;\">The result? Me wincing on my run once a day with a renewed frustration for the human race. We need to build higher fences around forests that intersect major highways or SOMETHING.<\/p>\n<h2>Going beyond climate change<\/h2>\n<p><\/p>\n<p><\/p>\n<p>So, why am I talking about about my two-mile trying-to-stay-sane exercise? Climate change didn\u2019t kill those squirrels and deer. The cause is something simpler and more tangible. And the solution is right in our face.<\/p>\n<p><\/p>\n<p><\/p>\n<p><a href=\"https:\/\/sustainablereview-com.preview-domain.com?mailpoet_router&amp;endpoint=track&amp;action=click&amp;data=WyI0NiIsInFmcDhndTRyd2lvazQ0Z2c0ZzA0a3Nra2djODQwNHNjIiwiNjIiLCI4ZGIwODU3YjkwNjUiLGZhbHNlXQ\">According to this 2016 study<\/a> of over 8,000 threatened or near-threatened species, I was surprised to find out what monster-in-the-closet posed the greatest risk to Earth\u2019s biodiversity. The first thing that came to mind, like it always does, was the Big Bertha. The world\u2019s Goliath. Climate Change.<\/p>\n<p><\/p>\n<p><\/p>\n<blockquote>\n<p>Climate change didn\u2019t kill those squirrels and deer, the cause is something simpler and more tangible. And the solution is right in our face.<\/p>\n<\/blockquote>\n<p><\/p>\n<p><\/p>\n<p>Based on an analysis of IUCN Red List data by <a href=\"https:\/\/cbcs.centre.uq.edu.au\/profile\/1090\/sean-maxwell\">Sean Maxwell<\/a> of the University of Queensland, the impact of climate change on the world\u2019s biodiversity doesn\u2019t come close to the impact of over-exploitation and agricultural activity.<\/p>\n<p><\/p>\n<p><\/p>\n<p>The researchers noted that \u201cthe basic message emerging from these data is that whatever the threat category or species group, over-exploitation and agriculture have the greatest current impact on biodiversity (see <a href=\"https:\/\/sustainablereview-com.preview-domain.com?mailpoet_router&amp;endpoint=track&amp;action=click&amp;data=WyI0NiIsInFmcDhndTRyd2lvazQ0Z2c0ZzA0a3Nra2djODQwNHNjIiwiNjIiLCJjZTIyMDFjYzBkMGUiLGZhbHNlXQ\">\u2018Big killers\u2019<\/a>). Of the species listed as threatened or near-threatened, 72% (6,241) are being over-exploited for commerce, recreation or subsistence.\u201d<\/p>\n<p><\/p>\n<p><\/p>\n<div>\n<figure><img decoding=\"async\" class=\"alignleft\" src=\"https:\/\/sustainablereview-com.preview-domain.com\/wp-content\/uploads\/2020\/09\/biodiversity-risks.png\" alt=\"\" \/><\/figure>\n<\/div>\n<p><\/p>\n<p><\/p>\n<h2>Placing immediate priorities first<\/h2>\n<p><\/p>\n<p><\/p>\n<p>This finding does not suddenly nullify global efforts aimed at mitigating anthropogenic climate change. Nor does it deny the real impact of rising temperatures and frequent droughts on wildlife.<\/p>\n<p><\/p>\n<p><\/p>\n<p>Rather, the research suggests there are more immediate threats testing the survival of the world\u2019s flora and fauna.\u00a0<span style=\"color: var(--text-color); background-color: var(--body-bg-color); font-family: var(--font-family); font-size: var(--font-size-lg); font-weight: var(--font-weight-normal);\">To be clear, anthropogenic climate change is impacting 19% of the species used in this study.<\/span><\/p>\n<p><\/p>\n<p><\/p>\n<p>However, we need to address tangible issues first when we talk about cutting carbon emissions at round tables in fancy suits.<\/p>\n<p><\/p>\n<p><\/p>\n<h4>Fixing fishing and farming<\/h4>\n<p><\/p>\n<p><\/p>\n<p>Which activities hurt biodiversity most?<\/p>\n<p><\/p>\n<p><\/p>\n<p>Over-exploitation and agriculture accounts for hunting and fishing, logging, pesticide-use, livestock farming and aquaculture.<\/p>\n<p><\/p>\n<p><\/p>\n<p>Many factors involving over-exploitation and agriculture also increase carbon emissions, ultimately contributing to the overarching impact of climate change. So like most subjects of study, it\u2019s complicated to point to one cause or factor.<\/p>\n<p><\/p>\n<p><\/p>\n<p>More importantly, this study sheds light on the required immediacy of action for attainable goals like more sustainable agricultural standards, or more robust environmental protection laws for forestry services.<\/p>\n<p>How can we make intersecting subtopics in climate mitigation efforts more cooperative?<\/p>\n<p><\/p>\n<p><\/p>\n<h2>Combining climate change with conservation<\/h2>\n<p><\/p>\n<p><\/p>\n<p>Too often, I see contradictory efforts in the environmental space.<\/p>\n<p><\/p>\n<p><\/p>\n<p>A forestry organization may want to clean-up deadwood to prevent harsher wildfires, but a conservation group will sue them for cutting down a sacred forest. A conservation group may want to support hunting an invasive species , but an animal rights group will publicly condemn them.<\/p>\n<p><\/p>\n<p><\/p>\n<p>We need to approach the climate conversation in a way that works cooperatively with intersecting threats like wildfire risk mitigation or ecological restoration, not against them.<\/p>\n<p><\/p>\n<p><\/p>\n<p>There is a lot of work to be done, we all know that. But if we can start tackling things that we can see, touch and feel, it will make a fickle future a lot easier to manage. There are more immediate risks than climate change, after all.<\/p>\n<p><\/p>\t\t\t\t\t\t<\/div>\n\t\t\t\t<\/div>\n\t\t\t\t\t<\/div>\n\t\t<\/div>\n\t\t\t\t\t<\/div>\n\t\t<\/section>\n\t\t\t\t<\/div>\n\t\t","protected":false},"excerpt":{"rendered":"<p><!-- wp:heading {\"level\":5} --><\/p>\n<h5>Voc\u00ea est\u00e1 ocupado? Experimente a leitura r\u00e1pida.<\/h5>\n<p><!-- \/wp:heading --><\/p>\n<p><!-- wp:paragraph --><\/p>\n<p><strong>O relat\u00f3rio<\/strong>: Um estudo de 2016 com mais de 8.000 esp\u00e9cies amea\u00e7adas ou quase amea\u00e7adas constatou que a explora\u00e7\u00e3o excessiva e a atividade agr\u00edcola representam uma amea\u00e7a muito maior \u00e0 biodiversidade do que as mudan\u00e7as clim\u00e1ticas.<\/p>\n<p><!-- \/wp:paragraph --><\/p>\n<p><!-- wp:paragraph --><\/p>\n<p><strong>Por que \u00e9 importante<\/strong>: A mudan\u00e7a clim\u00e1tica \u00e9 abstrata e de longo prazo. Mas ela tamb\u00e9m recebe toda a cobertura das not\u00edcias de \u00faltima hora. Na realidade, tend\u00eancias severas, como o desmatamento e a ca\u00e7a ilegal, representam amea\u00e7as imediatas \u00e0 vida selvagem. Elas tamb\u00e9m precisam de aten\u00e7\u00e3o urgente.<\/p>\n<p><!-- \/wp:paragraph --><\/p>\n<p><!-- wp:paragraph --><\/p>\n<p>Esses problemas tang\u00edveis merecem aten\u00e7\u00e3o semelhante \u00e0 das emiss\u00f5es de carbono. A maioria dos fundos ESG despeja dinheiro em energia limpa (na moda) enquanto esp\u00e9cies cr\u00edticas enfrentam a extin\u00e7\u00e3o por outras causas.<\/p>\n<p><!-- \/wp:paragraph --><\/p>\n<p><!-- wp:paragraph --><\/p>\n<p><strong>Sugest\u00e3o sustent\u00e1vel: <\/strong>As solu\u00e7\u00f5es ambientais devem ser mais abrangentes. Como podemos trabalhar de forma mais cooperativa com amea\u00e7as que se cruzam, como a mitiga\u00e7\u00e3o do risco de inc\u00eandios florestais e a restaura\u00e7\u00e3o ecol\u00f3gica, por exemplo.<\/p>\n<p><!-- \/wp:paragraph --><\/p>\n<p><!-- wp:paragraph --><\/p>\n<p id=\"be12\">Uma organiza\u00e7\u00e3o florestal pode querer limpar a madeira morta para evitar inc\u00eandios florestais mais severos, mas um grupo de conserva\u00e7\u00e3o a processar\u00e1 por derrubar uma floresta sagrada. Um grupo de conserva\u00e7\u00e3o pode querer apoiar a ca\u00e7a de uma esp\u00e9cie invasora, mas um grupo de direitos dos animais o condenar\u00e1 publicamente.<\/p>\n<p><!-- \/wp:paragraph --><\/p>\n<p><!-- wp:paragraph --><\/p>\n<p id=\"be12\">As organiza\u00e7\u00f5es com filosofias diferentes devem trabalhar mais de perto por meio de coaliz\u00f5es e associa\u00e7\u00f5es para entender suas perspectivas.<\/p>\n<p><!-- \/wp:paragraph --><\/p>\n<p><!-- wp:paragraph --><\/p>\n<p id=\"be12\">Resumindo<strong>: <\/strong>a mudan\u00e7a clim\u00e1tica \u00e9 importante e tem interse\u00e7\u00e3o com basicamente todas as quest\u00f5es ecol\u00f3gicas. N\u00e3o estou dizendo que devemos lev\u00e1-la menos a s\u00e9rio. Mas essa amea\u00e7a gigantesca ser\u00e1 muito mais f\u00e1cil de gerenciar se eliminarmos os problemas menores que vemos, tocamos e sentimos.<\/p>\n<p><!-- \/wp:paragraph --><\/p>\n<p><!-- wp:paragraph --><\/p>\n<p>Precisamos de uma agricultura mais inteligente, uma pecu\u00e1ria mais respons\u00e1vel, responsabilidade pela ca\u00e7a comercial, pesca e extra\u00e7\u00e3o de madeira. Precisamos de uma prote\u00e7\u00e3o mais rigorosa da terra em \u00e1reas sens\u00edveis do mundo em desenvolvimento. Isso \u00e9 t\u00e3o importante quanto as mudan\u00e7as clim\u00e1ticas.<\/p>\n<p><!-- \/wp:paragraph --><\/p>\n<p><!-- wp:paragraph --><\/p>\n<p><strong>Aprofunde-se \u2192 3 min<\/strong><\/p>\n<p><!-- \/wp:paragraph --><\/p>\n","protected":false},"author":17,"featured_media":6567,"comment_status":"open","ping_status":"open","sticky":false,"template":"","format":"standard","meta":{"_acf_changed":false,"_monsterinsights_skip_tracking":false,"_monsterinsights_sitenote_active":false,"_monsterinsights_sitenote_note":"","_monsterinsights_sitenote_category":0,"footnotes":""},"categories":[3101],"tags":[],"acf":[],"yoast_head":"<!-- This site is optimized with the Yoast SEO plugin v23.2 - https:\/\/yoast.com\/wordpress\/plugins\/seo\/ -->\n<title>O risco da mudan\u00e7a clim\u00e1tica n\u00e3o \u00e9 a maior amea\u00e7a \u00e0 vida selvagem &#8212; Sustainable Review<\/title>\n<meta name=\"robots\" content=\"index, follow, max-snippet:-1, max-image-preview:large, max-video-preview:-1\" \/>\n<link rel=\"canonical\" href=\"https:\/\/sustainablereview.com\/pt-br\/risco-de-mudanca-climatica-vida-selvagem\/\" \/>\n<meta property=\"og:locale\" content=\"pt_BR\" \/>\n<meta property=\"og:type\" content=\"article\" \/>\n<meta property=\"og:title\" content=\"O risco da mudan\u00e7a clim\u00e1tica n\u00e3o \u00e9 a maior amea\u00e7a \u00e0 vida selvagem &#8212; Sustainable Review\" \/>\n<meta property=\"og:description\" content=\"Voc\u00ea est\u00e1 ocupado? Experimente a leitura r\u00e1pida.  O relat\u00f3rio: Um estudo de 2016 com mais de 8.000 esp\u00e9cies amea\u00e7adas ou quase amea\u00e7adas constatou que a explora\u00e7\u00e3o excessiva e a atividade agr\u00edcola representam uma amea\u00e7a muito maior \u00e0 biodiversidade do que as mudan\u00e7as clim\u00e1ticas.  Por que \u00e9 importante: A mudan\u00e7a clim\u00e1tica \u00e9 abstrata e de longo prazo. Mas ela tamb\u00e9m recebe toda a cobertura das not\u00edcias de \u00faltima hora. Na realidade, tend\u00eancias severas, como o desmatamento e a ca\u00e7a ilegal, representam amea\u00e7as imediatas \u00e0 vida selvagem. Elas tamb\u00e9m precisam de aten\u00e7\u00e3o urgente.  Esses problemas tang\u00edveis merecem aten\u00e7\u00e3o semelhante \u00e0 das emiss\u00f5es de carbono. A maioria dos fundos ESG despeja dinheiro em energia limpa (na moda) enquanto esp\u00e9cies cr\u00edticas enfrentam a extin\u00e7\u00e3o por outras causas.  Sugest\u00e3o sustent\u00e1vel: As solu\u00e7\u00f5es ambientais devem ser mais abrangentes. Como podemos trabalhar de forma mais cooperativa com amea\u00e7as que se cruzam, como a mitiga\u00e7\u00e3o do risco de inc\u00eandios florestais e a restaura\u00e7\u00e3o ecol\u00f3gica, por exemplo.  Uma organiza\u00e7\u00e3o florestal pode querer limpar a madeira morta para evitar inc\u00eandios florestais mais severos, mas um grupo de conserva\u00e7\u00e3o a processar\u00e1 por derrubar uma floresta sagrada. Um grupo de conserva\u00e7\u00e3o pode querer apoiar a ca\u00e7a de uma esp\u00e9cie invasora, mas um grupo de direitos dos animais o condenar\u00e1 publicamente.  As organiza\u00e7\u00f5es com filosofias diferentes devem trabalhar mais de perto por meio de coaliz\u00f5es e associa\u00e7\u00f5es para entender suas perspectivas.  Resumindo: a mudan\u00e7a clim\u00e1tica \u00e9 importante e tem interse\u00e7\u00e3o com basicamente todas as quest\u00f5es ecol\u00f3gicas. N\u00e3o estou dizendo que devemos lev\u00e1-la menos a s\u00e9rio. Mas essa amea\u00e7a gigantesca ser\u00e1 muito mais f\u00e1cil de gerenciar se eliminarmos os problemas menores que vemos, tocamos e sentimos.  Precisamos de uma agricultura mais inteligente, uma pecu\u00e1ria mais respons\u00e1vel, responsabilidade pela ca\u00e7a comercial, pesca e extra\u00e7\u00e3o de madeira. Precisamos de uma prote\u00e7\u00e3o mais rigorosa da terra em \u00e1reas sens\u00edveis do mundo em desenvolvimento. Isso \u00e9 t\u00e3o importante quanto as mudan\u00e7as clim\u00e1ticas.  Aprofunde-se \u2192 3 min\" \/>\n<meta property=\"og:url\" content=\"https:\/\/sustainablereview.com\/pt-br\/risco-de-mudanca-climatica-vida-selvagem\/\" \/>\n<meta property=\"og:site_name\" content=\"Sustainable Review\" \/>\n<meta property=\"article:published_time\" content=\"2021-04-29T16:10:41+00:00\" \/>\n<meta property=\"article:modified_time\" content=\"2024-08-10T17:07:26+00:00\" \/>\n<meta property=\"og:image\" content=\"https:\/\/sustainablereview.com\/wp-content\/uploads\/2020\/09\/Bigger-threat-than-climate-change.png\" \/>\n\t<meta property=\"og:image:width\" content=\"1600\" \/>\n\t<meta property=\"og:image:height\" content=\"1256\" \/>\n\t<meta property=\"og:image:type\" content=\"image\/png\" \/>\n<meta name=\"author\" content=\"Jared Wolf\" \/>\n<meta name=\"twitter:card\" content=\"summary_large_image\" \/>\n<meta name=\"twitter:creator\" content=\"@http:\/\/twitter.com\/jar3dwolf\" \/>\n<meta name=\"twitter:site\" content=\"@sustainreview\" \/>\n<meta name=\"twitter:label1\" content=\"Escrito por\" \/>\n\t<meta name=\"twitter:data1\" content=\"Jared Wolf\" \/>\n\t<meta name=\"twitter:label2\" content=\"Est. tempo de leitura\" \/>\n\t<meta name=\"twitter:data2\" content=\"6 minutos\" \/>\n<script type=\"application\/ld+json\" class=\"yoast-schema-graph\">{\"@context\":\"https:\/\/schema.org\",\"@graph\":[{\"@type\":\"Article\",\"@id\":\"https:\/\/sustainablereview.com\/pt-br\/risco-de-mudanca-climatica-vida-selvagem\/#article\",\"isPartOf\":{\"@id\":\"https:\/\/sustainablereview.com\/pt-br\/risco-de-mudanca-climatica-vida-selvagem\/\"},\"author\":{\"name\":\"Jared Wolf\",\"@id\":\"https:\/\/sustainablereview.com\/pt-br\/#\/schema\/person\/9aab44dc72cd3c3d0bae867ca5bdf3bb\"},\"headline\":\"O risco da mudan\u00e7a clim\u00e1tica n\u00e3o \u00e9 a maior amea\u00e7a \u00e0 vida selvagem\",\"datePublished\":\"2021-04-29T16:10:41+00:00\",\"dateModified\":\"2024-08-10T17:07:26+00:00\",\"mainEntityOfPage\":{\"@id\":\"https:\/\/sustainablereview.com\/pt-br\/risco-de-mudanca-climatica-vida-selvagem\/\"},\"wordCount\":1303,\"commentCount\":0,\"publisher\":{\"@id\":\"https:\/\/sustainablereview.com\/pt-br\/#organization\"},\"image\":{\"@id\":\"https:\/\/sustainablereview.com\/pt-br\/risco-de-mudanca-climatica-vida-selvagem\/#primaryimage\"},\"thumbnailUrl\":\"https:\/\/sustainablereview.com\/wp-content\/uploads\/2020\/09\/Bigger-threat-than-climate-change.png\",\"articleSection\":[\"Ci\u00eancia\"],\"inLanguage\":\"pt-BR\",\"potentialAction\":[{\"@type\":\"CommentAction\",\"name\":\"Comment\",\"target\":[\"https:\/\/sustainablereview.com\/pt-br\/risco-de-mudanca-climatica-vida-selvagem\/#respond\"]}]},{\"@type\":\"WebPage\",\"@id\":\"https:\/\/sustainablereview.com\/pt-br\/risco-de-mudanca-climatica-vida-selvagem\/\",\"url\":\"https:\/\/sustainablereview.com\/pt-br\/risco-de-mudanca-climatica-vida-selvagem\/\",\"name\":\"O risco da mudan\u00e7a clim\u00e1tica n\u00e3o \u00e9 a maior amea\u00e7a \u00e0 vida selvagem &#8212; Sustainable Review\",\"isPartOf\":{\"@id\":\"https:\/\/sustainablereview.com\/pt-br\/#website\"},\"primaryImageOfPage\":{\"@id\":\"https:\/\/sustainablereview.com\/pt-br\/risco-de-mudanca-climatica-vida-selvagem\/#primaryimage\"},\"image\":{\"@id\":\"https:\/\/sustainablereview.com\/pt-br\/risco-de-mudanca-climatica-vida-selvagem\/#primaryimage\"},\"thumbnailUrl\":\"https:\/\/sustainablereview.com\/wp-content\/uploads\/2020\/09\/Bigger-threat-than-climate-change.png\",\"datePublished\":\"2021-04-29T16:10:41+00:00\",\"dateModified\":\"2024-08-10T17:07:26+00:00\",\"breadcrumb\":{\"@id\":\"https:\/\/sustainablereview.com\/pt-br\/risco-de-mudanca-climatica-vida-selvagem\/#breadcrumb\"},\"inLanguage\":\"pt-BR\",\"potentialAction\":[{\"@type\":\"ReadAction\",\"target\":[\"https:\/\/sustainablereview.com\/pt-br\/risco-de-mudanca-climatica-vida-selvagem\/\"]}]},{\"@type\":\"ImageObject\",\"inLanguage\":\"pt-BR\",\"@id\":\"https:\/\/sustainablereview.com\/pt-br\/risco-de-mudanca-climatica-vida-selvagem\/#primaryimage\",\"url\":\"https:\/\/sustainablereview.com\/wp-content\/uploads\/2020\/09\/Bigger-threat-than-climate-change.png\",\"contentUrl\":\"https:\/\/sustainablereview.com\/wp-content\/uploads\/2020\/09\/Bigger-threat-than-climate-change.png\",\"width\":1600,\"height\":1256},{\"@type\":\"BreadcrumbList\",\"@id\":\"https:\/\/sustainablereview.com\/pt-br\/risco-de-mudanca-climatica-vida-selvagem\/#breadcrumb\",\"itemListElement\":[{\"@type\":\"ListItem\",\"position\":1,\"name\":\"In\u00edcio\",\"item\":\"https:\/\/sustainablereview.com\/pt-br\/inicio\/\"},{\"@type\":\"ListItem\",\"position\":2,\"name\":\"O risco da mudan\u00e7a clim\u00e1tica n\u00e3o \u00e9 a maior amea\u00e7a \u00e0 vida selvagem\"}]},{\"@type\":\"WebSite\",\"@id\":\"https:\/\/sustainablereview.com\/pt-br\/#website\",\"url\":\"https:\/\/sustainablereview.com\/pt-br\/\",\"name\":\"Sustainable Review\",\"description\":\"Let us do the &#039;Green-splaining&#039;\",\"publisher\":{\"@id\":\"https:\/\/sustainablereview.com\/pt-br\/#organization\"},\"potentialAction\":[{\"@type\":\"SearchAction\",\"target\":{\"@type\":\"EntryPoint\",\"urlTemplate\":\"https:\/\/sustainablereview.com\/pt-br\/?s={search_term_string}\"},\"query-input\":\"required name=search_term_string\"}],\"inLanguage\":\"pt-BR\"},{\"@type\":\"Organization\",\"@id\":\"https:\/\/sustainablereview.com\/pt-br\/#organization\",\"name\":\"Sustainable Review\",\"url\":\"https:\/\/sustainablereview.com\/pt-br\/\",\"logo\":{\"@type\":\"ImageObject\",\"inLanguage\":\"pt-BR\",\"@id\":\"https:\/\/sustainablereview.com\/pt-br\/#\/schema\/logo\/image\/\",\"url\":\"https:\/\/sustainablereview.com\/wp-content\/uploads\/2020\/06\/static1.squarespace.png\",\"contentUrl\":\"https:\/\/sustainablereview.com\/wp-content\/uploads\/2020\/06\/static1.squarespace.png\",\"width\":800,\"height\":800,\"caption\":\"Sustainable Review\"},\"image\":{\"@id\":\"https:\/\/sustainablereview.com\/pt-br\/#\/schema\/logo\/image\/\"},\"sameAs\":[\"https:\/\/x.com\/sustainreview\"]},{\"@type\":\"Person\",\"@id\":\"https:\/\/sustainablereview.com\/pt-br\/#\/schema\/person\/9aab44dc72cd3c3d0bae867ca5bdf3bb\",\"name\":\"Jared Wolf\",\"image\":{\"@type\":\"ImageObject\",\"inLanguage\":\"pt-BR\",\"@id\":\"https:\/\/sustainablereview.com\/pt-br\/#\/schema\/person\/image\/\",\"url\":\"https:\/\/sustainablereview.com\/wp-content\/litespeed\/avatar\/5fdad557a37518fdc60e28cf27e8dbaa.jpg?ver=1776863556\",\"contentUrl\":\"https:\/\/sustainablereview.com\/wp-content\/litespeed\/avatar\/5fdad557a37518fdc60e28cf27e8dbaa.jpg?ver=1776863556\",\"caption\":\"Jared Wolf\"},\"description\":\"I am a marketer, content creator, and climate change optimist committed to demystifying sustainability. I have published over 150 articles spanning climate and sustainability, dedicating his time to crafting scientifically-accurate, apolitical content around sensitive climate topics. My content is designed to create a healthier, happier climate conversation through earth-conscious, honest independent media.\",\"sameAs\":[\"https:\/\/www.instagram.com\/jrdwolf\",\"https:\/\/www.linkedin.com\/in\/jareddwolf\/\",\"https:\/\/x.com\/http:\/\/twitter.com\/jar3dwolf\",\"https:\/\/youtube.com\/sustainablereview\"],\"url\":\"https:\/\/sustainablereview.com\/pt-br\/author\/jared\/\"}]}<\/script>\n<!-- \/ Yoast SEO plugin. -->","yoast_head_json":{"title":"O risco da mudan\u00e7a clim\u00e1tica n\u00e3o \u00e9 a maior amea\u00e7a \u00e0 vida selvagem &#8212; Sustainable Review","robots":{"index":"index","follow":"follow","max-snippet":"max-snippet:-1","max-image-preview":"max-image-preview:large","max-video-preview":"max-video-preview:-1"},"canonical":"https:\/\/sustainablereview.com\/pt-br\/risco-de-mudanca-climatica-vida-selvagem\/","og_locale":"pt_BR","og_type":"article","og_title":"O risco da mudan\u00e7a clim\u00e1tica n\u00e3o \u00e9 a maior amea\u00e7a \u00e0 vida selvagem &#8212; Sustainable Review","og_description":"Voc\u00ea est\u00e1 ocupado? Experimente a leitura r\u00e1pida.  O relat\u00f3rio: Um estudo de 2016 com mais de 8.000 esp\u00e9cies amea\u00e7adas ou quase amea\u00e7adas constatou que a explora\u00e7\u00e3o excessiva e a atividade agr\u00edcola representam uma amea\u00e7a muito maior \u00e0 biodiversidade do que as mudan\u00e7as clim\u00e1ticas.  Por que \u00e9 importante: A mudan\u00e7a clim\u00e1tica \u00e9 abstrata e de longo prazo. Mas ela tamb\u00e9m recebe toda a cobertura das not\u00edcias de \u00faltima hora. Na realidade, tend\u00eancias severas, como o desmatamento e a ca\u00e7a ilegal, representam amea\u00e7as imediatas \u00e0 vida selvagem. Elas tamb\u00e9m precisam de aten\u00e7\u00e3o urgente.  Esses problemas tang\u00edveis merecem aten\u00e7\u00e3o semelhante \u00e0 das emiss\u00f5es de carbono. A maioria dos fundos ESG despeja dinheiro em energia limpa (na moda) enquanto esp\u00e9cies cr\u00edticas enfrentam a extin\u00e7\u00e3o por outras causas.  Sugest\u00e3o sustent\u00e1vel: As solu\u00e7\u00f5es ambientais devem ser mais abrangentes. Como podemos trabalhar de forma mais cooperativa com amea\u00e7as que se cruzam, como a mitiga\u00e7\u00e3o do risco de inc\u00eandios florestais e a restaura\u00e7\u00e3o ecol\u00f3gica, por exemplo.  Uma organiza\u00e7\u00e3o florestal pode querer limpar a madeira morta para evitar inc\u00eandios florestais mais severos, mas um grupo de conserva\u00e7\u00e3o a processar\u00e1 por derrubar uma floresta sagrada. Um grupo de conserva\u00e7\u00e3o pode querer apoiar a ca\u00e7a de uma esp\u00e9cie invasora, mas um grupo de direitos dos animais o condenar\u00e1 publicamente.  As organiza\u00e7\u00f5es com filosofias diferentes devem trabalhar mais de perto por meio de coaliz\u00f5es e associa\u00e7\u00f5es para entender suas perspectivas.  Resumindo: a mudan\u00e7a clim\u00e1tica \u00e9 importante e tem interse\u00e7\u00e3o com basicamente todas as quest\u00f5es ecol\u00f3gicas. N\u00e3o estou dizendo que devemos lev\u00e1-la menos a s\u00e9rio. Mas essa amea\u00e7a gigantesca ser\u00e1 muito mais f\u00e1cil de gerenciar se eliminarmos os problemas menores que vemos, tocamos e sentimos.  Precisamos de uma agricultura mais inteligente, uma pecu\u00e1ria mais respons\u00e1vel, responsabilidade pela ca\u00e7a comercial, pesca e extra\u00e7\u00e3o de madeira. Precisamos de uma prote\u00e7\u00e3o mais rigorosa da terra em \u00e1reas sens\u00edveis do mundo em desenvolvimento. Isso \u00e9 t\u00e3o importante quanto as mudan\u00e7as clim\u00e1ticas.  Aprofunde-se \u2192 3 min","og_url":"https:\/\/sustainablereview.com\/pt-br\/risco-de-mudanca-climatica-vida-selvagem\/","og_site_name":"Sustainable Review","article_published_time":"2021-04-29T16:10:41+00:00","article_modified_time":"2024-08-10T17:07:26+00:00","og_image":[{"width":1600,"height":1256,"url":"https:\/\/sustainablereview.com\/wp-content\/uploads\/2020\/09\/Bigger-threat-than-climate-change.png","type":"image\/png"}],"author":"Jared Wolf","twitter_card":"summary_large_image","twitter_creator":"@http:\/\/twitter.com\/jar3dwolf","twitter_site":"@sustainreview","twitter_misc":{"Escrito por":"Jared Wolf","Est. tempo de leitura":"6 minutos"},"schema":{"@context":"https:\/\/schema.org","@graph":[{"@type":"Article","@id":"https:\/\/sustainablereview.com\/pt-br\/risco-de-mudanca-climatica-vida-selvagem\/#article","isPartOf":{"@id":"https:\/\/sustainablereview.com\/pt-br\/risco-de-mudanca-climatica-vida-selvagem\/"},"author":{"name":"Jared Wolf","@id":"https:\/\/sustainablereview.com\/pt-br\/#\/schema\/person\/9aab44dc72cd3c3d0bae867ca5bdf3bb"},"headline":"O risco da mudan\u00e7a clim\u00e1tica n\u00e3o \u00e9 a maior amea\u00e7a \u00e0 vida selvagem","datePublished":"2021-04-29T16:10:41+00:00","dateModified":"2024-08-10T17:07:26+00:00","mainEntityOfPage":{"@id":"https:\/\/sustainablereview.com\/pt-br\/risco-de-mudanca-climatica-vida-selvagem\/"},"wordCount":1303,"commentCount":0,"publisher":{"@id":"https:\/\/sustainablereview.com\/pt-br\/#organization"},"image":{"@id":"https:\/\/sustainablereview.com\/pt-br\/risco-de-mudanca-climatica-vida-selvagem\/#primaryimage"},"thumbnailUrl":"https:\/\/sustainablereview.com\/wp-content\/uploads\/2020\/09\/Bigger-threat-than-climate-change.png","articleSection":["Ci\u00eancia"],"inLanguage":"pt-BR","potentialAction":[{"@type":"CommentAction","name":"Comment","target":["https:\/\/sustainablereview.com\/pt-br\/risco-de-mudanca-climatica-vida-selvagem\/#respond"]}]},{"@type":"WebPage","@id":"https:\/\/sustainablereview.com\/pt-br\/risco-de-mudanca-climatica-vida-selvagem\/","url":"https:\/\/sustainablereview.com\/pt-br\/risco-de-mudanca-climatica-vida-selvagem\/","name":"O risco da mudan\u00e7a clim\u00e1tica n\u00e3o \u00e9 a maior amea\u00e7a \u00e0 vida selvagem &#8212; Sustainable Review","isPartOf":{"@id":"https:\/\/sustainablereview.com\/pt-br\/#website"},"primaryImageOfPage":{"@id":"https:\/\/sustainablereview.com\/pt-br\/risco-de-mudanca-climatica-vida-selvagem\/#primaryimage"},"image":{"@id":"https:\/\/sustainablereview.com\/pt-br\/risco-de-mudanca-climatica-vida-selvagem\/#primaryimage"},"thumbnailUrl":"https:\/\/sustainablereview.com\/wp-content\/uploads\/2020\/09\/Bigger-threat-than-climate-change.png","datePublished":"2021-04-29T16:10:41+00:00","dateModified":"2024-08-10T17:07:26+00:00","breadcrumb":{"@id":"https:\/\/sustainablereview.com\/pt-br\/risco-de-mudanca-climatica-vida-selvagem\/#breadcrumb"},"inLanguage":"pt-BR","potentialAction":[{"@type":"ReadAction","target":["https:\/\/sustainablereview.com\/pt-br\/risco-de-mudanca-climatica-vida-selvagem\/"]}]},{"@type":"ImageObject","inLanguage":"pt-BR","@id":"https:\/\/sustainablereview.com\/pt-br\/risco-de-mudanca-climatica-vida-selvagem\/#primaryimage","url":"https:\/\/sustainablereview.com\/wp-content\/uploads\/2020\/09\/Bigger-threat-than-climate-change.png","contentUrl":"https:\/\/sustainablereview.com\/wp-content\/uploads\/2020\/09\/Bigger-threat-than-climate-change.png","width":1600,"height":1256},{"@type":"BreadcrumbList","@id":"https:\/\/sustainablereview.com\/pt-br\/risco-de-mudanca-climatica-vida-selvagem\/#breadcrumb","itemListElement":[{"@type":"ListItem","position":1,"name":"In\u00edcio","item":"https:\/\/sustainablereview.com\/pt-br\/inicio\/"},{"@type":"ListItem","position":2,"name":"O risco da mudan\u00e7a clim\u00e1tica n\u00e3o \u00e9 a maior amea\u00e7a \u00e0 vida selvagem"}]},{"@type":"WebSite","@id":"https:\/\/sustainablereview.com\/pt-br\/#website","url":"https:\/\/sustainablereview.com\/pt-br\/","name":"Sustainable Review","description":"Let us do the &#039;Green-splaining&#039;","publisher":{"@id":"https:\/\/sustainablereview.com\/pt-br\/#organization"},"potentialAction":[{"@type":"SearchAction","target":{"@type":"EntryPoint","urlTemplate":"https:\/\/sustainablereview.com\/pt-br\/?s={search_term_string}"},"query-input":"required name=search_term_string"}],"inLanguage":"pt-BR"},{"@type":"Organization","@id":"https:\/\/sustainablereview.com\/pt-br\/#organization","name":"Sustainable Review","url":"https:\/\/sustainablereview.com\/pt-br\/","logo":{"@type":"ImageObject","inLanguage":"pt-BR","@id":"https:\/\/sustainablereview.com\/pt-br\/#\/schema\/logo\/image\/","url":"https:\/\/sustainablereview.com\/wp-content\/uploads\/2020\/06\/static1.squarespace.png","contentUrl":"https:\/\/sustainablereview.com\/wp-content\/uploads\/2020\/06\/static1.squarespace.png","width":800,"height":800,"caption":"Sustainable Review"},"image":{"@id":"https:\/\/sustainablereview.com\/pt-br\/#\/schema\/logo\/image\/"},"sameAs":["https:\/\/x.com\/sustainreview"]},{"@type":"Person","@id":"https:\/\/sustainablereview.com\/pt-br\/#\/schema\/person\/9aab44dc72cd3c3d0bae867ca5bdf3bb","name":"Jared Wolf","image":{"@type":"ImageObject","inLanguage":"pt-BR","@id":"https:\/\/sustainablereview.com\/pt-br\/#\/schema\/person\/image\/","url":"https:\/\/sustainablereview.com\/wp-content\/litespeed\/avatar\/5fdad557a37518fdc60e28cf27e8dbaa.jpg?ver=1776863556","contentUrl":"https:\/\/sustainablereview.com\/wp-content\/litespeed\/avatar\/5fdad557a37518fdc60e28cf27e8dbaa.jpg?ver=1776863556","caption":"Jared Wolf"},"description":"I am a marketer, content creator, and climate change optimist committed to demystifying sustainability. I have published over 150 articles spanning climate and sustainability, dedicating his time to crafting scientifically-accurate, apolitical content around sensitive climate topics. My content is designed to create a healthier, happier climate conversation through earth-conscious, honest independent media.","sameAs":["https:\/\/www.instagram.com\/jrdwolf","https:\/\/www.linkedin.com\/in\/jareddwolf\/","https:\/\/x.com\/http:\/\/twitter.com\/jar3dwolf","https:\/\/youtube.com\/sustainablereview"],"url":"https:\/\/sustainablereview.com\/pt-br\/author\/jared\/"}]}},"wpml_translations":{"en":"6561","pl":"60707","pt-br":"39402"},"_links":{"self":[{"href":"https:\/\/sustainablereview.com\/pt-br\/wp-json\/wp\/v2\/posts\/39402"}],"collection":[{"href":"https:\/\/sustainablereview.com\/pt-br\/wp-json\/wp\/v2\/posts"}],"about":[{"href":"https:\/\/sustainablereview.com\/pt-br\/wp-json\/wp\/v2\/types\/post"}],"author":[{"embeddable":true,"href":"https:\/\/sustainablereview.com\/pt-br\/wp-json\/wp\/v2\/users\/17"}],"replies":[{"embeddable":true,"href":"https:\/\/sustainablereview.com\/pt-br\/wp-json\/wp\/v2\/comments?post=39402"}],"version-history":[{"count":1,"href":"https:\/\/sustainablereview.com\/pt-br\/wp-json\/wp\/v2\/posts\/39402\/revisions"}],"predecessor-version":[{"id":39914,"href":"https:\/\/sustainablereview.com\/pt-br\/wp-json\/wp\/v2\/posts\/39402\/revisions\/39914"}],"wp:featuredmedia":[{"embeddable":true,"href":"https:\/\/sustainablereview.com\/pt-br\/wp-json\/wp\/v2\/media\/6567"}],"wp:attachment":[{"href":"https:\/\/sustainablereview.com\/pt-br\/wp-json\/wp\/v2\/media?parent=39402"}],"wp:term":[{"taxonomy":"category","embeddable":true,"href":"https:\/\/sustainablereview.com\/pt-br\/wp-json\/wp\/v2\/categories?post=39402"},{"taxonomy":"post_tag","embeddable":true,"href":"https:\/\/sustainablereview.com\/pt-br\/wp-json\/wp\/v2\/tags?post=39402"}],"curies":[{"name":"wp","href":"https:\/\/api.w.org\/{rel}","templated":true}]}}