{"id":39431,"date":"2020-11-19T17:12:27","date_gmt":"2020-11-19T22:12:27","guid":{"rendered":"https:\/\/sustainablereview.com\/?p=39431"},"modified":"2024-08-10T13:08:45","modified_gmt":"2024-08-10T17:08:45","slug":"desigualdade-global-mais-alta-em-decadas","status":"publish","type":"post","link":"https:\/\/sustainablereview.com\/pt-br\/desigualdade-global-mais-alta-em-decadas\/","title":{"rendered":"A desigualdade global \u00e9 a maior em d\u00e9cadas"},"content":{"rendered":"\t\t<div data-elementor-type=\"wp-post\" data-elementor-id=\"39431\" class=\"elementor elementor-39431 elementor-7200\" data-elementor-post-type=\"post\">\n\t\t\t\t\t\t<section class=\"has_eae_slider elementor-section elementor-top-section elementor-element elementor-element-a52ecf6 elementor-section-boxed elementor-section-height-default elementor-section-height-default\" data-id=\"a52ecf6\" data-element_type=\"section\">\n\t\t\t\t\t\t<div class=\"elementor-container elementor-column-gap-default\">\n\t\t\t\t\t<div class=\"has_eae_slider elementor-column elementor-col-100 elementor-top-column elementor-element elementor-element-220353b\" data-id=\"220353b\" data-element_type=\"column\">\n\t\t\t<div class=\"elementor-widget-wrap elementor-element-populated\">\n\t\t\t\t\t\t<div class=\"elementor-element elementor-element-2e902a2 elementor-widget elementor-widget-text-editor\" data-id=\"2e902a2\" data-element_type=\"widget\" data-widget_type=\"text-editor.default\">\n\t\t\t\t<div class=\"elementor-widget-container\">\n\t\t\t\t\t\t\t<p>Printing trillions of fiat dollars won&#8217;t solve global inequality. Raising taxes on corporations won&#8217;t solve global inequality. And covid lockdowns in Europe &amp; the US are intensifying poverty in the most sensitive parts of the world.<\/p>\t\t\t\t\t\t<\/div>\n\t\t\t\t<\/div>\n\t\t\t\t\t<\/div>\n\t\t<\/div>\n\t\t\t\t\t<\/div>\n\t\t<\/section>\n\t\t\t\t<section class=\"has_eae_slider elementor-section elementor-top-section elementor-element elementor-element-69fac4d elementor-section-boxed elementor-section-height-default elementor-section-height-default\" data-id=\"69fac4d\" data-element_type=\"section\" data-settings=\"{&quot;background_background&quot;:&quot;classic&quot;}\">\n\t\t\t\t\t\t<div class=\"elementor-container elementor-column-gap-default\">\n\t\t\t\t\t<div class=\"has_eae_slider elementor-column elementor-col-100 elementor-top-column elementor-element elementor-element-d7b8928\" data-id=\"d7b8928\" data-element_type=\"column\">\n\t\t\t<div class=\"elementor-widget-wrap elementor-element-populated\">\n\t\t\t\t\t\t<div class=\"elementor-element elementor-element-fd3baac elementor-widget elementor-widget-text-editor\" data-id=\"fd3baac\" data-element_type=\"widget\" data-widget_type=\"text-editor.default\">\n\t\t\t\t<div class=\"elementor-widget-container\">\n\t\t\t\t\t\t\t<h5>Busy? Try the speed read.<\/h5>\n<p><strong>The scoop:<\/strong> The World Bank projects extreme poverty to rise for the first time since the 1990s, while 270 million people are at risk of starvation (2x higher than 2019).<\/p>\n<p><strong>Lockdowns and inequality<\/strong>: 20+ million Americans are still unemployed. 160,000 US business have closed. Despite that, Amazon, Wal-Mart and Costco (for example) are posting record high online sales.<\/p>\n<p><strong>What can we do?<\/strong> Go beyond SBA loans and stimulus checks. We should like, actually be doing everything we can to keep small business owners afloat.<\/p>\n<p>Local coffee shops &gt; Starbucks, Thrift &gt; Marshall&#8217;s, Art galleries for Home Decor &gt; Amazon.<\/p>\n<p><strong>Bottom line:<\/strong> We can clean up this institutional mess by creating a new structure around congressional term limits, monopoly break-ups, whistleblower support, and free speech&#8230; or we can allow the same actors to weave the world we&#8217;ve grown to love and hate.<\/p>\n<p><strong>Dig deeper \u2192 3 min<\/strong><\/p>\t\t\t\t\t\t<\/div>\n\t\t\t\t<\/div>\n\t\t\t\t\t<\/div>\n\t\t<\/div>\n\t\t\t\t\t<\/div>\n\t\t<\/section>\n\t\t\t\t<section class=\"has_eae_slider elementor-section elementor-top-section elementor-element elementor-element-5e3bf516 elementor-section-boxed elementor-section-height-default elementor-section-height-default\" data-id=\"5e3bf516\" data-element_type=\"section\">\n\t\t\t\t\t\t<div class=\"elementor-container elementor-column-gap-default\">\n\t\t\t\t\t<div class=\"has_eae_slider elementor-column elementor-col-100 elementor-top-column elementor-element elementor-element-24a6022a\" data-id=\"24a6022a\" data-element_type=\"column\">\n\t\t\t<div class=\"elementor-widget-wrap elementor-element-populated\">\n\t\t\t\t\t\t<div class=\"elementor-element elementor-element-1cb3be62 elementor-widget elementor-widget-text-editor\" data-id=\"1cb3be62\" data-element_type=\"widget\" data-widget_type=\"text-editor.default\">\n\t\t\t\t<div class=\"elementor-widget-container\">\n\t\t\t\t\t\t\t<p><\/p>\n<p><\/p>\n<p><\/p>\n<p><\/p>\n<p><\/p>\n<h2>Painting global inequality in 2020<\/h2>\n<p><\/p>\n<p><\/p>\n<p>During a global pandemic, billionaires saw their <a href=\"https:\/\/www.businessinsider.com\/billionaires-net-worth-increases-coronavirus-pandemic-2020-7?op=1\" target=\"_blank\" rel=\"noreferrer noopener\">net worth increase by half a trillion<\/a> dollars. This isn&#8217;t the first time billionaires have profited off a crisis and it won&#8217;t be the last. <\/p>\n<p>Governments often bail out larger companies in a downturn. The wealthy takes those extra dollars to reinvest in a low-priced mutual fund or maybe a housing project while the rest of us scrap up the few overlooked opportunities that remain five years later.<\/p>\n<p><\/p>\n<p><\/p>\n<p>Every boom-bust cycle, a few of us in the rat race build a cool idea. We may get a little lucky with a VC willing to take a chance or a well-connected customer. This year, someone new gets to join the yacht club.<\/p>\n<p>Elsewhere, Middle America smiles. She got an extra cookie this year. A new tech gadget just arrived on the market. It keeps us just a little more distracted from the absurdity of everyday life.<\/p>\n<p><\/p>\n<p><\/p>\n<p>And while we trade cookies for good behavior, a continuous, subtle cloud of intrusion peers over the private life of the average American. But we&#8217;ll leave the tech takeover for another year. Probably next year. This year, people are particularly starving.<\/p>\n<p><\/p>\n<p><\/p>\n<h3>Hunger, unemployment looms<\/h3>\n<p><\/p>\n<p><\/p>\n<p><a href=\"https:\/\/news.un.org\/en\/story\/2020\/09\/1072712\" target=\"_blank\" rel=\"noreferrer noopener\">According to the UN<\/a>, the number of people facing acute food insecurity is expected to double to 270 million from 135 million in 2019. The World Bank projects extreme poverty to rise for the first time since the 1990s.<\/p>\n<p><\/p>\n<p><\/p>\n<p>Meanwhile, there are still <a href=\"https:\/\/www.ibtimes.com\/us-unemployment-claims-drop-sharply-latest-week-3081076\" target=\"_blank\" rel=\"noreferrer noopener\">20+ million unemployed<\/a> in the US. As of late August, over 160,000 US business have closed. <a href=\"https:\/\/markets.businessinsider.com\/news\/stocks\/yelp-business-closures-permanent-covid-report-2020-9-1029598577?op=1\" target=\"_blank\" rel=\"noreferrer noopener\">According to a Yelp report<\/a>, 60% of those are expected to close permanently. Larger retailers, like Wal-Mart, Amazon and Costco, are putting out record sales numbers.<\/p>\n<p><\/p>\n<p><\/p>\n<p>To buck that trend, US lawmakers took a fiscal approach. One remedy was <a href=\"https:\/\/sustainablereview-com.preview-domain.com\/corporations-csr-goals-take-advantage-of-ppp\/\" target=\"_blank\" rel=\"noreferrer noopener\">the Paycheck Protection Program (PPP)<\/a>, an SBA loan designed to keep a small business workforce employed during the COVID-19 crisis. The problem is that many corporations (even publicly traded ones like Ruth Chris Steakhouse) also filed for PPP, and they were happy to take the check, whether or not they actually needed it.<\/p>\n<p><\/p>\n<p><\/p>\n<p>You can check out the full spreadsheet of PPP recipients <a href=\"https:\/\/home.treasury.gov\/policy-issues\/cares-act\/assistance-for-small-businesses\/sba-paycheck-protection-program-loan-level-data\" target=\"_blank\" rel=\"noreferrer noopener\">here<\/a>, and decide for yourself who deserved it and who didn&#8217;t.<\/p>\n<p><\/p>\n<p><\/p>\n<h2>Congress goes fiscal to fight inequality<\/h2>\n<p><\/p>\n<p><\/p>\n<p>The Senate also passed a stimulus check back in the Spring, which gave $1,200 to qualified tax-independent adults. That helped, but unemployment already sends most Americans about $600\/week. It was really just an unemployment boost and a one-month safety net for Americans lucky enough still have a job after their state government forced them to no longer have one.<\/p>\n<p><\/p>\n<p><\/p>\n<h3>Swimming in a spending swamp<\/h3>\n<p><\/p>\n<p><\/p>\n<p>This month, Congress can&#8217;t decide what to do. I&#8217;m hearing about a $1.4 trillion proposal from Republicans without covid relief, a $2.2 trillion bill from Dems, a second stimulus check. But none of it seems clear nor promising for mom-and-pop owners looking to budget meals for an uncertain winter.<br><\/p>\n<p><\/p>\n<p><\/p>\n<p>This is the situation unfolding for the United States, the #1 economy in the world. The gold standard for how to run an economy.<\/p><p>Similarly virus-plagued nations (like Brazil) already struggled with deep poverty prior the global pandemic. Now they have to cope with even more instability.<\/p>\n<p><\/p>\n<p><\/p>\n<p>So why won&#8217;t taxing the rich do much to fight inequality? Rich people don&#8217;t cause inequality. Wealth doesn&#8217;t signify injustice. Power-hungry, selfish people are the ones who cause inequality.<br><\/p><p>I&#8217;m not beholden to any political party, let&#8217;s call a spade a spade: lockdowns are the #1 catalyst for disproportionate profit gains between the 1% and 99% in 2020.<\/p><p>It&#8217;s not a political statement, it&#8217;s a statistical reality. The longer we wait for a vaccine (which is more a stock gains race than a saving lives race), the longer it&#8217;ll take for middle-class citizens around the world to catch some scraps this time around.<\/p><p>If we want to improve economic inequality, citizens must retain freedom in every sense of the word.<br><\/p>\n<p><\/p>\n<p><\/p>\n<h2>Lockdowns intensify global inequality<\/h2>\n<p><\/p>\n<p><\/p>\n<p>Perhaps a lockdown is justified, perhaps it&#8217;s not. But one thing is for sure: a fiscal package propagated by men and women beholden to the pocket books of corporations and institutions will not be sufficient in solving this economic crisis.<\/p>\n<p><\/p>\n<p><\/p>\n<p>As I&#8217;ve been discussing in <a href=\"https:\/\/sustainablereview-com.preview-domain.com\" target=\"_blank\" rel=\"noreferrer noopener\">my last few posts<\/a>, the World Economic Forum, the United Nations, and government leaders from around the world are calling for a &#8216;great reset&#8217; in which we must &#8216;build back better&#8217; to recover from this major public health crisis and global economic downturn.<\/p>\n<p><\/p>\n<p><\/p>\n<p>While I agree on the surface that major change is required, I&#8217;m not sure if our proposals would align beyond that statement.<\/p><p>Setting congressional term limits, initiating campaign finance reform, supporting whistleblower culture, removing barriers to entry for new entrepreneurs, breaking up big tech monopolies, <a href=\"https:\/\/news.yahoo.com\/section-230-controversy-lawmakers-to-question-facebook-twitter-chiefs-over-content-moderation-095117512.html\" target=\"_blank\" rel=\"noreferrer noopener\">rewriting section 230<\/a> to put power back into the hands of the individual in online communications&#8230; these are the tenants of a freer, healthier society.<\/p>\n<p><\/p>\n<p><\/p>\n<p>Pharmaceutical corporations shouldn&#8217;t dictate public health information based on ad spend. Government workers shouldn&#8217;t be afraid to speak up about corruption (one of Obama&#8217;s biggest flaws). Old men and women shouldn&#8217;t be censored for peaceful, nuanced conversations about the efficacy of our nation&#8217;s public health response.<\/p><p>Unfortunately, health &amp; safety today rears behind the ugly head of stock gains and reelection campaigns. Saving lives is tertiary. Too bad you can&#8217;t patent a vitamin.<\/p>\n<p><\/p>\n<p><\/p>\n<p>I&#8217;ll close it off by tying it to climate, the reason I started this blog in the first place. We can either clean up these institutional actors now, or allow them to craft the climate plan. I don&#8217;t care if they are saying all of the right things, they have proven to be untrustworthy. The result of doing-nothing will be a more drastic state response to climate mitigation, beyond science or logic.<\/p>\n<p><\/p>\n<p><\/p>\n<p>Climate lockdowns? Energy quotas? No streaming past midnight.<\/p>\n<p><\/p>\n<p><\/p>\n<p>Perhaps, like covid restrictions, these imposed rules would not be totally unjustified. But the ones writing the manual for this &#8216;great reset&#8217; are the very same programmers that ruined it last time. Did they learn their lesson?<\/p>\n<p><\/p>\t\t\t\t\t\t<\/div>\n\t\t\t\t<\/div>\n\t\t\t\t\t<\/div>\n\t\t<\/div>\n\t\t\t\t\t<\/div>\n\t\t<\/section>\n\t\t\t\t<\/div>\n\t\t","protected":false},"excerpt":{"rendered":"<p><!-- wp:heading {\"level\":5} --><\/p>\n<h5>Se voc\u00ea estiver ocupado, experimente a leitura r\u00e1pida.<\/h5>\n<p><!-- \/wp:heading --><\/p>\n<p><!-- wp:paragraph --><\/p>\n<p><strong>O furo de reportagem:<\/strong> O Banco Mundial prev\u00ea que a pobreza extrema aumentar\u00e1 pela primeira vez desde a d\u00e9cada de 1990, enquanto 270 milh\u00f5es de pessoas correm o risco de passar fome (duas vezes mais do que em 2019).<\/p>\n<p><!-- \/wp:paragraph --><\/p>\n<p><!-- wp:paragraph --><\/p>\n<p><strong>Bloqueios e desigualdade<\/strong>: mais de 20 milh\u00f5es de americanos ainda est\u00e3o desempregados. 160.000 empresas americanas fecharam. Apesar disso, a Amazon, o Wal-Mart e a Costco (por exemplo) est\u00e3o registrando um recorde de vendas on-line.<\/p>\n<p><!-- \/wp:paragraph --><\/p>\n<p><!-- wp:paragraph --><\/p>\n<p><strong>O que podemos fazer?<\/strong> Ir al\u00e9m dos empr\u00e9stimos da SBA e dos cheques de est\u00edmulo. Na verdade, dever\u00edamos estar fazendo tudo o que pudermos para manter os propriet\u00e1rios de pequenas empresas \u00e0 tona.<\/p>\n<p><!-- \/wp:paragraph --><\/p>\n<p><!-- wp:paragraph --><\/p>\n<p>Cafeterias locais &gt; Starbucks, brech\u00f3s &gt; Marshall&#8217;s, galerias de arte para decora\u00e7\u00e3o de casa &gt; Amazon.<\/p>\n<p><!-- \/wp:paragraph --><\/p>\n<p><!-- wp:paragraph --><\/p>\n<p><strong>Resumindo:<\/strong> Podemos arrumar essa bagun\u00e7a institucional criando uma nova estrutura em torno de limites de mandatos no Congresso, quebra de monop\u00f3lios, apoio a delatores e liberdade de express\u00e3o&#8230; ou podemos permitir que os mesmos atores criem o mundo que passamos a amar e odiar.<\/p>\n<p><!-- \/wp:paragraph --><\/p>\n<p><!-- wp:paragraph --><\/p>\n<p><strong>Aprofunde-se \u2192 3 min<\/strong><\/p>\n<p><!-- \/wp:paragraph --><\/p>\n","protected":false},"author":17,"featured_media":7210,"comment_status":"open","ping_status":"open","sticky":false,"template":"","format":"standard","meta":{"_acf_changed":false,"_monsterinsights_skip_tracking":false,"_monsterinsights_sitenote_active":false,"_monsterinsights_sitenote_note":"","_monsterinsights_sitenote_category":0,"footnotes":""},"categories":[3098],"tags":[],"acf":[],"yoast_head":"<!-- This site is optimized with the Yoast SEO plugin v23.2 - https:\/\/yoast.com\/wordpress\/plugins\/seo\/ -->\n<title>A desigualdade global \u00e9 a maior em d\u00e9cadas &#8212; Sustainable Review<\/title>\n<meta name=\"robots\" content=\"index, follow, max-snippet:-1, max-image-preview:large, max-video-preview:-1\" \/>\n<link rel=\"canonical\" href=\"https:\/\/sustainablereview.com\/pt-br\/desigualdade-global-mais-alta-em-decadas\/\" \/>\n<meta property=\"og:locale\" content=\"pt_BR\" \/>\n<meta property=\"og:type\" content=\"article\" \/>\n<meta property=\"og:title\" content=\"A desigualdade global \u00e9 a maior em d\u00e9cadas &#8212; Sustainable Review\" \/>\n<meta property=\"og:description\" content=\"Se voc\u00ea estiver ocupado, experimente a leitura r\u00e1pida.  O furo de reportagem: O Banco Mundial prev\u00ea que a pobreza extrema aumentar\u00e1 pela primeira vez desde a d\u00e9cada de 1990, enquanto 270 milh\u00f5es de pessoas correm o risco de passar fome (duas vezes mais do que em 2019).  Bloqueios e desigualdade: mais de 20 milh\u00f5es de americanos ainda est\u00e3o desempregados. 160.000 empresas americanas fecharam. Apesar disso, a Amazon, o Wal-Mart e a Costco (por exemplo) est\u00e3o registrando um recorde de vendas on-line.  O que podemos fazer? Ir al\u00e9m dos empr\u00e9stimos da SBA e dos cheques de est\u00edmulo. Na verdade, dever\u00edamos estar fazendo tudo o que pudermos para manter os propriet\u00e1rios de pequenas empresas \u00e0 tona.  Cafeterias locais &gt; Starbucks, brech\u00f3s &gt; Marshall&#039;s, galerias de arte para decora\u00e7\u00e3o de casa &gt; Amazon.  Resumindo: Podemos arrumar essa bagun\u00e7a institucional criando uma nova estrutura em torno de limites de mandatos no Congresso, quebra de monop\u00f3lios, apoio a delatores e liberdade de express\u00e3o... ou podemos permitir que os mesmos atores criem o mundo que passamos a amar e odiar.  Aprofunde-se \u2192 3 min\" \/>\n<meta property=\"og:url\" content=\"https:\/\/sustainablereview.com\/pt-br\/desigualdade-global-mais-alta-em-decadas\/\" \/>\n<meta property=\"og:site_name\" content=\"Sustainable Review\" \/>\n<meta property=\"article:published_time\" content=\"2020-11-19T22:12:27+00:00\" \/>\n<meta property=\"article:modified_time\" content=\"2024-08-10T17:08:45+00:00\" \/>\n<meta property=\"og:image\" content=\"https:\/\/sustainablereview.com\/wp-content\/uploads\/2020\/11\/Global-inequality.png\" \/>\n\t<meta property=\"og:image:width\" content=\"1600\" \/>\n\t<meta property=\"og:image:height\" content=\"1256\" \/>\n\t<meta property=\"og:image:type\" content=\"image\/png\" \/>\n<meta name=\"author\" content=\"Jared Wolf\" \/>\n<meta name=\"twitter:card\" content=\"summary_large_image\" \/>\n<meta name=\"twitter:creator\" content=\"@http:\/\/twitter.com\/jar3dwolf\" \/>\n<meta name=\"twitter:site\" content=\"@sustainreview\" \/>\n<meta name=\"twitter:label1\" content=\"Escrito por\" \/>\n\t<meta name=\"twitter:data1\" content=\"Jared Wolf\" \/>\n\t<meta name=\"twitter:label2\" content=\"Est. tempo de leitura\" \/>\n\t<meta name=\"twitter:data2\" content=\"7 minutos\" \/>\n<script type=\"application\/ld+json\" class=\"yoast-schema-graph\">{\"@context\":\"https:\/\/schema.org\",\"@graph\":[{\"@type\":\"Article\",\"@id\":\"https:\/\/sustainablereview.com\/pt-br\/desigualdade-global-mais-alta-em-decadas\/#article\",\"isPartOf\":{\"@id\":\"https:\/\/sustainablereview.com\/pt-br\/desigualdade-global-mais-alta-em-decadas\/\"},\"author\":{\"name\":\"Jared Wolf\",\"@id\":\"https:\/\/sustainablereview.com\/pt-br\/#\/schema\/person\/9aab44dc72cd3c3d0bae867ca5bdf3bb\"},\"headline\":\"A desigualdade global \u00e9 a maior em d\u00e9cadas\",\"datePublished\":\"2020-11-19T22:12:27+00:00\",\"dateModified\":\"2024-08-10T17:08:45+00:00\",\"mainEntityOfPage\":{\"@id\":\"https:\/\/sustainablereview.com\/pt-br\/desigualdade-global-mais-alta-em-decadas\/\"},\"wordCount\":1505,\"commentCount\":0,\"publisher\":{\"@id\":\"https:\/\/sustainablereview.com\/pt-br\/#organization\"},\"image\":{\"@id\":\"https:\/\/sustainablereview.com\/pt-br\/desigualdade-global-mais-alta-em-decadas\/#primaryimage\"},\"thumbnailUrl\":\"https:\/\/sustainablereview.com\/wp-content\/uploads\/2020\/11\/Global-inequality.png\",\"articleSection\":[\"Pol\u00edtica e regulamenta\u00e7\u00e3o\"],\"inLanguage\":\"pt-BR\",\"potentialAction\":[{\"@type\":\"CommentAction\",\"name\":\"Comment\",\"target\":[\"https:\/\/sustainablereview.com\/pt-br\/desigualdade-global-mais-alta-em-decadas\/#respond\"]}]},{\"@type\":\"WebPage\",\"@id\":\"https:\/\/sustainablereview.com\/pt-br\/desigualdade-global-mais-alta-em-decadas\/\",\"url\":\"https:\/\/sustainablereview.com\/pt-br\/desigualdade-global-mais-alta-em-decadas\/\",\"name\":\"A desigualdade global \u00e9 a maior em d\u00e9cadas &#8212; Sustainable Review\",\"isPartOf\":{\"@id\":\"https:\/\/sustainablereview.com\/pt-br\/#website\"},\"primaryImageOfPage\":{\"@id\":\"https:\/\/sustainablereview.com\/pt-br\/desigualdade-global-mais-alta-em-decadas\/#primaryimage\"},\"image\":{\"@id\":\"https:\/\/sustainablereview.com\/pt-br\/desigualdade-global-mais-alta-em-decadas\/#primaryimage\"},\"thumbnailUrl\":\"https:\/\/sustainablereview.com\/wp-content\/uploads\/2020\/11\/Global-inequality.png\",\"datePublished\":\"2020-11-19T22:12:27+00:00\",\"dateModified\":\"2024-08-10T17:08:45+00:00\",\"breadcrumb\":{\"@id\":\"https:\/\/sustainablereview.com\/pt-br\/desigualdade-global-mais-alta-em-decadas\/#breadcrumb\"},\"inLanguage\":\"pt-BR\",\"potentialAction\":[{\"@type\":\"ReadAction\",\"target\":[\"https:\/\/sustainablereview.com\/pt-br\/desigualdade-global-mais-alta-em-decadas\/\"]}]},{\"@type\":\"ImageObject\",\"inLanguage\":\"pt-BR\",\"@id\":\"https:\/\/sustainablereview.com\/pt-br\/desigualdade-global-mais-alta-em-decadas\/#primaryimage\",\"url\":\"https:\/\/sustainablereview.com\/wp-content\/uploads\/2020\/11\/Global-inequality.png\",\"contentUrl\":\"https:\/\/sustainablereview.com\/wp-content\/uploads\/2020\/11\/Global-inequality.png\",\"width\":1600,\"height\":1256},{\"@type\":\"BreadcrumbList\",\"@id\":\"https:\/\/sustainablereview.com\/pt-br\/desigualdade-global-mais-alta-em-decadas\/#breadcrumb\",\"itemListElement\":[{\"@type\":\"ListItem\",\"position\":1,\"name\":\"In\u00edcio\",\"item\":\"https:\/\/sustainablereview.com\/pt-br\/inicio\/\"},{\"@type\":\"ListItem\",\"position\":2,\"name\":\"A desigualdade global \u00e9 a maior em d\u00e9cadas\"}]},{\"@type\":\"WebSite\",\"@id\":\"https:\/\/sustainablereview.com\/pt-br\/#website\",\"url\":\"https:\/\/sustainablereview.com\/pt-br\/\",\"name\":\"Sustainable Review\",\"description\":\"Let us do the &#039;Green-splaining&#039;\",\"publisher\":{\"@id\":\"https:\/\/sustainablereview.com\/pt-br\/#organization\"},\"potentialAction\":[{\"@type\":\"SearchAction\",\"target\":{\"@type\":\"EntryPoint\",\"urlTemplate\":\"https:\/\/sustainablereview.com\/pt-br\/?s={search_term_string}\"},\"query-input\":\"required name=search_term_string\"}],\"inLanguage\":\"pt-BR\"},{\"@type\":\"Organization\",\"@id\":\"https:\/\/sustainablereview.com\/pt-br\/#organization\",\"name\":\"Sustainable Review\",\"url\":\"https:\/\/sustainablereview.com\/pt-br\/\",\"logo\":{\"@type\":\"ImageObject\",\"inLanguage\":\"pt-BR\",\"@id\":\"https:\/\/sustainablereview.com\/pt-br\/#\/schema\/logo\/image\/\",\"url\":\"https:\/\/sustainablereview.com\/wp-content\/uploads\/2020\/06\/static1.squarespace.png\",\"contentUrl\":\"https:\/\/sustainablereview.com\/wp-content\/uploads\/2020\/06\/static1.squarespace.png\",\"width\":800,\"height\":800,\"caption\":\"Sustainable Review\"},\"image\":{\"@id\":\"https:\/\/sustainablereview.com\/pt-br\/#\/schema\/logo\/image\/\"},\"sameAs\":[\"https:\/\/x.com\/sustainreview\"]},{\"@type\":\"Person\",\"@id\":\"https:\/\/sustainablereview.com\/pt-br\/#\/schema\/person\/9aab44dc72cd3c3d0bae867ca5bdf3bb\",\"name\":\"Jared Wolf\",\"image\":{\"@type\":\"ImageObject\",\"inLanguage\":\"pt-BR\",\"@id\":\"https:\/\/sustainablereview.com\/pt-br\/#\/schema\/person\/image\/\",\"url\":\"https:\/\/sustainablereview.com\/wp-content\/litespeed\/avatar\/5fdad557a37518fdc60e28cf27e8dbaa.jpg?ver=1776863556\",\"contentUrl\":\"https:\/\/sustainablereview.com\/wp-content\/litespeed\/avatar\/5fdad557a37518fdc60e28cf27e8dbaa.jpg?ver=1776863556\",\"caption\":\"Jared Wolf\"},\"description\":\"I am a marketer, content creator, and climate change optimist committed to demystifying sustainability. I have published over 150 articles spanning climate and sustainability, dedicating his time to crafting scientifically-accurate, apolitical content around sensitive climate topics. My content is designed to create a healthier, happier climate conversation through earth-conscious, honest independent media.\",\"sameAs\":[\"https:\/\/www.instagram.com\/jrdwolf\",\"https:\/\/www.linkedin.com\/in\/jareddwolf\/\",\"https:\/\/x.com\/http:\/\/twitter.com\/jar3dwolf\",\"https:\/\/youtube.com\/sustainablereview\"],\"url\":\"https:\/\/sustainablereview.com\/pt-br\/author\/jared\/\"}]}<\/script>\n<!-- \/ Yoast SEO plugin. -->","yoast_head_json":{"title":"A desigualdade global \u00e9 a maior em d\u00e9cadas &#8212; Sustainable Review","robots":{"index":"index","follow":"follow","max-snippet":"max-snippet:-1","max-image-preview":"max-image-preview:large","max-video-preview":"max-video-preview:-1"},"canonical":"https:\/\/sustainablereview.com\/pt-br\/desigualdade-global-mais-alta-em-decadas\/","og_locale":"pt_BR","og_type":"article","og_title":"A desigualdade global \u00e9 a maior em d\u00e9cadas &#8212; Sustainable Review","og_description":"Se voc\u00ea estiver ocupado, experimente a leitura r\u00e1pida.  O furo de reportagem: O Banco Mundial prev\u00ea que a pobreza extrema aumentar\u00e1 pela primeira vez desde a d\u00e9cada de 1990, enquanto 270 milh\u00f5es de pessoas correm o risco de passar fome (duas vezes mais do que em 2019).  Bloqueios e desigualdade: mais de 20 milh\u00f5es de americanos ainda est\u00e3o desempregados. 160.000 empresas americanas fecharam. Apesar disso, a Amazon, o Wal-Mart e a Costco (por exemplo) est\u00e3o registrando um recorde de vendas on-line.  O que podemos fazer? Ir al\u00e9m dos empr\u00e9stimos da SBA e dos cheques de est\u00edmulo. Na verdade, dever\u00edamos estar fazendo tudo o que pudermos para manter os propriet\u00e1rios de pequenas empresas \u00e0 tona.  Cafeterias locais &gt; Starbucks, brech\u00f3s &gt; Marshall's, galerias de arte para decora\u00e7\u00e3o de casa &gt; Amazon.  Resumindo: Podemos arrumar essa bagun\u00e7a institucional criando uma nova estrutura em torno de limites de mandatos no Congresso, quebra de monop\u00f3lios, apoio a delatores e liberdade de express\u00e3o... ou podemos permitir que os mesmos atores criem o mundo que passamos a amar e odiar.  Aprofunde-se \u2192 3 min","og_url":"https:\/\/sustainablereview.com\/pt-br\/desigualdade-global-mais-alta-em-decadas\/","og_site_name":"Sustainable Review","article_published_time":"2020-11-19T22:12:27+00:00","article_modified_time":"2024-08-10T17:08:45+00:00","og_image":[{"width":1600,"height":1256,"url":"https:\/\/sustainablereview.com\/wp-content\/uploads\/2020\/11\/Global-inequality.png","type":"image\/png"}],"author":"Jared Wolf","twitter_card":"summary_large_image","twitter_creator":"@http:\/\/twitter.com\/jar3dwolf","twitter_site":"@sustainreview","twitter_misc":{"Escrito por":"Jared Wolf","Est. tempo de leitura":"7 minutos"},"schema":{"@context":"https:\/\/schema.org","@graph":[{"@type":"Article","@id":"https:\/\/sustainablereview.com\/pt-br\/desigualdade-global-mais-alta-em-decadas\/#article","isPartOf":{"@id":"https:\/\/sustainablereview.com\/pt-br\/desigualdade-global-mais-alta-em-decadas\/"},"author":{"name":"Jared Wolf","@id":"https:\/\/sustainablereview.com\/pt-br\/#\/schema\/person\/9aab44dc72cd3c3d0bae867ca5bdf3bb"},"headline":"A desigualdade global \u00e9 a maior em d\u00e9cadas","datePublished":"2020-11-19T22:12:27+00:00","dateModified":"2024-08-10T17:08:45+00:00","mainEntityOfPage":{"@id":"https:\/\/sustainablereview.com\/pt-br\/desigualdade-global-mais-alta-em-decadas\/"},"wordCount":1505,"commentCount":0,"publisher":{"@id":"https:\/\/sustainablereview.com\/pt-br\/#organization"},"image":{"@id":"https:\/\/sustainablereview.com\/pt-br\/desigualdade-global-mais-alta-em-decadas\/#primaryimage"},"thumbnailUrl":"https:\/\/sustainablereview.com\/wp-content\/uploads\/2020\/11\/Global-inequality.png","articleSection":["Pol\u00edtica e regulamenta\u00e7\u00e3o"],"inLanguage":"pt-BR","potentialAction":[{"@type":"CommentAction","name":"Comment","target":["https:\/\/sustainablereview.com\/pt-br\/desigualdade-global-mais-alta-em-decadas\/#respond"]}]},{"@type":"WebPage","@id":"https:\/\/sustainablereview.com\/pt-br\/desigualdade-global-mais-alta-em-decadas\/","url":"https:\/\/sustainablereview.com\/pt-br\/desigualdade-global-mais-alta-em-decadas\/","name":"A desigualdade global \u00e9 a maior em d\u00e9cadas &#8212; Sustainable Review","isPartOf":{"@id":"https:\/\/sustainablereview.com\/pt-br\/#website"},"primaryImageOfPage":{"@id":"https:\/\/sustainablereview.com\/pt-br\/desigualdade-global-mais-alta-em-decadas\/#primaryimage"},"image":{"@id":"https:\/\/sustainablereview.com\/pt-br\/desigualdade-global-mais-alta-em-decadas\/#primaryimage"},"thumbnailUrl":"https:\/\/sustainablereview.com\/wp-content\/uploads\/2020\/11\/Global-inequality.png","datePublished":"2020-11-19T22:12:27+00:00","dateModified":"2024-08-10T17:08:45+00:00","breadcrumb":{"@id":"https:\/\/sustainablereview.com\/pt-br\/desigualdade-global-mais-alta-em-decadas\/#breadcrumb"},"inLanguage":"pt-BR","potentialAction":[{"@type":"ReadAction","target":["https:\/\/sustainablereview.com\/pt-br\/desigualdade-global-mais-alta-em-decadas\/"]}]},{"@type":"ImageObject","inLanguage":"pt-BR","@id":"https:\/\/sustainablereview.com\/pt-br\/desigualdade-global-mais-alta-em-decadas\/#primaryimage","url":"https:\/\/sustainablereview.com\/wp-content\/uploads\/2020\/11\/Global-inequality.png","contentUrl":"https:\/\/sustainablereview.com\/wp-content\/uploads\/2020\/11\/Global-inequality.png","width":1600,"height":1256},{"@type":"BreadcrumbList","@id":"https:\/\/sustainablereview.com\/pt-br\/desigualdade-global-mais-alta-em-decadas\/#breadcrumb","itemListElement":[{"@type":"ListItem","position":1,"name":"In\u00edcio","item":"https:\/\/sustainablereview.com\/pt-br\/inicio\/"},{"@type":"ListItem","position":2,"name":"A desigualdade global \u00e9 a maior em d\u00e9cadas"}]},{"@type":"WebSite","@id":"https:\/\/sustainablereview.com\/pt-br\/#website","url":"https:\/\/sustainablereview.com\/pt-br\/","name":"Sustainable Review","description":"Let us do the &#039;Green-splaining&#039;","publisher":{"@id":"https:\/\/sustainablereview.com\/pt-br\/#organization"},"potentialAction":[{"@type":"SearchAction","target":{"@type":"EntryPoint","urlTemplate":"https:\/\/sustainablereview.com\/pt-br\/?s={search_term_string}"},"query-input":"required name=search_term_string"}],"inLanguage":"pt-BR"},{"@type":"Organization","@id":"https:\/\/sustainablereview.com\/pt-br\/#organization","name":"Sustainable Review","url":"https:\/\/sustainablereview.com\/pt-br\/","logo":{"@type":"ImageObject","inLanguage":"pt-BR","@id":"https:\/\/sustainablereview.com\/pt-br\/#\/schema\/logo\/image\/","url":"https:\/\/sustainablereview.com\/wp-content\/uploads\/2020\/06\/static1.squarespace.png","contentUrl":"https:\/\/sustainablereview.com\/wp-content\/uploads\/2020\/06\/static1.squarespace.png","width":800,"height":800,"caption":"Sustainable Review"},"image":{"@id":"https:\/\/sustainablereview.com\/pt-br\/#\/schema\/logo\/image\/"},"sameAs":["https:\/\/x.com\/sustainreview"]},{"@type":"Person","@id":"https:\/\/sustainablereview.com\/pt-br\/#\/schema\/person\/9aab44dc72cd3c3d0bae867ca5bdf3bb","name":"Jared Wolf","image":{"@type":"ImageObject","inLanguage":"pt-BR","@id":"https:\/\/sustainablereview.com\/pt-br\/#\/schema\/person\/image\/","url":"https:\/\/sustainablereview.com\/wp-content\/litespeed\/avatar\/5fdad557a37518fdc60e28cf27e8dbaa.jpg?ver=1776863556","contentUrl":"https:\/\/sustainablereview.com\/wp-content\/litespeed\/avatar\/5fdad557a37518fdc60e28cf27e8dbaa.jpg?ver=1776863556","caption":"Jared Wolf"},"description":"I am a marketer, content creator, and climate change optimist committed to demystifying sustainability. I have published over 150 articles spanning climate and sustainability, dedicating his time to crafting scientifically-accurate, apolitical content around sensitive climate topics. My content is designed to create a healthier, happier climate conversation through earth-conscious, honest independent media.","sameAs":["https:\/\/www.instagram.com\/jrdwolf","https:\/\/www.linkedin.com\/in\/jareddwolf\/","https:\/\/x.com\/http:\/\/twitter.com\/jar3dwolf","https:\/\/youtube.com\/sustainablereview"],"url":"https:\/\/sustainablereview.com\/pt-br\/author\/jared\/"}]}},"wpml_translations":{"en":"7200","pl":"60736","pt-br":"39431"},"_links":{"self":[{"href":"https:\/\/sustainablereview.com\/pt-br\/wp-json\/wp\/v2\/posts\/39431"}],"collection":[{"href":"https:\/\/sustainablereview.com\/pt-br\/wp-json\/wp\/v2\/posts"}],"about":[{"href":"https:\/\/sustainablereview.com\/pt-br\/wp-json\/wp\/v2\/types\/post"}],"author":[{"embeddable":true,"href":"https:\/\/sustainablereview.com\/pt-br\/wp-json\/wp\/v2\/users\/17"}],"replies":[{"embeddable":true,"href":"https:\/\/sustainablereview.com\/pt-br\/wp-json\/wp\/v2\/comments?post=39431"}],"version-history":[{"count":1,"href":"https:\/\/sustainablereview.com\/pt-br\/wp-json\/wp\/v2\/posts\/39431\/revisions"}],"predecessor-version":[{"id":39943,"href":"https:\/\/sustainablereview.com\/pt-br\/wp-json\/wp\/v2\/posts\/39431\/revisions\/39943"}],"wp:featuredmedia":[{"embeddable":true,"href":"https:\/\/sustainablereview.com\/pt-br\/wp-json\/wp\/v2\/media\/7210"}],"wp:attachment":[{"href":"https:\/\/sustainablereview.com\/pt-br\/wp-json\/wp\/v2\/media?parent=39431"}],"wp:term":[{"taxonomy":"category","embeddable":true,"href":"https:\/\/sustainablereview.com\/pt-br\/wp-json\/wp\/v2\/categories?post=39431"},{"taxonomy":"post_tag","embeddable":true,"href":"https:\/\/sustainablereview.com\/pt-br\/wp-json\/wp\/v2\/tags?post=39431"}],"curies":[{"name":"wp","href":"https:\/\/api.w.org\/{rel}","templated":true}]}}