{"id":39457,"date":"2020-08-13T19:12:04","date_gmt":"2020-08-13T23:12:04","guid":{"rendered":"https:\/\/sustainablereview.com\/?p=39457"},"modified":"2024-08-10T13:10:35","modified_gmt":"2024-08-10T17:10:35","slug":"kamala-harris-sobre-o-clima","status":"publish","type":"post","link":"https:\/\/sustainablereview.com\/pt-br\/kamala-harris-sobre-o-clima\/","title":{"rendered":"Kamala Harris sobre o clima (e uma pequena x\u00edcara de Joe)"},"content":{"rendered":"\t\t<div data-elementor-type=\"wp-post\" data-elementor-id=\"39457\" class=\"elementor elementor-39457 elementor-5639\" data-elementor-post-type=\"post\">\n\t\t\t\t\t\t<section class=\"has_eae_slider elementor-section elementor-top-section elementor-element elementor-element-6760e04 elementor-section-boxed elementor-section-height-default elementor-section-height-default\" data-id=\"6760e04\" data-element_type=\"section\">\n\t\t\t\t\t\t<div class=\"elementor-container elementor-column-gap-default\">\n\t\t\t\t\t<div class=\"has_eae_slider elementor-column elementor-col-100 elementor-top-column elementor-element elementor-element-1ccd875\" data-id=\"1ccd875\" data-element_type=\"column\">\n\t\t\t<div class=\"elementor-widget-wrap elementor-element-populated\">\n\t\t\t\t\t\t<div class=\"elementor-element elementor-element-98e62d5 elementor-widget elementor-widget-text-editor\" data-id=\"98e62d5\" data-element_type=\"widget\" data-widget_type=\"text-editor.default\">\n\t\t\t\t<div class=\"elementor-widget-container\">\n\t\t\t\t\t\t\t<p>Let&#8217;s talk Kamala and Climate.<\/p>\n<p>With about 80 days left to go until election day, things are starting to heat up. Kamala Harris was selected as Joe Biden&#8217;s running mate.<\/p>\n<p>The economy and COVID are at the forefront of voters&#8217; minds, but <a href=\"https:\/\/sustainablereview-com.preview-domain.com\/americans-federal-action-climate-change\/\" target=\"_blank\" rel=\"noopener\">polls also suggest<\/a> that Americans share concern for the environment.<\/p>\n<p>So, what is Kamala Harris&#8217; climate record?<\/p>\t\t\t\t\t\t<\/div>\n\t\t\t\t<\/div>\n\t\t\t\t\t<\/div>\n\t\t<\/div>\n\t\t\t\t\t<\/div>\n\t\t<\/section>\n\t\t\t\t<section class=\"has_eae_slider elementor-section elementor-top-section elementor-element elementor-element-8bc0b40 elementor-section-boxed elementor-section-height-default elementor-section-height-default\" data-id=\"8bc0b40\" data-element_type=\"section\" data-settings=\"{&quot;background_background&quot;:&quot;classic&quot;}\">\n\t\t\t\t\t\t<div class=\"elementor-container elementor-column-gap-default\">\n\t\t\t\t\t<div class=\"has_eae_slider elementor-column elementor-col-100 elementor-top-column elementor-element elementor-element-3594a0e\" data-id=\"3594a0e\" data-element_type=\"column\">\n\t\t\t<div class=\"elementor-widget-wrap elementor-element-populated\">\n\t\t\t\t\t\t<div class=\"elementor-element elementor-element-b9a24fc elementor-widget elementor-widget-text-editor\" data-id=\"b9a24fc\" data-element_type=\"widget\" data-widget_type=\"text-editor.default\">\n\t\t\t\t<div class=\"elementor-widget-container\">\n\t\t\t\t\t\t\t<h5>Busy? Try the speed read.<\/h5>\n<p><strong>Veep nominee Harris<\/strong> Democratic presidential nominee Joe Biden announced Senator Kamala Harris as his running mate this week. She is the first woman of color to sit on a national ticket.<\/p>\n<p><strong>What to know<\/strong> After dropping out before the first primary, Kamala Harris has been working with other prominent Democrats to push several new climate bills with a concentration on matters of justice.<\/p>\n<p>Call it what you want, but most political pundits point to Kamala&#8217;s identity as a woman of color as the main reason for the Democratic Party&#8217;s, I mean, Biden&#8217;s strategic selection.<\/p>\n<p><strong>One big thing<\/strong> One of the more interesting prospects of a Biden-Harris ticket is the reemergence of 2015 Paris Agreement. As it stands today, the US will formally quit the Paris Agreement on 4 November, 2020, the day after the election.<\/p>\n<p><strong>My take on Paris<\/strong> I&#8217;m not convinced (and neither are some experts) that an international agreement is the answer to climate action without true compliance. What holds nations accountable for these commitments?<\/p>\n<p>As the US-China economic race continues, the Paris Agreement would become more of a cat-and-mouse due to the associated costs of energy reduction than an actual solution.<\/p>\n<p><strong>A Biden-Harris ticket through the lens of climate:<\/strong><\/p>\n<ol>\n<li>New legislation committed to environmental justice<\/li>\n<li>A series of executive orders designed to build a clean economy; there will be ambitious targets for 2025.<\/li>\n<li>A proposal to make a $1.7 trillion federal investment into climate resilience over the next 10 years.<\/li>\n<li>New efforts toward climate diplomacy\/increased cooperation with other nations, traditional allies.<\/li>\n<li>More stringent environmental regulation, increase environmental standards for infrastructure projects.<\/li>\n<\/ol>\n<p><strong>Bottom line<\/strong> Neither Biden or Harris are climate experts. Their careers were not built on climate activism. However, they are concerned about these critical issues and will hire a team of dedicated experts.<\/p>\n<p>Americans want purpose not perfection. In a candidate, I think everyday voters are looking for public consideration, personal accountability, and the ability to get shit done.<\/p>\n<p><strong>Dig deeper <\/strong>\u2192 <strong>5 min<\/strong><\/p>\t\t\t\t\t\t<\/div>\n\t\t\t\t<\/div>\n\t\t\t\t\t<\/div>\n\t\t<\/div>\n\t\t\t\t\t<\/div>\n\t\t<\/section>\n\t\t\t\t<section class=\"has_eae_slider elementor-section elementor-top-section elementor-element elementor-element-99a31c5 elementor-section-boxed elementor-section-height-default elementor-section-height-default\" data-id=\"99a31c5\" data-element_type=\"section\">\n\t\t\t\t\t\t<div class=\"elementor-container elementor-column-gap-default\">\n\t\t\t\t\t<div class=\"has_eae_slider elementor-column elementor-col-100 elementor-top-column elementor-element elementor-element-173f7d55\" data-id=\"173f7d55\" data-element_type=\"column\">\n\t\t\t<div class=\"elementor-widget-wrap elementor-element-populated\">\n\t\t\t\t\t\t<div class=\"elementor-element elementor-element-33c38054 elementor-widget elementor-widget-text-editor\" data-id=\"33c38054\" data-element_type=\"widget\" data-widget_type=\"text-editor.default\">\n\t\t\t\t<div class=\"elementor-widget-container\">\n\t\t\t\t\t\t\t<p><\/p>\n<p><\/p>\n<p><\/p>\n<p><\/p>\n<p><\/p>\n<p>Harris beat out a long-list of qualified women for the job, including Senator Elizabeth Warren and former national security adviser Susan Rice. I want to better understand her environmental policy. As we learned in the last few weeks through polling, Americans want to <a href=\"https:\/\/sustainablereview-com.preview-domain.com\/americans-federal-action-climate-change\/\" target=\"_blank\" rel=\"noreferrer noopener\">vote on climate<\/a> in some capacity.<\/p>\n<p><\/p>\n<p><\/p>\n<p>If Harris can assemble a sound case for environmental protection and pair that with her experience in criminal justice, the Biden-Harris ticket would be enticing for moderates. In a risky hypothesis, Biden&#8217;s campaign must wager whether a progressive pitch to distressed Americans will win or spin the election.<\/p>\n<p><\/p>\n<p><\/p>\n<p>Do we crave normalcy, or social revolution?<\/p>\n<p><\/p>\n<p><\/p>\n<p>Let&#8217;s get to it. You know the back story, you know the faces. Now let&#8217;s break down her stance on climate.<\/p>\n<p><\/p>\n<p><\/p>\n<h2>Kamala and Climate<\/h2>\n<p><\/p>\n<p><\/p>\n<h3>2019 said a lot<\/h3>\n<p><\/p>\n<p><\/p>\n<p>It&#8217;s worth noting that back in the Primary, environmental group Greenpeace gave Harris a B+ (77\/100) on its <a href=\"https:\/\/www.greenpeace.org\/usa\/climate2020\/\" target=\"_blank\" rel=\"noreferrer noopener\">climate 2020 scorecard<\/a>. For context, she performed a tick better than Biden, and Trump got a zero. Personally, I would have given him a 10 for writing his name down.<\/p>\n<p><\/p>\n<p><\/p>\n<p>Before last year, Harris didn&#8217;t really have any sound climate plan. Last July, she worked with Representative Alexandria Ocasio-Cortez to <a href=\"https:\/\/grist.org\/article\/kamala-harris-and-jay-inslee-focus-on-climate-justice-ahead-of-detroit-debates\/\" target=\"_blank\" rel=\"noreferrer noopener\">unveil a plan<\/a> highlighting climate justice and more stringent environmental regulation before enacting law.<\/p>\n<p><\/p>\n<p><\/p>\n<p>Last week, the two women delivered on that promise with the introduction of the <a href=\"https:\/\/www.harris.senate.gov\/imo\/media\/doc\/CEA%20background.pdf\" target=\"_blank\" rel=\"noreferrer noopener\">Climate Equity Act<\/a>, which would set up a new Office of Climate and Environmental Justice Accountability within the Office of Management and Budget.<\/p>\n<p><\/p>\n<p><\/p>\n<p>Before that, Harris introduced her own complementary bill to the Environmental Justice for All Act, which was introduced earlier this year by two House Democrats.<\/p>\n<p><\/p>\n<p><\/p>\n<h3>An emphasis on environmental justice<\/h3>\n<p><\/p>\n<p><\/p>\n<p>Harris will emphasize <a href=\"https:\/\/sustainablereview-com.preview-domain.com\/environmental-justice-racial-justice\/\" target=\"_blank\" rel=\"noreferrer noopener\">environmental justice<\/a> in her approach to climate policy.<\/p>\n<p><\/p>\n<p><\/p>\n<p>The extensive legislative work put forth by Harris in the last 12 months serves as a healthy companion to Biden&#8217;s climate plan, which also includes many elements of environmental justice.<\/p>\n<p><\/p>\n<p><\/p>\n<p>Biden&#8217;s plan calls for the establishment of an Environmental and Climate Justice Division within the Justice Department. It pushes for 40 percent of spending for clean energy and energy efficiency deployment dedicated to vulnerable communities receiving a disproportionate amount of pollution and poor quality of water.<\/p>\n<p><\/p>\n<p><\/p>\n<p>Harris&#8217; reputation as AG for tough-talk on corporations demonstrates her ability to stand firm against lobbyist special interests and other industry tycoons. But she is far from perfect. The VP nominee has taken donations from fossil fuel companies in the past. She pledged to skip fossil fuel donors this election cycle.<\/p>\n<p><\/p>\n<p><\/p>\n<p>Meanwhile, her climate plan did not include a <a href=\"https:\/\/insideclimatenews.org\/news\/24062019\/kamala-harris-climate-change-global-warming-election-2020-candidate-profile\" target=\"_blank\" rel=\"noreferrer noopener\">total ban on fracking<\/a>, unlike her more progressive opponents in the primary.<\/p>\n<p><\/p>\n<p><\/p>\n<p>I, for one, understand <a href=\"https:\/\/www.vox.com\/energy-and-environment\/2019\/9\/12\/20857196\/democratic-debate-climate-change-fracking-ban\" target=\"_blank\" rel=\"noreferrer noopener\">the nuances of fracking<\/a>, given that the process both reduces emissions in the United States, yet also can cause local air quality and safety problems. It is grey area for sure, so let&#8217;s not count her out for not being extreme on an issue that doesn&#8217;t call for extremities.<\/p>\n<p><\/p>\n<p><\/p>\n<p>She was also one of the last candidates to release a climate plan, revealing a lower priority for climate on her policy list compared to other primary candidates like Elizabeth Warren and Jay Inslee.<\/p>\n<p><\/p>\n<p><\/p>\n<h3>Big picture for Joe and Kamala on Climate<\/h3>\n<p><\/p>\n<p><\/p>\n<p>Biden&#8217;s team lauded her work as attorney general in California as it pertained to environmental issues. The only notable accomplishments I could find was her fight against BP in a 2016 lawsuit, and the creation of a quasi-Environment Justice Office in San Fran.<\/p>\n<p><\/p>\n<p><\/p>\n<p><\/p>\t\t\t\t\t\t<\/div>\n\t\t\t\t<\/div>\n\t\t\t\t<div class=\"elementor-element elementor-element-f6f5477 elementor-widget elementor-widget-video\" data-id=\"f6f5477\" data-element_type=\"widget\" data-settings=\"{&quot;youtube_url&quot;:&quot;https:\\\/\\\/www.youtube.com\\\/watch?v=XImY-Tvp1Ek&quot;,&quot;video_type&quot;:&quot;youtube&quot;,&quot;controls&quot;:&quot;yes&quot;}\" data-widget_type=\"video.default\">\n\t\t\t\t<div class=\"elementor-widget-container\">\n\t\t\t\t\t<div class=\"elementor-wrapper elementor-open-inline\">\n\t\t\t<div class=\"elementor-video\"><\/div>\t\t<\/div>\n\t\t\t\t<\/div>\n\t\t\t\t<\/div>\n\t\t\t\t\t<\/div>\n\t\t<\/div>\n\t\t\t\t\t<\/div>\n\t\t<\/section>\n\t\t\t\t<section class=\"has_eae_slider elementor-section elementor-top-section elementor-element elementor-element-ef3728c elementor-section-boxed elementor-section-height-default elementor-section-height-default\" data-id=\"ef3728c\" data-element_type=\"section\">\n\t\t\t\t\t\t<div class=\"elementor-container elementor-column-gap-default\">\n\t\t\t\t\t<div class=\"has_eae_slider elementor-column elementor-col-100 elementor-top-column elementor-element elementor-element-f8f9bb6\" data-id=\"f8f9bb6\" data-element_type=\"column\">\n\t\t\t<div class=\"elementor-widget-wrap elementor-element-populated\">\n\t\t\t\t\t\t<div class=\"elementor-element elementor-element-169c307 elementor-widget elementor-widget-text-editor\" data-id=\"169c307\" data-element_type=\"widget\" data-widget_type=\"text-editor.default\">\n\t\t\t\t<div class=\"elementor-widget-container\">\n\t\t\t\t\t\t\t<p>Biden\u2019s plan itself has a strong environmental justice component, something enhanced by the release of a new plan in July. That plan calls for establishing an Environmental and Climate Justice Division within the Justice Department.<\/p>\n<p>Joe&#8217;s proposal would ensure that disadvantaged communities receive 40 percent of spending for clean energy and energy efficiency deployment. This would be a major talking point for proponents of environmental justice in America.<\/p>\n<p>Despite her flimsy record, Harris hails from a California state that knows climate matters all too well. She is a somewhat forward-thinking Democrat, after all, and Harris has redefined her career with a major policy focus on climate issues.<\/p>\n<p>There are enough talking points for an environmentalist group to make a climate-case for the current Democratic ticket. And we&#8217;re already seeing that emerge with <a href=\"https:\/\/www.sierraclub.org\/press-releases\/2020\/08\/sierra-club-endorses-joe-biden-for-president\" target=\"_blank\" rel=\"noreferrer noopener\">orgs like Sierra Club<\/a>.<\/p>\n<p>It&#8217;s not the best ticket for a tree-hugger, but as a political bystander, it appears to be enough to push them over the edge and into the Oval Office. Or at least in August it appears that way.<\/p>\n<h2>A new age for climate diplomacy&#8230; at what cost?<\/h2>\n<p>One of the more interesting prospects of a Biden-Harris ticket is the reemergence of 2015 Paris Agreement. As it stands today, the US will formally quit the Paris Agreement on 4 November, 2020, the day after the election.<\/p>\n<p>COVID-19 has certainly put the brakes on a coordinated global effort toward combating climate change, and a climate-focused administration would most likely re-commit the U.S. to the Paris agreement.<\/p>\n<p>The global agreement was formed under the United Nations Framework Convention on Climate Change, and has been hailed by environmentalists for its ambitious push for climate action on nation&#8217;s around the world.<\/p>\n<h3>The problem with Paris<\/h3>\n<p>There is a Paris problem, however.<\/p>\n<p>It comes in the form of global compliance. And costs. Just like your second grade classroom, countries don&#8217;t always want to follow the rules. Plus, leading economies like the United States normally bear the financial burden in the world of international coalitions.<\/p>\n<p>Yes, the Paris Agreement holds the American government accountable for our whopping carbon emissions, over-consumption and puts pressure on other negative externalities.<\/p>\n<p>But international treaties are notoriously hard to enforce without a stringent procedure to follow. And there is none.<\/p>\n<p>It is ultimately the role of domestic watchdogs &#8212; made up of bureaucrats, NGO&#8217;s and activists &#8212; to enforce these rules. So, why do we need an international commitment to reduce emissions, when other major Paris-signed economies are lagging behind?<\/p>\n<p>China, for example, has not done enough to halt its emissions as the world&#8217;s greatest greenhouse gas emitter.<\/p>\n<p>Back in 2018, China&#8217;s emissions were at its <a href=\"https:\/\/unearthed.greenpeace.org\/2018\/05\/30\/china-co2-carbon-climate-emissions-rise-in-2018\/\" target=\"_blank\" rel=\"noreferrer noopener\">highest growth rate ever<\/a>.<\/p>\n<p>Meanwhile, President Obama committed the United States to reducing carbon emissions in 2025 by 26-28%, which equates to a major spike in electricity costs to keep up with that demand for power.<\/p>\n<p>In retrospect, that makes Trump look pretty good for pulling the US out of China.<\/p>\n<p>And listen, don&#8217;t get me wrong. The Paris Agreement <em>should be a good thing.<\/em> With a degree in International Trade and Economics, I know a thing or two about global diplomacy.<\/p>\n<p>The problem is the language of the agreement itself, and the tenuous nature of international treaties.<\/p>\n<p>We are better off policing ourselves. I truly believe the US is virtuous enough as a community and institution to pull this one off in-house. The upcoming election, and the winning candidate&#8217;s environmental response to a fresh term, will have a lot to do with that assertion.<\/p>\n<h3>The scoop on Paris<\/h3>\n<p>Yes, Joe and Kamala would most likely probably definitely sign the Paris agreement as part of their climate plan. And climate diplomacy, which Kamala Harris may take a lead on, would be night and day from Trump&#8217;s administration.<\/p>\n<p>But I&#8217;m not convinced (and neither are some experts) that an international agreement is the answer to climate action without true compliance. What holds nations accountable for these commitments?<\/p>\n<p>As the US-China economic race continues, the Paris Agreement would become more of a cat-and-mouse due to the associated costs of energy reduction than an actual solution.<\/p>\n<p>Back to the election.<\/p>\n<h2>Climate in November<\/h2>\t\t\t\t\t\t<\/div>\n\t\t\t\t<\/div>\n\t\t\t\t<div class=\"elementor-element elementor-element-b12b240 elementor-widget elementor-widget-text-editor\" data-id=\"b12b240\" data-element_type=\"widget\" data-widget_type=\"text-editor.default\">\n\t\t\t\t<div class=\"elementor-widget-container\">\n\t\t\t\t\t\t\t<p>It may seem like we are giving the climate topic too much credit here. After all, <a href=\"https:\/\/www.forbes.com\/sites\/jackkelly\/2020\/07\/16\/51-million-americans-are-unemployedheres-the-story-of-the-job-seekers-behind-the-numbers\/#7cbdab4f6ac1\" target=\"_blank\" rel=\"noopener\">over 50 million Americans are unemployed<\/a> and COVID-19 seems to be breaking every other headline. But credible polls convey a clear message that climate still matters.<\/p>\n<p>Given Trump&#8217;s horrible <a href=\"https:\/\/sustainablereview-com.preview-domain.com\/white-house-environmental-policy-crisis\/\" target=\"_blank\" rel=\"noopener\">mismanagement of environmental protection<\/a>, the environment could prove to be a dark horse issue in the election. I&#8217;m sure it&#8217;ll be brought up multiple times in the debates.<\/p>\t\t\t\t\t\t<\/div>\n\t\t\t\t<\/div>\n\t\t\t\t<div class=\"elementor-element elementor-element-1eddc99 elementor-widget elementor-widget-image\" data-id=\"1eddc99\" data-element_type=\"widget\" data-widget_type=\"image.default\">\n\t\t\t\t<div class=\"elementor-widget-container\">\n\t\t\t\t\t\t\t\t\t\t\t\t\t<img fetchpriority=\"high\" decoding=\"async\" width=\"718\" height=\"1024\" src=\"https:\/\/sustainablereview.com\/wp-content\/uploads\/2020\/08\/PS_2020.06.23_government-and-climate_00-01-718x1024.png\" class=\"attachment-large size-large wp-image-40935\" alt=\"\" srcset=\"https:\/\/sustainablereview.com\/wp-content\/uploads\/2020\/08\/PS_2020.06.23_government-and-climate_00-01-718x1024.png 718w, https:\/\/sustainablereview.com\/wp-content\/uploads\/2020\/08\/PS_2020.06.23_government-and-climate_00-01-210x300.png 210w, https:\/\/sustainablereview.com\/wp-content\/uploads\/2020\/08\/PS_2020.06.23_government-and-climate_00-01-768x1095.png 768w, https:\/\/sustainablereview.com\/wp-content\/uploads\/2020\/08\/PS_2020.06.23_government-and-climate_00-01-45x64.png 45w, https:\/\/sustainablereview.com\/wp-content\/uploads\/2020\/08\/PS_2020.06.23_government-and-climate_00-01-600x856.png 600w, https:\/\/sustainablereview.com\/wp-content\/uploads\/2020\/08\/PS_2020.06.23_government-and-climate_00-01.png 840w\" sizes=\"100vw\" \/>\t\t\t\t\t\t\t\t\t\t\t\t\t<\/div>\n\t\t\t\t<\/div>\n\t\t\t\t\t<\/div>\n\t\t<\/div>\n\t\t\t\t\t<\/div>\n\t\t<\/section>\n\t\t\t\t<section class=\"has_eae_slider elementor-section elementor-top-section elementor-element elementor-element-9d427a9 elementor-section-boxed elementor-section-height-default elementor-section-height-default\" data-id=\"9d427a9\" data-element_type=\"section\">\n\t\t\t\t\t\t<div class=\"elementor-container elementor-column-gap-default\">\n\t\t\t\t\t<div class=\"has_eae_slider elementor-column elementor-col-100 elementor-top-column elementor-element elementor-element-eab0ac7\" data-id=\"eab0ac7\" data-element_type=\"column\">\n\t\t\t<div class=\"elementor-widget-wrap elementor-element-populated\">\n\t\t\t\t\t\t<div class=\"elementor-element elementor-element-7272521 elementor-widget elementor-widget-text-editor\" data-id=\"7272521\" data-element_type=\"widget\" data-widget_type=\"text-editor.default\">\n\t\t\t\t<div class=\"elementor-widget-container\">\n\t\t\t\t\t\t\t<h3>Here&#8217;s what you can expect from Biden-Harris on climate:<\/h3>\t\t\t\t\t\t<\/div>\n\t\t\t\t<\/div>\n\t\t\t\t\t<\/div>\n\t\t<\/div>\n\t\t\t\t\t<\/div>\n\t\t<\/section>\n\t\t\t\t<section class=\"has_eae_slider elementor-section elementor-top-section elementor-element elementor-element-95991ce elementor-section-boxed elementor-section-height-default elementor-section-height-default\" data-id=\"95991ce\" data-element_type=\"section\">\n\t\t\t\t\t\t<div class=\"elementor-container elementor-column-gap-default\">\n\t\t\t\t\t<div class=\"has_eae_slider elementor-column elementor-col-100 elementor-top-column elementor-element elementor-element-a9829ae\" data-id=\"a9829ae\" data-element_type=\"column\">\n\t\t\t<div class=\"elementor-widget-wrap elementor-element-populated\">\n\t\t\t\t\t\t<div class=\"elementor-element elementor-element-6a08d48 elementor-widget elementor-widget-text-editor\" data-id=\"6a08d48\" data-element_type=\"widget\" data-widget_type=\"text-editor.default\">\n\t\t\t\t<div class=\"elementor-widget-container\">\n\t\t\t\t\t\t\t<ol>\n<li>\n<h5>New legislation committed to environmental justice<\/h5>\n<\/li>\n<li>\n<h5>A series of executive orders designed to build a clean economy. There will be ambitious targets for 2025.<\/h5>\n<\/li>\n<li>\n<h5>A proposal to make a $1.7 trillion federal investment into climate resilience over the next 10 years.<\/h5>\n<\/li>\n<li>\n<h5>New efforts toward climate diplomacy\/increased cooperation with other nations, traditional allies.<\/h5>\n<\/li>\n<li>\n<h5>More stringent environmental regulation, increase environmental standards for infrastructure projects.<\/h5>\n<\/li>\n<\/ol>\n<h2>Bottom line<\/h2>\n<p>Despite what they tell you, neither Biden or Harris are climate experts. Their careers were not built on climate activism.<\/p>\n<p>Biden has been in Congress for over 40 years, and had not previously proposed a single environmental bill before his presidential bid (you can double fact check me on that, but I&#8217;m near certain).<\/p>\n<p>What does matter however, is that a Biden Administration would be concerned. Best of all, we would see a team of climate experts dedicate their days to coordinating an ambitious policy effort. And that is lacking in the White House right now&#8230; big time.<\/p>\n<p>What Americans want in a presidency is not perfection. Contrary to what the television tells you, the everyday voter looks for public consideration, personal accountability, and the ability to get shit done in a candidate.<\/p>\n<p>If an ailing Biden can convince America that Harris has what it takes to be the Leader of the Free World, it will be hard to bet against them. Kamala failed once this year, and it will be undoubtedly hard to convince us she&#8217;s for real again.<\/p>\n<p>Moderates and classic Democrats will show up to vote, but progressives and liberals will be the X-Factor. And the intra-war has already begun on the Left. #nojoe.<\/p>\n<p>Voter concerns with the Jamaican-Indian-American Senator will ultimately transcend climate and tie directly to her past in the criminal justice system. &#8216;Kamala is a cop&#8217;, after all.<\/p>\n<p>In a strange way, Biden will have to play the relatable-Joe good cop in this alpha-omega pairing.<\/p>\n<p>Can she do it? I mean, can he do it?<\/p>\n<p>Everyone knows who&#8217;s really running for president anyway.<br><\/p>\t\t\t\t\t\t<\/div>\n\t\t\t\t<\/div>\n\t\t\t\t\t<\/div>\n\t\t<\/div>\n\t\t\t\t\t<\/div>\n\t\t<\/section>\n\t\t\t\t<\/div>\n\t\t","protected":false},"excerpt":{"rendered":"<p><!-- wp:paragraph --><\/p>\n<p>O candidato<strong>democrata<\/strong> \u00e0 presid\u00eancia Joe Biden anunciou a senadora Kamala Harris como sua companheira de chapa nesta semana. Ela \u00e9 a primeira mulher de cor a fazer parte de uma chapa nacional.<\/p>\n<p><!-- \/wp:paragraph --><\/p>\n<p><!-- wp:paragraph --><\/p>\n<p><strong>O que voc\u00ea deve saber<\/strong> Depois de desistir antes das primeiras prim\u00e1rias, Kamala Harris tem trabalhado com outros democratas de destaque para promover v\u00e1rios novos projetos de lei sobre o clima, concentrando-se em quest\u00f5es de justi\u00e7a.<\/p>\n<p><!-- \/wp:paragraph --><\/p>\n<p><!-- wp:paragraph --><\/p>\n<p>Chame como voc\u00ea quiser, mas a maioria dos especialistas em pol\u00edtica aponta a identidade de Kamala como uma mulher de cor como o principal motivo para a sele\u00e7\u00e3o estrat\u00e9gica do Partido Democrata, quero dizer, de Biden.<\/p>\n<p><!-- \/wp:paragraph --><\/p>\n<p><!-- wp:paragraph --><\/p>\n<p><strong>Uma<\/strong> das perspectivas mais interessantes de uma chapa Biden-Harris \u00e9 o ressurgimento do Acordo de Paris de 2015. Da forma como est\u00e1 hoje, os EUA deixar\u00e3o formalmente o Acordo de Paris em 4 de novembro de 2020, um dia ap\u00f3s a elei\u00e7\u00e3o.<\/p>\n<p><!-- \/wp:paragraph --><\/p>\n<p><!-- wp:paragraph --><\/p>\n<p><strong>Minha opini\u00e3o sobre Paris<\/strong> N\u00e3o estou convencido (e alguns especialistas tamb\u00e9m n\u00e3o) de que um acordo internacional seja a resposta para a a\u00e7\u00e3o clim\u00e1tica sem uma verdadeira conformidade. O que faz com que as na\u00e7\u00f5es sejam respons\u00e1veis por esses compromissos?<\/p>\n<p><!-- \/wp:paragraph --><\/p>\n<p><!-- wp:paragraph --><\/p>\n<p>Como a corrida econ\u00f4mica entre os EUA e a China continua, o Acordo de Paris se tornaria mais um jogo de gato e rato devido aos custos associados \u00e0 redu\u00e7\u00e3o de energia do que uma solu\u00e7\u00e3o real.<\/p>\n<p><!-- \/wp:paragraph --><\/p>\n<p><!-- wp:paragraph --><\/p>\n<p><strong>Uma chapa Biden-Harris sob a \u00f3tica do clima:<\/strong><\/p>\n<p><!-- \/wp:paragraph --><\/p>\n<p><!-- wp:list {\"ordered\":true} --><\/p>\n<ol>\n<li>Nova legisla\u00e7\u00e3o comprometida com a justi\u00e7a ambiental<\/li>\n<li>Uma s\u00e9rie de ordens executivas projetadas para construir uma economia limpa; haver\u00e1 metas ambiciosas para 2025.<\/li>\n<li>Uma proposta para fazer um investimento federal de US$ 1,7 trilh\u00e3o em resili\u00eancia clim\u00e1tica nos pr\u00f3ximos 10 anos.<\/li>\n<li>Novos esfor\u00e7os para a diplomacia clim\u00e1tica\/aumento da coopera\u00e7\u00e3o com outras na\u00e7\u00f5es, aliados tradicionais.<\/li>\n<li>Regulamenta\u00e7\u00e3o ambiental mais rigorosa, aumento dos padr\u00f5es ambientais para projetos de infraestrutura.<\/li>\n<\/ol>\n<p><!-- \/wp:list --><\/p>\n<p><!-- wp:paragraph --><\/p>\n<p><strong>Conclus\u00e3o<\/strong> Nem Biden nem Harris s\u00e3o especialistas em clima. Suas carreiras n\u00e3o foram constru\u00eddas com base no ativismo clim\u00e1tico. No entanto, eles est\u00e3o preocupados com essas quest\u00f5es cr\u00edticas e contratar\u00e3o uma equipe de especialistas dedicados.<\/p>\n<p><!-- \/wp:paragraph --><\/p>\n<p><!-- wp:paragraph --><\/p>\n<p>Os americanos querem prop\u00f3sito, n\u00e3o perfei\u00e7\u00e3o. Em um candidato, acho que os eleitores comuns est\u00e3o procurando considera\u00e7\u00e3o p\u00fablica, responsabilidade pessoal e a capacidade de fazer as coisas acontecerem.<\/p>\n<p><!-- \/wp:paragraph --><\/p>\n<p><!-- wp:paragraph --><\/p>\n<p><strong>Aprofunde-se <\/strong>\u2192 <strong>5 min<\/strong><\/p>\n<p><!-- \/wp:paragraph --><\/p>\n","protected":false},"author":17,"featured_media":5740,"comment_status":"open","ping_status":"open","sticky":false,"template":"","format":"standard","meta":{"_acf_changed":false,"_monsterinsights_skip_tracking":false,"_monsterinsights_sitenote_active":false,"_monsterinsights_sitenote_note":"","_monsterinsights_sitenote_category":0,"footnotes":""},"categories":[3098],"tags":[],"acf":[],"yoast_head":"<!-- This site is optimized with the Yoast SEO plugin v23.2 - https:\/\/yoast.com\/wordpress\/plugins\/seo\/ -->\n<title>Kamala Harris sobre o clima (e uma pequena x\u00edcara de Joe) &#8212; Sustainable Review<\/title>\n<meta name=\"robots\" content=\"index, follow, max-snippet:-1, max-image-preview:large, max-video-preview:-1\" \/>\n<link rel=\"canonical\" href=\"https:\/\/sustainablereview.com\/pt-br\/kamala-harris-sobre-o-clima\/\" \/>\n<meta property=\"og:locale\" content=\"pt_BR\" \/>\n<meta property=\"og:type\" content=\"article\" \/>\n<meta property=\"og:title\" content=\"Kamala Harris sobre o clima (e uma pequena x\u00edcara de Joe) &#8212; Sustainable Review\" \/>\n<meta property=\"og:description\" content=\"O candidatodemocrata \u00e0 presid\u00eancia Joe Biden anunciou a senadora Kamala Harris como sua companheira de chapa nesta semana. Ela \u00e9 a primeira mulher de cor a fazer parte de uma chapa nacional.  O que voc\u00ea deve saber Depois de desistir antes das primeiras prim\u00e1rias, Kamala Harris tem trabalhado com outros democratas de destaque para promover v\u00e1rios novos projetos de lei sobre o clima, concentrando-se em quest\u00f5es de justi\u00e7a.  Chame como voc\u00ea quiser, mas a maioria dos especialistas em pol\u00edtica aponta a identidade de Kamala como uma mulher de cor como o principal motivo para a sele\u00e7\u00e3o estrat\u00e9gica do Partido Democrata, quero dizer, de Biden.  Uma das perspectivas mais interessantes de uma chapa Biden-Harris \u00e9 o ressurgimento do Acordo de Paris de 2015. Da forma como est\u00e1 hoje, os EUA deixar\u00e3o formalmente o Acordo de Paris em 4 de novembro de 2020, um dia ap\u00f3s a elei\u00e7\u00e3o.  Minha opini\u00e3o sobre Paris N\u00e3o estou convencido (e alguns especialistas tamb\u00e9m n\u00e3o) de que um acordo internacional seja a resposta para a a\u00e7\u00e3o clim\u00e1tica sem uma verdadeira conformidade. O que faz com que as na\u00e7\u00f5es sejam respons\u00e1veis por esses compromissos?  Como a corrida econ\u00f4mica entre os EUA e a China continua, o Acordo de Paris se tornaria mais um jogo de gato e rato devido aos custos associados \u00e0 redu\u00e7\u00e3o de energia do que uma solu\u00e7\u00e3o real.  Uma chapa Biden-Harris sob a \u00f3tica do clima:  Nova legisla\u00e7\u00e3o comprometida com a justi\u00e7a ambientalUma s\u00e9rie de ordens executivas projetadas para construir uma economia limpa; haver\u00e1 metas ambiciosas para 2025.Uma proposta para fazer um investimento federal de US$ 1,7 trilh\u00e3o em resili\u00eancia clim\u00e1tica nos pr\u00f3ximos 10 anos.Novos esfor\u00e7os para a diplomacia clim\u00e1tica\/aumento da coopera\u00e7\u00e3o com outras na\u00e7\u00f5es, aliados tradicionais.Regulamenta\u00e7\u00e3o ambiental mais rigorosa, aumento dos padr\u00f5es ambientais para projetos de infraestrutura.  Conclus\u00e3o Nem Biden nem Harris s\u00e3o especialistas em clima. Suas carreiras n\u00e3o foram constru\u00eddas com base no ativismo clim\u00e1tico. No entanto, eles est\u00e3o preocupados com essas quest\u00f5es cr\u00edticas e contratar\u00e3o uma equipe de especialistas dedicados.  Os americanos querem prop\u00f3sito, n\u00e3o perfei\u00e7\u00e3o. Em um candidato, acho que os eleitores comuns est\u00e3o procurando considera\u00e7\u00e3o p\u00fablica, responsabilidade pessoal e a capacidade de fazer as coisas acontecerem.  Aprofunde-se \u2192 5 min\" \/>\n<meta property=\"og:url\" content=\"https:\/\/sustainablereview.com\/pt-br\/kamala-harris-sobre-o-clima\/\" \/>\n<meta property=\"og:site_name\" content=\"Sustainable Review\" \/>\n<meta property=\"article:published_time\" content=\"2020-08-13T23:12:04+00:00\" \/>\n<meta property=\"article:modified_time\" content=\"2024-08-10T17:10:35+00:00\" \/>\n<meta property=\"og:image\" content=\"https:\/\/sustainablereview.com\/wp-content\/uploads\/2020\/08\/Kamala-Harris-Climate-1.png\" \/>\n\t<meta property=\"og:image:width\" content=\"1600\" \/>\n\t<meta property=\"og:image:height\" content=\"1256\" \/>\n\t<meta property=\"og:image:type\" content=\"image\/png\" \/>\n<meta name=\"author\" content=\"Jared Wolf\" \/>\n<meta name=\"twitter:card\" content=\"summary_large_image\" \/>\n<meta name=\"twitter:creator\" content=\"@http:\/\/twitter.com\/jar3dwolf\" \/>\n<meta name=\"twitter:site\" content=\"@sustainreview\" \/>\n<meta name=\"twitter:label1\" content=\"Escrito por\" \/>\n\t<meta name=\"twitter:data1\" content=\"Jared Wolf\" \/>\n\t<meta name=\"twitter:label2\" content=\"Est. tempo de leitura\" \/>\n\t<meta name=\"twitter:data2\" content=\"13 minutos\" \/>\n<script type=\"application\/ld+json\" class=\"yoast-schema-graph\">{\"@context\":\"https:\/\/schema.org\",\"@graph\":[{\"@type\":\"Article\",\"@id\":\"https:\/\/sustainablereview.com\/pt-br\/kamala-harris-sobre-o-clima\/#article\",\"isPartOf\":{\"@id\":\"https:\/\/sustainablereview.com\/pt-br\/kamala-harris-sobre-o-clima\/\"},\"author\":{\"name\":\"Jared Wolf\",\"@id\":\"https:\/\/sustainablereview.com\/pt-br\/#\/schema\/person\/9aab44dc72cd3c3d0bae867ca5bdf3bb\"},\"headline\":\"Kamala Harris sobre o clima (e uma pequena x\u00edcara de Joe)\",\"datePublished\":\"2020-08-13T23:12:04+00:00\",\"dateModified\":\"2024-08-10T17:10:35+00:00\",\"mainEntityOfPage\":{\"@id\":\"https:\/\/sustainablereview.com\/pt-br\/kamala-harris-sobre-o-clima\/\"},\"wordCount\":2531,\"commentCount\":0,\"publisher\":{\"@id\":\"https:\/\/sustainablereview.com\/pt-br\/#organization\"},\"image\":{\"@id\":\"https:\/\/sustainablereview.com\/pt-br\/kamala-harris-sobre-o-clima\/#primaryimage\"},\"thumbnailUrl\":\"https:\/\/sustainablereview.com\/wp-content\/uploads\/2020\/08\/Kamala-Harris-Climate-1.png\",\"articleSection\":[\"Pol\u00edtica e regulamenta\u00e7\u00e3o\"],\"inLanguage\":\"pt-BR\",\"potentialAction\":[{\"@type\":\"CommentAction\",\"name\":\"Comment\",\"target\":[\"https:\/\/sustainablereview.com\/pt-br\/kamala-harris-sobre-o-clima\/#respond\"]}]},{\"@type\":\"WebPage\",\"@id\":\"https:\/\/sustainablereview.com\/pt-br\/kamala-harris-sobre-o-clima\/\",\"url\":\"https:\/\/sustainablereview.com\/pt-br\/kamala-harris-sobre-o-clima\/\",\"name\":\"Kamala Harris sobre o clima (e uma pequena x\u00edcara de Joe) &#8212; Sustainable Review\",\"isPartOf\":{\"@id\":\"https:\/\/sustainablereview.com\/pt-br\/#website\"},\"primaryImageOfPage\":{\"@id\":\"https:\/\/sustainablereview.com\/pt-br\/kamala-harris-sobre-o-clima\/#primaryimage\"},\"image\":{\"@id\":\"https:\/\/sustainablereview.com\/pt-br\/kamala-harris-sobre-o-clima\/#primaryimage\"},\"thumbnailUrl\":\"https:\/\/sustainablereview.com\/wp-content\/uploads\/2020\/08\/Kamala-Harris-Climate-1.png\",\"datePublished\":\"2020-08-13T23:12:04+00:00\",\"dateModified\":\"2024-08-10T17:10:35+00:00\",\"breadcrumb\":{\"@id\":\"https:\/\/sustainablereview.com\/pt-br\/kamala-harris-sobre-o-clima\/#breadcrumb\"},\"inLanguage\":\"pt-BR\",\"potentialAction\":[{\"@type\":\"ReadAction\",\"target\":[\"https:\/\/sustainablereview.com\/pt-br\/kamala-harris-sobre-o-clima\/\"]}]},{\"@type\":\"ImageObject\",\"inLanguage\":\"pt-BR\",\"@id\":\"https:\/\/sustainablereview.com\/pt-br\/kamala-harris-sobre-o-clima\/#primaryimage\",\"url\":\"https:\/\/sustainablereview.com\/wp-content\/uploads\/2020\/08\/Kamala-Harris-Climate-1.png\",\"contentUrl\":\"https:\/\/sustainablereview.com\/wp-content\/uploads\/2020\/08\/Kamala-Harris-Climate-1.png\",\"width\":1600,\"height\":1256},{\"@type\":\"BreadcrumbList\",\"@id\":\"https:\/\/sustainablereview.com\/pt-br\/kamala-harris-sobre-o-clima\/#breadcrumb\",\"itemListElement\":[{\"@type\":\"ListItem\",\"position\":1,\"name\":\"In\u00edcio\",\"item\":\"https:\/\/sustainablereview.com\/pt-br\/inicio\/\"},{\"@type\":\"ListItem\",\"position\":2,\"name\":\"Kamala Harris sobre o clima (e uma pequena x\u00edcara de Joe)\"}]},{\"@type\":\"WebSite\",\"@id\":\"https:\/\/sustainablereview.com\/pt-br\/#website\",\"url\":\"https:\/\/sustainablereview.com\/pt-br\/\",\"name\":\"Sustainable Review\",\"description\":\"Let us do the &#039;Green-splaining&#039;\",\"publisher\":{\"@id\":\"https:\/\/sustainablereview.com\/pt-br\/#organization\"},\"potentialAction\":[{\"@type\":\"SearchAction\",\"target\":{\"@type\":\"EntryPoint\",\"urlTemplate\":\"https:\/\/sustainablereview.com\/pt-br\/?s={search_term_string}\"},\"query-input\":\"required name=search_term_string\"}],\"inLanguage\":\"pt-BR\"},{\"@type\":\"Organization\",\"@id\":\"https:\/\/sustainablereview.com\/pt-br\/#organization\",\"name\":\"Sustainable Review\",\"url\":\"https:\/\/sustainablereview.com\/pt-br\/\",\"logo\":{\"@type\":\"ImageObject\",\"inLanguage\":\"pt-BR\",\"@id\":\"https:\/\/sustainablereview.com\/pt-br\/#\/schema\/logo\/image\/\",\"url\":\"https:\/\/sustainablereview.com\/wp-content\/uploads\/2020\/06\/static1.squarespace.png\",\"contentUrl\":\"https:\/\/sustainablereview.com\/wp-content\/uploads\/2020\/06\/static1.squarespace.png\",\"width\":800,\"height\":800,\"caption\":\"Sustainable Review\"},\"image\":{\"@id\":\"https:\/\/sustainablereview.com\/pt-br\/#\/schema\/logo\/image\/\"},\"sameAs\":[\"https:\/\/x.com\/sustainreview\"]},{\"@type\":\"Person\",\"@id\":\"https:\/\/sustainablereview.com\/pt-br\/#\/schema\/person\/9aab44dc72cd3c3d0bae867ca5bdf3bb\",\"name\":\"Jared Wolf\",\"image\":{\"@type\":\"ImageObject\",\"inLanguage\":\"pt-BR\",\"@id\":\"https:\/\/sustainablereview.com\/pt-br\/#\/schema\/person\/image\/\",\"url\":\"https:\/\/sustainablereview.com\/wp-content\/litespeed\/avatar\/5fdad557a37518fdc60e28cf27e8dbaa.jpg?ver=1777468690\",\"contentUrl\":\"https:\/\/sustainablereview.com\/wp-content\/litespeed\/avatar\/5fdad557a37518fdc60e28cf27e8dbaa.jpg?ver=1777468690\",\"caption\":\"Jared Wolf\"},\"description\":\"I am a marketer, content creator, and climate change optimist committed to demystifying sustainability. I have published over 150 articles spanning climate and sustainability, dedicating his time to crafting scientifically-accurate, apolitical content around sensitive climate topics. My content is designed to create a healthier, happier climate conversation through earth-conscious, honest independent media.\",\"sameAs\":[\"https:\/\/www.instagram.com\/jrdwolf\",\"https:\/\/www.linkedin.com\/in\/jareddwolf\/\",\"https:\/\/x.com\/http:\/\/twitter.com\/jar3dwolf\",\"https:\/\/youtube.com\/sustainablereview\"],\"url\":\"https:\/\/sustainablereview.com\/pt-br\/author\/jared\/\"}]}<\/script>\n<!-- \/ Yoast SEO plugin. -->","yoast_head_json":{"title":"Kamala Harris sobre o clima (e uma pequena x\u00edcara de Joe) &#8212; Sustainable Review","robots":{"index":"index","follow":"follow","max-snippet":"max-snippet:-1","max-image-preview":"max-image-preview:large","max-video-preview":"max-video-preview:-1"},"canonical":"https:\/\/sustainablereview.com\/pt-br\/kamala-harris-sobre-o-clima\/","og_locale":"pt_BR","og_type":"article","og_title":"Kamala Harris sobre o clima (e uma pequena x\u00edcara de Joe) &#8212; Sustainable Review","og_description":"O candidatodemocrata \u00e0 presid\u00eancia Joe Biden anunciou a senadora Kamala Harris como sua companheira de chapa nesta semana. Ela \u00e9 a primeira mulher de cor a fazer parte de uma chapa nacional.  O que voc\u00ea deve saber Depois de desistir antes das primeiras prim\u00e1rias, Kamala Harris tem trabalhado com outros democratas de destaque para promover v\u00e1rios novos projetos de lei sobre o clima, concentrando-se em quest\u00f5es de justi\u00e7a.  Chame como voc\u00ea quiser, mas a maioria dos especialistas em pol\u00edtica aponta a identidade de Kamala como uma mulher de cor como o principal motivo para a sele\u00e7\u00e3o estrat\u00e9gica do Partido Democrata, quero dizer, de Biden.  Uma das perspectivas mais interessantes de uma chapa Biden-Harris \u00e9 o ressurgimento do Acordo de Paris de 2015. Da forma como est\u00e1 hoje, os EUA deixar\u00e3o formalmente o Acordo de Paris em 4 de novembro de 2020, um dia ap\u00f3s a elei\u00e7\u00e3o.  Minha opini\u00e3o sobre Paris N\u00e3o estou convencido (e alguns especialistas tamb\u00e9m n\u00e3o) de que um acordo internacional seja a resposta para a a\u00e7\u00e3o clim\u00e1tica sem uma verdadeira conformidade. O que faz com que as na\u00e7\u00f5es sejam respons\u00e1veis por esses compromissos?  Como a corrida econ\u00f4mica entre os EUA e a China continua, o Acordo de Paris se tornaria mais um jogo de gato e rato devido aos custos associados \u00e0 redu\u00e7\u00e3o de energia do que uma solu\u00e7\u00e3o real.  Uma chapa Biden-Harris sob a \u00f3tica do clima:  Nova legisla\u00e7\u00e3o comprometida com a justi\u00e7a ambientalUma s\u00e9rie de ordens executivas projetadas para construir uma economia limpa; haver\u00e1 metas ambiciosas para 2025.Uma proposta para fazer um investimento federal de US$ 1,7 trilh\u00e3o em resili\u00eancia clim\u00e1tica nos pr\u00f3ximos 10 anos.Novos esfor\u00e7os para a diplomacia clim\u00e1tica\/aumento da coopera\u00e7\u00e3o com outras na\u00e7\u00f5es, aliados tradicionais.Regulamenta\u00e7\u00e3o ambiental mais rigorosa, aumento dos padr\u00f5es ambientais para projetos de infraestrutura.  Conclus\u00e3o Nem Biden nem Harris s\u00e3o especialistas em clima. Suas carreiras n\u00e3o foram constru\u00eddas com base no ativismo clim\u00e1tico. No entanto, eles est\u00e3o preocupados com essas quest\u00f5es cr\u00edticas e contratar\u00e3o uma equipe de especialistas dedicados.  Os americanos querem prop\u00f3sito, n\u00e3o perfei\u00e7\u00e3o. Em um candidato, acho que os eleitores comuns est\u00e3o procurando considera\u00e7\u00e3o p\u00fablica, responsabilidade pessoal e a capacidade de fazer as coisas acontecerem.  Aprofunde-se \u2192 5 min","og_url":"https:\/\/sustainablereview.com\/pt-br\/kamala-harris-sobre-o-clima\/","og_site_name":"Sustainable Review","article_published_time":"2020-08-13T23:12:04+00:00","article_modified_time":"2024-08-10T17:10:35+00:00","og_image":[{"width":1600,"height":1256,"url":"https:\/\/sustainablereview.com\/wp-content\/uploads\/2020\/08\/Kamala-Harris-Climate-1.png","type":"image\/png"}],"author":"Jared Wolf","twitter_card":"summary_large_image","twitter_creator":"@http:\/\/twitter.com\/jar3dwolf","twitter_site":"@sustainreview","twitter_misc":{"Escrito por":"Jared Wolf","Est. tempo de leitura":"13 minutos"},"schema":{"@context":"https:\/\/schema.org","@graph":[{"@type":"Article","@id":"https:\/\/sustainablereview.com\/pt-br\/kamala-harris-sobre-o-clima\/#article","isPartOf":{"@id":"https:\/\/sustainablereview.com\/pt-br\/kamala-harris-sobre-o-clima\/"},"author":{"name":"Jared Wolf","@id":"https:\/\/sustainablereview.com\/pt-br\/#\/schema\/person\/9aab44dc72cd3c3d0bae867ca5bdf3bb"},"headline":"Kamala Harris sobre o clima (e uma pequena x\u00edcara de Joe)","datePublished":"2020-08-13T23:12:04+00:00","dateModified":"2024-08-10T17:10:35+00:00","mainEntityOfPage":{"@id":"https:\/\/sustainablereview.com\/pt-br\/kamala-harris-sobre-o-clima\/"},"wordCount":2531,"commentCount":0,"publisher":{"@id":"https:\/\/sustainablereview.com\/pt-br\/#organization"},"image":{"@id":"https:\/\/sustainablereview.com\/pt-br\/kamala-harris-sobre-o-clima\/#primaryimage"},"thumbnailUrl":"https:\/\/sustainablereview.com\/wp-content\/uploads\/2020\/08\/Kamala-Harris-Climate-1.png","articleSection":["Pol\u00edtica e regulamenta\u00e7\u00e3o"],"inLanguage":"pt-BR","potentialAction":[{"@type":"CommentAction","name":"Comment","target":["https:\/\/sustainablereview.com\/pt-br\/kamala-harris-sobre-o-clima\/#respond"]}]},{"@type":"WebPage","@id":"https:\/\/sustainablereview.com\/pt-br\/kamala-harris-sobre-o-clima\/","url":"https:\/\/sustainablereview.com\/pt-br\/kamala-harris-sobre-o-clima\/","name":"Kamala Harris sobre o clima (e uma pequena x\u00edcara de Joe) &#8212; Sustainable Review","isPartOf":{"@id":"https:\/\/sustainablereview.com\/pt-br\/#website"},"primaryImageOfPage":{"@id":"https:\/\/sustainablereview.com\/pt-br\/kamala-harris-sobre-o-clima\/#primaryimage"},"image":{"@id":"https:\/\/sustainablereview.com\/pt-br\/kamala-harris-sobre-o-clima\/#primaryimage"},"thumbnailUrl":"https:\/\/sustainablereview.com\/wp-content\/uploads\/2020\/08\/Kamala-Harris-Climate-1.png","datePublished":"2020-08-13T23:12:04+00:00","dateModified":"2024-08-10T17:10:35+00:00","breadcrumb":{"@id":"https:\/\/sustainablereview.com\/pt-br\/kamala-harris-sobre-o-clima\/#breadcrumb"},"inLanguage":"pt-BR","potentialAction":[{"@type":"ReadAction","target":["https:\/\/sustainablereview.com\/pt-br\/kamala-harris-sobre-o-clima\/"]}]},{"@type":"ImageObject","inLanguage":"pt-BR","@id":"https:\/\/sustainablereview.com\/pt-br\/kamala-harris-sobre-o-clima\/#primaryimage","url":"https:\/\/sustainablereview.com\/wp-content\/uploads\/2020\/08\/Kamala-Harris-Climate-1.png","contentUrl":"https:\/\/sustainablereview.com\/wp-content\/uploads\/2020\/08\/Kamala-Harris-Climate-1.png","width":1600,"height":1256},{"@type":"BreadcrumbList","@id":"https:\/\/sustainablereview.com\/pt-br\/kamala-harris-sobre-o-clima\/#breadcrumb","itemListElement":[{"@type":"ListItem","position":1,"name":"In\u00edcio","item":"https:\/\/sustainablereview.com\/pt-br\/inicio\/"},{"@type":"ListItem","position":2,"name":"Kamala Harris sobre o clima (e uma pequena x\u00edcara de Joe)"}]},{"@type":"WebSite","@id":"https:\/\/sustainablereview.com\/pt-br\/#website","url":"https:\/\/sustainablereview.com\/pt-br\/","name":"Sustainable Review","description":"Let us do the &#039;Green-splaining&#039;","publisher":{"@id":"https:\/\/sustainablereview.com\/pt-br\/#organization"},"potentialAction":[{"@type":"SearchAction","target":{"@type":"EntryPoint","urlTemplate":"https:\/\/sustainablereview.com\/pt-br\/?s={search_term_string}"},"query-input":"required name=search_term_string"}],"inLanguage":"pt-BR"},{"@type":"Organization","@id":"https:\/\/sustainablereview.com\/pt-br\/#organization","name":"Sustainable Review","url":"https:\/\/sustainablereview.com\/pt-br\/","logo":{"@type":"ImageObject","inLanguage":"pt-BR","@id":"https:\/\/sustainablereview.com\/pt-br\/#\/schema\/logo\/image\/","url":"https:\/\/sustainablereview.com\/wp-content\/uploads\/2020\/06\/static1.squarespace.png","contentUrl":"https:\/\/sustainablereview.com\/wp-content\/uploads\/2020\/06\/static1.squarespace.png","width":800,"height":800,"caption":"Sustainable Review"},"image":{"@id":"https:\/\/sustainablereview.com\/pt-br\/#\/schema\/logo\/image\/"},"sameAs":["https:\/\/x.com\/sustainreview"]},{"@type":"Person","@id":"https:\/\/sustainablereview.com\/pt-br\/#\/schema\/person\/9aab44dc72cd3c3d0bae867ca5bdf3bb","name":"Jared Wolf","image":{"@type":"ImageObject","inLanguage":"pt-BR","@id":"https:\/\/sustainablereview.com\/pt-br\/#\/schema\/person\/image\/","url":"https:\/\/sustainablereview.com\/wp-content\/litespeed\/avatar\/5fdad557a37518fdc60e28cf27e8dbaa.jpg?ver=1777468690","contentUrl":"https:\/\/sustainablereview.com\/wp-content\/litespeed\/avatar\/5fdad557a37518fdc60e28cf27e8dbaa.jpg?ver=1777468690","caption":"Jared Wolf"},"description":"I am a marketer, content creator, and climate change optimist committed to demystifying sustainability. I have published over 150 articles spanning climate and sustainability, dedicating his time to crafting scientifically-accurate, apolitical content around sensitive climate topics. My content is designed to create a healthier, happier climate conversation through earth-conscious, honest independent media.","sameAs":["https:\/\/www.instagram.com\/jrdwolf","https:\/\/www.linkedin.com\/in\/jareddwolf\/","https:\/\/x.com\/http:\/\/twitter.com\/jar3dwolf","https:\/\/youtube.com\/sustainablereview"],"url":"https:\/\/sustainablereview.com\/pt-br\/author\/jared\/"}]}},"wpml_translations":{"en":"5639","pl":"60762","pt-br":"39457"},"_links":{"self":[{"href":"https:\/\/sustainablereview.com\/pt-br\/wp-json\/wp\/v2\/posts\/39457"}],"collection":[{"href":"https:\/\/sustainablereview.com\/pt-br\/wp-json\/wp\/v2\/posts"}],"about":[{"href":"https:\/\/sustainablereview.com\/pt-br\/wp-json\/wp\/v2\/types\/post"}],"author":[{"embeddable":true,"href":"https:\/\/sustainablereview.com\/pt-br\/wp-json\/wp\/v2\/users\/17"}],"replies":[{"embeddable":true,"href":"https:\/\/sustainablereview.com\/pt-br\/wp-json\/wp\/v2\/comments?post=39457"}],"version-history":[{"count":1,"href":"https:\/\/sustainablereview.com\/pt-br\/wp-json\/wp\/v2\/posts\/39457\/revisions"}],"predecessor-version":[{"id":39969,"href":"https:\/\/sustainablereview.com\/pt-br\/wp-json\/wp\/v2\/posts\/39457\/revisions\/39969"}],"wp:featuredmedia":[{"embeddable":true,"href":"https:\/\/sustainablereview.com\/pt-br\/wp-json\/wp\/v2\/media\/5740"}],"wp:attachment":[{"href":"https:\/\/sustainablereview.com\/pt-br\/wp-json\/wp\/v2\/media?parent=39457"}],"wp:term":[{"taxonomy":"category","embeddable":true,"href":"https:\/\/sustainablereview.com\/pt-br\/wp-json\/wp\/v2\/categories?post=39457"},{"taxonomy":"post_tag","embeddable":true,"href":"https:\/\/sustainablereview.com\/pt-br\/wp-json\/wp\/v2\/tags?post=39457"}],"curies":[{"name":"wp","href":"https:\/\/api.w.org\/{rel}","templated":true}]}}